{"id":142977,"date":"2025-12-20T11:15:00","date_gmt":"2025-12-20T14:15:00","guid":{"rendered":"https:\/\/www.em.com.br\/emfoco\/?p=142977"},"modified":"2025-12-19T14:07:02","modified_gmt":"2025-12-19T17:07:02","slug":"diga-adeus-para-sua-cozinha-de-azulejos-brilhantes-essa-nova-tendencia-chega-com-tudo-em-2026","status":"publish","type":"post","link":"https:\/\/www.em.com.br\/emfoco\/2025\/12\/20\/diga-adeus-para-sua-cozinha-de-azulejos-brilhantes-essa-nova-tendencia-chega-com-tudo-em-2026\/","title":{"rendered":"Diga adeus para sua cozinha de azulejos brilhantes, essa nova tend\u00eancia chega com tudo em 2026"},"content":{"rendered":"\n<h2 class=\"wp-block-heading\">Azulejo mate para cozinha ganha destaque em 2026 por reduzir reflexos, criar visual uniforme e ampliar a sensa\u00e7\u00e3o de calma. Tons neutros, grandes formatos e superf\u00edcies cont\u00ednuas favorecem bem-estar e integra\u00e7\u00e3o.<\/h2>\n\n\n\n<p>Os azulejos brilhantes, que durante d\u00e9cadas dominaram as cozinhas, come\u00e7am a perder espa\u00e7o para uma alternativa mais discreta, confort\u00e1vel e alinhada ao estilo de vida atual. Em projetos de interiores pensados para 2026, o destaque passa a ser o&nbsp;<strong>azulejo mate para cozinha<\/strong>, com superf\u00edcies opacas, cont\u00ednuas e visualmente mais tranquilas, em sintonia com quem busca bem-estar, simplicidade e menos est\u00edmulo visual no dia a dia.<\/p>\n\n\n\n<h2 class=\"wp-block-heading\">O que torna o azulejo mate para cozinha t\u00e3o interessante hoje<\/h2>\n\n\n\n<p>O azulejo mate se destaca pela forma como interage com a luz: por ser opaco, ele&nbsp;<strong>absorve parte da <a href=\"https:\/\/www.em.com.br\/emfoco\/2025\/11\/17\/esse-erro-de-iluminacao-esta-deixando-sua-casa-com-aparencia-envelhecida\/\" target=\"_blank\" rel=\"noreferrer noopener\">ilumina\u00e7\u00e3o<\/a><\/strong>, reduzindo brilhos e reflexos em bancadas, paredes e front\u00f5es de pia. O resultado \u00e9 um visual mais uniforme, que n\u00e3o cansa os olhos e cria uma atmosfera de calma, ideal para cozinhas integradas \u00e0 sala de estar ou jantar.<\/p>\n\n\n\n<p>Al\u00e9m do efeito visual, pe\u00e7as de grande formato com acabamento fosco e poucas juntas aparentes geram sensa\u00e7\u00e3o de continuidade e amplitude, especialmente em cozinhas pequenas. A superf\u00edcie quase cont\u00ednua evita cortes visuais que fragmentam o ambiente e facilita a composi\u00e7\u00e3o com diferentes estilos de mobili\u00e1rio, do minimalista ao contempor\u00e2neo.<\/p>\n\n\n\n<figure class=\"wp-block-image size-large\"><img loading=\"lazy\" decoding=\"async\" width=\"1024\" height=\"576\" src=\"https:\/\/www.em.com.br\/emfoco\/wp-content\/uploads\/2025\/12\/Gemini_Generated_Image_mnr459mnr459mnr4-1-1024x576.png\" alt=\"Essa mudan\u00e7a silenciosa est\u00e1 dominando cozinhas\" class=\"wp-image-143086\" srcset=\"https:\/\/www.em.com.br\/emfoco\/wp-content\/uploads\/2025\/12\/Gemini_Generated_Image_mnr459mnr459mnr4-1-1024x576.png 1024w, https:\/\/www.em.com.br\/emfoco\/wp-content\/uploads\/2025\/12\/Gemini_Generated_Image_mnr459mnr459mnr4-1-300x169.png 300w, https:\/\/www.em.com.br\/emfoco\/wp-content\/uploads\/2025\/12\/Gemini_Generated_Image_mnr459mnr459mnr4-1-768x432.png 768w, https:\/\/www.em.com.br\/emfoco\/wp-content\/uploads\/2025\/12\/Gemini_Generated_Image_mnr459mnr459mnr4-1-750x422.png 750w, https:\/\/www.em.com.br\/emfoco\/wp-content\/uploads\/2025\/12\/Gemini_Generated_Image_mnr459mnr459mnr4-1-1140x641.png 1140w, https:\/\/www.em.com.br\/emfoco\/wp-content\/uploads\/2025\/12\/Gemini_Generated_Image_mnr459mnr459mnr4-1.png 1280w\" sizes=\"auto, (max-width: 1024px) 100vw, 1024px\" \/><figcaption class=\"wp-element-caption\">Essa mudan\u00e7a silenciosa est\u00e1 dominando cozinhas<\/figcaption><\/figure>\n\n\n\n<h2 class=\"wp-block-heading\">Como usar azulejo mate para cozinha na pr\u00e1tica<\/h2>\n\n\n\n<p>Na aplica\u00e7\u00e3o do&nbsp;<strong><a href=\"https:\/\/www.instagram.com\/reel\/DN_JwbfRCu5\/\" target=\"_blank\" rel=\"noreferrer noopener\">azulejo fosco na cozinha<\/a><\/strong>, vale priorizar superf\u00edcies amplas, como paredes inteiras ou o piso, deixando pontos pontuais para madeira ou pedra natural. Assim, o revestimento se torna uma base neutra, enquanto outros materiais entram como contraste e pontos de interesse, sem sobrecarregar o ambiente.<\/p>\n\n\n\n<p>Para facilitar o planejamento, alguns usos s\u00e3o especialmente eficazes na rotina e na est\u00e9tica do espa\u00e7o:<\/p>\n\n\n\n<ul class=\"wp-block-list\">\n<li><strong>Paredes e front\u00e3o<\/strong>: revestimentos mate do piso ao teto criam um \u201cfundo\u201d discreto para eletrodom\u00e9sticos e arm\u00e1rios.<\/li>\n\n\n\n<li><strong>Piso<\/strong>: porcelanato fosco de grande formato reduz rejuntes e refor\u00e7a a sensa\u00e7\u00e3o de continuidade.<\/li>\n\n\n\n<li><strong>Ilha ou bancada<\/strong>: microcimento ou pedra sinterizada mate refor\u00e7am o visual uniforme e sofisticado.<\/li>\n<\/ul>\n\n\n\n<h2 class=\"wp-block-heading\">Quais cores de azulejo mate para cozinha estar\u00e3o em alta em 2026<\/h2>\n\n\n\n<p>A paleta de azulejo mate para 2026 privilegia tons s\u00f3brios e naturais, que ampliam visualmente o espa\u00e7o e combinam com diferentes estilos. Em lugar de cores muito vibrantes, ganham for\u00e7a os neutros suaves, ideais para quem busca uma base atemporal e f\u00e1cil de atualizar apenas com decora\u00e7\u00e3o e acess\u00f3rios.<\/p>\n\n\n\n<p>Entre as tonalidades mais usadas, destacam-se branco suave, off-white, cremes, bege, areia, cinza claro e cinza cimento, al\u00e9m de cores que remetem \u00e0 pedra natural, como cinza quente e marfim. Muitos projetos exploram detalhes em&nbsp;<strong>preto mate<\/strong>&nbsp;em puxadores, torneiras e lumin\u00e1rias, criando um contraste elegante e discreto.<\/p>\n\n\n\n<figure class=\"wp-block-image size-large\"><img loading=\"lazy\" decoding=\"async\" width=\"1024\" height=\"576\" src=\"https:\/\/www.em.com.br\/emfoco\/wp-content\/uploads\/2025\/12\/Gemini_Generated_Image_trdoodtrdoodtrdo-1-1024x576.png\" alt=\"Essa mudan\u00e7a silenciosa est\u00e1 dominando cozinhas\" class=\"wp-image-143087\" srcset=\"https:\/\/www.em.com.br\/emfoco\/wp-content\/uploads\/2025\/12\/Gemini_Generated_Image_trdoodtrdoodtrdo-1-1024x576.png 1024w, https:\/\/www.em.com.br\/emfoco\/wp-content\/uploads\/2025\/12\/Gemini_Generated_Image_trdoodtrdoodtrdo-1-300x169.png 300w, https:\/\/www.em.com.br\/emfoco\/wp-content\/uploads\/2025\/12\/Gemini_Generated_Image_trdoodtrdoodtrdo-1-768x432.png 768w, https:\/\/www.em.com.br\/emfoco\/wp-content\/uploads\/2025\/12\/Gemini_Generated_Image_trdoodtrdoodtrdo-1-750x422.png 750w, https:\/\/www.em.com.br\/emfoco\/wp-content\/uploads\/2025\/12\/Gemini_Generated_Image_trdoodtrdoodtrdo-1-1140x641.png 1140w, https:\/\/www.em.com.br\/emfoco\/wp-content\/uploads\/2025\/12\/Gemini_Generated_Image_trdoodtrdoodtrdo-1.png 1280w\" sizes=\"auto, (max-width: 1024px) 100vw, 1024px\" \/><figcaption class=\"wp-element-caption\">Essa mudan\u00e7a silenciosa est\u00e1 dominando cozinhas<\/figcaption><\/figure>\n\n\n\n<h2 class=\"wp-block-heading\">Como o azulejo mate para cozinha melhora o bem-estar no dia a dia<\/h2>\n\n\n\n<p>A cozinha deixou de ser apenas \u00e1rea de servi\u00e7o e virou espa\u00e7o de conviv\u00eancia, trabalho remoto ocasional e encontros informais. Nesse contexto, o acabamento mate ganha import\u00e2ncia por transmitir organiza\u00e7\u00e3o visual, reduzir distra\u00e7\u00f5es e facilitar a integra\u00e7\u00e3o com \u00e1reas como sala de estar ou jantar, sem contrastes bruscos.<\/p>\n\n\n\n<p>Superf\u00edcies cont\u00ednuas e foscas diminuem a polui\u00e7\u00e3o visual, enquanto tons neutros e texturas suaves trazem sensa\u00e7\u00e3o de acolhimento. Al\u00e9m disso, o azulejo mate conversa bem com pisos vin\u00edlicos, madeira e cimento queimado, garantindo fluidez entre os ambientes e uma est\u00e9tica que tende a permanecer atual por muitos anos.<\/p>\n\n\n\n<h2 class=\"wp-block-heading\">Por que escolher azulejo mate para cozinha agora mesmo<\/h2>\n\n\n\n<p>Combinando conforto visual, versatilidade est\u00e9tica e apar\u00eancia atemporal, o azulejo mate para cozinha se consolida como uma escolha estrat\u00e9gica para quem quer reformar sem medo de enjoar rapidamente. Ao reduzir reflexos, ru\u00eddos visuais e excessos de brilho, ele transforma a cozinha em um espa\u00e7o mais calmo, funcional e prazeroso de usar todos os dias.<\/p>\n\n\n\n<p>Se voc\u00ea est\u00e1 planejando reforma ou constru\u00e7\u00e3o, n\u00e3o adie essa decis\u00e3o: comece agora a definir paleta, formatos e combina\u00e7\u00f5es com madeira, metais e ilumina\u00e7\u00e3o para garantir um projeto coerente e marcante. Cada escolha feita hoje impacta o conforto dos pr\u00f3ximos anos \u2014 aproveite o momento para criar uma cozinha acolhedora, atual e pronta para receber quem voc\u00ea mais ama.<\/p>\n","protected":false},"excerpt":{"rendered":"<p>Azulejo mate para cozinha ganha destaque em 2026 por reduzir reflexos, criar visual uniforme e ampliar a sensa\u00e7\u00e3o de calma. Tons neutros, grandes formatos e superf\u00edcies cont\u00ednuas favorecem bem-estar e integra\u00e7\u00e3o. Os azulejos brilhantes, que durante d\u00e9cadas dominaram as cozinhas, come\u00e7am a perder espa\u00e7o para uma alternativa mais discreta, confort\u00e1vel e alinhada ao estilo de [&hellip;]<\/p>\n","protected":false},"author":11,"featured_media":143089,"comment_status":"open","ping_status":"open","sticky":false,"template":"","format":"standard","meta":{"jnews-multi-image_gallery":[],"jnews_single_post":{"format":"standard"},"jnews_primary_category":[],"jnews_social_meta":[],"jnews_override_counter":[],"footnotes":""},"categories":[8819,1],"tags":[20997,4687,1920],"class_list":["post-142977","post","type-post","status-publish","format-standard","has-post-thumbnail","hentry","category-curiosidades","category-noticias","tag-azulejo-de-cozinha","tag-decoracao","tag-tendencia"],"yoast_head":"<!-- This site is optimized with the Yoast SEO plugin v23.8 - https:\/\/yoast.com\/wordpress\/plugins\/seo\/ -->\n<title>Diga adeus para sua cozinha de azulejos brilhantes, essa nova tend\u00eancia chega com tudo em 2026 - Estado de Minas - Em foco<\/title>\n<meta name=\"description\" content=\"O brilho que cansava ficou no passado, azulejo mate para cozinha reduz reflexos, amplia espa\u00e7os e cria um visual mais calmo e integrado.\" \/>\n<meta name=\"robots\" content=\"index, follow, max-snippet:-1, max-image-preview:large, max-video-preview:-1\" \/>\n<link rel=\"canonical\" href=\"https:\/\/www.em.com.br\/emfoco\/2025\/12\/20\/diga-adeus-para-sua-cozinha-de-azulejos-brilhantes-essa-nova-tendencia-chega-com-tudo-em-2026\/\" \/>\n<meta property=\"og:locale\" content=\"pt_BR\" \/>\n<meta property=\"og:type\" content=\"article\" \/>\n<meta property=\"og:title\" content=\"Diga adeus para sua cozinha de azulejos brilhantes, essa nova tend\u00eancia chega com tudo em 2026 - Estado de Minas - Em foco\" \/>\n<meta property=\"og:description\" content=\"O brilho que cansava ficou no passado, azulejo mate para cozinha reduz reflexos, amplia espa\u00e7os e cria um visual mais calmo e integrado.\" \/>\n<meta property=\"og:url\" content=\"https:\/\/www.em.com.br\/emfoco\/2025\/12\/20\/diga-adeus-para-sua-cozinha-de-azulejos-brilhantes-essa-nova-tendencia-chega-com-tudo-em-2026\/\" \/>\n<meta property=\"og:site_name\" content=\"Estado de Minas - Em foco\" \/>\n<meta property=\"article:published_time\" content=\"2025-12-20T14:15:00+00:00\" \/>\n<meta property=\"article:modified_time\" content=\"2025-12-19T17:07:02+00:00\" \/>\n<meta property=\"og:image\" content=\"https:\/\/www.em.com.br\/emfoco\/wp-content\/uploads\/2025\/12\/Gemini_Generated_Image_lf4v1clf4v1clf4v-1.png\" \/>\n\t<meta property=\"og:image:width\" content=\"1280\" \/>\n\t<meta property=\"og:image:height\" content=\"720\" \/>\n\t<meta property=\"og:image:type\" content=\"image\/png\" \/>\n<meta name=\"author\" content=\"Andre\u0301 Rangel\u00a0\" \/>\n<meta name=\"twitter:card\" content=\"summary_large_image\" \/>\n<meta name=\"twitter:label1\" content=\"Escrito por\" \/>\n\t<meta name=\"twitter:data1\" content=\"Andre\u0301 Rangel\u00a0\" \/>\n\t<meta name=\"twitter:label2\" content=\"Est. tempo de leitura\" \/>\n\t<meta name=\"twitter:data2\" content=\"5 minutos\" \/>\n<!-- \/ Yoast SEO plugin. -->","yoast_head_json":{"title":"Diga adeus para sua cozinha de azulejos brilhantes, essa nova tend\u00eancia chega com tudo em 2026 - Estado de Minas - Em foco","description":"O brilho que cansava ficou no passado, azulejo mate para cozinha reduz reflexos, amplia espa\u00e7os e cria um visual mais calmo e integrado.","robots":{"index":"index","follow":"follow","max-snippet":"max-snippet:-1","max-image-preview":"max-image-preview:large","max-video-preview":"max-video-preview:-1"},"canonical":"https:\/\/www.em.com.br\/emfoco\/2025\/12\/20\/diga-adeus-para-sua-cozinha-de-azulejos-brilhantes-essa-nova-tendencia-chega-com-tudo-em-2026\/","og_locale":"pt_BR","og_type":"article","og_title":"Diga adeus para sua cozinha de azulejos brilhantes, essa nova tend\u00eancia chega com tudo em 2026 - Estado de Minas - Em foco","og_description":"O brilho que cansava ficou no passado, azulejo mate para cozinha reduz reflexos, amplia espa\u00e7os e cria um visual mais calmo e integrado.","og_url":"https:\/\/www.em.com.br\/emfoco\/2025\/12\/20\/diga-adeus-para-sua-cozinha-de-azulejos-brilhantes-essa-nova-tendencia-chega-com-tudo-em-2026\/","og_site_name":"Estado de Minas - Em foco","article_published_time":"2025-12-20T14:15:00+00:00","article_modified_time":"2025-12-19T17:07:02+00:00","og_image":[{"width":1280,"height":720,"url":"https:\/\/www.em.com.br\/emfoco\/wp-content\/uploads\/2025\/12\/Gemini_Generated_Image_lf4v1clf4v1clf4v-1.png","type":"image\/png"}],"author":"Andre\u0301 Rangel\u00a0","twitter_card":"summary_large_image","twitter_misc":{"Escrito por":"Andre\u0301 Rangel\u00a0","Est. tempo de leitura":"5 minutos"},"schema":{"@context":"https:\/\/schema.org","@graph":[{"@type":"WebPage","@id":"https:\/\/www.em.com.br\/emfoco\/2025\/12\/20\/diga-adeus-para-sua-cozinha-de-azulejos-brilhantes-essa-nova-tendencia-chega-com-tudo-em-2026\/","url":"https:\/\/www.em.com.br\/emfoco\/2025\/12\/20\/diga-adeus-para-sua-cozinha-de-azulejos-brilhantes-essa-nova-tendencia-chega-com-tudo-em-2026\/","name":"Diga adeus para sua cozinha de azulejos brilhantes, essa nova tend\u00eancia chega com tudo em 2026 - Estado de Minas - Em foco","isPartOf":{"@id":"https:\/\/www.em.com.br\/emfoco\/#website"},"primaryImageOfPage":{"@id":"https:\/\/www.em.com.br\/emfoco\/2025\/12\/20\/diga-adeus-para-sua-cozinha-de-azulejos-brilhantes-essa-nova-tendencia-chega-com-tudo-em-2026\/#primaryimage"},"image":{"@id":"https:\/\/www.em.com.br\/emfoco\/2025\/12\/20\/diga-adeus-para-sua-cozinha-de-azulejos-brilhantes-essa-nova-tendencia-chega-com-tudo-em-2026\/#primaryimage"},"thumbnailUrl":"https:\/\/www.em.com.br\/emfoco\/wp-content\/uploads\/2025\/12\/Gemini_Generated_Image_lf4v1clf4v1clf4v-1.png","datePublished":"2025-12-20T14:15:00+00:00","dateModified":"2025-12-19T17:07:02+00:00","author":{"@id":"https:\/\/www.em.com.br\/emfoco\/#\/schema\/person\/60eda09c1fedf0d6891f4cef4b60b8b8"},"description":"O brilho que cansava ficou no passado, azulejo mate para cozinha reduz reflexos, amplia espa\u00e7os e cria um visual mais calmo e integrado.","breadcrumb":{"@id":"https:\/\/www.em.com.br\/emfoco\/2025\/12\/20\/diga-adeus-para-sua-cozinha-de-azulejos-brilhantes-essa-nova-tendencia-chega-com-tudo-em-2026\/#breadcrumb"},"inLanguage":"pt-BR","potentialAction":[{"@type":"ReadAction","target":["https:\/\/www.em.com.br\/emfoco\/2025\/12\/20\/diga-adeus-para-sua-cozinha-de-azulejos-brilhantes-essa-nova-tendencia-chega-com-tudo-em-2026\/"]}]},{"@type":"ImageObject","inLanguage":"pt-BR","@id":"https:\/\/www.em.com.br\/emfoco\/2025\/12\/20\/diga-adeus-para-sua-cozinha-de-azulejos-brilhantes-essa-nova-tendencia-chega-com-tudo-em-2026\/#primaryimage","url":"https:\/\/www.em.com.br\/emfoco\/wp-content\/uploads\/2025\/12\/Gemini_Generated_Image_lf4v1clf4v1clf4v-1.png","contentUrl":"https:\/\/www.em.com.br\/emfoco\/wp-content\/uploads\/2025\/12\/Gemini_Generated_Image_lf4v1clf4v1clf4v-1.png","width":1280,"height":720,"caption":"Essa mudan\u00e7a silenciosa est\u00e1 dominando cozinhas"},{"@type":"BreadcrumbList","@id":"https:\/\/www.em.com.br\/emfoco\/2025\/12\/20\/diga-adeus-para-sua-cozinha-de-azulejos-brilhantes-essa-nova-tendencia-chega-com-tudo-em-2026\/#breadcrumb","itemListElement":[{"@type":"ListItem","position":1,"name":"In\u00edcio","item":"https:\/\/www.em.com.br\/emfoco\/"},{"@type":"ListItem","position":2,"name":"Diga adeus para sua cozinha de azulejos brilhantes, essa nova tend\u00eancia chega com tudo em 2026"}]},{"@type":"WebSite","@id":"https:\/\/www.em.com.br\/emfoco\/#website","url":"https:\/\/www.em.com.br\/emfoco\/","name":"Estado de Minas - Em foco","description":"Acompanhe as \u00faltimas not\u00edcias e fique bem informado sobre tudo o que acontece em Minas Gerais, Brasil e no mundo.","potentialAction":[{"@type":"SearchAction","target":{"@type":"EntryPoint","urlTemplate":"https:\/\/www.em.com.br\/emfoco\/?s={search_term_string}"},"query-input":{"@type":"PropertyValueSpecification","valueRequired":true,"valueName":"search_term_string"}}],"inLanguage":"pt-BR"},{"@type":"Person","@id":"https:\/\/www.em.com.br\/emfoco\/#\/schema\/person\/60eda09c1fedf0d6891f4cef4b60b8b8","name":"Andre\u0301 Rangel\u00a0","image":{"@type":"ImageObject","inLanguage":"pt-BR","@id":"https:\/\/www.em.com.br\/emfoco\/#\/schema\/person\/image\/","url":"https:\/\/secure.gravatar.com\/avatar\/6234dc814c77c8ef6d8bba622c787efc?s=96&d=mm&r=g","contentUrl":"https:\/\/secure.gravatar.com\/avatar\/6234dc814c77c8ef6d8bba622c787efc?s=96&d=mm&r=g","caption":"Andre\u0301 Rangel\u00a0"},"url":"https:\/\/www.em.com.br\/emfoco\/author\/luizmyth\/"}]}},"_links":{"self":[{"href":"https:\/\/www.em.com.br\/emfoco\/wp-json\/wp\/v2\/posts\/142977","targetHints":{"allow":["GET"]}}],"collection":[{"href":"https:\/\/www.em.com.br\/emfoco\/wp-json\/wp\/v2\/posts"}],"about":[{"href":"https:\/\/www.em.com.br\/emfoco\/wp-json\/wp\/v2\/types\/post"}],"author":[{"embeddable":true,"href":"https:\/\/www.em.com.br\/emfoco\/wp-json\/wp\/v2\/users\/11"}],"replies":[{"embeddable":true,"href":"https:\/\/www.em.com.br\/emfoco\/wp-json\/wp\/v2\/comments?post=142977"}],"version-history":[{"count":5,"href":"https:\/\/www.em.com.br\/emfoco\/wp-json\/wp\/v2\/posts\/142977\/revisions"}],"predecessor-version":[{"id":143090,"href":"https:\/\/www.em.com.br\/emfoco\/wp-json\/wp\/v2\/posts\/142977\/revisions\/143090"}],"wp:featuredmedia":[{"embeddable":true,"href":"https:\/\/www.em.com.br\/emfoco\/wp-json\/wp\/v2\/media\/143089"}],"wp:attachment":[{"href":"https:\/\/www.em.com.br\/emfoco\/wp-json\/wp\/v2\/media?parent=142977"}],"wp:term":[{"taxonomy":"category","embeddable":true,"href":"https:\/\/www.em.com.br\/emfoco\/wp-json\/wp\/v2\/categories?post=142977"},{"taxonomy":"post_tag","embeddable":true,"href":"https:\/\/www.em.com.br\/emfoco\/wp-json\/wp\/v2\/tags?post=142977"}],"curies":[{"name":"wp","href":"https:\/\/api.w.org\/{rel}","templated":true}]}}