{"id":142273,"date":"2025-12-19T19:25:00","date_gmt":"2025-12-19T22:25:00","guid":{"rendered":"https:\/\/www.em.com.br\/emfoco\/?p=142273"},"modified":"2025-12-18T12:26:20","modified_gmt":"2025-12-18T15:26:20","slug":"calma-interior-clareza-exterior-a-frase-filosofica-que-revela-duas-regras-basicas-para-a-vida","status":"publish","type":"post","link":"https:\/\/www.em.com.br\/emfoco\/2025\/12\/19\/calma-interior-clareza-exterior-a-frase-filosofica-que-revela-duas-regras-basicas-para-a-vida\/","title":{"rendered":"Calma interior, clareza exterior: a frase filos\u00f3fica que revela duas regras b\u00e1sicas para a vida"},"content":{"rendered":"\n<h2 class=\"wp-block-heading\">Marco Aur\u00e9lio resume a vida em duas regras: manter serenidade interior e encarar a realidade sem julgamentos. A calma reduz rea\u00e7\u00f5es impulsivas; a lucidez separa fatos de interpreta\u00e7\u00f5es e orienta decis\u00f5es racionais no cotidiano.<\/h2>\n\n\n\n<p>Entre os pensadores da Antiguidade, Marco Aur\u00e9lio se destaca por unir poder pol\u00edtico e profundidade filos\u00f3fica. Como imperador romano e representante do estoicismo, deixou reflex\u00f5es que seguem atuais em 2025 e ajudam a lidar com conflitos internos, press\u00e3o cotidiana e mudan\u00e7as inesperadas, especialmente por meio de duas orienta\u00e7\u00f5es simples, muitas vezes chamadas de&nbsp;<strong>regras b\u00e1sicas da vida<\/strong>: cultivar a tranquilidade interior e encarar a realidade tal como ela \u00e9.<\/p>\n\n\n\n<h2 class=\"wp-block-heading\">Quais s\u00e3o as duas regras b\u00e1sicas da vida em Marco Aur\u00e9lio?<\/h2>\n\n\n\n<p>Quando se fala em\u00a0<strong>regras b\u00e1sicas da vida, segundo Marco Aur\u00e9lio<\/strong>, sobressaem dois princ\u00edpios centrais: serenidade do esp\u00edrito e lucidez diante dos fatos. Manter a calma interior n\u00e3o \u00e9 apatia, mas a capacidade de n\u00e3o ser dominado por explos\u00f5es de <a href=\"https:\/\/www.em.com.br\/emfoco\/2025\/08\/04\/ana-beatriz-barbosa-raiva-acumulada-pode-reduzir-sua-imunidade-e-abrir-portas-para-doencas\/\" target=\"_blank\" rel=\"noreferrer noopener\">raiva<\/a>, picos de medo ou ansiedade prolongada.<\/p>\n\n\n\n<figure class=\"wp-block-image size-large\"><img loading=\"lazy\" decoding=\"async\" width=\"1024\" height=\"559\" src=\"https:\/\/www.em.com.br\/emfoco\/wp-content\/uploads\/2025\/12\/Gemini_Generated_Image_2jg0oc2jg0oc2jg0-1-1024x559.png\" alt=\"A Ponte entre o Antigo e o Novo\" class=\"wp-image-142412\" srcset=\"https:\/\/www.em.com.br\/emfoco\/wp-content\/uploads\/2025\/12\/Gemini_Generated_Image_2jg0oc2jg0oc2jg0-1-1024x559.png 1024w, https:\/\/www.em.com.br\/emfoco\/wp-content\/uploads\/2025\/12\/Gemini_Generated_Image_2jg0oc2jg0oc2jg0-1-300x164.png 300w, https:\/\/www.em.com.br\/emfoco\/wp-content\/uploads\/2025\/12\/Gemini_Generated_Image_2jg0oc2jg0oc2jg0-1-768x419.png 768w, https:\/\/www.em.com.br\/emfoco\/wp-content\/uploads\/2025\/12\/Gemini_Generated_Image_2jg0oc2jg0oc2jg0-1-1536x838.png 1536w, https:\/\/www.em.com.br\/emfoco\/wp-content\/uploads\/2025\/12\/Gemini_Generated_Image_2jg0oc2jg0oc2jg0-1-2048x1117.png 2048w, https:\/\/www.em.com.br\/emfoco\/wp-content\/uploads\/2025\/12\/Gemini_Generated_Image_2jg0oc2jg0oc2jg0-1-750x409.png 750w, https:\/\/www.em.com.br\/emfoco\/wp-content\/uploads\/2025\/12\/Gemini_Generated_Image_2jg0oc2jg0oc2jg0-1-1140x622.png 1140w\" sizes=\"auto, (max-width: 1024px) 100vw, 1024px\" \/><figcaption class=\"wp-element-caption\">A Ponte entre o Antigo e o Novo<\/figcaption><\/figure>\n\n\n\n<p>A segunda regra est\u00e1 ligada \u00e0 clareza. Para o estoicismo, grande parte do sofrimento surge menos dos fatos e mais da interpreta\u00e7\u00e3o carregada de julgamentos e expectativas irreais. Olhar os acontecimentos sem m\u00e1scaras reduz exageros e dramatiza\u00e7\u00f5es que podem levar a decis\u00f5es precipitadas.<\/p>\n\n\n\n<h2 class=\"wp-block-heading\">Por que a tranquilidade interior \u00e9 um alicerce estoico?<\/h2>\n\n\n\n<p>Na&nbsp;<strong>filosofia estoica de Marco Aur\u00e9lio<\/strong>, a tranquilidade interior funciona como um alicerce emocional. Em vez de tentar dominar tudo \u00e0 volta, a pessoa procura organizar o pr\u00f3prio mundo interno, treinando a atitude diante de doen\u00e7as, perdas, cr\u00edticas e imprevistos, para reagir de forma menos impulsiva e mais ponderada.<\/p>\n\n\n\n<p>Selecionamos o v\u00eddeo abaixo do canal <a href=\"https:\/\/www.youtube.com\/@CanalCaminhosdaAlma\" target=\"_blank\" rel=\"noreferrer noopener\">@CanalCaminhosdaAlma<\/a> que possui maus de 400 mil inscritos e neste v\u00eddeo revela segredos simples e poderosos para descomplicar sua vida segundo o estoicismo de Marco Aur\u00e9lio:<\/p>\n\n\n\n<figure class=\"wp-block-embed is-type-video is-provider-youtube wp-block-embed-youtube wp-embed-aspect-16-9 wp-has-aspect-ratio\"><div class=\"wp-block-embed__wrapper\">\n<div class=\"jeg_video_container jeg_video_content\"><iframe loading=\"lazy\" title=\"Marco Aur\u00e9lio - Como Descomplicar sua Vida (Estoicismo)\" width=\"500\" height=\"281\" src=\"https:\/\/www.youtube.com\/embed\/bQPwPYHom_A?feature=oembed\" frameborder=\"0\" allow=\"accelerometer; autoplay; clipboard-write; encrypted-media; gyroscope; picture-in-picture; web-share\" referrerpolicy=\"strict-origin-when-cross-origin\" allowfullscreen><\/iframe><\/div>\n<\/div><\/figure>\n\n\n\n<p>No ritmo atual, marcado por notifica\u00e7\u00f5es constantes, prazos apertados e compara\u00e7\u00f5es sociais, preservar um \u201cespa\u00e7o calmo\u201d na mente vira diferencial. Essa serenidade n\u00e3o elimina emo\u00e7\u00f5es, mas impede que cada crise aparente se transforme em colapso interno, favorecendo escolhas mais conscientes.<\/p>\n\n\n\n<ul class=\"wp-block-list\">\n<li><strong>Redu\u00e7\u00e3o de rea\u00e7\u00f5es impulsivas:<\/strong>&nbsp;a calma abre espa\u00e7o para avaliar melhor as consequ\u00eancias.<\/li>\n\n\n\n<li><strong>Maior foco no presente:<\/strong>&nbsp;a mente deixa de se perder apenas em preocupa\u00e7\u00f5es futuras.<\/li>\n\n\n\n<li><strong>Resili\u00eancia diante de imprevistos:<\/strong>&nbsp;dificuldades passam a ser vistas como parte do percurso humano.<\/li>\n<\/ul>\n\n\n\n<h2 class=\"wp-block-heading\">Como a vis\u00e3o estoica encara a realidade como ela \u00e9?<\/h2>\n\n\n\n<p>A segunda das&nbsp;<strong>regras b\u00e1sicas da vida de Marco Aur\u00e9lio<\/strong>&nbsp;defende observar a realidade de forma direta, separando o fato em si das hist\u00f3rias mentais criadas em torno dele. Um problema financeiro \u00e9 um dado concreto; pensar \u201ctudo est\u00e1 perdido\u201d j\u00e1 \u00e9 um julgamento que amplia o sofrimento sem oferecer sa\u00edda.<\/p>\n\n\n\n<p>Essa postura inclui reconhecer limites pessoais, riscos reais e responsabilidades individuais. Em vez de negar acontecimentos desagrad\u00e1veis ou culpar sempre fatores externos, o estoicismo prop\u00f5e sinceridade radical com a pr\u00f3pria vida, para focar no que \u00e9 poss\u00edvel transformar com clareza e responsabilidade.<\/p>\n\n\n\n<ol class=\"wp-block-list\">\n<li><strong>Identificar o fato:<\/strong>&nbsp;descrever o que est\u00e1 acontecendo sem adjetivos ou dramatiza\u00e7\u00f5es.<\/li>\n\n\n\n<li><strong>Separar fato e julgamento:<\/strong>&nbsp;notar quais pensamentos s\u00e3o interpreta\u00e7\u00f5es, n\u00e3o certezas.<\/li>\n\n\n\n<li><strong>Definir o que \u00e9 control\u00e1vel:<\/strong>&nbsp;distinguir entre o que pode ser mudado e o que precisa ser aceito.<\/li>\n\n\n\n<li><strong>Agir com base na raz\u00e3o:<\/strong>&nbsp;escolher respostas alinhadas a valores e princ\u00edpios.<\/li>\n<\/ol>\n\n\n\n<figure class=\"wp-block-image size-large\"><img loading=\"lazy\" decoding=\"async\" width=\"1024\" height=\"576\" src=\"https:\/\/www.em.com.br\/emfoco\/wp-content\/uploads\/2025\/12\/Gemini_Generated_Image_jf816xjf816xjf81-1-1024x576.png\" alt=\"A capacidade de ver a realidade atrav\u00e9s da neblina dos julgamentos\" class=\"wp-image-142414\" srcset=\"https:\/\/www.em.com.br\/emfoco\/wp-content\/uploads\/2025\/12\/Gemini_Generated_Image_jf816xjf816xjf81-1-1024x576.png 1024w, https:\/\/www.em.com.br\/emfoco\/wp-content\/uploads\/2025\/12\/Gemini_Generated_Image_jf816xjf816xjf81-1-300x169.png 300w, https:\/\/www.em.com.br\/emfoco\/wp-content\/uploads\/2025\/12\/Gemini_Generated_Image_jf816xjf816xjf81-1-768x432.png 768w, https:\/\/www.em.com.br\/emfoco\/wp-content\/uploads\/2025\/12\/Gemini_Generated_Image_jf816xjf816xjf81-1-750x422.png 750w, https:\/\/www.em.com.br\/emfoco\/wp-content\/uploads\/2025\/12\/Gemini_Generated_Image_jf816xjf816xjf81-1-1140x641.png 1140w, https:\/\/www.em.com.br\/emfoco\/wp-content\/uploads\/2025\/12\/Gemini_Generated_Image_jf816xjf816xjf81-1.png 1280w\" sizes=\"auto, (max-width: 1024px) 100vw, 1024px\" \/><figcaption class=\"wp-element-caption\">A capacidade de ver a realidade atrav\u00e9s da neblina dos julgamentos<\/figcaption><\/figure>\n\n\n\n<h2 class=\"wp-block-heading\">Como serenidade e clareza se complementam na pr\u00e1tica?<\/h2>\n\n\n\n<p>A uni\u00e3o entre serenidade interior e vis\u00e3o clara da realidade mostra por que essas ideias seguem fortes em debates sobre bem-estar emocional, \u00e9tica e sentido de vida. Sem calma, a tend\u00eancia \u00e9 ampliar problemas com rea\u00e7\u00f5es exageradas; sem lucidez, corre-se o risco de manter uma paz fr\u00e1gil, sustentada em ilus\u00f5es.<\/p>\n\n\n\n<p>Na proposta de Marco Aur\u00e9lio, essas&nbsp;<strong>regras b\u00e1sicas da vida<\/strong>&nbsp;se equilibram mutuamente: a tranquilidade permite enxergar melhor, e a nitidez preserva a serenidade. Em um mundo de incertezas econ\u00f4micas e transforma\u00e7\u00f5es r\u00e1pidas, esse equil\u00edbrio oferece uma base est\u00e1vel para decis\u00f5es mais maduras.<\/p>\n\n\n\n<h2 class=\"wp-block-heading\">Como aplicar essas regras hoje e por que come\u00e7ar agora?<\/h2>\n\n\n\n<p>Em meio a mudan\u00e7as tecnol\u00f3gicas aceleradas e tens\u00f5es di\u00e1rias, adotar a pr\u00e1tica estoica de cultivar um centro interno calmo e enxergar fatos com realismo deixa de ser luxo e vira quest\u00e3o de sobreviv\u00eancia emocional. Cada situa\u00e7\u00e3o dif\u00edcil se torna um treino para fortalecer car\u00e1ter, foco e resili\u00eancia.<\/p>\n\n\n\n<p>N\u00e3o adie essa mudan\u00e7a: comece hoje identificando um desafio concreto, separando fatos de julgamentos e escolhendo responder com serenidade e clareza. Transforme as duas regras de Marco Aur\u00e9lio em pr\u00e1tica di\u00e1ria e use os pr\u00f3ximos dias como um teste real para viver com mais equil\u00edbrio, coragem e prop\u00f3sito.<\/p>\n","protected":false},"excerpt":{"rendered":"<p>Marco Aur\u00e9lio resume a vida em duas regras: manter serenidade interior e encarar a realidade sem julgamentos. A calma reduz rea\u00e7\u00f5es impulsivas; a lucidez separa fatos de interpreta\u00e7\u00f5es e orienta decis\u00f5es racionais no cotidiano. Entre os pensadores da Antiguidade, Marco Aur\u00e9lio se destaca por unir poder pol\u00edtico e profundidade filos\u00f3fica. Como imperador romano e representante [&hellip;]<\/p>\n","protected":false},"author":11,"featured_media":142410,"comment_status":"open","ping_status":"open","sticky":false,"template":"","format":"standard","meta":{"jnews-multi-image_gallery":[],"jnews_single_post":{"format":"standard"},"jnews_primary_category":[],"jnews_social_meta":[],"jnews_override_counter":[],"footnotes":""},"categories":[8819,1],"tags":[20925,9518,20924,20926],"class_list":["post-142273","post","type-post","status-publish","format-standard","has-post-thumbnail","hentry","category-curiosidades","category-noticias","tag-estoicismo","tag-filosofia","tag-marco-aurelio","tag-serenidade"],"yoast_head":"<!-- This site is optimized with the Yoast SEO plugin v23.8 - https:\/\/yoast.com\/wordpress\/plugins\/seo\/ -->\n<title>Calma interior, clareza exterior: a frase filos\u00f3fica que revela duas regras b\u00e1sicas para a vida - Estado de Minas - Em foco<\/title>\n<meta name=\"description\" content=\"Marco Aur\u00e9lio defendia serenidade interior e clareza diante da realidade. Entenda por que essas regras seguem t\u00e3o atuais.\" \/>\n<meta name=\"robots\" content=\"index, follow, max-snippet:-1, max-image-preview:large, max-video-preview:-1\" \/>\n<link rel=\"canonical\" href=\"https:\/\/www.em.com.br\/emfoco\/2025\/12\/19\/calma-interior-clareza-exterior-a-frase-filosofica-que-revela-duas-regras-basicas-para-a-vida\/\" \/>\n<meta property=\"og:locale\" content=\"pt_BR\" \/>\n<meta property=\"og:type\" content=\"article\" \/>\n<meta property=\"og:title\" content=\"Calma interior, clareza exterior: a frase filos\u00f3fica que revela duas regras b\u00e1sicas para a vida - Estado de Minas - Em foco\" \/>\n<meta property=\"og:description\" content=\"Marco Aur\u00e9lio defendia serenidade interior e clareza diante da realidade. Entenda por que essas regras seguem t\u00e3o atuais.\" \/>\n<meta property=\"og:url\" content=\"https:\/\/www.em.com.br\/emfoco\/2025\/12\/19\/calma-interior-clareza-exterior-a-frase-filosofica-que-revela-duas-regras-basicas-para-a-vida\/\" \/>\n<meta property=\"og:site_name\" content=\"Estado de Minas - Em foco\" \/>\n<meta property=\"article:published_time\" content=\"2025-12-19T22:25:00+00:00\" \/>\n<meta property=\"article:modified_time\" content=\"2025-12-18T15:26:20+00:00\" \/>\n<meta property=\"og:image\" content=\"https:\/\/www.em.com.br\/emfoco\/wp-content\/uploads\/2025\/12\/Gemini_Generated_Image_dhdzbbdhdzbbdhdz-1.png\" \/>\n\t<meta property=\"og:image:width\" content=\"1280\" \/>\n\t<meta property=\"og:image:height\" content=\"720\" \/>\n\t<meta property=\"og:image:type\" content=\"image\/png\" \/>\n<meta name=\"author\" content=\"Andre\u0301 Rangel\u00a0\" \/>\n<meta name=\"twitter:card\" content=\"summary_large_image\" \/>\n<meta name=\"twitter:label1\" content=\"Escrito por\" \/>\n\t<meta name=\"twitter:data1\" content=\"Andre\u0301 Rangel\u00a0\" \/>\n\t<meta name=\"twitter:label2\" content=\"Est. tempo de leitura\" \/>\n\t<meta name=\"twitter:data2\" content=\"5 minutos\" \/>\n<!-- \/ Yoast SEO plugin. -->","yoast_head_json":{"title":"Calma interior, clareza exterior: a frase filos\u00f3fica que revela duas regras b\u00e1sicas para a vida - Estado de Minas - Em foco","description":"Marco Aur\u00e9lio defendia serenidade interior e clareza diante da realidade. Entenda por que essas regras seguem t\u00e3o atuais.","robots":{"index":"index","follow":"follow","max-snippet":"max-snippet:-1","max-image-preview":"max-image-preview:large","max-video-preview":"max-video-preview:-1"},"canonical":"https:\/\/www.em.com.br\/emfoco\/2025\/12\/19\/calma-interior-clareza-exterior-a-frase-filosofica-que-revela-duas-regras-basicas-para-a-vida\/","og_locale":"pt_BR","og_type":"article","og_title":"Calma interior, clareza exterior: a frase filos\u00f3fica que revela duas regras b\u00e1sicas para a vida - Estado de Minas - Em foco","og_description":"Marco Aur\u00e9lio defendia serenidade interior e clareza diante da realidade. Entenda por que essas regras seguem t\u00e3o atuais.","og_url":"https:\/\/www.em.com.br\/emfoco\/2025\/12\/19\/calma-interior-clareza-exterior-a-frase-filosofica-que-revela-duas-regras-basicas-para-a-vida\/","og_site_name":"Estado de Minas - Em foco","article_published_time":"2025-12-19T22:25:00+00:00","article_modified_time":"2025-12-18T15:26:20+00:00","og_image":[{"width":1280,"height":720,"url":"https:\/\/www.em.com.br\/emfoco\/wp-content\/uploads\/2025\/12\/Gemini_Generated_Image_dhdzbbdhdzbbdhdz-1.png","type":"image\/png"}],"author":"Andre\u0301 Rangel\u00a0","twitter_card":"summary_large_image","twitter_misc":{"Escrito por":"Andre\u0301 Rangel\u00a0","Est. tempo de leitura":"5 minutos"},"schema":{"@context":"https:\/\/schema.org","@graph":[{"@type":"WebPage","@id":"https:\/\/www.em.com.br\/emfoco\/2025\/12\/19\/calma-interior-clareza-exterior-a-frase-filosofica-que-revela-duas-regras-basicas-para-a-vida\/","url":"https:\/\/www.em.com.br\/emfoco\/2025\/12\/19\/calma-interior-clareza-exterior-a-frase-filosofica-que-revela-duas-regras-basicas-para-a-vida\/","name":"Calma interior, clareza exterior: a frase filos\u00f3fica que revela duas regras b\u00e1sicas para a vida - Estado de Minas - Em foco","isPartOf":{"@id":"https:\/\/www.em.com.br\/emfoco\/#website"},"primaryImageOfPage":{"@id":"https:\/\/www.em.com.br\/emfoco\/2025\/12\/19\/calma-interior-clareza-exterior-a-frase-filosofica-que-revela-duas-regras-basicas-para-a-vida\/#primaryimage"},"image":{"@id":"https:\/\/www.em.com.br\/emfoco\/2025\/12\/19\/calma-interior-clareza-exterior-a-frase-filosofica-que-revela-duas-regras-basicas-para-a-vida\/#primaryimage"},"thumbnailUrl":"https:\/\/www.em.com.br\/emfoco\/wp-content\/uploads\/2025\/12\/Gemini_Generated_Image_dhdzbbdhdzbbdhdz-1.png","datePublished":"2025-12-19T22:25:00+00:00","dateModified":"2025-12-18T15:26:20+00:00","author":{"@id":"https:\/\/www.em.com.br\/emfoco\/#\/schema\/person\/60eda09c1fedf0d6891f4cef4b60b8b8"},"description":"Marco Aur\u00e9lio defendia serenidade interior e clareza diante da realidade. Entenda por que essas regras seguem t\u00e3o atuais.","breadcrumb":{"@id":"https:\/\/www.em.com.br\/emfoco\/2025\/12\/19\/calma-interior-clareza-exterior-a-frase-filosofica-que-revela-duas-regras-basicas-para-a-vida\/#breadcrumb"},"inLanguage":"pt-BR","potentialAction":[{"@type":"ReadAction","target":["https:\/\/www.em.com.br\/emfoco\/2025\/12\/19\/calma-interior-clareza-exterior-a-frase-filosofica-que-revela-duas-regras-basicas-para-a-vida\/"]}]},{"@type":"ImageObject","inLanguage":"pt-BR","@id":"https:\/\/www.em.com.br\/emfoco\/2025\/12\/19\/calma-interior-clareza-exterior-a-frase-filosofica-que-revela-duas-regras-basicas-para-a-vida\/#primaryimage","url":"https:\/\/www.em.com.br\/emfoco\/wp-content\/uploads\/2025\/12\/Gemini_Generated_Image_dhdzbbdhdzbbdhdz-1.png","contentUrl":"https:\/\/www.em.com.br\/emfoco\/wp-content\/uploads\/2025\/12\/Gemini_Generated_Image_dhdzbbdhdzbbdhdz-1.png","width":1280,"height":720,"caption":"O Contraste entre o Caos e a Calma"},{"@type":"BreadcrumbList","@id":"https:\/\/www.em.com.br\/emfoco\/2025\/12\/19\/calma-interior-clareza-exterior-a-frase-filosofica-que-revela-duas-regras-basicas-para-a-vida\/#breadcrumb","itemListElement":[{"@type":"ListItem","position":1,"name":"In\u00edcio","item":"https:\/\/www.em.com.br\/emfoco\/"},{"@type":"ListItem","position":2,"name":"Calma interior, clareza exterior: a frase filos\u00f3fica que revela duas regras b\u00e1sicas para a vida"}]},{"@type":"WebSite","@id":"https:\/\/www.em.com.br\/emfoco\/#website","url":"https:\/\/www.em.com.br\/emfoco\/","name":"Estado de Minas - Em foco","description":"Acompanhe as \u00faltimas not\u00edcias e fique bem informado sobre tudo o que acontece em Minas Gerais, Brasil e no mundo.","potentialAction":[{"@type":"SearchAction","target":{"@type":"EntryPoint","urlTemplate":"https:\/\/www.em.com.br\/emfoco\/?s={search_term_string}"},"query-input":{"@type":"PropertyValueSpecification","valueRequired":true,"valueName":"search_term_string"}}],"inLanguage":"pt-BR"},{"@type":"Person","@id":"https:\/\/www.em.com.br\/emfoco\/#\/schema\/person\/60eda09c1fedf0d6891f4cef4b60b8b8","name":"Andre\u0301 Rangel\u00a0","image":{"@type":"ImageObject","inLanguage":"pt-BR","@id":"https:\/\/www.em.com.br\/emfoco\/#\/schema\/person\/image\/","url":"https:\/\/secure.gravatar.com\/avatar\/6234dc814c77c8ef6d8bba622c787efc?s=96&d=mm&r=g","contentUrl":"https:\/\/secure.gravatar.com\/avatar\/6234dc814c77c8ef6d8bba622c787efc?s=96&d=mm&r=g","caption":"Andre\u0301 Rangel\u00a0"},"url":"https:\/\/www.em.com.br\/emfoco\/author\/luizmyth\/"}]}},"_links":{"self":[{"href":"https:\/\/www.em.com.br\/emfoco\/wp-json\/wp\/v2\/posts\/142273","targetHints":{"allow":["GET"]}}],"collection":[{"href":"https:\/\/www.em.com.br\/emfoco\/wp-json\/wp\/v2\/posts"}],"about":[{"href":"https:\/\/www.em.com.br\/emfoco\/wp-json\/wp\/v2\/types\/post"}],"author":[{"embeddable":true,"href":"https:\/\/www.em.com.br\/emfoco\/wp-json\/wp\/v2\/users\/11"}],"replies":[{"embeddable":true,"href":"https:\/\/www.em.com.br\/emfoco\/wp-json\/wp\/v2\/comments?post=142273"}],"version-history":[{"count":3,"href":"https:\/\/www.em.com.br\/emfoco\/wp-json\/wp\/v2\/posts\/142273\/revisions"}],"predecessor-version":[{"id":142432,"href":"https:\/\/www.em.com.br\/emfoco\/wp-json\/wp\/v2\/posts\/142273\/revisions\/142432"}],"wp:featuredmedia":[{"embeddable":true,"href":"https:\/\/www.em.com.br\/emfoco\/wp-json\/wp\/v2\/media\/142410"}],"wp:attachment":[{"href":"https:\/\/www.em.com.br\/emfoco\/wp-json\/wp\/v2\/media?parent=142273"}],"wp:term":[{"taxonomy":"category","embeddable":true,"href":"https:\/\/www.em.com.br\/emfoco\/wp-json\/wp\/v2\/categories?post=142273"},{"taxonomy":"post_tag","embeddable":true,"href":"https:\/\/www.em.com.br\/emfoco\/wp-json\/wp\/v2\/tags?post=142273"}],"curies":[{"name":"wp","href":"https:\/\/api.w.org\/{rel}","templated":true}]}}