{"id":142154,"date":"2025-12-20T13:55:00","date_gmt":"2025-12-20T16:55:00","guid":{"rendered":"https:\/\/www.em.com.br\/emfoco\/?p=142154"},"modified":"2025-12-17T18:42:21","modified_gmt":"2025-12-17T21:42:21","slug":"revisao-do-salario-minimo-para-2026-muda-a-base-do-mei-impacta-a-contribuicao-previdenciaria-e-redefine-os-valores-mensais-do-simples-nacional","status":"publish","type":"post","link":"https:\/\/www.em.com.br\/emfoco\/2025\/12\/20\/revisao-do-salario-minimo-para-2026-muda-a-base-do-mei-impacta-a-contribuicao-previdenciaria-e-redefine-os-valores-mensais-do-simples-nacional\/","title":{"rendered":"Revis\u00e3o do sal\u00e1rio m\u00ednimo para 2026 muda a base do MEI, impacta a contribui\u00e7\u00e3o previdenci\u00e1ria e redefine os valores mensais do Simples Nacional"},"content":{"rendered":"\n<h2 class=\"wp-block-heading\">Reajuste do sal\u00e1rio m\u00ednimo para R$ 1.621 em 2026 eleva a contribui\u00e7\u00e3o do MEI. INSS passa a R$ 81,05 no DAS; para MEI caminhoneiro, a previd\u00eancia sobe para at\u00e9 R$ 207,42, com vencimento mantido no dia 20.<\/h2>\n\n\n\n<p>O reajuste do sal\u00e1rio m\u00ednimo para 2026 altera diretamente a contribui\u00e7\u00e3o do MEI, impactando o valor do DAS, o c\u00e1lculo previdenci\u00e1rio e o planejamento financeiro. A mudan\u00e7a come\u00e7a em janeiro e afeta milh\u00f5es de pequenos neg\u00f3cios enquadrados no Simples Nacional.<\/p>\n\n\n\n<h2 class=\"wp-block-heading\">Por que o sal\u00e1rio m\u00ednimo influencia a contribui\u00e7\u00e3o do MEI?<\/h2>\n\n\n\n<p>A contribui\u00e7\u00e3o do <strong>MEI<\/strong> \u00e9 calculada com base em um percentual fixo do sal\u00e1rio m\u00ednimo vigente, definido por lei. Sempre que o piso nacional \u00e9 reajustado, o valor pago ao INSS muda automaticamente, refletindo no custo mensal do microempreendedor.<\/p>\n\n\n\n<p>Em 2026, o sal\u00e1rio m\u00ednimo foi fixado em <strong>R$ 1.621<\/strong>, o que altera a base de c\u00e1lculo do Documento de Arrecada\u00e7\u00e3o do Simples Nacional. A atualiza\u00e7\u00e3o segue regra legal e passa a valer ap\u00f3s a oficializa\u00e7\u00e3o por decreto presidencial.<\/p>\n\n\n\n<p>A seguir separamos um v\u00eddeo do canal do TikTok <strong><a href=\"https:\/\/www.tiktok.com\/@eliandrocontador\" target=\"_blank\" rel=\"noreferrer noopener\"><strong>eliandrocontador<\/strong><\/a><\/strong> onde \u00e9 mostrado mais informa\u00e7\u00f5es sobre as novas mudan\u00e7as no MEI para 2026 em decorr\u00eancia ao novo valor do Sal\u00e1rio M\u00ednimo.<\/p>\n\n\n\n<blockquote class=\"tiktok-embed\" cite=\"https:\/\/www.tiktok.com\/@eliandrocontador\/video\/7583347436534533392\" data-video-id=\"7583347436534533392\" style=\"max-width: 605px;min-width: 325px;\" > <section> <a target=\"_blank\" title=\"@eliandrocontador\" href=\"https:\/\/www.tiktok.com\/@eliandrocontador?refer=embed\">@eliandrocontador<\/a> \u26a0\ufe0f MEI, aten\u00e7\u00e3o! DAS vai ficar mais caro em 2026 \ud83d\udea8 ATEN\u00c7\u00c3O, MEI! O valor do DAS-MEI vai mudar em 2026 por causa do reajuste do sal\u00e1rio m\u00ednimo \ud83d\udcc8 O valor do novo sal\u00e1rio-m\u00ednimo para 2026 foi divulgado pelo Instituto Brasileiro de Geografia e Estat\u00edstica (IBGE) no dia 10&#47;12&#47;2025. A partir do c\u00e1lculo da infla\u00e7\u00e3o dos \u00faltimos 12 meses, o novo Sal\u00e1rio M\u00ednimo anunciado ser\u00e1 de R$ 1.621 j\u00e1 a partir de janeiro. #NoticiasContabeis#AtualizacaoMEI#EmpreenderNoBrasil#Negocios#Brasil#FiqueAtento#DicaContabil#InformacaoQueValeDinheiro #AprendaNoTikTok<a title=\"contabilidadenapratica\" target=\"_blank\" href=\"https:\/\/www.tiktok.com\/tag\/contabilidadenapratica?refer=embed\">#ContabilidadeNaPratica<\/a> <a target=\"_blank\" title=\"\u266c som original  - Eliandro - Contador\" href=\"https:\/\/www.tiktok.com\/music\/som-original-Eliandro-Contador-7583347785953512199?refer=embed\">\u266c som original  &#8211; Eliandro &#8211; Contador<\/a> <\/section> <\/blockquote> <script async src=\"https:\/\/www.tiktok.com\/embed.js\"><\/script>\n\n\n\n<h2 class=\"wp-block-heading\">Quais s\u00e3o os novos valores mensais pagos pelo MEI?<\/h2>\n\n\n\n<p>Com o novo piso nacional, a contribui\u00e7\u00e3o mensal sofre reajuste, mas mant\u00e9m impostos fixos e independentes do faturamento, desde que respeitado o limite anual. Os valores atualizados passam a ser os apresentados a seguir.<\/p>\n\n\n\n<ul class=\"wp-block-list\">\n<li><strong>INSS<\/strong>: R$ 81,05, equivalente a 5% do sal\u00e1rio m\u00ednimo de R$ 1.621.<\/li>\n\n\n\n<li><strong>ISS<\/strong>: R$ 5,00 para atividades sujeitas ao imposto municipal.<\/li>\n\n\n\n<li><strong>ICMS<\/strong>: R$ 1,00 para atividades de com\u00e9rcio ou ind\u00fastria.<\/li>\n<\/ul>\n\n\n\n<p><em>Leia mais: <strong><a href=\"https:\/\/www.em.com.br\/emfoco\/2025\/12\/17\/auxilio-gas-de-r-110-vai-acabar-veja-o-que-muda-com-o-gas-do-povo-e-por-que-quem-tem-nis-final-6-nao-pode-ignorar-esta-virada-em-2026\/\" target=\"_blank\" rel=\"noreferrer noopener\">Aux\u00edlio g\u00e1s de R$ 110 vai ACABAR? Veja o que muda com o \u2018G\u00e1s do Povo\u2019 e por que quem tem NIS final 6 n\u00e3o pode ignorar esta virada em 2026<\/a><\/strong><\/em><\/p>\n\n\n\n<h2 class=\"wp-block-heading\">Como o novo sal\u00e1rio m\u00ednimo afeta o MEI caminhoneiro?<\/h2>\n\n\n\n<p>O impacto \u00e9 maior para o <strong>MEI caminhoneiro<\/strong>, pois a contribui\u00e7\u00e3o previdenci\u00e1ria corresponde a 12% do sal\u00e1rio m\u00ednimo. Com o novo valor, o custo mensal sobe de forma mais expressiva em compara\u00e7\u00e3o ao MEI tradicional.<\/p>\n\n\n\n<p>Em 2026, a contribui\u00e7\u00e3o passa de R$ 182,16 para <strong>R$ 202,42<\/strong>, podendo chegar a R$ 207,42 conforme o tipo de carga e o destino. ICMS e ISS permanecem fixos, elevando o desembolso total mensal do transportador.<\/p>\n\n\n\n<figure class=\"wp-block-image size-large\"><img loading=\"lazy\" decoding=\"async\" width=\"1024\" height=\"576\" src=\"https:\/\/www.em.com.br\/emfoco\/wp-content\/uploads\/2025\/12\/IA-5-3-1024x576.jpg\" alt=\"Revis\u00e3o do sal\u00e1rio m\u00ednimo para 2026 muda a base do MEI, impacta a contribui\u00e7\u00e3o previdenci\u00e1ria e redefine os valores mensais do Simples Nacional\" class=\"wp-image-142178\" srcset=\"https:\/\/www.em.com.br\/emfoco\/wp-content\/uploads\/2025\/12\/IA-5-3-1024x576.jpg 1024w, https:\/\/www.em.com.br\/emfoco\/wp-content\/uploads\/2025\/12\/IA-5-3-300x169.jpg 300w, https:\/\/www.em.com.br\/emfoco\/wp-content\/uploads\/2025\/12\/IA-5-3-768x432.jpg 768w, https:\/\/www.em.com.br\/emfoco\/wp-content\/uploads\/2025\/12\/IA-5-3-750x422.jpg 750w, https:\/\/www.em.com.br\/emfoco\/wp-content\/uploads\/2025\/12\/IA-5-3-1140x641.jpg 1140w, https:\/\/www.em.com.br\/emfoco\/wp-content\/uploads\/2025\/12\/IA-5-3.jpg 1280w\" sizes=\"auto, (max-width: 1024px) 100vw, 1024px\" \/><figcaption class=\"wp-element-caption\">MEI caminhoneiro sente impacto maior por contribui\u00e7\u00e3o previdenci\u00e1ria mais alta<\/figcaption><\/figure>\n\n\n\n<h2 class=\"wp-block-heading\">O prazo e a forma de pagamento do DAS mudam em 2026?<\/h2>\n\n\n\n<p>Apesar do reajuste nos valores, o vencimento do <strong>DAS<\/strong> segue inalterado e ocorre todo dia 20 de cada m\u00eas. O documento re\u00fane contribui\u00e7\u00e3o previdenci\u00e1ria e tributos obrigat\u00f3rios em uma \u00fanica guia de pagamento.<\/p>\n\n\n\n<p>A emiss\u00e3o pode ser feita pelo Portal do Simples Nacional ou pelo App MEI, com pagamento via boleto, PIX ou d\u00e9bito autom\u00e1tico. Manter a regularidade evita multas, juros e restri\u00e7\u00f5es fiscais que prejudicam o neg\u00f3cio.<\/p>\n\n\n\n<h2 class=\"wp-block-heading\">Quais cuidados o MEI deve ter diante do reajuste?<\/h2>\n\n\n\n<p>O novo cen\u00e1rio exige aten\u00e7\u00e3o ao controle financeiro e \u00e0s obriga\u00e7\u00f5es fiscais para evitar problemas com a Receita Federal. Algumas medidas simples ajudam a manter o neg\u00f3cio regular e protegido, como mostram os pontos abaixo.<\/p>\n\n\n\n<ul class=\"wp-block-list\">\n<li><strong>Organiza\u00e7\u00e3o financeira<\/strong>: revisar custos mensais para absorver o aumento da contribui\u00e7\u00e3o.<\/li>\n\n\n\n<li><strong>Regulariza\u00e7\u00e3o de d\u00e9bitos<\/strong>: quitar pend\u00eancias at\u00e9 31 de janeiro de 2026 para evitar exclus\u00e3o do Simples.<\/li>\n\n\n\n<li><strong>Contribui\u00e7\u00e3o em dia<\/strong>: garantir acesso a benef\u00edcios do INSS como aposentadoria e aux\u00edlio-doen\u00e7a.<\/li>\n<\/ul>\n\n\n\n<p>Com planejamento e aten\u00e7\u00e3o \u00e0s regras, o reajuste do sal\u00e1rio m\u00ednimo em 2026 deixa de ser um risco e se transforma em mais um passo para manter o MEI ativo, regular e protegido no longo prazo.<\/p>\n","protected":false},"excerpt":{"rendered":"<p>Reajuste do sal\u00e1rio m\u00ednimo para R$ 1.621 em 2026 eleva a contribui\u00e7\u00e3o do MEI. INSS passa a R$ 81,05 no DAS; para MEI caminhoneiro, a previd\u00eancia sobe para at\u00e9 R$ 207,42, com vencimento mantido no dia 20. O reajuste do sal\u00e1rio m\u00ednimo para 2026 altera diretamente a contribui\u00e7\u00e3o do MEI, impactando o valor do DAS, [&hellip;]<\/p>\n","protected":false},"author":13,"featured_media":142176,"comment_status":"open","ping_status":"open","sticky":false,"template":"","format":"standard","meta":{"jnews-multi-image_gallery":[],"jnews_single_post":{"format":"standard"},"jnews_primary_category":[],"jnews_social_meta":[],"jnews_override_counter":[],"footnotes":""},"categories":[28],"tags":[20898,218,19246,717],"class_list":["post-142154","post","type-post","status-publish","format-standard","has-post-thumbnail","hentry","category-economia","tag-contribuicao-mensal","tag-mei","tag-microempreendedores","tag-salario-minimo"],"yoast_head":"<!-- This site is optimized with the Yoast SEO plugin v23.8 - https:\/\/yoast.com\/wordpress\/plugins\/seo\/ -->\n<title>Revis\u00e3o do sal\u00e1rio m\u00ednimo para 2026 muda a base do MEI, impacta a contribui\u00e7\u00e3o previdenci\u00e1ria e redefine os valores mensais do Simples Nacional - Estado de Minas - Em foco<\/title>\n<meta name=\"description\" content=\"Reajuste do sal\u00e1rio m\u00ednimo altera contribui\u00e7\u00e3o do MEI a partir de janeiro de 2026. Confira os novos valores e evite surpresas no seu DAS.\" \/>\n<meta name=\"robots\" content=\"index, follow, max-snippet:-1, max-image-preview:large, max-video-preview:-1\" \/>\n<link rel=\"canonical\" href=\"https:\/\/www.em.com.br\/emfoco\/2025\/12\/20\/revisao-do-salario-minimo-para-2026-muda-a-base-do-mei-impacta-a-contribuicao-previdenciaria-e-redefine-os-valores-mensais-do-simples-nacional\/\" \/>\n<meta property=\"og:locale\" content=\"pt_BR\" \/>\n<meta property=\"og:type\" content=\"article\" \/>\n<meta property=\"og:title\" content=\"Revis\u00e3o do sal\u00e1rio m\u00ednimo para 2026 muda a base do MEI, impacta a contribui\u00e7\u00e3o previdenci\u00e1ria e redefine os valores mensais do Simples Nacional - Estado de Minas - Em foco\" \/>\n<meta property=\"og:description\" content=\"Reajuste do sal\u00e1rio m\u00ednimo altera contribui\u00e7\u00e3o do MEI a partir de janeiro de 2026. Confira os novos valores e evite surpresas no seu DAS.\" \/>\n<meta property=\"og:url\" content=\"https:\/\/www.em.com.br\/emfoco\/2025\/12\/20\/revisao-do-salario-minimo-para-2026-muda-a-base-do-mei-impacta-a-contribuicao-previdenciaria-e-redefine-os-valores-mensais-do-simples-nacional\/\" \/>\n<meta property=\"og:site_name\" content=\"Estado de Minas - Em foco\" \/>\n<meta property=\"article:published_time\" content=\"2025-12-20T16:55:00+00:00\" \/>\n<meta property=\"article:modified_time\" content=\"2025-12-17T21:42:21+00:00\" \/>\n<meta property=\"og:image\" content=\"https:\/\/www.em.com.br\/emfoco\/wp-content\/uploads\/2025\/12\/IA-4-4.jpg\" \/>\n\t<meta property=\"og:image:width\" content=\"1280\" \/>\n\t<meta property=\"og:image:height\" content=\"720\" \/>\n\t<meta property=\"og:image:type\" content=\"image\/jpeg\" \/>\n<meta name=\"author\" content=\"Gabriel Martins\" \/>\n<meta name=\"twitter:card\" content=\"summary_large_image\" \/>\n<meta name=\"twitter:label1\" content=\"Escrito por\" \/>\n\t<meta name=\"twitter:data1\" content=\"Gabriel Martins\" \/>\n\t<meta name=\"twitter:label2\" content=\"Est. tempo de leitura\" \/>\n\t<meta name=\"twitter:data2\" content=\"4 minutos\" \/>\n<!-- \/ Yoast SEO plugin. -->","yoast_head_json":{"title":"Revis\u00e3o do sal\u00e1rio m\u00ednimo para 2026 muda a base do MEI, impacta a contribui\u00e7\u00e3o previdenci\u00e1ria e redefine os valores mensais do Simples Nacional - Estado de Minas - Em foco","description":"Reajuste do sal\u00e1rio m\u00ednimo altera contribui\u00e7\u00e3o do MEI a partir de janeiro de 2026. Confira os novos valores e evite surpresas no seu DAS.","robots":{"index":"index","follow":"follow","max-snippet":"max-snippet:-1","max-image-preview":"max-image-preview:large","max-video-preview":"max-video-preview:-1"},"canonical":"https:\/\/www.em.com.br\/emfoco\/2025\/12\/20\/revisao-do-salario-minimo-para-2026-muda-a-base-do-mei-impacta-a-contribuicao-previdenciaria-e-redefine-os-valores-mensais-do-simples-nacional\/","og_locale":"pt_BR","og_type":"article","og_title":"Revis\u00e3o do sal\u00e1rio m\u00ednimo para 2026 muda a base do MEI, impacta a contribui\u00e7\u00e3o previdenci\u00e1ria e redefine os valores mensais do Simples Nacional - Estado de Minas - Em foco","og_description":"Reajuste do sal\u00e1rio m\u00ednimo altera contribui\u00e7\u00e3o do MEI a partir de janeiro de 2026. Confira os novos valores e evite surpresas no seu DAS.","og_url":"https:\/\/www.em.com.br\/emfoco\/2025\/12\/20\/revisao-do-salario-minimo-para-2026-muda-a-base-do-mei-impacta-a-contribuicao-previdenciaria-e-redefine-os-valores-mensais-do-simples-nacional\/","og_site_name":"Estado de Minas - Em foco","article_published_time":"2025-12-20T16:55:00+00:00","article_modified_time":"2025-12-17T21:42:21+00:00","og_image":[{"width":1280,"height":720,"url":"https:\/\/www.em.com.br\/emfoco\/wp-content\/uploads\/2025\/12\/IA-4-4.jpg","type":"image\/jpeg"}],"author":"Gabriel Martins","twitter_card":"summary_large_image","twitter_misc":{"Escrito por":"Gabriel Martins","Est. tempo de leitura":"4 minutos"},"schema":{"@context":"https:\/\/schema.org","@graph":[{"@type":"WebPage","@id":"https:\/\/www.em.com.br\/emfoco\/2025\/12\/20\/revisao-do-salario-minimo-para-2026-muda-a-base-do-mei-impacta-a-contribuicao-previdenciaria-e-redefine-os-valores-mensais-do-simples-nacional\/","url":"https:\/\/www.em.com.br\/emfoco\/2025\/12\/20\/revisao-do-salario-minimo-para-2026-muda-a-base-do-mei-impacta-a-contribuicao-previdenciaria-e-redefine-os-valores-mensais-do-simples-nacional\/","name":"Revis\u00e3o do sal\u00e1rio m\u00ednimo para 2026 muda a base do MEI, impacta a contribui\u00e7\u00e3o previdenci\u00e1ria e redefine os valores mensais do Simples Nacional - Estado de Minas - Em foco","isPartOf":{"@id":"https:\/\/www.em.com.br\/emfoco\/#website"},"primaryImageOfPage":{"@id":"https:\/\/www.em.com.br\/emfoco\/2025\/12\/20\/revisao-do-salario-minimo-para-2026-muda-a-base-do-mei-impacta-a-contribuicao-previdenciaria-e-redefine-os-valores-mensais-do-simples-nacional\/#primaryimage"},"image":{"@id":"https:\/\/www.em.com.br\/emfoco\/2025\/12\/20\/revisao-do-salario-minimo-para-2026-muda-a-base-do-mei-impacta-a-contribuicao-previdenciaria-e-redefine-os-valores-mensais-do-simples-nacional\/#primaryimage"},"thumbnailUrl":"https:\/\/www.em.com.br\/emfoco\/wp-content\/uploads\/2025\/12\/IA-4-4.jpg","datePublished":"2025-12-20T16:55:00+00:00","dateModified":"2025-12-17T21:42:21+00:00","author":{"@id":"https:\/\/www.em.com.br\/emfoco\/#\/schema\/person\/1c9ddeab18b98abeffef834667bcf08a"},"description":"Reajuste do sal\u00e1rio m\u00ednimo altera contribui\u00e7\u00e3o do MEI a partir de janeiro de 2026. Confira os novos valores e evite surpresas no seu DAS.","breadcrumb":{"@id":"https:\/\/www.em.com.br\/emfoco\/2025\/12\/20\/revisao-do-salario-minimo-para-2026-muda-a-base-do-mei-impacta-a-contribuicao-previdenciaria-e-redefine-os-valores-mensais-do-simples-nacional\/#breadcrumb"},"inLanguage":"pt-BR","potentialAction":[{"@type":"ReadAction","target":["https:\/\/www.em.com.br\/emfoco\/2025\/12\/20\/revisao-do-salario-minimo-para-2026-muda-a-base-do-mei-impacta-a-contribuicao-previdenciaria-e-redefine-os-valores-mensais-do-simples-nacional\/"]}]},{"@type":"ImageObject","inLanguage":"pt-BR","@id":"https:\/\/www.em.com.br\/emfoco\/2025\/12\/20\/revisao-do-salario-minimo-para-2026-muda-a-base-do-mei-impacta-a-contribuicao-previdenciaria-e-redefine-os-valores-mensais-do-simples-nacional\/#primaryimage","url":"https:\/\/www.em.com.br\/emfoco\/wp-content\/uploads\/2025\/12\/IA-4-4.jpg","contentUrl":"https:\/\/www.em.com.br\/emfoco\/wp-content\/uploads\/2025\/12\/IA-4-4.jpg","width":1280,"height":720,"caption":"Reajuste do sal\u00e1rio m\u00ednimo altera contribui\u00e7\u00e3o mensal e planejamento do MEI"},{"@type":"BreadcrumbList","@id":"https:\/\/www.em.com.br\/emfoco\/2025\/12\/20\/revisao-do-salario-minimo-para-2026-muda-a-base-do-mei-impacta-a-contribuicao-previdenciaria-e-redefine-os-valores-mensais-do-simples-nacional\/#breadcrumb","itemListElement":[{"@type":"ListItem","position":1,"name":"In\u00edcio","item":"https:\/\/www.em.com.br\/emfoco\/"},{"@type":"ListItem","position":2,"name":"Revis\u00e3o do sal\u00e1rio m\u00ednimo para 2026 muda a base do MEI, impacta a contribui\u00e7\u00e3o previdenci\u00e1ria e redefine os valores mensais do Simples Nacional"}]},{"@type":"WebSite","@id":"https:\/\/www.em.com.br\/emfoco\/#website","url":"https:\/\/www.em.com.br\/emfoco\/","name":"Estado de Minas - Em foco","description":"Acompanhe as \u00faltimas not\u00edcias e fique bem informado sobre tudo o que acontece em Minas Gerais, Brasil e no mundo.","potentialAction":[{"@type":"SearchAction","target":{"@type":"EntryPoint","urlTemplate":"https:\/\/www.em.com.br\/emfoco\/?s={search_term_string}"},"query-input":{"@type":"PropertyValueSpecification","valueRequired":true,"valueName":"search_term_string"}}],"inLanguage":"pt-BR"},{"@type":"Person","@id":"https:\/\/www.em.com.br\/emfoco\/#\/schema\/person\/1c9ddeab18b98abeffef834667bcf08a","name":"Gabriel Martins","image":{"@type":"ImageObject","inLanguage":"pt-BR","@id":"https:\/\/www.em.com.br\/emfoco\/#\/schema\/person\/image\/","url":"https:\/\/secure.gravatar.com\/avatar\/f0f1e2efdfd88f1ad2cb08c5c2731e50?s=96&d=mm&r=g","contentUrl":"https:\/\/secure.gravatar.com\/avatar\/f0f1e2efdfd88f1ad2cb08c5c2731e50?s=96&d=mm&r=g","caption":"Gabriel Martins"},"sameAs":["https:\/\/www.em.com.br\/emfoco\/"],"url":"https:\/\/www.em.com.br\/emfoco\/author\/gabrielmartinsmyth\/"}]}},"_links":{"self":[{"href":"https:\/\/www.em.com.br\/emfoco\/wp-json\/wp\/v2\/posts\/142154","targetHints":{"allow":["GET"]}}],"collection":[{"href":"https:\/\/www.em.com.br\/emfoco\/wp-json\/wp\/v2\/posts"}],"about":[{"href":"https:\/\/www.em.com.br\/emfoco\/wp-json\/wp\/v2\/types\/post"}],"author":[{"embeddable":true,"href":"https:\/\/www.em.com.br\/emfoco\/wp-json\/wp\/v2\/users\/13"}],"replies":[{"embeddable":true,"href":"https:\/\/www.em.com.br\/emfoco\/wp-json\/wp\/v2\/comments?post=142154"}],"version-history":[{"count":1,"href":"https:\/\/www.em.com.br\/emfoco\/wp-json\/wp\/v2\/posts\/142154\/revisions"}],"predecessor-version":[{"id":142179,"href":"https:\/\/www.em.com.br\/emfoco\/wp-json\/wp\/v2\/posts\/142154\/revisions\/142179"}],"wp:featuredmedia":[{"embeddable":true,"href":"https:\/\/www.em.com.br\/emfoco\/wp-json\/wp\/v2\/media\/142176"}],"wp:attachment":[{"href":"https:\/\/www.em.com.br\/emfoco\/wp-json\/wp\/v2\/media?parent=142154"}],"wp:term":[{"taxonomy":"category","embeddable":true,"href":"https:\/\/www.em.com.br\/emfoco\/wp-json\/wp\/v2\/categories?post=142154"},{"taxonomy":"post_tag","embeddable":true,"href":"https:\/\/www.em.com.br\/emfoco\/wp-json\/wp\/v2\/tags?post=142154"}],"curies":[{"name":"wp","href":"https:\/\/api.w.org\/{rel}","templated":true}]}}