{"id":141336,"date":"2025-12-17T17:25:00","date_gmt":"2025-12-17T20:25:00","guid":{"rendered":"https:\/\/www.em.com.br\/emfoco\/?p=141336"},"modified":"2025-12-16T17:06:22","modified_gmt":"2025-12-16T20:06:22","slug":"5-funcoes-escondidas-da-assistente-alexa-que-voce-esta-ignorando-e-que-podem-cortar-sua-conta-de-luz-mais-rapido-do-que-voce-imagina","status":"publish","type":"post","link":"https:\/\/www.em.com.br\/emfoco\/2025\/12\/17\/5-funcoes-escondidas-da-assistente-alexa-que-voce-esta-ignorando-e-que-podem-cortar-sua-conta-de-luz-mais-rapido-do-que-voce-imagina\/","title":{"rendered":"5 fun\u00e7\u00f5es \u2018escondidas\u2019 da Assistente Alexa que voc\u00ea est\u00e1 ignorando e que podem cortar sua conta de luz mais r\u00e1pido do que voc\u00ea imagina"},"content":{"rendered":"\n<p>Em muitas casas, a conta de luz j\u00e1 pesa no or\u00e7amento mensal e a busca por alternativas para reduzir o consumo de energia se tornou prioridade. Nesse cen\u00e1rio, assistentes virtuais passaram a ser vistos como aliados na automa\u00e7\u00e3o residencial, facilitando o controle de aparelhos e ilumina\u00e7\u00e3o, e a <strong>Assistente Alexa<\/strong> se destaca por reunir fun\u00e7\u00f5es que ajudam a organizar o uso de energia de forma mais inteligente.<\/p>\n\n\n\n<h2 class=\"wp-block-heading\">Como a Assistente Alexa pode organizar o consumo de energia<\/h2>\n\n\n<div class=\"wp-block-image\">\n<figure class=\"aligncenter size-large\"><img loading=\"lazy\" decoding=\"async\" width=\"1024\" height=\"576\" src=\"https:\/\/www.em.com.br\/emfoco\/wp-content\/uploads\/2025\/12\/alexa_1764281813075-1024x576.jpg\" alt=\"\" class=\"wp-image-141391\" srcset=\"https:\/\/www.em.com.br\/emfoco\/wp-content\/uploads\/2025\/12\/alexa_1764281813075-1024x576.jpg 1024w, https:\/\/www.em.com.br\/emfoco\/wp-content\/uploads\/2025\/12\/alexa_1764281813075-300x169.jpg 300w, https:\/\/www.em.com.br\/emfoco\/wp-content\/uploads\/2025\/12\/alexa_1764281813075-768x432.jpg 768w, https:\/\/www.em.com.br\/emfoco\/wp-content\/uploads\/2025\/12\/alexa_1764281813075-750x422.jpg 750w, https:\/\/www.em.com.br\/emfoco\/wp-content\/uploads\/2025\/12\/alexa_1764281813075-1140x641.jpg 1140w, https:\/\/www.em.com.br\/emfoco\/wp-content\/uploads\/2025\/12\/alexa_1764281813075.jpg 1280w\" sizes=\"auto, (max-width: 1024px) 100vw, 1024px\" \/><figcaption class=\"wp-element-caption\">Fun\u00e7\u00f5es da Alexa que ajudam a reduzir a conta de luz &#8211; Cr\u00e9ditos: depositphotos.com \/ tbtb<\/figcaption><\/figure><\/div>\n\n\n<h2 class=\"wp-block-heading\"><strong>Assistente Alexa<\/strong> funciona como hub de automa\u00e7\u00e3o. Bem configurada, gerencia o consumo dom\u00e9stico ao desligar aparelhos em hor\u00e1rios programados, ajustar a ilumina\u00e7\u00e3o e controlar a temperatura dos ambientes.<\/h2>\n\n\n\n<p>Com a populariza\u00e7\u00e3o de l\u00e2mpadas inteligentes, tomadas conectadas e eletrodom\u00e9sticos compat\u00edveis com a Alexa, o usu\u00e1rio passa a ter uma vis\u00e3o mais organizada do uso de cada aparelho. Isso facilita a cria\u00e7\u00e3o de h\u00e1bitos de consumo eficientes, como manter luzes apagadas em c\u00f4modos vazios ou limitar o funcionamento de aquecedores e climatizadores.<\/p>\n\n\n\n<h2 class=\"wp-block-heading\">Como controlar a ilumina\u00e7\u00e3o com comandos de voz<\/h2>\n\n\n\n<p>Uma das formas mais diretas de economizar energia \u00e9 controlar o uso de l\u00e2mpadas em cada ambiente. Ao conectar l\u00e2mpadas inteligentes ou interruptores compat\u00edveis \u00e0 <strong><a href=\"https:\/\/www.amazon.com.br\/\" target=\"_blank\" rel=\"noreferrer noopener\">Assistente Alexa<\/a><\/strong>, torna-se poss\u00edvel acender, apagar e reduzir o brilho das luzes por comandos de voz ou pelo aplicativo, diminuindo o risco de esquecer lumin\u00e1rias acesas.<\/p>\n\n\n\n<p>A dimeriza\u00e7\u00e3o, quando dispon\u00edvel, permite ajustar a intensidade da luz de acordo com a necessidade do momento. A cria\u00e7\u00e3o de cenas, como \u201cmodo noite\u201d ou \u201cmodo cinema\u201d, padroniza configura\u00e7\u00f5es que evitam excessos de luz, aproveitam melhor a luz natural e contribuem para um consumo mais racional.<\/p>\n\n\n\n<p>Leia mais: <a href=\"https:\/\/www.em.com.br\/emfoco\/2025\/12\/04\/adeus-ao-interruptor-de-luz-uma-nova-tecnologia-inovadora-sera-tendencia-em-2026\/\" target=\"_blank\" rel=\"noreferrer noopener\">Adeus ao interruptor de luz, uma nova tecnologia inovadora ser\u00e1 tend\u00eancia em 2026<\/a><\/p>\n\n\n\n<h2 class=\"wp-block-heading\">Como usar rotinas automatizadas para reduzir gastos em hor\u00e1rios de pico<\/h2>\n\n\n\n<p>Outra fun\u00e7\u00e3o relevante da Assistente Alexa \u00e9 a cria\u00e7\u00e3o de <strong>rotinas de automa\u00e7\u00e3o<\/strong>. Por meio do aplicativo, podem ser definidos hor\u00e1rios espec\u00edficos para ligar e desligar aparelhos, o que \u00e9 especialmente \u00fatil em per\u00edodos de maior consumo ou nas faixas de hor\u00e1rio em que a tarifa de energia \u00e9 mais alta.<\/p>\n\n\n\n<p>Essas rotinas evitam que dispositivos fiquem ligados por esquecimento ou por longos per\u00edodos sem necessidade real de uso. Entre as automa\u00e7\u00f5es poss\u00edveis que contribuem diretamente para a economia de energia, destacam-se:<\/p>\n\n\n\n<ul class=\"wp-block-list\">\n<li>Apagar automaticamente todas as luzes da casa em um hor\u00e1rio pr\u00e9-definido \u00e0 noite.<\/li>\n\n\n\n<li>Desligar TV, videogame e aparelhos de entretenimento ap\u00f3s um tempo sem intera\u00e7\u00e3o.<\/li>\n\n\n\n<li>Programar o desligamento de aquecedores, ventiladores ou desumidificadores durante a madrugada.<\/li>\n<\/ul>\n\n\n\n<h2 class=\"wp-block-heading\">Como usar tomadas inteligentes com a Assistente Alexa<\/h2>\n\n\n\n<p>As <strong>tomadas inteligentes<\/strong> compat\u00edveis com a <strong>Alexa <\/strong>colaboram para reduzir o consumo de energia de aparelhos que n\u00e3o s\u00e3o nativamente conectados. Ao lig\u00e1-las a cafeteiras, carregadores, roteadores ou ventiladores, \u00e9 poss\u00edvel controlar o funcionamento desses equipamentos remotamente ou por comandos de voz, cortando o gasto em stand-by.<\/p>\n\n\n\n<p>Alguns modelos oferecem relat\u00f3rios de consumo, permitindo acompanhar quais dispositivos gastam mais ao longo do dia. Com essas informa\u00e7\u00f5es, o morador pode reorganizar o uso dos aparelhos, desligar itens pouco utilizados, priorizar equipamentos mais eficientes e ajustar suas rotinas de acordo com os dados apresentados.<\/p>\n\n\n\n<h2 class=\"wp-block-heading\">Como controlar ar-condicionado e climatiza\u00e7\u00e3o de forma eficiente<\/h2>\n\n\n<div class=\"wp-block-image\">\n<figure class=\"aligncenter size-large\"><img loading=\"lazy\" decoding=\"async\" width=\"1024\" height=\"576\" src=\"https:\/\/www.em.com.br\/emfoco\/wp-content\/uploads\/2025\/12\/Generated-image-1-2-e1765839038642-1024x576.png\" alt=\"Ar-condicionado inverter reduz consumo em at\u00e9 40% e gera economia de R$ 800 ao ano\" class=\"wp-image-141012\" srcset=\"https:\/\/www.em.com.br\/emfoco\/wp-content\/uploads\/2025\/12\/Generated-image-1-2-e1765839038642-1024x576.png 1024w, https:\/\/www.em.com.br\/emfoco\/wp-content\/uploads\/2025\/12\/Generated-image-1-2-e1765839038642-300x169.png 300w, https:\/\/www.em.com.br\/emfoco\/wp-content\/uploads\/2025\/12\/Generated-image-1-2-e1765839038642-768x432.png 768w, https:\/\/www.em.com.br\/emfoco\/wp-content\/uploads\/2025\/12\/Generated-image-1-2-e1765839038642-750x422.png 750w, https:\/\/www.em.com.br\/emfoco\/wp-content\/uploads\/2025\/12\/Generated-image-1-2-e1765839038642-1140x641.png 1140w, https:\/\/www.em.com.br\/emfoco\/wp-content\/uploads\/2025\/12\/Generated-image-1-2-e1765839038642.png 1280w\" sizes=\"auto, (max-width: 1024px) 100vw, 1024px\" \/><figcaption class=\"wp-element-caption\">Fun\u00e7\u00f5es da Alexa que ajudam a reduzir a conta de luz<\/figcaption><\/figure><\/div>\n\n\n<p>O ar-condicionado est\u00e1 entre os aparelhos que mais consomem energia em resid\u00eancias. Integrar esse equipamento \u00e0 <strong>Assistente Alexa<\/strong>, por meio de modelos compat\u00edveis ou controles infravermelho inteligentes, permite gerenciar temperatura, modos de uso e tempo de funcionamento com mais precis\u00e3o.<\/p>\n\n\n\n<p>Definir uma temperatura padr\u00e3o mais moderada, programar desligamentos autom\u00e1ticos e acionar o aparelho apenas quando algu\u00e9m estiver no ambiente s\u00e3o pr\u00e1ticas recomendadas. Essa combina\u00e7\u00e3o de controle remoto, rotinas programadas e ajustes finos reduz o tempo de uso desnecess\u00e1rio e equilibra conforto t\u00e9rmico e consumo consciente.<\/p>\n\n\n\n<p>Leia mais: <a href=\"https:\/\/www.em.com.br\/emfoco\/2025\/11\/07\/dona-de-casa-diminui-as-tarefas-com-a-tecnologia-das-casas-inteligentes\/\" target=\"_blank\" rel=\"noreferrer noopener\">Dona de casa diminui as tarefas com a tecnologia das casas inteligentes<\/a><\/p>\n\n\n\n<h2 class=\"wp-block-heading\">Como monitorar h\u00e1bitos e incentivar o uso consciente de energia<\/h2>\n\n\n\n<p>Embora a <strong>Assistente Alexa<\/strong> n\u00e3o substitua um medidor oficial de energia, ela contribui para o monitoramento de h\u00e1bitos de consumo. Ao centralizar o controle de l\u00e2mpadas, tomadas e eletrodom\u00e9sticos, a assistente ajuda o morador a perceber quais equipamentos s\u00e3o mais usados, em quais hor\u00e1rios e com que frequ\u00eancia.<\/p>\n\n\n\n<p>Tamb\u00e9m \u00e9 poss\u00edvel criar lembretes por voz ou rotinas que avisem para desligar aparelhos ao sair de casa ou ao ir dormir. Essa combina\u00e7\u00e3o de automa\u00e7\u00e3o, alertas e dados de uso refor\u00e7a pr\u00e1ticas mais respons\u00e1veis, reduz desperd\u00edcios e torna o consumo dom\u00e9stico mais organizado ao longo do tempo.<\/p>\n","protected":false},"excerpt":{"rendered":"<p>Em muitas casas, a conta de luz j\u00e1 pesa no or\u00e7amento mensal e a busca por alternativas para reduzir o consumo de energia se tornou prioridade. Nesse cen\u00e1rio, assistentes virtuais passaram a ser vistos como aliados na automa\u00e7\u00e3o residencial, facilitando o controle de aparelhos e ilumina\u00e7\u00e3o, e a Assistente Alexa se destaca por reunir fun\u00e7\u00f5es [&hellip;]<\/p>\n","protected":false},"author":20,"featured_media":141392,"comment_status":"open","ping_status":"open","sticky":false,"template":"","format":"standard","meta":{"jnews-multi-image_gallery":[],"jnews_single_post":{"format":"standard"},"jnews_primary_category":[],"jnews_social_meta":[],"jnews_override_counter":[],"footnotes":""},"categories":[28,1],"tags":[3335,5189,1249],"class_list":["post-141336","post","type-post","status-publish","format-standard","has-post-thumbnail","hentry","category-economia","category-noticias","tag-alexa","tag-assistente-virtual","tag-inteligencia-artificial"],"yoast_head":"<!-- This site is optimized with the Yoast SEO plugin v23.8 - https:\/\/yoast.com\/wordpress\/plugins\/seo\/ -->\n<title>5 fun\u00e7\u00f5es \u2018escondidas\u2019 da Assistente Alexa que voc\u00ea est\u00e1 ignorando e que podem cortar sua conta de luz mais r\u00e1pido do que voc\u00ea imagina - Estado de Minas - Em foco<\/title>\n<meta name=\"description\" content=\"Cinco fun\u00e7\u00f5es escondidas da Alexa que voc\u00ea ignora e que podem ajudar a reduzir a conta de luz rapidamente, com automa\u00e7\u00f5es simples e eficiente.\" \/>\n<meta name=\"robots\" content=\"index, follow, max-snippet:-1, max-image-preview:large, max-video-preview:-1\" \/>\n<link rel=\"canonical\" href=\"https:\/\/www.em.com.br\/emfoco\/2025\/12\/17\/5-funcoes-escondidas-da-assistente-alexa-que-voce-esta-ignorando-e-que-podem-cortar-sua-conta-de-luz-mais-rapido-do-que-voce-imagina\/\" \/>\n<meta property=\"og:locale\" content=\"pt_BR\" \/>\n<meta property=\"og:type\" content=\"article\" \/>\n<meta property=\"og:title\" content=\"5 fun\u00e7\u00f5es \u2018escondidas\u2019 da Assistente Alexa que voc\u00ea est\u00e1 ignorando e que podem cortar sua conta de luz mais r\u00e1pido do que voc\u00ea imagina - Estado de Minas - Em foco\" \/>\n<meta property=\"og:description\" content=\"Cinco fun\u00e7\u00f5es escondidas da Alexa que voc\u00ea ignora e que podem ajudar a reduzir a conta de luz rapidamente, com automa\u00e7\u00f5es simples e eficiente.\" \/>\n<meta property=\"og:url\" content=\"https:\/\/www.em.com.br\/emfoco\/2025\/12\/17\/5-funcoes-escondidas-da-assistente-alexa-que-voce-esta-ignorando-e-que-podem-cortar-sua-conta-de-luz-mais-rapido-do-que-voce-imagina\/\" \/>\n<meta property=\"og:site_name\" content=\"Estado de Minas - Em foco\" \/>\n<meta property=\"article:published_time\" content=\"2025-12-17T20:25:00+00:00\" \/>\n<meta property=\"article:modified_time\" content=\"2025-12-16T20:06:22+00:00\" \/>\n<meta property=\"og:image\" content=\"https:\/\/www.em.com.br\/emfoco\/wp-content\/uploads\/2025\/12\/alexa_1764281755772.jpg\" \/>\n\t<meta property=\"og:image:width\" content=\"1280\" \/>\n\t<meta property=\"og:image:height\" content=\"720\" \/>\n\t<meta property=\"og:image:type\" content=\"image\/jpeg\" \/>\n<meta name=\"author\" content=\"Ingrid Diniz\" \/>\n<meta name=\"twitter:card\" content=\"summary_large_image\" \/>\n<meta name=\"twitter:label1\" content=\"Escrito por\" \/>\n\t<meta name=\"twitter:data1\" content=\"Ingrid Diniz\" \/>\n\t<meta name=\"twitter:label2\" content=\"Est. tempo de leitura\" \/>\n\t<meta name=\"twitter:data2\" content=\"5 minutos\" \/>\n<!-- \/ Yoast SEO plugin. -->","yoast_head_json":{"title":"5 fun\u00e7\u00f5es \u2018escondidas\u2019 da Assistente Alexa que voc\u00ea est\u00e1 ignorando e que podem cortar sua conta de luz mais r\u00e1pido do que voc\u00ea imagina - Estado de Minas - Em foco","description":"Cinco fun\u00e7\u00f5es escondidas da Alexa que voc\u00ea ignora e que podem ajudar a reduzir a conta de luz rapidamente, com automa\u00e7\u00f5es simples e eficiente.","robots":{"index":"index","follow":"follow","max-snippet":"max-snippet:-1","max-image-preview":"max-image-preview:large","max-video-preview":"max-video-preview:-1"},"canonical":"https:\/\/www.em.com.br\/emfoco\/2025\/12\/17\/5-funcoes-escondidas-da-assistente-alexa-que-voce-esta-ignorando-e-que-podem-cortar-sua-conta-de-luz-mais-rapido-do-que-voce-imagina\/","og_locale":"pt_BR","og_type":"article","og_title":"5 fun\u00e7\u00f5es \u2018escondidas\u2019 da Assistente Alexa que voc\u00ea est\u00e1 ignorando e que podem cortar sua conta de luz mais r\u00e1pido do que voc\u00ea imagina - Estado de Minas - Em foco","og_description":"Cinco fun\u00e7\u00f5es escondidas da Alexa que voc\u00ea ignora e que podem ajudar a reduzir a conta de luz rapidamente, com automa\u00e7\u00f5es simples e eficiente.","og_url":"https:\/\/www.em.com.br\/emfoco\/2025\/12\/17\/5-funcoes-escondidas-da-assistente-alexa-que-voce-esta-ignorando-e-que-podem-cortar-sua-conta-de-luz-mais-rapido-do-que-voce-imagina\/","og_site_name":"Estado de Minas - Em foco","article_published_time":"2025-12-17T20:25:00+00:00","article_modified_time":"2025-12-16T20:06:22+00:00","og_image":[{"width":1280,"height":720,"url":"https:\/\/www.em.com.br\/emfoco\/wp-content\/uploads\/2025\/12\/alexa_1764281755772.jpg","type":"image\/jpeg"}],"author":"Ingrid Diniz","twitter_card":"summary_large_image","twitter_misc":{"Escrito por":"Ingrid Diniz","Est. tempo de leitura":"5 minutos"},"schema":{"@context":"https:\/\/schema.org","@graph":[{"@type":"WebPage","@id":"https:\/\/www.em.com.br\/emfoco\/2025\/12\/17\/5-funcoes-escondidas-da-assistente-alexa-que-voce-esta-ignorando-e-que-podem-cortar-sua-conta-de-luz-mais-rapido-do-que-voce-imagina\/","url":"https:\/\/www.em.com.br\/emfoco\/2025\/12\/17\/5-funcoes-escondidas-da-assistente-alexa-que-voce-esta-ignorando-e-que-podem-cortar-sua-conta-de-luz-mais-rapido-do-que-voce-imagina\/","name":"5 fun\u00e7\u00f5es \u2018escondidas\u2019 da Assistente Alexa que voc\u00ea est\u00e1 ignorando e que podem cortar sua conta de luz mais r\u00e1pido do que voc\u00ea imagina - Estado de Minas - Em foco","isPartOf":{"@id":"https:\/\/www.em.com.br\/emfoco\/#website"},"primaryImageOfPage":{"@id":"https:\/\/www.em.com.br\/emfoco\/2025\/12\/17\/5-funcoes-escondidas-da-assistente-alexa-que-voce-esta-ignorando-e-que-podem-cortar-sua-conta-de-luz-mais-rapido-do-que-voce-imagina\/#primaryimage"},"image":{"@id":"https:\/\/www.em.com.br\/emfoco\/2025\/12\/17\/5-funcoes-escondidas-da-assistente-alexa-que-voce-esta-ignorando-e-que-podem-cortar-sua-conta-de-luz-mais-rapido-do-que-voce-imagina\/#primaryimage"},"thumbnailUrl":"https:\/\/www.em.com.br\/emfoco\/wp-content\/uploads\/2025\/12\/alexa_1764281755772.jpg","datePublished":"2025-12-17T20:25:00+00:00","dateModified":"2025-12-16T20:06:22+00:00","author":{"@id":"https:\/\/www.em.com.br\/emfoco\/#\/schema\/person\/649e610b4eb8fff87ff394e54fe17b2b"},"description":"Cinco fun\u00e7\u00f5es escondidas da Alexa que voc\u00ea ignora e que podem ajudar a reduzir a conta de luz rapidamente, com automa\u00e7\u00f5es simples e eficiente.","breadcrumb":{"@id":"https:\/\/www.em.com.br\/emfoco\/2025\/12\/17\/5-funcoes-escondidas-da-assistente-alexa-que-voce-esta-ignorando-e-que-podem-cortar-sua-conta-de-luz-mais-rapido-do-que-voce-imagina\/#breadcrumb"},"inLanguage":"pt-BR","potentialAction":[{"@type":"ReadAction","target":["https:\/\/www.em.com.br\/emfoco\/2025\/12\/17\/5-funcoes-escondidas-da-assistente-alexa-que-voce-esta-ignorando-e-que-podem-cortar-sua-conta-de-luz-mais-rapido-do-que-voce-imagina\/"]}]},{"@type":"ImageObject","inLanguage":"pt-BR","@id":"https:\/\/www.em.com.br\/emfoco\/2025\/12\/17\/5-funcoes-escondidas-da-assistente-alexa-que-voce-esta-ignorando-e-que-podem-cortar-sua-conta-de-luz-mais-rapido-do-que-voce-imagina\/#primaryimage","url":"https:\/\/www.em.com.br\/emfoco\/wp-content\/uploads\/2025\/12\/alexa_1764281755772.jpg","contentUrl":"https:\/\/www.em.com.br\/emfoco\/wp-content\/uploads\/2025\/12\/alexa_1764281755772.jpg","width":1280,"height":720,"caption":"Fun\u00e7\u00f5es da Alexa que ajudam a reduzir a conta de luz - Cr\u00e9ditos: depositphotos.com \/ tbtb"},{"@type":"BreadcrumbList","@id":"https:\/\/www.em.com.br\/emfoco\/2025\/12\/17\/5-funcoes-escondidas-da-assistente-alexa-que-voce-esta-ignorando-e-que-podem-cortar-sua-conta-de-luz-mais-rapido-do-que-voce-imagina\/#breadcrumb","itemListElement":[{"@type":"ListItem","position":1,"name":"In\u00edcio","item":"https:\/\/www.em.com.br\/emfoco\/"},{"@type":"ListItem","position":2,"name":"5 fun\u00e7\u00f5es \u2018escondidas\u2019 da Assistente Alexa que voc\u00ea est\u00e1 ignorando e que podem cortar sua conta de luz mais r\u00e1pido do que voc\u00ea imagina"}]},{"@type":"WebSite","@id":"https:\/\/www.em.com.br\/emfoco\/#website","url":"https:\/\/www.em.com.br\/emfoco\/","name":"Estado de Minas - Em foco","description":"Acompanhe as \u00faltimas not\u00edcias e fique bem informado sobre tudo o que acontece em Minas Gerais, Brasil e no mundo.","potentialAction":[{"@type":"SearchAction","target":{"@type":"EntryPoint","urlTemplate":"https:\/\/www.em.com.br\/emfoco\/?s={search_term_string}"},"query-input":{"@type":"PropertyValueSpecification","valueRequired":true,"valueName":"search_term_string"}}],"inLanguage":"pt-BR"},{"@type":"Person","@id":"https:\/\/www.em.com.br\/emfoco\/#\/schema\/person\/649e610b4eb8fff87ff394e54fe17b2b","name":"Ingrid Diniz","image":{"@type":"ImageObject","inLanguage":"pt-BR","@id":"https:\/\/www.em.com.br\/emfoco\/#\/schema\/person\/image\/","url":"https:\/\/secure.gravatar.com\/avatar\/a3baa1449ec5c39b4c42babc9d4f3951?s=96&d=mm&r=g","contentUrl":"https:\/\/secure.gravatar.com\/avatar\/a3baa1449ec5c39b4c42babc9d4f3951?s=96&d=mm&r=g","caption":"Ingrid Diniz"},"sameAs":["https:\/\/www.em.com.br\/"],"url":"https:\/\/www.em.com.br\/emfoco\/author\/ingridmyth\/"}]}},"_links":{"self":[{"href":"https:\/\/www.em.com.br\/emfoco\/wp-json\/wp\/v2\/posts\/141336","targetHints":{"allow":["GET"]}}],"collection":[{"href":"https:\/\/www.em.com.br\/emfoco\/wp-json\/wp\/v2\/posts"}],"about":[{"href":"https:\/\/www.em.com.br\/emfoco\/wp-json\/wp\/v2\/types\/post"}],"author":[{"embeddable":true,"href":"https:\/\/www.em.com.br\/emfoco\/wp-json\/wp\/v2\/users\/20"}],"replies":[{"embeddable":true,"href":"https:\/\/www.em.com.br\/emfoco\/wp-json\/wp\/v2\/comments?post=141336"}],"version-history":[{"count":1,"href":"https:\/\/www.em.com.br\/emfoco\/wp-json\/wp\/v2\/posts\/141336\/revisions"}],"predecessor-version":[{"id":141405,"href":"https:\/\/www.em.com.br\/emfoco\/wp-json\/wp\/v2\/posts\/141336\/revisions\/141405"}],"wp:featuredmedia":[{"embeddable":true,"href":"https:\/\/www.em.com.br\/emfoco\/wp-json\/wp\/v2\/media\/141392"}],"wp:attachment":[{"href":"https:\/\/www.em.com.br\/emfoco\/wp-json\/wp\/v2\/media?parent=141336"}],"wp:term":[{"taxonomy":"category","embeddable":true,"href":"https:\/\/www.em.com.br\/emfoco\/wp-json\/wp\/v2\/categories?post=141336"},{"taxonomy":"post_tag","embeddable":true,"href":"https:\/\/www.em.com.br\/emfoco\/wp-json\/wp\/v2\/tags?post=141336"}],"curies":[{"name":"wp","href":"https:\/\/api.w.org\/{rel}","templated":true}]}}