{"id":141300,"date":"2025-12-17T19:55:00","date_gmt":"2025-12-17T22:55:00","guid":{"rendered":"https:\/\/www.em.com.br\/emfoco\/?p=141300"},"modified":"2025-12-16T20:57:02","modified_gmt":"2025-12-16T23:57:02","slug":"o-paraiso-do-nordeste-onde-o-por-do-sol-vira-espetaculo-coletivo","status":"publish","type":"post","link":"https:\/\/www.em.com.br\/emfoco\/2025\/12\/17\/o-paraiso-do-nordeste-onde-o-por-do-sol-vira-espetaculo-coletivo\/","title":{"rendered":"O para\u00edso do Nordeste onde o p\u00f4r do sol vira espet\u00e1culo coletivo"},"content":{"rendered":"\n<p>Famosa por sua energia vibrante e beleza singular, a praia de <strong>Canoa Quebrada<\/strong> \u00e9 um ref\u00fagio que encanta visitantes do mundo inteiro. Localizada no munic\u00edpio de <strong>Aracati<\/strong>, a cerca de 160 km de <strong>Fortaleza<\/strong>, este destino combina a grandiosidade das fal\u00e9sias avermelhadas com uma infraestrutura acolhedora e cheia de charme.<\/p>\n\n\n\n<h2 class=\"wp-block-heading\">Por que a energia deste vilarejo atrai turistas o ano todo?<\/h2>\n\n\n\n<p>A atmosfera m\u00edstica de <strong>Canoa Quebrada<\/strong> se consolidou entre as d\u00e9cadas de 1960 e 1970, quando viajantes descobriram este para\u00edso escondido. O s\u00edmbolo da lua e estrela, esculpido nas fal\u00e9sias, tornou-se a marca registrada cultural que identifica o local em qualquer lugar do planeta.<\/p>\n\n\n\n<p>Al\u00e9m da beleza c\u00eanica, a sensa\u00e7\u00e3o de liberdade \u00e9 palp\u00e1vel. O vilarejo preserva uma aura cosmopolita, onde a simplicidade dos pescadores convive harmoniosamente com visitantes de diversas nacionalidades que buscam conex\u00e3o com a natureza.<\/p>\n\n\n<div class=\"wp-block-image\">\n<figure class=\"aligncenter size-large\"><img loading=\"lazy\" decoding=\"async\" width=\"1024\" height=\"576\" src=\"https:\/\/www.em.com.br\/emfoco\/wp-content\/uploads\/2025\/12\/Canoa-Quebrada_1761437398861-1024x576.jpg\" alt=\"\" class=\"wp-image-141592\" srcset=\"https:\/\/www.em.com.br\/emfoco\/wp-content\/uploads\/2025\/12\/Canoa-Quebrada_1761437398861-1024x576.jpg 1024w, https:\/\/www.em.com.br\/emfoco\/wp-content\/uploads\/2025\/12\/Canoa-Quebrada_1761437398861-300x169.jpg 300w, https:\/\/www.em.com.br\/emfoco\/wp-content\/uploads\/2025\/12\/Canoa-Quebrada_1761437398861-768x432.jpg 768w, https:\/\/www.em.com.br\/emfoco\/wp-content\/uploads\/2025\/12\/Canoa-Quebrada_1761437398861-750x422.jpg 750w, https:\/\/www.em.com.br\/emfoco\/wp-content\/uploads\/2025\/12\/Canoa-Quebrada_1761437398861-1140x641.jpg 1140w, https:\/\/www.em.com.br\/emfoco\/wp-content\/uploads\/2025\/12\/Canoa-Quebrada_1761437398861.jpg 1280w\" sizes=\"auto, (max-width: 1024px) 100vw, 1024px\" \/><figcaption class=\"wp-element-caption\">A vila de Canoa Quebrada \u00e9 um ref\u00fagio paradis\u00edaco que conquista brasileiros e estrangeiros \/\/ Cr\u00e9ditos: depositphotos.com \/ ammonite<\/figcaption><\/figure><\/div>\n\n\n<h2 class=\"wp-block-heading\">Quais aventuras s\u00e3o obrigat\u00f3rias no seu roteiro de viagem<\/h2>\n\n\n\n<p>Um passeio de buggy pelas dunas \u00e9 a atividade n\u00famero um, levando os visitantes at\u00e9 a <strong>Ponta Grossa<\/strong>, na divisa com <strong>Icapu\u00ed<\/strong>. Durante o trajeto, as paradas para banho nas lagoas interdunares e a vista do contraste entre a areia vermelha e o mar azul garantem fotos espetaculares.<\/p>\n\n\n\n<p>Para os amantes de adrenalina, o voo de parapente oferece uma perspectiva \u00fanica do litoral, aproveitando as t\u00e9rmicas favor\u00e1veis da regi\u00e3o. O fim de tarde \u00e9 sagrado na <strong>Duna do P\u00f4r do Sol<\/strong>, onde centenas de pessoas se re\u00fanem para contemplar o espet\u00e1culo do sol mergulhando no horizonte.<\/p>\n\n\n\n<p>Quem deseja explorar as belezas do litoral leste cearense, vai curtir esse v\u00eddeo especialmente selecionado do canal <strong>Dream Big<\/strong>, que conta com mais de 358 mil inscritos, onde o casal <strong>Daniel e Renata<\/strong> mostra detalhadamente um roteiro incr\u00edvel em <strong>Canoa Quebrada<\/strong>, passando pela famosa duna do p\u00f4r do sol, lagoas de \u00e1guas cristalinas e o charmoso centrinho da Broadway:<\/p>\n\n\n\n<figure class=\"wp-block-embed is-type-video is-provider-youtube wp-block-embed-youtube wp-embed-aspect-16-9 wp-has-aspect-ratio\"><div class=\"wp-block-embed__wrapper\">\n<div class=\"jeg_video_container jeg_video_content\"><iframe loading=\"lazy\" title=\"CANOA QUEBRADA - Uma das praias mais famosas do Cear\u00e1\" width=\"500\" height=\"281\" src=\"https:\/\/www.youtube.com\/embed\/VznA0Yr2lxg?feature=oembed\" frameborder=\"0\" allow=\"accelerometer; autoplay; clipboard-write; encrypted-media; gyroscope; picture-in-picture; web-share\" referrerpolicy=\"strict-origin-when-cross-origin\" allowfullscreen><\/iframe><\/div>\n<\/div><\/figure>\n\n\n\n<h2 class=\"wp-block-heading\">A vida noturna pulsa forte na famosa Broadway<\/h2>\n\n\n\n<p>Quando a noite cai, o movimento se concentra na <strong>Rua Drag\u00e3o do Mar<\/strong>, mundialmente conhecida como <strong>Broadway<\/strong>. O cal\u00e7ad\u00e3o \u00e9 exclusivo para pedestres e re\u00fane restaurantes, bares com m\u00fasica ao vivo e lojas de artesanato que funcionam at\u00e9 tarde.<\/p>\n\n\n\n<p>A gastronomia \u00e9 um ponto alto, misturando sabores regionais do <strong>Cear\u00e1<\/strong> com a culin\u00e1ria internacional trazida por imigrantes que adotaram a vila. \u00c9 o lugar ideal para provar pratos \u00e0 base de lagosta e peixes frescos ap\u00f3s um dia intenso de praia.<\/p>\n\n\n\n<h2 class=\"wp-block-heading\">Entenda o clima e a melhor \u00e9poca para visitar<\/h2>\n\n\n\n<p>O sol reina absoluto em <strong>Canoa Quebrada<\/strong> com um clima tropical que garante calor o ano todo. A brisa constante do litoral ameniza as altas temperaturas, tornando a estadia agrad\u00e1vel mesmo nos meses mais quentes.<\/p>\n\n\n\n<p>Para planejar sua mala com precis\u00e3o, confira o comportamento do tempo em cada temporada com dados do <strong><a href=\"https:\/\/www.climatempo.com.br\/previsao-do-tempo\/litoral\/877\/canoaquebrada-ce\" target=\"_blank\" rel=\"noreferrer noopener\">Climatempo<\/a><\/strong>:<\/p>\n\n\n\n<ul class=\"wp-block-list\">\n<li><strong>Agosto a Dezembro (Temporada dos Ventos):<\/strong> M\u00e9dia de 29\u00b0C. \u00c9 a \u00e9poca mais procurada por praticantes de esportes de vela, como kitesurf, devido aos ventos fortes e c\u00e9u limpo.<\/li>\n\n\n\n<li><strong>Janeiro a Mar\u00e7o (Ver\u00e3o):<\/strong> M\u00e9dia de 30\u00b0C. O calor \u00e9 intenso e a \u00e1gua do mar fica mais morna, ideal para banhos demorados e turismo em fam\u00edlia.<\/li>\n\n\n\n<li><strong>Abril a Junho (Esta\u00e7\u00e3o Chuvosa):<\/strong> M\u00e9dia de 27\u00b0C. Ocorrem pancadas de chuva que deixam a paisagem mais verde, mas o sol costuma reaparecer rapidamente.<\/li>\n<\/ul>\n\n\n<div class=\"wp-block-image\">\n<figure class=\"aligncenter size-large\"><img loading=\"lazy\" decoding=\"async\" width=\"1024\" height=\"576\" src=\"https:\/\/www.em.com.br\/emfoco\/wp-content\/uploads\/2025\/12\/Canoa-Quebrada_1761437437480-1024x576.jpg\" alt=\"\" class=\"wp-image-141593\" srcset=\"https:\/\/www.em.com.br\/emfoco\/wp-content\/uploads\/2025\/12\/Canoa-Quebrada_1761437437480-1024x576.jpg 1024w, https:\/\/www.em.com.br\/emfoco\/wp-content\/uploads\/2025\/12\/Canoa-Quebrada_1761437437480-300x169.jpg 300w, https:\/\/www.em.com.br\/emfoco\/wp-content\/uploads\/2025\/12\/Canoa-Quebrada_1761437437480-768x432.jpg 768w, https:\/\/www.em.com.br\/emfoco\/wp-content\/uploads\/2025\/12\/Canoa-Quebrada_1761437437480-750x422.jpg 750w, https:\/\/www.em.com.br\/emfoco\/wp-content\/uploads\/2025\/12\/Canoa-Quebrada_1761437437480-1140x641.jpg 1140w, https:\/\/www.em.com.br\/emfoco\/wp-content\/uploads\/2025\/12\/Canoa-Quebrada_1761437437480.jpg 1280w\" sizes=\"auto, (max-width: 1024px) 100vw, 1024px\" \/><figcaption class=\"wp-element-caption\">Canoa Quebrada combina paisagens \u00fanicas, p\u00f4r do sol inesquec\u00edvel e clima acolhedor \/\/ Cr\u00e9ditos: depositphotos.com \/ phaelnogueira<\/figcaption><\/figure><\/div>\n\n\n<h3 class=\"wp-block-heading\">Como chegar ao para\u00edso saindo da capital<\/h3>\n\n\n\n<p>O acesso a partir de <strong>Fortaleza<\/strong> \u00e9 tranquilo e feito pela rodovia <strong>CE-040<\/strong>, que est\u00e1 em boas condi\u00e7\u00f5es. A viagem de carro dura cerca de duas horas e meia, passando por belas paisagens de carna\u00fabas.<\/p>\n\n\n\n<p>Tamb\u00e9m h\u00e1 op\u00e7\u00f5es de \u00f4nibus di\u00e1rios saindo da <strong>Rodovi\u00e1ria de Fortaleza<\/strong> direto para <strong>Aracati<\/strong>, al\u00e9m de vans e transfers privativos que buscam os turistas no <strong>Aeroporto Pinto Martins<\/strong> para maior conforto.<\/p>\n\n\n<div class=\"wp-block-image\">\n<figure class=\"aligncenter size-large\"><img loading=\"lazy\" decoding=\"async\" width=\"1024\" height=\"576\" src=\"https:\/\/www.em.com.br\/emfoco\/wp-content\/uploads\/2025\/12\/Canoa-Quebrada_1761437457348-1024x576.jpg\" alt=\"\" class=\"wp-image-141594\" srcset=\"https:\/\/www.em.com.br\/emfoco\/wp-content\/uploads\/2025\/12\/Canoa-Quebrada_1761437457348-1024x576.jpg 1024w, https:\/\/www.em.com.br\/emfoco\/wp-content\/uploads\/2025\/12\/Canoa-Quebrada_1761437457348-300x169.jpg 300w, https:\/\/www.em.com.br\/emfoco\/wp-content\/uploads\/2025\/12\/Canoa-Quebrada_1761437457348-768x432.jpg 768w, https:\/\/www.em.com.br\/emfoco\/wp-content\/uploads\/2025\/12\/Canoa-Quebrada_1761437457348-750x422.jpg 750w, https:\/\/www.em.com.br\/emfoco\/wp-content\/uploads\/2025\/12\/Canoa-Quebrada_1761437457348-1140x641.jpg 1140w, https:\/\/www.em.com.br\/emfoco\/wp-content\/uploads\/2025\/12\/Canoa-Quebrada_1761437457348.jpg 1280w\" sizes=\"auto, (max-width: 1024px) 100vw, 1024px\" \/><figcaption class=\"wp-element-caption\">No litoral do Cear\u00e1, Canoa Quebrada \u00e9 destino ideal para relaxar e se encantar com a natureza \/\/ Cr\u00e9ditos: depositphotos.com \/ RudiErnst<\/figcaption><\/figure><\/div>\n\n\n<p><strong>Leia tamb\u00e9m: <a href=\"https:\/\/www.em.com.br\/emfoco\/2025\/12\/16\/a-manchester-mineira-que-virou-referencia-gracas-a-sua-qualidade-de-vida-elevada\/\" target=\"_blank\" rel=\"noreferrer noopener\">A Manchester Mineira que virou refer\u00eancia gra\u00e7as \u00e0 sua qualidade de vida elevada<\/a><\/strong><\/p>\n\n\n\n<h2 class=\"wp-block-heading\">Canoa Quebrada \u00e9 o destino que renova as energias<\/h2>\n\n\n\n<p>Visitar este trecho do litoral cearense \u00e9 garantir mem\u00f3rias de dias ensolarados e noites animadas sob o c\u00e9u estrelado. A combina\u00e7\u00e3o de povo hospitaleiro, belezas naturais preservadas e gastronomia rica faz de <strong>Canoa<\/strong> uma parada obrigat\u00f3ria.<\/p>\n\n\n\n<ul class=\"wp-block-list\">\n<li>O destino oferece atividades para todos os perfis, do relaxamento nas barracas de praia \u00e0 aventura nos ares.<\/li>\n\n\n\n<li>A infraestrutura tur\u00edstica \u00e9 completa, mantendo o charme r\u00fastico de vila de pescadores.<\/li>\n\n\n\n<li>A brisa constante torna o clima agrad\u00e1vel, permitindo passeios ao ar livre durante todo o dia.<\/li>\n<\/ul>\n\n\n\n<p>Se voc\u00ea deseja sentir a brisa do mar e a energia \u00fanica das fal\u00e9sias, comece a planejar sua viagem para <strong>Canoa Quebrada<\/strong> agora mesmo.<\/p>\n","protected":false},"excerpt":{"rendered":"<p>Famosa por sua energia vibrante e beleza singular, a praia de Canoa Quebrada \u00e9 um ref\u00fagio que encanta visitantes do mundo inteiro. Localizada no munic\u00edpio de Aracati, a cerca de 160 km de Fortaleza, este destino combina a grandiosidade das fal\u00e9sias avermelhadas com uma infraestrutura acolhedora e cheia de charme. Por que a energia deste [&hellip;]<\/p>\n","protected":false},"author":6,"featured_media":141590,"comment_status":"open","ping_status":"open","sticky":false,"template":"","format":"standard","meta":{"jnews-multi-image_gallery":[],"jnews_single_post":{"format":"standard"},"jnews_primary_category":[],"jnews_social_meta":[],"jnews_override_counter":[],"footnotes":""},"categories":[26],"tags":[18477,3260,183],"class_list":["post-141300","post","type-post","status-publish","format-standard","has-post-thumbnail","hentry","category-cidades","tag-canoa-quebrada","tag-ceara","tag-cidades"],"yoast_head":"<!-- This site is optimized with the Yoast SEO plugin v23.8 - https:\/\/yoast.com\/wordpress\/plugins\/seo\/ -->\n<title>O para\u00edso do Nordeste onde o p\u00f4r do sol vira espet\u00e1culo coletivo - Estado de Minas - Em foco<\/title>\n<meta name=\"description\" content=\"O para\u00edso do Nordeste onde o p\u00f4r do sol vira espet\u00e1culo coletivo, reunindo moradores e turistas em um ritual di\u00e1rio inesquec\u00edvel.\" \/>\n<meta name=\"robots\" content=\"index, follow, max-snippet:-1, max-image-preview:large, max-video-preview:-1\" \/>\n<link rel=\"canonical\" href=\"https:\/\/www.em.com.br\/emfoco\/2025\/12\/17\/o-paraiso-do-nordeste-onde-o-por-do-sol-vira-espetaculo-coletivo\/\" \/>\n<meta property=\"og:locale\" content=\"pt_BR\" \/>\n<meta property=\"og:type\" content=\"article\" \/>\n<meta property=\"og:title\" content=\"O para\u00edso do Nordeste onde o p\u00f4r do sol vira espet\u00e1culo coletivo - Estado de Minas - Em foco\" \/>\n<meta property=\"og:description\" content=\"O para\u00edso do Nordeste onde o p\u00f4r do sol vira espet\u00e1culo coletivo, reunindo moradores e turistas em um ritual di\u00e1rio inesquec\u00edvel.\" \/>\n<meta property=\"og:url\" content=\"https:\/\/www.em.com.br\/emfoco\/2025\/12\/17\/o-paraiso-do-nordeste-onde-o-por-do-sol-vira-espetaculo-coletivo\/\" \/>\n<meta property=\"og:site_name\" content=\"Estado de Minas - Em foco\" \/>\n<meta property=\"article:published_time\" content=\"2025-12-17T22:55:00+00:00\" \/>\n<meta property=\"article:modified_time\" content=\"2025-12-16T23:57:02+00:00\" \/>\n<meta property=\"og:image\" content=\"https:\/\/www.em.com.br\/emfoco\/wp-content\/uploads\/2025\/12\/Canoa-Quebrada_1761382076778.jpg\" \/>\n\t<meta property=\"og:image:width\" content=\"1280\" \/>\n\t<meta property=\"og:image:height\" content=\"720\" \/>\n\t<meta property=\"og:image:type\" content=\"image\/jpeg\" \/>\n<meta name=\"author\" content=\"Vitor Bruno\" \/>\n<meta name=\"twitter:card\" content=\"summary_large_image\" \/>\n<meta name=\"twitter:label1\" content=\"Escrito por\" \/>\n\t<meta name=\"twitter:data1\" content=\"Vitor Bruno\" \/>\n\t<meta name=\"twitter:label2\" content=\"Est. tempo de leitura\" \/>\n\t<meta name=\"twitter:data2\" content=\"5 minutos\" \/>\n<!-- \/ Yoast SEO plugin. -->","yoast_head_json":{"title":"O para\u00edso do Nordeste onde o p\u00f4r do sol vira espet\u00e1culo coletivo - Estado de Minas - Em foco","description":"O para\u00edso do Nordeste onde o p\u00f4r do sol vira espet\u00e1culo coletivo, reunindo moradores e turistas em um ritual di\u00e1rio inesquec\u00edvel.","robots":{"index":"index","follow":"follow","max-snippet":"max-snippet:-1","max-image-preview":"max-image-preview:large","max-video-preview":"max-video-preview:-1"},"canonical":"https:\/\/www.em.com.br\/emfoco\/2025\/12\/17\/o-paraiso-do-nordeste-onde-o-por-do-sol-vira-espetaculo-coletivo\/","og_locale":"pt_BR","og_type":"article","og_title":"O para\u00edso do Nordeste onde o p\u00f4r do sol vira espet\u00e1culo coletivo - Estado de Minas - Em foco","og_description":"O para\u00edso do Nordeste onde o p\u00f4r do sol vira espet\u00e1culo coletivo, reunindo moradores e turistas em um ritual di\u00e1rio inesquec\u00edvel.","og_url":"https:\/\/www.em.com.br\/emfoco\/2025\/12\/17\/o-paraiso-do-nordeste-onde-o-por-do-sol-vira-espetaculo-coletivo\/","og_site_name":"Estado de Minas - Em foco","article_published_time":"2025-12-17T22:55:00+00:00","article_modified_time":"2025-12-16T23:57:02+00:00","og_image":[{"width":1280,"height":720,"url":"https:\/\/www.em.com.br\/emfoco\/wp-content\/uploads\/2025\/12\/Canoa-Quebrada_1761382076778.jpg","type":"image\/jpeg"}],"author":"Vitor Bruno","twitter_card":"summary_large_image","twitter_misc":{"Escrito por":"Vitor Bruno","Est. tempo de leitura":"5 minutos"},"schema":{"@context":"https:\/\/schema.org","@graph":[{"@type":"WebPage","@id":"https:\/\/www.em.com.br\/emfoco\/2025\/12\/17\/o-paraiso-do-nordeste-onde-o-por-do-sol-vira-espetaculo-coletivo\/","url":"https:\/\/www.em.com.br\/emfoco\/2025\/12\/17\/o-paraiso-do-nordeste-onde-o-por-do-sol-vira-espetaculo-coletivo\/","name":"O para\u00edso do Nordeste onde o p\u00f4r do sol vira espet\u00e1culo coletivo - Estado de Minas - Em foco","isPartOf":{"@id":"https:\/\/www.em.com.br\/emfoco\/#website"},"primaryImageOfPage":{"@id":"https:\/\/www.em.com.br\/emfoco\/2025\/12\/17\/o-paraiso-do-nordeste-onde-o-por-do-sol-vira-espetaculo-coletivo\/#primaryimage"},"image":{"@id":"https:\/\/www.em.com.br\/emfoco\/2025\/12\/17\/o-paraiso-do-nordeste-onde-o-por-do-sol-vira-espetaculo-coletivo\/#primaryimage"},"thumbnailUrl":"https:\/\/www.em.com.br\/emfoco\/wp-content\/uploads\/2025\/12\/Canoa-Quebrada_1761382076778.jpg","datePublished":"2025-12-17T22:55:00+00:00","dateModified":"2025-12-16T23:57:02+00:00","author":{"@id":"https:\/\/www.em.com.br\/emfoco\/#\/schema\/person\/364ac1852fafd00f1be20f0b8b237569"},"description":"O para\u00edso do Nordeste onde o p\u00f4r do sol vira espet\u00e1culo coletivo, reunindo moradores e turistas em um ritual di\u00e1rio inesquec\u00edvel.","breadcrumb":{"@id":"https:\/\/www.em.com.br\/emfoco\/2025\/12\/17\/o-paraiso-do-nordeste-onde-o-por-do-sol-vira-espetaculo-coletivo\/#breadcrumb"},"inLanguage":"pt-BR","potentialAction":[{"@type":"ReadAction","target":["https:\/\/www.em.com.br\/emfoco\/2025\/12\/17\/o-paraiso-do-nordeste-onde-o-por-do-sol-vira-espetaculo-coletivo\/"]}]},{"@type":"ImageObject","inLanguage":"pt-BR","@id":"https:\/\/www.em.com.br\/emfoco\/2025\/12\/17\/o-paraiso-do-nordeste-onde-o-por-do-sol-vira-espetaculo-coletivo\/#primaryimage","url":"https:\/\/www.em.com.br\/emfoco\/wp-content\/uploads\/2025\/12\/Canoa-Quebrada_1761382076778.jpg","contentUrl":"https:\/\/www.em.com.br\/emfoco\/wp-content\/uploads\/2025\/12\/Canoa-Quebrada_1761382076778.jpg","width":1280,"height":720,"caption":"Canoa Quebrada encanta com fal\u00e9sias vermelhas e ventos ideais para o kitesurf no Cear\u00e1 \/\/ Cr\u00e9ditos: depositphotos.com \/ phaelnogueira"},{"@type":"BreadcrumbList","@id":"https:\/\/www.em.com.br\/emfoco\/2025\/12\/17\/o-paraiso-do-nordeste-onde-o-por-do-sol-vira-espetaculo-coletivo\/#breadcrumb","itemListElement":[{"@type":"ListItem","position":1,"name":"In\u00edcio","item":"https:\/\/www.em.com.br\/emfoco\/"},{"@type":"ListItem","position":2,"name":"O para\u00edso do Nordeste onde o p\u00f4r do sol vira espet\u00e1culo coletivo"}]},{"@type":"WebSite","@id":"https:\/\/www.em.com.br\/emfoco\/#website","url":"https:\/\/www.em.com.br\/emfoco\/","name":"Estado de Minas - Em foco","description":"Acompanhe as \u00faltimas not\u00edcias e fique bem informado sobre tudo o que acontece em Minas Gerais, Brasil e no mundo.","potentialAction":[{"@type":"SearchAction","target":{"@type":"EntryPoint","urlTemplate":"https:\/\/www.em.com.br\/emfoco\/?s={search_term_string}"},"query-input":{"@type":"PropertyValueSpecification","valueRequired":true,"valueName":"search_term_string"}}],"inLanguage":"pt-BR"},{"@type":"Person","@id":"https:\/\/www.em.com.br\/emfoco\/#\/schema\/person\/364ac1852fafd00f1be20f0b8b237569","name":"Vitor Bruno","image":{"@type":"ImageObject","inLanguage":"pt-BR","@id":"https:\/\/www.em.com.br\/emfoco\/#\/schema\/person\/image\/","url":"https:\/\/secure.gravatar.com\/avatar\/b719e5cdede09f942064960883b5524d?s=96&d=mm&r=g","contentUrl":"https:\/\/secure.gravatar.com\/avatar\/b719e5cdede09f942064960883b5524d?s=96&d=mm&r=g","caption":"Vitor Bruno"},"sameAs":["https:\/\/www.em.com.br\/emfoco\/"],"url":"https:\/\/www.em.com.br\/emfoco\/author\/vitormyth\/"}]}},"_links":{"self":[{"href":"https:\/\/www.em.com.br\/emfoco\/wp-json\/wp\/v2\/posts\/141300","targetHints":{"allow":["GET"]}}],"collection":[{"href":"https:\/\/www.em.com.br\/emfoco\/wp-json\/wp\/v2\/posts"}],"about":[{"href":"https:\/\/www.em.com.br\/emfoco\/wp-json\/wp\/v2\/types\/post"}],"author":[{"embeddable":true,"href":"https:\/\/www.em.com.br\/emfoco\/wp-json\/wp\/v2\/users\/6"}],"replies":[{"embeddable":true,"href":"https:\/\/www.em.com.br\/emfoco\/wp-json\/wp\/v2\/comments?post=141300"}],"version-history":[{"count":5,"href":"https:\/\/www.em.com.br\/emfoco\/wp-json\/wp\/v2\/posts\/141300\/revisions"}],"predecessor-version":[{"id":141626,"href":"https:\/\/www.em.com.br\/emfoco\/wp-json\/wp\/v2\/posts\/141300\/revisions\/141626"}],"wp:featuredmedia":[{"embeddable":true,"href":"https:\/\/www.em.com.br\/emfoco\/wp-json\/wp\/v2\/media\/141590"}],"wp:attachment":[{"href":"https:\/\/www.em.com.br\/emfoco\/wp-json\/wp\/v2\/media?parent=141300"}],"wp:term":[{"taxonomy":"category","embeddable":true,"href":"https:\/\/www.em.com.br\/emfoco\/wp-json\/wp\/v2\/categories?post=141300"},{"taxonomy":"post_tag","embeddable":true,"href":"https:\/\/www.em.com.br\/emfoco\/wp-json\/wp\/v2\/tags?post=141300"}],"curies":[{"name":"wp","href":"https:\/\/api.w.org\/{rel}","templated":true}]}}