{"id":141240,"date":"2025-12-17T21:45:00","date_gmt":"2025-12-18T00:45:00","guid":{"rendered":"https:\/\/www.em.com.br\/emfoco\/?p=141240"},"modified":"2025-12-16T13:36:55","modified_gmt":"2025-12-16T16:36:55","slug":"sem-trabalho-sem-valor-a-ferida-silenciosa-do-desemprego-na-familia","status":"publish","type":"post","link":"https:\/\/www.em.com.br\/emfoco\/2025\/12\/17\/sem-trabalho-sem-valor-a-ferida-silenciosa-do-desemprego-na-familia\/","title":{"rendered":"Sem trabalho, sem valor? A ferida silenciosa do desemprego na fam\u00edlia"},"content":{"rendered":"\n<p>O desemprego n\u00e3o pesa apenas no bolso. Dentro de casa, ele altera o clima emocional, afeta a conviv\u00eancia e mexe profundamente com a forma como cada pessoa se enxerga. Aos poucos, a falta de trabalho transforma di\u00e1logos, sil\u00eancios e a pr\u00f3pria identidade familiar.<\/p>\n\n\n\n<h2 class=\"wp-block-heading\">Por que o desemprego afeta tanto al\u00e9m da renda?<\/h2>\n\n\n\n<p>Ficar sem trabalho \u00e9 um evento profundamente desestruturante porque atinge a <strong>identidade pessoal<\/strong>. Para muitas pessoas, o emprego representa utilidade, pertencimento e valor social, e sua aus\u00eancia pode gerar sensa\u00e7\u00e3o de perda de prop\u00f3sito dentro da fam\u00edlia.<\/p>\n\n\n\n<p>Esse impacto vai al\u00e9m das contas atrasadas. O desemprego costuma despertar <strong>sentimentos de inadequa\u00e7\u00e3o<\/strong>, vergonha e incapacidade, fazendo com que o indiv\u00edduo passe a se enxergar de forma negativa no pr\u00f3prio lar, mesmo quando recebe apoio racional.<\/p>\n\n\n\n<figure class=\"wp-block-image size-large\"><img loading=\"lazy\" decoding=\"async\" width=\"1024\" height=\"576\" src=\"https:\/\/www.em.com.br\/emfoco\/wp-content\/uploads\/2025\/12\/IA-IMG-5-18-1024x576.jpg\" alt=\"Sem trabalho, sem valor? A ferida silenciosa do desemprego na fam\u00edlia\" class=\"wp-image-141254\" srcset=\"https:\/\/www.em.com.br\/emfoco\/wp-content\/uploads\/2025\/12\/IA-IMG-5-18-1024x576.jpg 1024w, https:\/\/www.em.com.br\/emfoco\/wp-content\/uploads\/2025\/12\/IA-IMG-5-18-300x169.jpg 300w, https:\/\/www.em.com.br\/emfoco\/wp-content\/uploads\/2025\/12\/IA-IMG-5-18-768x432.jpg 768w, https:\/\/www.em.com.br\/emfoco\/wp-content\/uploads\/2025\/12\/IA-IMG-5-18-750x422.jpg 750w, https:\/\/www.em.com.br\/emfoco\/wp-content\/uploads\/2025\/12\/IA-IMG-5-18-1140x641.jpg 1140w, https:\/\/www.em.com.br\/emfoco\/wp-content\/uploads\/2025\/12\/IA-IMG-5-18.jpg 1280w\" sizes=\"auto, (max-width: 1024px) 100vw, 1024px\" \/><figcaption class=\"wp-element-caption\">O desemprego abala identidade pessoal e senso de valor dentro do ambiente familiar<\/figcaption><\/figure>\n\n\n\n<h2 class=\"wp-block-heading\">Como o desemprego fragiliza a autoestima dentro de casa?<\/h2>\n\n\n\n<p>A inseguran\u00e7a financeira cria um ciclo silencioso de autojulgamento. A pessoa desempregada passa a questionar seu valor e seu papel na fam\u00edlia, o que afeta comportamentos e rela\u00e7\u00f5es, como fica claro nos pontos listados a seguir.<\/p>\n\n\n\n<ul class=\"wp-block-list\">\n<li><strong>Queda da autoconfian\u00e7a<\/strong>: percep\u00e7\u00e3o constante de fracasso pessoal e incapacidade<\/li>\n\n\n\n<li><strong>Autocr\u00edtica excessiva<\/strong>: compara\u00e7\u00f5es frequentes e sensa\u00e7\u00e3o de inferioridade<\/li>\n\n\n\n<li><strong>Isolamento emocional<\/strong>: evitar conversas por medo de cobran\u00e7as ou julgamentos<\/li>\n<\/ul>\n\n\n\n<p><em>Leia mais: <strong><a href=\"https:\/\/www.em.com.br\/emfoco\/2025\/12\/11\/como-ensinar-educacao-financeira-para-criancas-de-forma-pratica-e-natural\/\">Como ensinar educa\u00e7\u00e3o financeira <\/a><a href=\"https:\/\/www.em.com.br\/emfoco\/2025\/12\/11\/como-ensinar-educacao-financeira-para-criancas-de-forma-pratica-e-natural\/\" target=\"_blank\" rel=\"noreferrer noopener\">p<\/a><a href=\"https:\/\/www.em.com.br\/emfoco\/2025\/12\/11\/como-ensinar-educacao-financeira-para-criancas-de-forma-pratica-e-natural\/\">ara crian\u00e7as de forma pr\u00e1tica e natural<\/a><\/strong><\/em><\/p>\n\n\n\n<h2 class=\"wp-block-heading\">Quais s\u00e3o os impactos nas rela\u00e7\u00f5es familiares?<\/h2>\n\n\n\n<p>Dentro da fam\u00edlia, o desemprego pode gerar <strong>distanciamento emocional<\/strong>, discuss\u00f5es frequentes e falhas na comunica\u00e7\u00e3o. A tens\u00e3o di\u00e1ria afeta o v\u00ednculo com o parceiro e com os filhos, criando um ambiente de instabilidade.<\/p>\n\n\n\n<p>Com o tempo, esse cen\u00e1rio favorece o surgimento de <strong>ansiedade e depress\u00e3o<\/strong>. O sofrimento n\u00e3o fica restrito a quem perdeu o emprego, mas se espalha pelo n\u00facleo familiar, impactando o bem-estar coletivo.<\/p>\n\n\n\n<p>A seguir separamos um v\u00eddeo do <a href=\"https:\/\/www.tiktok.com\/@g1\" target=\"_blank\" rel=\"noreferrer noopener\"><strong>g1<\/strong><\/a> onde \u00e9 falado mais sobre a rela\u00e7\u00e3o entre sa\u00fade mental e desemprego, em destaque ao aumento de casos de afastamentos nos \u00faltimos anos.<\/p>\n\n\n\n<blockquote class=\"tiktok-embed\" cite=\"https:\/\/www.tiktok.com\/@g1\/video\/7480130674339450117\" data-video-id=\"7480130674339450117\" style=\"max-width: 605px;min-width: 325px;\" > <section> <a target=\"_blank\" title=\"@g1\" href=\"https:\/\/www.tiktok.com\/@g1?refer=embed\">@g1<\/a> Exclusivo &#8211; O Brasil vive uma crise de sa\u00fade mental com impacto direto na vida de trabalhadores e de empresas. \u00c9 o que revelam dados exclusivos do Minist\u00e9rio da Previd\u00eancia Social sobre afastamentos do trabalho. Em 2024, foram quase meio milh\u00e3o de afastamentos, o maior n\u00famero em pelo menos dez anos. Os dados, obtidos com exclusividade pelo g1, mostram que, no \u00faltimo ano, os transtornos mentais chegaram a uma situa\u00e7\u00e3o incapacitante como nunca visto. Se comparado apenas com o ano anterior, as 472.328 licen\u00e7as m\u00e9dicas concedidas representam um aumento de 68%. Veja mais no v\u00eddeo e na reportagem de @_mouraraay e Poliana Casemiro no <a title=\"g1\" target=\"_blank\" href=\"https:\/\/www.tiktok.com\/tag\/g1?refer=embed\">#g1<\/a>. <a title=\"mercadodetrabalho\" target=\"_blank\" href=\"https:\/\/www.tiktok.com\/tag\/mercadodetrabalho?refer=embed\">#mercadodetrabalho<\/a> <a title=\"sa\u00fademental\" target=\"_blank\" href=\"https:\/\/www.tiktok.com\/tag\/sa%C3%BAdemental?refer=embed\">#sa\u00fademental<\/a> <a title=\"trabalho\" target=\"_blank\" href=\"https:\/\/www.tiktok.com\/tag\/trabalho?refer=embed\">#trabalho<\/a> <a title=\"sa\u00fade\" target=\"_blank\" href=\"https:\/\/www.tiktok.com\/tag\/sa%C3%BAde?refer=embed\">#sa\u00fade<\/a> <a title=\"tiktoknot\u00edcias\" target=\"_blank\" href=\"https:\/\/www.tiktok.com\/tag\/tiktoknot%C3%ADcias?refer=embed\">#tiktoknot\u00edcias<\/a> <a target=\"_blank\" title=\"\u266c som original  - g1\" href=\"https:\/\/www.tiktok.com\/music\/som-original-g1-7480130728950254341?refer=embed\">\u266c som original  &#8211; g1<\/a> <\/section> <\/blockquote> <script async src=\"https:\/\/www.tiktok.com\/embed.js\"><\/script>\n\n\n\n<h2 class=\"wp-block-heading\">Por que a press\u00e3o social piora ainda mais esse cen\u00e1rio?<\/h2>\n\n\n\n<p>Expectativas sociais, como o papel de provedor, aumentam o peso emocional do desemprego. A cobran\u00e7a externa e interna intensifica o sentimento de fracasso, mas o apoio familiar pode mudar esse quadro, como mostram os pontos abaixo.<\/p>\n\n\n\n<ul class=\"wp-block-list\">\n<li><strong>Ambiente acolhedor<\/strong>: favorece a reconstru\u00e7\u00e3o gradual da autoestima<\/li>\n\n\n\n<li><strong>Di\u00e1logo aberto<\/strong>: reduz a sensa\u00e7\u00e3o de ser um peso dentro de casa<\/li>\n\n\n\n<li><strong>Apoio emocional<\/strong>: fortalece a busca por solu\u00e7\u00f5es e novos caminhos<\/li>\n<\/ul>\n\n\n\n<p>O desemprego n\u00e3o define a capacidade nem o valor de ningu\u00e9m dentro da fam\u00edlia. O verdadeiro peso de uma pessoa n\u00e3o est\u00e1 no cargo que ocupa, mas nas rela\u00e7\u00f5es de apoio, confian\u00e7a e afeto que sustenta nos momentos mais dif\u00edceis.<\/p>\n","protected":false},"excerpt":{"rendered":"<p>O desemprego n\u00e3o pesa apenas no bolso. Dentro de casa, ele altera o clima emocional, afeta a conviv\u00eancia e mexe profundamente com a forma como cada pessoa se enxerga. Aos poucos, a falta de trabalho transforma di\u00e1logos, sil\u00eancios e a pr\u00f3pria identidade familiar. Por que o desemprego afeta tanto al\u00e9m da renda? Ficar sem trabalho [&hellip;]<\/p>\n","protected":false},"author":13,"featured_media":141253,"comment_status":"open","ping_status":"open","sticky":false,"template":"","format":"standard","meta":{"jnews-multi-image_gallery":[],"jnews_single_post":{"format":"standard"},"jnews_primary_category":[],"jnews_social_meta":[],"jnews_override_counter":[],"footnotes":""},"categories":[8819],"tags":[4889,1833,167,20793],"class_list":["post-141240","post","type-post","status-publish","format-standard","has-post-thumbnail","hentry","category-curiosidades","tag-autoestima","tag-desemprego","tag-financas","tag-relacao-familiar"],"yoast_head":"<!-- This site is optimized with the Yoast SEO plugin v23.8 - https:\/\/yoast.com\/wordpress\/plugins\/seo\/ -->\n<title>Sem trabalho, sem valor? A ferida silenciosa do desemprego na fam\u00edlia - Estado de Minas - Em foco<\/title>\n<meta name=\"description\" content=\"O desemprego afeta mais do que a renda. Entenda como ele abala a autoestima, a conviv\u00eancia familiar e o bem-estar emocional dentro de casa.\" \/>\n<meta name=\"robots\" content=\"index, follow, max-snippet:-1, max-image-preview:large, max-video-preview:-1\" \/>\n<link rel=\"canonical\" href=\"https:\/\/www.em.com.br\/emfoco\/2025\/12\/17\/sem-trabalho-sem-valor-a-ferida-silenciosa-do-desemprego-na-familia\/\" \/>\n<meta property=\"og:locale\" content=\"pt_BR\" \/>\n<meta property=\"og:type\" content=\"article\" \/>\n<meta property=\"og:title\" content=\"Sem trabalho, sem valor? A ferida silenciosa do desemprego na fam\u00edlia - Estado de Minas - Em foco\" \/>\n<meta property=\"og:description\" content=\"O desemprego afeta mais do que a renda. Entenda como ele abala a autoestima, a conviv\u00eancia familiar e o bem-estar emocional dentro de casa.\" \/>\n<meta property=\"og:url\" content=\"https:\/\/www.em.com.br\/emfoco\/2025\/12\/17\/sem-trabalho-sem-valor-a-ferida-silenciosa-do-desemprego-na-familia\/\" \/>\n<meta property=\"og:site_name\" content=\"Estado de Minas - Em foco\" \/>\n<meta property=\"article:published_time\" content=\"2025-12-18T00:45:00+00:00\" \/>\n<meta property=\"article:modified_time\" content=\"2025-12-16T16:36:55+00:00\" \/>\n<meta property=\"og:image\" content=\"https:\/\/www.em.com.br\/emfoco\/wp-content\/uploads\/2025\/12\/IA-IMG-4-34.jpg\" \/>\n\t<meta property=\"og:image:width\" content=\"1280\" \/>\n\t<meta property=\"og:image:height\" content=\"720\" \/>\n\t<meta property=\"og:image:type\" content=\"image\/jpeg\" \/>\n<meta name=\"author\" content=\"Gabriel Martins\" \/>\n<meta name=\"twitter:card\" content=\"summary_large_image\" \/>\n<meta name=\"twitter:label1\" content=\"Escrito por\" \/>\n\t<meta name=\"twitter:data1\" content=\"Gabriel Martins\" \/>\n\t<meta name=\"twitter:label2\" content=\"Est. tempo de leitura\" \/>\n\t<meta name=\"twitter:data2\" content=\"3 minutos\" \/>\n<!-- \/ Yoast SEO plugin. -->","yoast_head_json":{"title":"Sem trabalho, sem valor? A ferida silenciosa do desemprego na fam\u00edlia - Estado de Minas - Em foco","description":"O desemprego afeta mais do que a renda. Entenda como ele abala a autoestima, a conviv\u00eancia familiar e o bem-estar emocional dentro de casa.","robots":{"index":"index","follow":"follow","max-snippet":"max-snippet:-1","max-image-preview":"max-image-preview:large","max-video-preview":"max-video-preview:-1"},"canonical":"https:\/\/www.em.com.br\/emfoco\/2025\/12\/17\/sem-trabalho-sem-valor-a-ferida-silenciosa-do-desemprego-na-familia\/","og_locale":"pt_BR","og_type":"article","og_title":"Sem trabalho, sem valor? A ferida silenciosa do desemprego na fam\u00edlia - Estado de Minas - Em foco","og_description":"O desemprego afeta mais do que a renda. Entenda como ele abala a autoestima, a conviv\u00eancia familiar e o bem-estar emocional dentro de casa.","og_url":"https:\/\/www.em.com.br\/emfoco\/2025\/12\/17\/sem-trabalho-sem-valor-a-ferida-silenciosa-do-desemprego-na-familia\/","og_site_name":"Estado de Minas - Em foco","article_published_time":"2025-12-18T00:45:00+00:00","article_modified_time":"2025-12-16T16:36:55+00:00","og_image":[{"width":1280,"height":720,"url":"https:\/\/www.em.com.br\/emfoco\/wp-content\/uploads\/2025\/12\/IA-IMG-4-34.jpg","type":"image\/jpeg"}],"author":"Gabriel Martins","twitter_card":"summary_large_image","twitter_misc":{"Escrito por":"Gabriel Martins","Est. tempo de leitura":"3 minutos"},"schema":{"@context":"https:\/\/schema.org","@graph":[{"@type":"WebPage","@id":"https:\/\/www.em.com.br\/emfoco\/2025\/12\/17\/sem-trabalho-sem-valor-a-ferida-silenciosa-do-desemprego-na-familia\/","url":"https:\/\/www.em.com.br\/emfoco\/2025\/12\/17\/sem-trabalho-sem-valor-a-ferida-silenciosa-do-desemprego-na-familia\/","name":"Sem trabalho, sem valor? A ferida silenciosa do desemprego na fam\u00edlia - Estado de Minas - Em foco","isPartOf":{"@id":"https:\/\/www.em.com.br\/emfoco\/#website"},"primaryImageOfPage":{"@id":"https:\/\/www.em.com.br\/emfoco\/2025\/12\/17\/sem-trabalho-sem-valor-a-ferida-silenciosa-do-desemprego-na-familia\/#primaryimage"},"image":{"@id":"https:\/\/www.em.com.br\/emfoco\/2025\/12\/17\/sem-trabalho-sem-valor-a-ferida-silenciosa-do-desemprego-na-familia\/#primaryimage"},"thumbnailUrl":"https:\/\/www.em.com.br\/emfoco\/wp-content\/uploads\/2025\/12\/IA-IMG-4-34.jpg","datePublished":"2025-12-18T00:45:00+00:00","dateModified":"2025-12-16T16:36:55+00:00","author":{"@id":"https:\/\/www.em.com.br\/emfoco\/#\/schema\/person\/1c9ddeab18b98abeffef834667bcf08a"},"description":"O desemprego afeta mais do que a renda. Entenda como ele abala a autoestima, a conviv\u00eancia familiar e o bem-estar emocional dentro de casa.","breadcrumb":{"@id":"https:\/\/www.em.com.br\/emfoco\/2025\/12\/17\/sem-trabalho-sem-valor-a-ferida-silenciosa-do-desemprego-na-familia\/#breadcrumb"},"inLanguage":"pt-BR","potentialAction":[{"@type":"ReadAction","target":["https:\/\/www.em.com.br\/emfoco\/2025\/12\/17\/sem-trabalho-sem-valor-a-ferida-silenciosa-do-desemprego-na-familia\/"]}]},{"@type":"ImageObject","inLanguage":"pt-BR","@id":"https:\/\/www.em.com.br\/emfoco\/2025\/12\/17\/sem-trabalho-sem-valor-a-ferida-silenciosa-do-desemprego-na-familia\/#primaryimage","url":"https:\/\/www.em.com.br\/emfoco\/wp-content\/uploads\/2025\/12\/IA-IMG-4-34.jpg","contentUrl":"https:\/\/www.em.com.br\/emfoco\/wp-content\/uploads\/2025\/12\/IA-IMG-4-34.jpg","width":1280,"height":720,"caption":"O desemprego afeta emo\u00e7\u00f5es identidade familiar e rela\u00e7\u00f5es muito al\u00e9m da renda"},{"@type":"BreadcrumbList","@id":"https:\/\/www.em.com.br\/emfoco\/2025\/12\/17\/sem-trabalho-sem-valor-a-ferida-silenciosa-do-desemprego-na-familia\/#breadcrumb","itemListElement":[{"@type":"ListItem","position":1,"name":"In\u00edcio","item":"https:\/\/www.em.com.br\/emfoco\/"},{"@type":"ListItem","position":2,"name":"Sem trabalho, sem valor? A ferida silenciosa do desemprego na fam\u00edlia"}]},{"@type":"WebSite","@id":"https:\/\/www.em.com.br\/emfoco\/#website","url":"https:\/\/www.em.com.br\/emfoco\/","name":"Estado de Minas - Em foco","description":"Acompanhe as \u00faltimas not\u00edcias e fique bem informado sobre tudo o que acontece em Minas Gerais, Brasil e no mundo.","potentialAction":[{"@type":"SearchAction","target":{"@type":"EntryPoint","urlTemplate":"https:\/\/www.em.com.br\/emfoco\/?s={search_term_string}"},"query-input":{"@type":"PropertyValueSpecification","valueRequired":true,"valueName":"search_term_string"}}],"inLanguage":"pt-BR"},{"@type":"Person","@id":"https:\/\/www.em.com.br\/emfoco\/#\/schema\/person\/1c9ddeab18b98abeffef834667bcf08a","name":"Gabriel Martins","image":{"@type":"ImageObject","inLanguage":"pt-BR","@id":"https:\/\/www.em.com.br\/emfoco\/#\/schema\/person\/image\/","url":"https:\/\/secure.gravatar.com\/avatar\/f0f1e2efdfd88f1ad2cb08c5c2731e50?s=96&d=mm&r=g","contentUrl":"https:\/\/secure.gravatar.com\/avatar\/f0f1e2efdfd88f1ad2cb08c5c2731e50?s=96&d=mm&r=g","caption":"Gabriel Martins"},"sameAs":["https:\/\/www.em.com.br\/emfoco\/"],"url":"https:\/\/www.em.com.br\/emfoco\/author\/gabrielmartinsmyth\/"}]}},"_links":{"self":[{"href":"https:\/\/www.em.com.br\/emfoco\/wp-json\/wp\/v2\/posts\/141240","targetHints":{"allow":["GET"]}}],"collection":[{"href":"https:\/\/www.em.com.br\/emfoco\/wp-json\/wp\/v2\/posts"}],"about":[{"href":"https:\/\/www.em.com.br\/emfoco\/wp-json\/wp\/v2\/types\/post"}],"author":[{"embeddable":true,"href":"https:\/\/www.em.com.br\/emfoco\/wp-json\/wp\/v2\/users\/13"}],"replies":[{"embeddable":true,"href":"https:\/\/www.em.com.br\/emfoco\/wp-json\/wp\/v2\/comments?post=141240"}],"version-history":[{"count":1,"href":"https:\/\/www.em.com.br\/emfoco\/wp-json\/wp\/v2\/posts\/141240\/revisions"}],"predecessor-version":[{"id":141255,"href":"https:\/\/www.em.com.br\/emfoco\/wp-json\/wp\/v2\/posts\/141240\/revisions\/141255"}],"wp:featuredmedia":[{"embeddable":true,"href":"https:\/\/www.em.com.br\/emfoco\/wp-json\/wp\/v2\/media\/141253"}],"wp:attachment":[{"href":"https:\/\/www.em.com.br\/emfoco\/wp-json\/wp\/v2\/media?parent=141240"}],"wp:term":[{"taxonomy":"category","embeddable":true,"href":"https:\/\/www.em.com.br\/emfoco\/wp-json\/wp\/v2\/categories?post=141240"},{"taxonomy":"post_tag","embeddable":true,"href":"https:\/\/www.em.com.br\/emfoco\/wp-json\/wp\/v2\/tags?post=141240"}],"curies":[{"name":"wp","href":"https:\/\/api.w.org\/{rel}","templated":true}]}}