{"id":141206,"date":"2025-12-17T07:35:00","date_gmt":"2025-12-17T10:35:00","guid":{"rendered":"https:\/\/www.em.com.br\/emfoco\/?p=141206"},"modified":"2025-12-16T19:57:42","modified_gmt":"2025-12-16T22:57:42","slug":"crocante-por-fora-derretido-por-dentro-faca-palitos-de-presunto-e-queijo-em-5-minutos","status":"publish","type":"post","link":"https:\/\/www.em.com.br\/emfoco\/2025\/12\/17\/crocante-por-fora-derretido-por-dentro-faca-palitos-de-presunto-e-queijo-em-5-minutos\/","title":{"rendered":"Crocante por fora, derretido por dentro! Fa\u00e7a palitos de presunto e queijo em 5 minutos"},"content":{"rendered":"\n<h2 class=\"wp-block-heading\">Palitos de presunto e queijo usam massa folhada ou de torta, com cerca de 200 g de presunto e queijo. S\u00e3o assados at\u00e9 dourar, rendem lanches pr\u00e1ticos, aceitam varia\u00e7\u00f5es de recheio e funcionam como aperitivo ou caf\u00e9 da tarde.<\/h2>\n\n\n\n<p>Os palitos de presunto e queijo s\u00e3o um cl\u00e1ssico das mesas argentinas e v\u00eam ganhando espa\u00e7o em caf\u00e9s e encontros informais no Brasil, principalmente porque combinam massa folhada crocante com recheio cremoso, s\u00e3o r\u00e1pidos de preparar, acess\u00edveis e flex\u00edveis para adapta\u00e7\u00f5es com queijos nacionais como mu\u00e7arela, prato ou queijo minas padr\u00e3o.<\/p>\n\n\n\n<h2 class=\"wp-block-heading\">O que s\u00e3o palitos de presunto e queijo?<\/h2>\n\n\n\n<p>Os\u00a0<strong>palitos de presunto e queijo<\/strong>\u00a0s\u00e3o pequenos salgados feitos com massa folhada ou massa para <a href=\"https:\/\/www.em.com.br\/emfoco\/2025\/11\/19\/a-torta-de-presunto-e-queijo-que-faco-quando-chega-visita-de-ultima-hora-e-nao-quero-complicar\/\" target=\"_blank\" rel=\"noreferrer noopener\">torta<\/a>, recheados com presunto e queijo em fatias finas. Em geral, s\u00e3o cortados em quadrados, ret\u00e2ngulos ou tiras compridas, lembrando pequenos sandu\u00edches assados em formato de palito.<\/p>\n\n\n\n<p>Na confeitaria argentina, aparecem como \u201cfosforitos\u201d ou <a href=\"https:\/\/www.instagram.com\/reel\/DJz6NPZt2eQ\/\" target=\"_blank\" rel=\"noreferrer noopener\">palitos folhados<\/a>, muito comuns em padarias e caf\u00e9s. O formato pequeno facilita o consumo em reuni\u00f5es, piqueniques e mesas de aperitivos, funcionando tanto como entrada quanto como lanche principal, servidos com caf\u00e9, ch\u00e1, chimarr\u00e3o ou terer\u00e9.<\/p>\n\n\n\n<figure class=\"wp-block-image size-large\"><img loading=\"lazy\" decoding=\"async\" width=\"1024\" height=\"576\" src=\"https:\/\/www.em.com.br\/emfoco\/wp-content\/uploads\/2025\/12\/Gemini_Generated_Image_l2sv7cl2sv7cl2sv-1-1024x576.png\" alt=\"O palito de presunto e queijo que conquista todo mundo\" class=\"wp-image-141528\" srcset=\"https:\/\/www.em.com.br\/emfoco\/wp-content\/uploads\/2025\/12\/Gemini_Generated_Image_l2sv7cl2sv7cl2sv-1-1024x576.png 1024w, https:\/\/www.em.com.br\/emfoco\/wp-content\/uploads\/2025\/12\/Gemini_Generated_Image_l2sv7cl2sv7cl2sv-1-300x169.png 300w, https:\/\/www.em.com.br\/emfoco\/wp-content\/uploads\/2025\/12\/Gemini_Generated_Image_l2sv7cl2sv7cl2sv-1-768x432.png 768w, https:\/\/www.em.com.br\/emfoco\/wp-content\/uploads\/2025\/12\/Gemini_Generated_Image_l2sv7cl2sv7cl2sv-1-750x422.png 750w, https:\/\/www.em.com.br\/emfoco\/wp-content\/uploads\/2025\/12\/Gemini_Generated_Image_l2sv7cl2sv7cl2sv-1-1140x641.png 1140w, https:\/\/www.em.com.br\/emfoco\/wp-content\/uploads\/2025\/12\/Gemini_Generated_Image_l2sv7cl2sv7cl2sv-1.png 1280w\" sizes=\"auto, (max-width: 1024px) 100vw, 1024px\" \/><figcaption class=\"wp-element-caption\">O palito de presunto e queijo que conquista todo mundo<\/figcaption><\/figure>\n\n\n\n<h2 class=\"wp-block-heading\">Como preparar palitos de presunto e queijo em casa<\/h2>\n\n\n\n<p>Para preparar&nbsp;<strong>palitos de presunto e queijo<\/strong>&nbsp;em casa, a base costuma ser massa folhada industrializada ou discos de massa para empanada\/torta. A textura muda conforme a massa: a folhada deixa o salgado mais leve e crocante, enquanto a massa comum gera um palito mais firme, por\u00e9m igualmente pr\u00e1tico.<\/p>\n\n\n\n<p>Uma forma simples de organizar o preparo \u00e9 seguir alguns passos b\u00e1sicos, mantendo o recheio bem distribu\u00eddo para que cada peda\u00e7o fique equilibrado em sabor e asse de maneira uniforme no forno pr\u00e9-aquecido.<\/p>\n\n\n\n<ol class=\"wp-block-list\">\n<li>Abrir a massa sobre uma superf\u00edcie limpa, mantendo espessura uniforme; use 12 massas para empanada (abrindo levemente com um rolo) ou 2 massas para torta, cortando em faixas compridas.<\/li>\n\n\n\n<li>Cortar em tiras ou quadrados de tamanho semelhante para assarem por igual.<\/li>\n\n\n\n<li>Dispor as fatias de&nbsp;<strong>200 g de presunto cozido<\/strong>&nbsp;e&nbsp;<strong>200 g de queijo fatiado<\/strong>&nbsp;sobre metade da massa, deixando borda livre.<\/li>\n\n\n\n<li>Fechar com outra parte de massa, pressionando as bordas e, se quiser, selando com um garfo.<\/li>\n\n\n\n<li>Pincelar com&nbsp;<strong>1 ovo<\/strong>&nbsp;batido e, se desejar, polvilhar parte de&nbsp;<strong>1\/2 x\u00edcara de a\u00e7\u00facar<\/strong>&nbsp;para criar casquinha fina e caramelizada.<\/li>\n\n\n\n<li>Levar ao forno at\u00e9 dourar e derreter o queijo; servir morno ou em temperatura ambiente.<\/li>\n<\/ol>\n\n\n\n<h2 class=\"wp-block-heading\">Quais ingredientes usar nos palitos de presunto e queijo?<\/h2>\n\n\n\n<p>A lista de ingredientes dos&nbsp;<strong>palitos de presunto e queijo<\/strong>&nbsp;\u00e9 enxuta, o que ajuda a manter o custo baixo e o preparo r\u00e1pido. Em 2025, a ampla oferta de massas prontas em supermercados torna a receita ainda mais acess\u00edvel para lanches do dia a dia ou para receber visitas sem complica\u00e7\u00e3o.<\/p>\n\n\n\n<p>Al\u00e9m da vers\u00e3o cl\u00e1ssica, \u00e9 poss\u00edvel incluir temperos e incrementos no recheio ou na cobertura para personalizar o sabor, respeitando o equil\u00edbrio entre massa leve e recheio farto de presunto e queijo.<\/p>\n\n\n\n<ul class=\"wp-block-list\">\n<li><strong>Massa folhada<\/strong>&nbsp;ou massa para torta\/empanada (12 massas para empanada ou 2 massas para torta).<\/li>\n\n\n\n<li><strong>Presunto cozido<\/strong>&nbsp;em fatias finas (cerca de 200 g).<\/li>\n\n\n\n<li><strong>Queijo<\/strong>&nbsp;em l\u00e2minas, como mu\u00e7arela, prato ou minas padr\u00e3o (aproximadamente 200 g).<\/li>\n\n\n\n<li><strong>Ovo<\/strong>&nbsp;para pincelar (1 unidade).<\/li>\n\n\n\n<li><strong>A\u00e7\u00facar<\/strong>, em pequenas quantidades (cerca de 1\/2 x\u00edcara, opcional).<\/li>\n\n\n\n<li>Extras opcionais: queijo ralado, or\u00e9gano, p\u00e1prica, pimenta-do-reino, mostarda ou queijos vegetais.<\/li>\n<\/ul>\n\n\n\n<figure class=\"wp-block-image size-large\"><img loading=\"lazy\" decoding=\"async\" width=\"1024\" height=\"576\" src=\"https:\/\/www.em.com.br\/emfoco\/wp-content\/uploads\/2025\/12\/Gemini_Generated_Image_fj77rrfj77rrfj77-1-1024x576.png\" alt=\"O palito de presunto e queijo que conquista todo mundo\" class=\"wp-image-141529\" srcset=\"https:\/\/www.em.com.br\/emfoco\/wp-content\/uploads\/2025\/12\/Gemini_Generated_Image_fj77rrfj77rrfj77-1-1024x576.png 1024w, https:\/\/www.em.com.br\/emfoco\/wp-content\/uploads\/2025\/12\/Gemini_Generated_Image_fj77rrfj77rrfj77-1-300x169.png 300w, https:\/\/www.em.com.br\/emfoco\/wp-content\/uploads\/2025\/12\/Gemini_Generated_Image_fj77rrfj77rrfj77-1-768x432.png 768w, https:\/\/www.em.com.br\/emfoco\/wp-content\/uploads\/2025\/12\/Gemini_Generated_Image_fj77rrfj77rrfj77-1-750x422.png 750w, https:\/\/www.em.com.br\/emfoco\/wp-content\/uploads\/2025\/12\/Gemini_Generated_Image_fj77rrfj77rrfj77-1-1140x641.png 1140w, https:\/\/www.em.com.br\/emfoco\/wp-content\/uploads\/2025\/12\/Gemini_Generated_Image_fj77rrfj77rrfj77-1.png 1280w\" sizes=\"auto, (max-width: 1024px) 100vw, 1024px\" \/><figcaption class=\"wp-element-caption\">O palito de presunto e queijo que conquista todo mundo<\/figcaption><\/figure>\n\n\n\n<h2 class=\"wp-block-heading\">Quais varia\u00e7\u00f5es de palitos de presunto e queijo voc\u00ea pode testar?<\/h2>\n\n\n\n<p>As varia\u00e7\u00f5es atendem desde quem prefere contrastes doce-salgado at\u00e9 quem busca vers\u00f5es mais leves ou veganas. D\u00e1 para ajustar temperos, tipos de queijo e at\u00e9 o toque final da cobertura, mantendo o formato pr\u00e1tico de finger food.<\/p>\n\n\n\n<p>Entre as op\u00e7\u00f5es mais comuns, surgem combina\u00e7\u00f5es com queijo ralado por cima, p\u00e1prica para um ar defumado leve, ou mostarda fina sobre o presunto, al\u00e9m de vers\u00f5es com massas e queijos vegetais para dietas espec\u00edficas.<\/p>\n\n\n\n<h2 class=\"wp-block-heading\">Por que fazer palitos de presunto e queijo hoje mesmo?<\/h2>\n\n\n\n<p>Os palitos de presunto e queijo unem praticidade, baixo custo e visual caprichado, tornando-se uma receita \u201ccuringa\u201d para caf\u00e9s da tarde, anivers\u00e1rios, brunch ou para acompanhar bebidas quentes. Com poucos ingredientes, voc\u00ea prepara uma assadeira generosa em minutos e agrada diferentes paladares.<\/p>\n\n\n\n<p>N\u00e3o espere a pr\u00f3xima visita para testar: escolha seus queijos favoritos, pegue uma massa pronta e fa\u00e7a ainda hoje a sua primeira fornada de palitos de presunto e queijo. Aproveite enquanto est\u00e3o saindo do forno, crocantes e dourados, e transforme um lanche comum em um momento especial agora mesmo.<\/p>\n","protected":false},"excerpt":{"rendered":"<p>Palitos de presunto e queijo usam massa folhada ou de torta, com cerca de 200 g de presunto e queijo. S\u00e3o assados at\u00e9 dourar, rendem lanches pr\u00e1ticos, aceitam varia\u00e7\u00f5es de recheio e funcionam como aperitivo ou caf\u00e9 da tarde. Os palitos de presunto e queijo s\u00e3o um cl\u00e1ssico das mesas argentinas e v\u00eam ganhando espa\u00e7o [&hellip;]<\/p>\n","protected":false},"author":11,"featured_media":141527,"comment_status":"open","ping_status":"open","sticky":false,"template":"","format":"standard","meta":{"jnews-multi-image_gallery":[],"jnews_single_post":{"format":"standard"},"jnews_primary_category":[],"jnews_social_meta":[],"jnews_override_counter":[],"footnotes":""},"categories":[8819,1],"tags":[20808,7456,20809],"class_list":["post-141206","post","type-post","status-publish","format-standard","has-post-thumbnail","hentry","category-curiosidades","category-noticias","tag-palitos-de-presunto-e-queijo","tag-receita-pratica","tag-recheio-cremoso"],"yoast_head":"<!-- This site is optimized with the Yoast SEO plugin v23.8 - https:\/\/yoast.com\/wordpress\/plugins\/seo\/ -->\n<title>Crocante por fora, derretido por dentro! Fa\u00e7a palitos de presunto e queijo em 5 minutos - Estado de Minas - Em foco<\/title>\n<meta name=\"description\" content=\"Palitos de presunto e queijo s\u00e3o f\u00e1ceis, r\u00e1pidos e vers\u00e1teis. Uma receita pr\u00e1tica que funciona como lanche ou aperitivo.\" \/>\n<meta name=\"robots\" content=\"index, follow, max-snippet:-1, max-image-preview:large, max-video-preview:-1\" \/>\n<link rel=\"canonical\" href=\"https:\/\/www.em.com.br\/emfoco\/2025\/12\/17\/crocante-por-fora-derretido-por-dentro-faca-palitos-de-presunto-e-queijo-em-5-minutos\/\" \/>\n<meta property=\"og:locale\" content=\"pt_BR\" \/>\n<meta property=\"og:type\" content=\"article\" \/>\n<meta property=\"og:title\" content=\"Crocante por fora, derretido por dentro! Fa\u00e7a palitos de presunto e queijo em 5 minutos - Estado de Minas - Em foco\" \/>\n<meta property=\"og:description\" content=\"Palitos de presunto e queijo s\u00e3o f\u00e1ceis, r\u00e1pidos e vers\u00e1teis. Uma receita pr\u00e1tica que funciona como lanche ou aperitivo.\" \/>\n<meta property=\"og:url\" content=\"https:\/\/www.em.com.br\/emfoco\/2025\/12\/17\/crocante-por-fora-derretido-por-dentro-faca-palitos-de-presunto-e-queijo-em-5-minutos\/\" \/>\n<meta property=\"og:site_name\" content=\"Estado de Minas - Em foco\" \/>\n<meta property=\"article:published_time\" content=\"2025-12-17T10:35:00+00:00\" \/>\n<meta property=\"article:modified_time\" content=\"2025-12-16T22:57:42+00:00\" \/>\n<meta property=\"og:image\" content=\"https:\/\/www.em.com.br\/emfoco\/wp-content\/uploads\/2025\/12\/Gemini_Generated_Image_hwluc7hwluc7hwlu-1.png\" \/>\n\t<meta property=\"og:image:width\" content=\"1280\" \/>\n\t<meta property=\"og:image:height\" content=\"720\" \/>\n\t<meta property=\"og:image:type\" content=\"image\/png\" \/>\n<meta name=\"author\" content=\"Andre\u0301 Rangel\u00a0\" \/>\n<meta name=\"twitter:card\" content=\"summary_large_image\" \/>\n<meta name=\"twitter:label1\" content=\"Escrito por\" \/>\n\t<meta name=\"twitter:data1\" content=\"Andre\u0301 Rangel\u00a0\" \/>\n\t<meta name=\"twitter:label2\" content=\"Est. tempo de leitura\" \/>\n\t<meta name=\"twitter:data2\" content=\"5 minutos\" \/>\n<!-- \/ Yoast SEO plugin. -->","yoast_head_json":{"title":"Crocante por fora, derretido por dentro! Fa\u00e7a palitos de presunto e queijo em 5 minutos - Estado de Minas - Em foco","description":"Palitos de presunto e queijo s\u00e3o f\u00e1ceis, r\u00e1pidos e vers\u00e1teis. Uma receita pr\u00e1tica que funciona como lanche ou aperitivo.","robots":{"index":"index","follow":"follow","max-snippet":"max-snippet:-1","max-image-preview":"max-image-preview:large","max-video-preview":"max-video-preview:-1"},"canonical":"https:\/\/www.em.com.br\/emfoco\/2025\/12\/17\/crocante-por-fora-derretido-por-dentro-faca-palitos-de-presunto-e-queijo-em-5-minutos\/","og_locale":"pt_BR","og_type":"article","og_title":"Crocante por fora, derretido por dentro! Fa\u00e7a palitos de presunto e queijo em 5 minutos - Estado de Minas - Em foco","og_description":"Palitos de presunto e queijo s\u00e3o f\u00e1ceis, r\u00e1pidos e vers\u00e1teis. Uma receita pr\u00e1tica que funciona como lanche ou aperitivo.","og_url":"https:\/\/www.em.com.br\/emfoco\/2025\/12\/17\/crocante-por-fora-derretido-por-dentro-faca-palitos-de-presunto-e-queijo-em-5-minutos\/","og_site_name":"Estado de Minas - Em foco","article_published_time":"2025-12-17T10:35:00+00:00","article_modified_time":"2025-12-16T22:57:42+00:00","og_image":[{"width":1280,"height":720,"url":"https:\/\/www.em.com.br\/emfoco\/wp-content\/uploads\/2025\/12\/Gemini_Generated_Image_hwluc7hwluc7hwlu-1.png","type":"image\/png"}],"author":"Andre\u0301 Rangel\u00a0","twitter_card":"summary_large_image","twitter_misc":{"Escrito por":"Andre\u0301 Rangel\u00a0","Est. tempo de leitura":"5 minutos"},"schema":{"@context":"https:\/\/schema.org","@graph":[{"@type":"WebPage","@id":"https:\/\/www.em.com.br\/emfoco\/2025\/12\/17\/crocante-por-fora-derretido-por-dentro-faca-palitos-de-presunto-e-queijo-em-5-minutos\/","url":"https:\/\/www.em.com.br\/emfoco\/2025\/12\/17\/crocante-por-fora-derretido-por-dentro-faca-palitos-de-presunto-e-queijo-em-5-minutos\/","name":"Crocante por fora, derretido por dentro! Fa\u00e7a palitos de presunto e queijo em 5 minutos - Estado de Minas - Em foco","isPartOf":{"@id":"https:\/\/www.em.com.br\/emfoco\/#website"},"primaryImageOfPage":{"@id":"https:\/\/www.em.com.br\/emfoco\/2025\/12\/17\/crocante-por-fora-derretido-por-dentro-faca-palitos-de-presunto-e-queijo-em-5-minutos\/#primaryimage"},"image":{"@id":"https:\/\/www.em.com.br\/emfoco\/2025\/12\/17\/crocante-por-fora-derretido-por-dentro-faca-palitos-de-presunto-e-queijo-em-5-minutos\/#primaryimage"},"thumbnailUrl":"https:\/\/www.em.com.br\/emfoco\/wp-content\/uploads\/2025\/12\/Gemini_Generated_Image_hwluc7hwluc7hwlu-1.png","datePublished":"2025-12-17T10:35:00+00:00","dateModified":"2025-12-16T22:57:42+00:00","author":{"@id":"https:\/\/www.em.com.br\/emfoco\/#\/schema\/person\/60eda09c1fedf0d6891f4cef4b60b8b8"},"description":"Palitos de presunto e queijo s\u00e3o f\u00e1ceis, r\u00e1pidos e vers\u00e1teis. Uma receita pr\u00e1tica que funciona como lanche ou aperitivo.","breadcrumb":{"@id":"https:\/\/www.em.com.br\/emfoco\/2025\/12\/17\/crocante-por-fora-derretido-por-dentro-faca-palitos-de-presunto-e-queijo-em-5-minutos\/#breadcrumb"},"inLanguage":"pt-BR","potentialAction":[{"@type":"ReadAction","target":["https:\/\/www.em.com.br\/emfoco\/2025\/12\/17\/crocante-por-fora-derretido-por-dentro-faca-palitos-de-presunto-e-queijo-em-5-minutos\/"]}]},{"@type":"ImageObject","inLanguage":"pt-BR","@id":"https:\/\/www.em.com.br\/emfoco\/2025\/12\/17\/crocante-por-fora-derretido-por-dentro-faca-palitos-de-presunto-e-queijo-em-5-minutos\/#primaryimage","url":"https:\/\/www.em.com.br\/emfoco\/wp-content\/uploads\/2025\/12\/Gemini_Generated_Image_hwluc7hwluc7hwlu-1.png","contentUrl":"https:\/\/www.em.com.br\/emfoco\/wp-content\/uploads\/2025\/12\/Gemini_Generated_Image_hwluc7hwluc7hwlu-1.png","width":1280,"height":720,"caption":"Um cl\u00e1ssico simples que deixa qualquer mesa irresist\u00edvel"},{"@type":"BreadcrumbList","@id":"https:\/\/www.em.com.br\/emfoco\/2025\/12\/17\/crocante-por-fora-derretido-por-dentro-faca-palitos-de-presunto-e-queijo-em-5-minutos\/#breadcrumb","itemListElement":[{"@type":"ListItem","position":1,"name":"In\u00edcio","item":"https:\/\/www.em.com.br\/emfoco\/"},{"@type":"ListItem","position":2,"name":"Crocante por fora, derretido por dentro! Fa\u00e7a palitos de presunto e queijo em 5 minutos"}]},{"@type":"WebSite","@id":"https:\/\/www.em.com.br\/emfoco\/#website","url":"https:\/\/www.em.com.br\/emfoco\/","name":"Estado de Minas - Em foco","description":"Acompanhe as \u00faltimas not\u00edcias e fique bem informado sobre tudo o que acontece em Minas Gerais, Brasil e no mundo.","potentialAction":[{"@type":"SearchAction","target":{"@type":"EntryPoint","urlTemplate":"https:\/\/www.em.com.br\/emfoco\/?s={search_term_string}"},"query-input":{"@type":"PropertyValueSpecification","valueRequired":true,"valueName":"search_term_string"}}],"inLanguage":"pt-BR"},{"@type":"Person","@id":"https:\/\/www.em.com.br\/emfoco\/#\/schema\/person\/60eda09c1fedf0d6891f4cef4b60b8b8","name":"Andre\u0301 Rangel\u00a0","image":{"@type":"ImageObject","inLanguage":"pt-BR","@id":"https:\/\/www.em.com.br\/emfoco\/#\/schema\/person\/image\/","url":"https:\/\/secure.gravatar.com\/avatar\/6234dc814c77c8ef6d8bba622c787efc?s=96&d=mm&r=g","contentUrl":"https:\/\/secure.gravatar.com\/avatar\/6234dc814c77c8ef6d8bba622c787efc?s=96&d=mm&r=g","caption":"Andre\u0301 Rangel\u00a0"},"url":"https:\/\/www.em.com.br\/emfoco\/author\/luizmyth\/"}]}},"_links":{"self":[{"href":"https:\/\/www.em.com.br\/emfoco\/wp-json\/wp\/v2\/posts\/141206","targetHints":{"allow":["GET"]}}],"collection":[{"href":"https:\/\/www.em.com.br\/emfoco\/wp-json\/wp\/v2\/posts"}],"about":[{"href":"https:\/\/www.em.com.br\/emfoco\/wp-json\/wp\/v2\/types\/post"}],"author":[{"embeddable":true,"href":"https:\/\/www.em.com.br\/emfoco\/wp-json\/wp\/v2\/users\/11"}],"replies":[{"embeddable":true,"href":"https:\/\/www.em.com.br\/emfoco\/wp-json\/wp\/v2\/comments?post=141206"}],"version-history":[{"count":4,"href":"https:\/\/www.em.com.br\/emfoco\/wp-json\/wp\/v2\/posts\/141206\/revisions"}],"predecessor-version":[{"id":141530,"href":"https:\/\/www.em.com.br\/emfoco\/wp-json\/wp\/v2\/posts\/141206\/revisions\/141530"}],"wp:featuredmedia":[{"embeddable":true,"href":"https:\/\/www.em.com.br\/emfoco\/wp-json\/wp\/v2\/media\/141527"}],"wp:attachment":[{"href":"https:\/\/www.em.com.br\/emfoco\/wp-json\/wp\/v2\/media?parent=141206"}],"wp:term":[{"taxonomy":"category","embeddable":true,"href":"https:\/\/www.em.com.br\/emfoco\/wp-json\/wp\/v2\/categories?post=141206"},{"taxonomy":"post_tag","embeddable":true,"href":"https:\/\/www.em.com.br\/emfoco\/wp-json\/wp\/v2\/tags?post=141206"}],"curies":[{"name":"wp","href":"https:\/\/api.w.org\/{rel}","templated":true}]}}