{"id":141175,"date":"2025-12-17T16:05:00","date_gmt":"2025-12-17T19:05:00","guid":{"rendered":"https:\/\/www.em.com.br\/emfoco\/?p=141175"},"modified":"2025-12-16T21:03:24","modified_gmt":"2025-12-17T00:03:24","slug":"qual-o-nome-dado-ao-cruzamento-entre-uma-zebra-e-um-cavalo","status":"publish","type":"post","link":"https:\/\/www.em.com.br\/emfoco\/2025\/12\/17\/qual-o-nome-dado-ao-cruzamento-entre-uma-zebra-e-um-cavalo\/","title":{"rendered":"Qual o nome dado ao cruzamento entre uma zebra e um cavalo?"},"content":{"rendered":"\n<h2 class=\"wp-block-heading\">Zebr\u00f3ide \u00e9 o h\u00edbrido entre cavalo e zebra, poss\u00edvel por ambos pertencerem ao g\u00eanero Equus. Costuma ser est\u00e9ril, ter corpo semelhante ao cavalo, listras parciais e temperamento mais arisco, exigindo manejo e cuidados espec\u00edficos.<\/h2>\n\n\n\n<p>A reprodu\u00e7\u00e3o entre esp\u00e9cies diferentes sempre despertou curiosidade, especialmente quando envolve animais muito presentes no cotidiano humano, como cavalo e zebra; al\u00e9m de visualmente impressionante, esse cruzamento h\u00edbrido levanta debates sobre gen\u00e9tica, comportamento, bem-estar animal e os limites da interven\u00e7\u00e3o humana na natureza.<\/p>\n\n\n\n<h2 class=\"wp-block-heading\">O que \u00e9 um zebr\u00f3ide e qual a origem desse h\u00edbrido equino<\/h2>\n\n\n\n<p><strong><strong>Zebr\u00f3ide<\/strong><\/strong>, \u00e9 termo usado para designar a cruza entre uma zebra e um cavalo. O nome re\u00fane elementos dos dois animais, mantendo a raiz das palavras originais e ajudando a identificar sua origem h\u00edbrida, embora ainda seja pouco conhecido pelo p\u00fablico em geral.<\/p>\n\n\n\n<p>Al\u00e9m de zebr\u00f3ide, existem outros termos usados internacionalmente para falar desse h\u00edbrido, como\u00a0<em>zorse<\/em>\u00a0(quando o pai \u00e9 zebra e a m\u00e3e \u00e9 \u00e9gua), zebr\u00f3ide ou zebrule. Todos se referem a um animal que combina caracter\u00edsticas f\u00edsicas e gen\u00e9ticas de cavalo e <a href=\"https:\/\/www.em.com.br\/emfoco\/2025\/06\/26\/voce-sabia-que-a-aparencia-das-zebras-guarda-o-segredo-de-sua-sobrevivencia\/\" target=\"_blank\" rel=\"noreferrer noopener\">zebra<\/a>, normalmente com corpo mais parecido ao do cavalo e listras parciais herdadas da zebra.<\/p>\n\n\n\n<figure class=\"wp-block-image size-large\"><img loading=\"lazy\" decoding=\"async\" width=\"1024\" height=\"576\" src=\"https:\/\/www.em.com.br\/emfoco\/wp-content\/uploads\/2025\/12\/Zebroide-_1765927200265-1024x576.jpg\" alt=\"Pouca gente entende como esse h\u00edbrido nasce e por que \u00e9 est\u00e9ril\" class=\"wp-image-141589\" srcset=\"https:\/\/www.em.com.br\/emfoco\/wp-content\/uploads\/2025\/12\/Zebroide-_1765927200265-1024x576.jpg 1024w, https:\/\/www.em.com.br\/emfoco\/wp-content\/uploads\/2025\/12\/Zebroide-_1765927200265-300x169.jpg 300w, https:\/\/www.em.com.br\/emfoco\/wp-content\/uploads\/2025\/12\/Zebroide-_1765927200265-768x432.jpg 768w, https:\/\/www.em.com.br\/emfoco\/wp-content\/uploads\/2025\/12\/Zebroide-_1765927200265-750x422.jpg 750w, https:\/\/www.em.com.br\/emfoco\/wp-content\/uploads\/2025\/12\/Zebroide-_1765927200265-1140x641.jpg 1140w, https:\/\/www.em.com.br\/emfoco\/wp-content\/uploads\/2025\/12\/Zebroide-_1765927200265.jpg 1280w\" sizes=\"auto, (max-width: 1024px) 100vw, 1024px\" \/><figcaption class=\"wp-element-caption\">Pouca gente entende como esse h\u00edbrido nasce e por que \u00e9 est\u00e9ril &#8211; Cr\u00e9ditos: depositphotos.com \/ howdy76<\/figcaption><\/figure>\n\n\n\n<h2 class=\"wp-block-heading\">Como \u00e9 poss\u00edvel cruzar cavalo e zebra de forma controlada<\/h2>\n\n\n\n<p>A possibilidade de cruzar cavalo e zebra est\u00e1 ligada ao fato de ambos pertencerem ao <a href=\"https:\/\/www.embrapa.br\/busca-de-publicacoes\/-\/publicacao\/1153978\/equideos\" target=\"_blank\" rel=\"noreferrer noopener\">g\u00eanero\u00a0<em>Equus<\/em><\/a>, compartilhando um ancestral comum recente na escala evolutiva. Isso mant\u00e9m parte de sua carga gen\u00e9tica compat\u00edvel, ainda que existam diferen\u00e7as marcantes no n\u00famero de cromossomos entre as esp\u00e9cies.<\/p>\n\n\n\n<p>Enquanto o cavalo dom\u00e9stico possui 64 cromossomos, as zebras podem ter entre 32 e 46, dependendo da esp\u00e9cie. Essa discrep\u00e2ncia permite que a fecunda\u00e7\u00e3o ocorra e que um embri\u00e3o se desenvolva, mas geralmente impede que o h\u00edbrido seja f\u00e9rtil, fazendo com que o zebr\u00f3ide nas\u00e7a est\u00e9ril e n\u00e3o consiga gerar descendentes, o que preserva as esp\u00e9cies originais.<\/p>\n\n\n\n<h2 class=\"wp-block-heading\">Como \u00e9 o comportamento e a apar\u00eancia do zebr\u00f3ide na pr\u00e1tica<\/h2>\n\n\n\n<p>O aspecto f\u00edsico do zebr\u00f3ide chama aten\u00e7\u00e3o por unir tra\u00e7os robustos do cavalo \u00e0s listras da zebra, que podem surgir no pesco\u00e7o, pernas ou dorso com intensidade vari\u00e1vel. Em muitos casos, o corpo \u00e9 semelhante ao de um cavalo de trabalho, com musculatura forte e presen\u00e7a marcante em ambientes de exposi\u00e7\u00e3o.<\/p>\n\n\n\n<p>Em rela\u00e7\u00e3o ao temperamento, relatos indicam que o h\u00edbrido pode herdar tra\u00e7os mais ariscos e desconfiados da zebra, o que o diferencia do cavalo dom\u00e9stico tradicionalmente usado para montaria. Esse comportamento exige manejo cuidadoso, sobretudo em treinamentos, transportes e intera\u00e7\u00f5es com pessoas pouco experientes.<\/p>\n\n\n\n<ul class=\"wp-block-list\">\n<li><strong>Temperamento:<\/strong>&nbsp;geralmente mais reservado ou reativo do que o cavalo dom\u00e9stico;<\/li>\n\n\n\n<li><strong>Capacidade de aprendizado:<\/strong>&nbsp;atento e capaz de assimilar comandos, podendo demonstrar maior teimosia;<\/li>\n\n\n\n<li><strong>Resist\u00eancia:<\/strong>&nbsp;boa toler\u00e2ncia ao calor e a determinadas enfermidades;<\/li>\n\n\n\n<li><strong>Habilidade f\u00edsica:<\/strong>&nbsp;corpo forte, adequado para tra\u00e7\u00e3o e trabalhos pesados, mas pouco indicado para montaria recreativa.<\/li>\n<\/ul>\n\n\n\n<figure class=\"wp-block-image size-large\"><img loading=\"lazy\" decoding=\"async\" width=\"1024\" height=\"576\" src=\"https:\/\/www.em.com.br\/emfoco\/wp-content\/uploads\/2025\/12\/Zebroide-_1765927249474-1024x576.jpg\" alt=\"Pouca gente entende como esse h\u00edbrido nasce e por que \u00e9 est\u00e9ril\" class=\"wp-image-141591\" srcset=\"https:\/\/www.em.com.br\/emfoco\/wp-content\/uploads\/2025\/12\/Zebroide-_1765927249474-1024x576.jpg 1024w, https:\/\/www.em.com.br\/emfoco\/wp-content\/uploads\/2025\/12\/Zebroide-_1765927249474-300x169.jpg 300w, https:\/\/www.em.com.br\/emfoco\/wp-content\/uploads\/2025\/12\/Zebroide-_1765927249474-768x432.jpg 768w, https:\/\/www.em.com.br\/emfoco\/wp-content\/uploads\/2025\/12\/Zebroide-_1765927249474-750x422.jpg 750w, https:\/\/www.em.com.br\/emfoco\/wp-content\/uploads\/2025\/12\/Zebroide-_1765927249474-1140x641.jpg 1140w, https:\/\/www.em.com.br\/emfoco\/wp-content\/uploads\/2025\/12\/Zebroide-_1765927249474.jpg 1280w\" sizes=\"auto, (max-width: 1024px) 100vw, 1024px\" \/><figcaption class=\"wp-element-caption\">Pouca gente entende como esse h\u00edbrido nasce e por que \u00e9 est\u00e9ril &#8211; Cr\u00e9ditos: depositphotos.com \/ howdy76<\/figcaption><\/figure>\n\n\n\n<h2 class=\"wp-block-heading\">Quais s\u00e3o os principais cuidados na cria\u00e7\u00e3o de um zebr\u00f3ide <\/h2>\n\n\n\n<p>A cria\u00e7\u00e3o de um zebr\u00f3ide envolve responsabilidades pr\u00e1ticas e \u00e9ticas, j\u00e1 que se trata de um h\u00edbrido est\u00e9ril produzido por interven\u00e7\u00e3o humana. Seu uso pode estar ligado a estudos biol\u00f3gicos, programas educativos, turismo ou simples curiosidade, o que exige reflex\u00e3o s\u00e9ria sobre benef\u00edcios reais e riscos ao bem-estar animal.<\/p>\n\n\n\n<p>Para reduzir estresse e garantir qualidade de vida, \u00e9 fundamental oferecer estrutura adequada, rotina est\u00e1vel e acompanhamento especializado. Antes de promover esse tipo de cruzamento, alguns cuidados precisam ser considerados com aten\u00e7\u00e3o.<\/p>\n\n\n\n<ol class=\"wp-block-list\">\n<li>Avaliar se h\u00e1 estrutura adequada para manter zebra, cavalo e o futuro h\u00edbrido;<\/li>\n\n\n\n<li>Planejar a adapta\u00e7\u00e3o da zebra ao novo ambiente, com tempo e supervis\u00e3o constante;<\/li>\n\n\n\n<li>Garantir acompanhamento veterin\u00e1rio especializado em equ\u00eddeos h\u00edbridos;<\/li>\n\n\n\n<li>Definir com clareza o objetivo do cruzamento, priorizando o bem-estar animal;<\/li>\n\n\n\n<li>Monitorar o comportamento do zebr\u00f3ide ao longo da vida, ajustando manejo e rotina sempre que necess\u00e1rio.<\/li>\n<\/ol>\n\n\n\n<h2 class=\"wp-block-heading\">Por que o zebr\u00f3ide simboliza os limites da natureza e da a\u00e7\u00e3o humana<\/h2>\n\n\n\n<p>O zebr\u00f3ide \u00e9 um exemplo marcante de h\u00edbrido equino: visualmente singular, poss\u00edvel gra\u00e7as \u00e0 proximidade gen\u00e9tica entre cavalo e zebra, mas limitado pela esterilidade e por desafios de manejo. Ele lembra que nem todo experimento com animais tem sentido real e que a curiosidade humana precisa andar junto com responsabilidade.<\/p>\n\n\n\n<p>Se voc\u00ea pensa em apoiar, visitar ou divulgar projetos que envolvem esse tipo de cruzamento, questione hoje mesmo o prop\u00f3sito, as condi\u00e7\u00f5es de bem-estar e a transpar\u00eancia de quem os realiza; sua escolha agora pode ser decisiva para evitar pr\u00e1ticas abusivas e pressionar por experi\u00eancias mais \u00e9ticas e urgentes em defesa dos animais.<\/p>\n","protected":false},"excerpt":{"rendered":"<p>Zebr\u00f3ide \u00e9 o h\u00edbrido entre cavalo e zebra, poss\u00edvel por ambos pertencerem ao g\u00eanero Equus. Costuma ser est\u00e9ril, ter corpo semelhante ao cavalo, listras parciais e temperamento mais arisco, exigindo manejo e cuidados espec\u00edficos. A reprodu\u00e7\u00e3o entre esp\u00e9cies diferentes sempre despertou curiosidade, especialmente quando envolve animais muito presentes no cotidiano humano, como cavalo e zebra; [&hellip;]<\/p>\n","protected":false},"author":11,"featured_media":141598,"comment_status":"open","ping_status":"open","sticky":false,"template":"","format":"standard","meta":{"jnews-multi-image_gallery":[],"jnews_single_post":{"format":"standard"},"jnews_primary_category":[],"jnews_social_meta":[],"jnews_override_counter":[],"footnotes":""},"categories":[8819,1],"tags":[20835,20837,9791,20836],"class_list":["post-141175","post","type-post","status-publish","format-standard","has-post-thumbnail","hentry","category-curiosidades","category-noticias","tag-animal-raro","tag-cavalo","tag-zebra","tag-zebroide"],"yoast_head":"<!-- This site is optimized with the Yoast SEO plugin v23.8 - https:\/\/yoast.com\/wordpress\/plugins\/seo\/ -->\n<title>Qual o nome dado ao cruzamento entre uma zebra e um cavalo? - Estado de Minas - Em foco<\/title>\n<meta name=\"description\" content=\"O h\u00edbrido entre cavalo e zebra impressiona pelo visual, mas exige manejo cuidadoso e levanta discuss\u00f5es sobre bem-estar animal.\" \/>\n<meta name=\"robots\" content=\"index, follow, max-snippet:-1, max-image-preview:large, max-video-preview:-1\" \/>\n<link rel=\"canonical\" href=\"https:\/\/www.em.com.br\/emfoco\/2025\/12\/17\/qual-o-nome-dado-ao-cruzamento-entre-uma-zebra-e-um-cavalo\/\" \/>\n<meta property=\"og:locale\" content=\"pt_BR\" \/>\n<meta property=\"og:type\" content=\"article\" \/>\n<meta property=\"og:title\" content=\"Qual o nome dado ao cruzamento entre uma zebra e um cavalo? - Estado de Minas - Em foco\" \/>\n<meta property=\"og:description\" content=\"O h\u00edbrido entre cavalo e zebra impressiona pelo visual, mas exige manejo cuidadoso e levanta discuss\u00f5es sobre bem-estar animal.\" \/>\n<meta property=\"og:url\" content=\"https:\/\/www.em.com.br\/emfoco\/2025\/12\/17\/qual-o-nome-dado-ao-cruzamento-entre-uma-zebra-e-um-cavalo\/\" \/>\n<meta property=\"og:site_name\" content=\"Estado de Minas - Em foco\" \/>\n<meta property=\"article:published_time\" content=\"2025-12-17T19:05:00+00:00\" \/>\n<meta property=\"article:modified_time\" content=\"2025-12-17T00:03:24+00:00\" \/>\n<meta property=\"og:image\" content=\"https:\/\/www.em.com.br\/emfoco\/wp-content\/uploads\/2025\/12\/Gemini_Generated_Image_d9c9gad9c9gad9c9-1.png\" \/>\n\t<meta property=\"og:image:width\" content=\"1280\" \/>\n\t<meta property=\"og:image:height\" content=\"720\" \/>\n\t<meta property=\"og:image:type\" content=\"image\/png\" \/>\n<meta name=\"author\" content=\"Andre\u0301 Rangel\u00a0\" \/>\n<meta name=\"twitter:card\" content=\"summary_large_image\" \/>\n<meta name=\"twitter:label1\" content=\"Escrito por\" \/>\n\t<meta name=\"twitter:data1\" content=\"Andre\u0301 Rangel\u00a0\" \/>\n\t<meta name=\"twitter:label2\" content=\"Est. tempo de leitura\" \/>\n\t<meta name=\"twitter:data2\" content=\"5 minutos\" \/>\n<!-- \/ Yoast SEO plugin. -->","yoast_head_json":{"title":"Qual o nome dado ao cruzamento entre uma zebra e um cavalo? - Estado de Minas - Em foco","description":"O h\u00edbrido entre cavalo e zebra impressiona pelo visual, mas exige manejo cuidadoso e levanta discuss\u00f5es sobre bem-estar animal.","robots":{"index":"index","follow":"follow","max-snippet":"max-snippet:-1","max-image-preview":"max-image-preview:large","max-video-preview":"max-video-preview:-1"},"canonical":"https:\/\/www.em.com.br\/emfoco\/2025\/12\/17\/qual-o-nome-dado-ao-cruzamento-entre-uma-zebra-e-um-cavalo\/","og_locale":"pt_BR","og_type":"article","og_title":"Qual o nome dado ao cruzamento entre uma zebra e um cavalo? - Estado de Minas - Em foco","og_description":"O h\u00edbrido entre cavalo e zebra impressiona pelo visual, mas exige manejo cuidadoso e levanta discuss\u00f5es sobre bem-estar animal.","og_url":"https:\/\/www.em.com.br\/emfoco\/2025\/12\/17\/qual-o-nome-dado-ao-cruzamento-entre-uma-zebra-e-um-cavalo\/","og_site_name":"Estado de Minas - Em foco","article_published_time":"2025-12-17T19:05:00+00:00","article_modified_time":"2025-12-17T00:03:24+00:00","og_image":[{"width":1280,"height":720,"url":"https:\/\/www.em.com.br\/emfoco\/wp-content\/uploads\/2025\/12\/Gemini_Generated_Image_d9c9gad9c9gad9c9-1.png","type":"image\/png"}],"author":"Andre\u0301 Rangel\u00a0","twitter_card":"summary_large_image","twitter_misc":{"Escrito por":"Andre\u0301 Rangel\u00a0","Est. tempo de leitura":"5 minutos"},"schema":{"@context":"https:\/\/schema.org","@graph":[{"@type":"WebPage","@id":"https:\/\/www.em.com.br\/emfoco\/2025\/12\/17\/qual-o-nome-dado-ao-cruzamento-entre-uma-zebra-e-um-cavalo\/","url":"https:\/\/www.em.com.br\/emfoco\/2025\/12\/17\/qual-o-nome-dado-ao-cruzamento-entre-uma-zebra-e-um-cavalo\/","name":"Qual o nome dado ao cruzamento entre uma zebra e um cavalo? - Estado de Minas - Em foco","isPartOf":{"@id":"https:\/\/www.em.com.br\/emfoco\/#website"},"primaryImageOfPage":{"@id":"https:\/\/www.em.com.br\/emfoco\/2025\/12\/17\/qual-o-nome-dado-ao-cruzamento-entre-uma-zebra-e-um-cavalo\/#primaryimage"},"image":{"@id":"https:\/\/www.em.com.br\/emfoco\/2025\/12\/17\/qual-o-nome-dado-ao-cruzamento-entre-uma-zebra-e-um-cavalo\/#primaryimage"},"thumbnailUrl":"https:\/\/www.em.com.br\/emfoco\/wp-content\/uploads\/2025\/12\/Gemini_Generated_Image_d9c9gad9c9gad9c9-1.png","datePublished":"2025-12-17T19:05:00+00:00","dateModified":"2025-12-17T00:03:24+00:00","author":{"@id":"https:\/\/www.em.com.br\/emfoco\/#\/schema\/person\/60eda09c1fedf0d6891f4cef4b60b8b8"},"description":"O h\u00edbrido entre cavalo e zebra impressiona pelo visual, mas exige manejo cuidadoso e levanta discuss\u00f5es sobre bem-estar animal.","breadcrumb":{"@id":"https:\/\/www.em.com.br\/emfoco\/2025\/12\/17\/qual-o-nome-dado-ao-cruzamento-entre-uma-zebra-e-um-cavalo\/#breadcrumb"},"inLanguage":"pt-BR","potentialAction":[{"@type":"ReadAction","target":["https:\/\/www.em.com.br\/emfoco\/2025\/12\/17\/qual-o-nome-dado-ao-cruzamento-entre-uma-zebra-e-um-cavalo\/"]}]},{"@type":"ImageObject","inLanguage":"pt-BR","@id":"https:\/\/www.em.com.br\/emfoco\/2025\/12\/17\/qual-o-nome-dado-ao-cruzamento-entre-uma-zebra-e-um-cavalo\/#primaryimage","url":"https:\/\/www.em.com.br\/emfoco\/wp-content\/uploads\/2025\/12\/Gemini_Generated_Image_d9c9gad9c9gad9c9-1.png","contentUrl":"https:\/\/www.em.com.br\/emfoco\/wp-content\/uploads\/2025\/12\/Gemini_Generated_Image_d9c9gad9c9gad9c9-1.png","width":1280,"height":720,"caption":"O zebr\u00f3ide mostra at\u00e9 onde vai a curiosidade humana com animais"},{"@type":"BreadcrumbList","@id":"https:\/\/www.em.com.br\/emfoco\/2025\/12\/17\/qual-o-nome-dado-ao-cruzamento-entre-uma-zebra-e-um-cavalo\/#breadcrumb","itemListElement":[{"@type":"ListItem","position":1,"name":"In\u00edcio","item":"https:\/\/www.em.com.br\/emfoco\/"},{"@type":"ListItem","position":2,"name":"Qual o nome dado ao cruzamento entre uma zebra e um cavalo?"}]},{"@type":"WebSite","@id":"https:\/\/www.em.com.br\/emfoco\/#website","url":"https:\/\/www.em.com.br\/emfoco\/","name":"Estado de Minas - Em foco","description":"Acompanhe as \u00faltimas not\u00edcias e fique bem informado sobre tudo o que acontece em Minas Gerais, Brasil e no mundo.","potentialAction":[{"@type":"SearchAction","target":{"@type":"EntryPoint","urlTemplate":"https:\/\/www.em.com.br\/emfoco\/?s={search_term_string}"},"query-input":{"@type":"PropertyValueSpecification","valueRequired":true,"valueName":"search_term_string"}}],"inLanguage":"pt-BR"},{"@type":"Person","@id":"https:\/\/www.em.com.br\/emfoco\/#\/schema\/person\/60eda09c1fedf0d6891f4cef4b60b8b8","name":"Andre\u0301 Rangel\u00a0","image":{"@type":"ImageObject","inLanguage":"pt-BR","@id":"https:\/\/www.em.com.br\/emfoco\/#\/schema\/person\/image\/","url":"https:\/\/secure.gravatar.com\/avatar\/6234dc814c77c8ef6d8bba622c787efc?s=96&d=mm&r=g","contentUrl":"https:\/\/secure.gravatar.com\/avatar\/6234dc814c77c8ef6d8bba622c787efc?s=96&d=mm&r=g","caption":"Andre\u0301 Rangel\u00a0"},"url":"https:\/\/www.em.com.br\/emfoco\/author\/luizmyth\/"}]}},"_links":{"self":[{"href":"https:\/\/www.em.com.br\/emfoco\/wp-json\/wp\/v2\/posts\/141175","targetHints":{"allow":["GET"]}}],"collection":[{"href":"https:\/\/www.em.com.br\/emfoco\/wp-json\/wp\/v2\/posts"}],"about":[{"href":"https:\/\/www.em.com.br\/emfoco\/wp-json\/wp\/v2\/types\/post"}],"author":[{"embeddable":true,"href":"https:\/\/www.em.com.br\/emfoco\/wp-json\/wp\/v2\/users\/11"}],"replies":[{"embeddable":true,"href":"https:\/\/www.em.com.br\/emfoco\/wp-json\/wp\/v2\/comments?post=141175"}],"version-history":[{"count":4,"href":"https:\/\/www.em.com.br\/emfoco\/wp-json\/wp\/v2\/posts\/141175\/revisions"}],"predecessor-version":[{"id":141633,"href":"https:\/\/www.em.com.br\/emfoco\/wp-json\/wp\/v2\/posts\/141175\/revisions\/141633"}],"wp:featuredmedia":[{"embeddable":true,"href":"https:\/\/www.em.com.br\/emfoco\/wp-json\/wp\/v2\/media\/141598"}],"wp:attachment":[{"href":"https:\/\/www.em.com.br\/emfoco\/wp-json\/wp\/v2\/media?parent=141175"}],"wp:term":[{"taxonomy":"category","embeddable":true,"href":"https:\/\/www.em.com.br\/emfoco\/wp-json\/wp\/v2\/categories?post=141175"},{"taxonomy":"post_tag","embeddable":true,"href":"https:\/\/www.em.com.br\/emfoco\/wp-json\/wp\/v2\/tags?post=141175"}],"curies":[{"name":"wp","href":"https:\/\/api.w.org\/{rel}","templated":true}]}}