{"id":141092,"date":"2025-12-17T15:25:41","date_gmt":"2025-12-17T18:25:41","guid":{"rendered":"https:\/\/www.em.com.br\/emfoco\/?p=141092"},"modified":"2025-12-16T16:42:52","modified_gmt":"2025-12-16T19:42:52","slug":"alongamento-diario-para-cuidar-da-lombar-e-manter-a-mobilidade-apos-os-50-anos","status":"publish","type":"post","link":"https:\/\/www.em.com.br\/emfoco\/2025\/12\/17\/alongamento-diario-para-cuidar-da-lombar-e-manter-a-mobilidade-apos-os-50-anos\/","title":{"rendered":"Alongamento di\u00e1rio para cuidar da lombar e manter a mobilidade ap\u00f3s os 50 anos"},"content":{"rendered":"\n<h2 class=\"wp-block-heading\">Ap\u00f3s os 50 anos, alongamentos da cadeia posterior ajudam a reduzir dores lombares, aumentar flexibilidade e melhorar postura. Pr\u00e1tica regular melhora mobilidade, circula\u00e7\u00e3o, seguran\u00e7a nos movimentos e preserva autonomia no dia a dia.<\/h2>\n\n\n\n<p>Voc\u00ea j\u00e1 percebeu como, depois dos 50, a coluna parece reclamar mais ao <strong>levantar da cama<\/strong>, ficar muito tempo sentado ou pegar algo no ch\u00e3o? Com o avan\u00e7o da idade, muitas pessoas relatam o aumento de <strong>desconfortos<\/strong> na regi\u00e3o lombar. Ap\u00f3s os 50 anos, altera\u00e7\u00f5es naturais nas articula\u00e7\u00f5es, nos discos intervertebrais e na musculatura tendem a deixar a <strong>coluna<\/strong> mais sens\u00edvel, e uma boa t\u00e9cnica de alongamento pode ajudar a reduzir dores e melhorar a <b>mobilidade<\/b> no dia a dia.<\/p>\n\n\n\n<h2 class=\"wp-block-heading\">Como o alongamento pode ajudar a cuidar da lombar ap\u00f3s os 50 anos<\/h2>\n\n\n\n<p>Entre as diferentes formas de cuidar da coluna, o <strong>alongamento<\/strong> tem ganhado destaque por ser simples, acess\u00edvel e poss\u00edvel de realizar em casa, sem equipamentos complexos. Quando bem orientado, esse tipo de exerc\u00edcio contribui para <b>relaxar a musculatura<\/b> tensa, aumentar a flexibilidade e diminuir a sobrecarga sobre a regi\u00e3o lombar, favorecendo tamb\u00e9m a <strong>preven\u00e7\u00e3o de les\u00f5es<\/strong>.<\/p>\n\n\n\n<p>Para quem tem mais de 50 anos, a pr\u00e1tica regular de <strong>alongamento<\/strong> pode significar menos dor para caminhar, sentar e fazer tarefas simples do dia a dia. Al\u00e9m disso, \u00e9 uma forma de se manter <b>ativo<\/b> com baixo impacto, respeitando os limites do corpo e preservando a <strong>autonomia<\/strong>.<\/p>\n\n\n<div class=\"wp-block-image\">\n<figure class=\"aligncenter size-large\"><img loading=\"lazy\" decoding=\"async\" width=\"1024\" height=\"576\" src=\"https:\/\/www.em.com.br\/emfoco\/wp-content\/uploads\/2025\/12\/alongamento-lombar_1765883794661-1024x576.jpg\" alt=\"alongamento para lombar\" class=\"wp-image-141130\" srcset=\"https:\/\/www.em.com.br\/emfoco\/wp-content\/uploads\/2025\/12\/alongamento-lombar_1765883794661-1024x576.jpg 1024w, https:\/\/www.em.com.br\/emfoco\/wp-content\/uploads\/2025\/12\/alongamento-lombar_1765883794661-300x169.jpg 300w, https:\/\/www.em.com.br\/emfoco\/wp-content\/uploads\/2025\/12\/alongamento-lombar_1765883794661-768x432.jpg 768w, https:\/\/www.em.com.br\/emfoco\/wp-content\/uploads\/2025\/12\/alongamento-lombar_1765883794661-750x422.jpg 750w, https:\/\/www.em.com.br\/emfoco\/wp-content\/uploads\/2025\/12\/alongamento-lombar_1765883794661-1140x641.jpg 1140w, https:\/\/www.em.com.br\/emfoco\/wp-content\/uploads\/2025\/12\/alongamento-lombar_1765883794661.jpg 1280w\" sizes=\"auto, (max-width: 1024px) 100vw, 1024px\" \/><figcaption class=\"wp-element-caption\">Para quem tem mais de 50 anos, a pr\u00e1tica regular de alongamento pode significar menos dor para caminhar, &#8211; Cr\u00e9ditos: depositphotos.com \/ undrey<\/figcaption><\/figure><\/div>\n\n\n<p>Leia tamb\u00e9m:&nbsp;<a href=\"https:\/\/www.em.com.br\/emfoco\/2025\/12\/14\/exagerou-na-bebida-saiba-como-recuperar-o-figado-com-plantas-naturais\/\" target=\"_blank\" rel=\"noopener\">Exagerou na bebida? Saiba como recuperar o f\u00edgado com plantas naturais<\/a><\/p>\n\n\n\n<h2 class=\"wp-block-heading\">Qual \u00e9 a t\u00e9cnica de alongamento ideal para reduzir dores lombares<\/h2>\n\n\n\n<p>Uma das pr\u00e1ticas mais recomendadas \u00e9 o alongamento da <b>cadeia posterior<\/b>, que envolve m\u00fasculos das costas, gl\u00fateos e parte de tr\u00e1s das pernas, muito ligados \u00e0 postura e ao <strong>equil\u00edbrio<\/strong> da coluna.<\/p>\n\n\n\n<p>Um exemplo simples consiste em deitar de barriga para cima, com os joelhos dobrados, e trazer uma perna de cada vez em dire\u00e7\u00e3o ao peito, mantendo a outra apoiada no ch\u00e3o. Esse movimento alonga a <strong>regi\u00e3o lombar<\/strong> de forma suave e controlada, sendo uma op\u00e7\u00e3o de <b>baixo impacto<\/b>, que permite ajustes de intensidade conforme a condi\u00e7\u00e3o f\u00edsica de cada pessoa e contribui para maior <strong>seguran\u00e7a<\/strong> nos movimentos.<\/p>\n\n\n\n<h2 class=\"wp-block-heading\">Por que essa t\u00e9cnica de alongamento ajuda a diminuir dores lombares<\/h2>\n\n\n\n<p>A redu\u00e7\u00e3o da dor lombar est\u00e1 diretamente relacionada ao <strong>equil\u00edbrio<\/strong> entre for\u00e7a e <b>flexibilidade<\/b> na regi\u00e3o da coluna. Ap\u00f3s os 50 anos, \u00e9 comum ocorrer perda de massa muscular e encurtamento de tend\u00f5es e ligamentos, o que aumenta a sensa\u00e7\u00e3o de peso e <strong>travamento<\/strong> na lombar.<\/p>\n\n\n\n<p>A <strong>t\u00e9cnica de alongamento<\/strong> adequada atua justamente nesses pontos, promovendo maior elasticidade e diminuindo a rigidez que sobrecarrega a regi\u00e3o. Com o uso frequente, o corpo passa a se movimentar com mais <b>liberdade<\/b>, reduzindo o risco de crises de dor mais <strong>intensas<\/strong>.<\/p>\n\n\n\n<iframe loading=\"lazy\" src=\"https:\/\/assets.pinterest.com\/ext\/embed.html?id=928234173176003067\" height=\"714\" width=\"345\" frameborder=\"0\" scrolling=\"no\" ><\/iframe>\n\n\n\n<h2 class=\"wp-block-heading\">Quais s\u00e3o os principais benef\u00edcios do alongamento para a lombar<\/h2>\n\n\n\n<p>Esse tipo de exerc\u00edcio ajuda de diferentes maneiras e contribui para que a rotina fique mais leve, com menos dor e mais <strong>disposi\u00e7\u00e3o<\/strong>. Ao alongar regularmente, a pessoa percebe, pouco a pouco, melhorias nas atividades simples, como caminhar, subir escadas ou varrer a casa, al\u00e9m de maior <b>confian\u00e7a<\/b> ao se movimentar e melhor percep\u00e7\u00e3o da pr\u00f3pria <strong>postura<\/strong>.<\/p>\n\n\n<div class=\"wp-block-image\">\n<figure class=\"aligncenter size-large\"><img loading=\"lazy\" decoding=\"async\" width=\"1024\" height=\"576\" src=\"https:\/\/www.em.com.br\/emfoco\/wp-content\/uploads\/2025\/12\/Gemini_Generated_Image_71xhq971xhq971xh-1-1024x576.png\" alt=\"\" class=\"wp-image-141351\" srcset=\"https:\/\/www.em.com.br\/emfoco\/wp-content\/uploads\/2025\/12\/Gemini_Generated_Image_71xhq971xhq971xh-1-1024x576.png 1024w, https:\/\/www.em.com.br\/emfoco\/wp-content\/uploads\/2025\/12\/Gemini_Generated_Image_71xhq971xhq971xh-1-300x169.png 300w, https:\/\/www.em.com.br\/emfoco\/wp-content\/uploads\/2025\/12\/Gemini_Generated_Image_71xhq971xhq971xh-1-768x432.png 768w, https:\/\/www.em.com.br\/emfoco\/wp-content\/uploads\/2025\/12\/Gemini_Generated_Image_71xhq971xhq971xh-1-750x422.png 750w, https:\/\/www.em.com.br\/emfoco\/wp-content\/uploads\/2025\/12\/Gemini_Generated_Image_71xhq971xhq971xh-1-1140x641.png 1140w, https:\/\/www.em.com.br\/emfoco\/wp-content\/uploads\/2025\/12\/Gemini_Generated_Image_71xhq971xhq971xh-1.png 1280w\" sizes=\"auto, (max-width: 1024px) 100vw, 1024px\" \/><figcaption class=\"wp-element-caption\">Se voc\u00ea sente que a lombar est\u00e1 atrapalhando sua rotina, considere iniciar esses alongamentos de forma leve<\/figcaption><\/figure><\/div>\n\n\n<h2 class=\"wp-block-heading\">Como o alongamento ajuda na autonomia e seguran\u00e7a depois dos 50<\/h2>\n\n\n\n<p>Para a popula\u00e7\u00e3o com mais de 50 anos, a <strong>t\u00e9cnica de alongamento<\/strong> tamb\u00e9m representa uma estrat\u00e9gia de manuten\u00e7\u00e3o da autonomia funcional. Movimentos simples, como abaixar para pegar um objeto ou <b>levantar da cama<\/b>, tendem a se tornar mais seguros quando a lombar est\u00e1 menos r\u00edgida e melhor <strong>preparada<\/strong>.<\/p>\n\n\n\n<p>Com a pr\u00e1tica constante, muitas pessoas relatam sentir mais <strong>confian\u00e7a<\/strong> nos movimentos do dia a dia, menos medo de \u201ctravar\u201d a coluna e uma sensa\u00e7\u00e3o maior de controle sobre o pr\u00f3prio corpo. Isso impacta diretamente na <b>qualidade de vida<\/b> e na <strong>independ\u00eancia<\/strong>.<\/p>\n\n\n\n<p>Para voc\u00ea que quer aprofundar, separamos um v\u00eddeo do canal do <a href=\"https:\/\/www.youtube.com\/channel\/UCvphc_K3Cd0YFTygQsvKUEQ\" target=\"_blank\" rel=\"noopener\">Aur\u00e9lio Alfieri<\/a> que mostra alongamentos para melhorar dor na lombar:<\/p>\n\n\n\n<figure class=\"wp-block-embed is-type-video is-provider-youtube wp-block-embed-youtube wp-embed-aspect-16-9 wp-has-aspect-ratio\"><div class=\"wp-block-embed__wrapper\">\n<div class=\"jeg_video_container jeg_video_content\"><iframe loading=\"lazy\" title=\"Melhor ALONGAMENTO para COLUNA LOMBAR | Evite dor nas Costas | N\u00edvel 3 e 4\" width=\"500\" height=\"281\" src=\"https:\/\/www.youtube.com\/embed\/QEzj6OMR3t8?feature=oembed\" frameborder=\"0\" allow=\"accelerometer; autoplay; clipboard-write; encrypted-media; gyroscope; picture-in-picture; web-share\" referrerpolicy=\"strict-origin-when-cross-origin\" allowfullscreen><\/iframe><\/div>\n<\/div><\/figure>\n\n\n\n<h2 class=\"wp-block-heading\">Pr\u00f3ximos passos para cuidar melhor da sua lombar<\/h2>\n\n\n\n<p>A <strong>t\u00e9cnica de alongamento<\/strong> direcionada \u00e0 regi\u00e3o lombar, quando bem executada e adaptada \u00e0 realidade de quem tem mais de 50 anos, torna-se uma ferramenta importante no controle de dores comuns. Com pr\u00e1tica consistente, \u00e9 poss\u00edvel sentir mais <b>conforto<\/b> ao sentar, caminhar e realizar tarefas di\u00e1rias, sem depender apenas de <strong>medicamentos<\/strong>.<\/p>\n\n\n\n<p>Se voc\u00ea sente que a lombar est\u00e1 atrapalhando sua rotina, considere iniciar esses alongamentos de forma leve e, se poss\u00edvel, com orienta\u00e7\u00e3o profissional. D\u00ea o primeiro passo hoje: escolha um hor\u00e1rio tranquilo, separe um colchonete e comece com poucos minutos. Seu corpo e sua <strong>qualidade<\/strong> de vida tendem a agradecer nos pr\u00f3ximos anos, favorecendo um envelhecimento mais <b>ativo<\/b> e independente.<\/p>\n","protected":false},"excerpt":{"rendered":"<p>Ap\u00f3s os 50 anos, alongamentos da cadeia posterior ajudam a reduzir dores lombares, aumentar flexibilidade e melhorar postura. Pr\u00e1tica regular melhora mobilidade, circula\u00e7\u00e3o, seguran\u00e7a nos movimentos e preserva autonomia no dia a dia. Voc\u00ea j\u00e1 percebeu como, depois dos 50, a coluna parece reclamar mais ao levantar da cama, ficar muito tempo sentado ou pegar [&hellip;]<\/p>\n","protected":false},"author":9,"featured_media":141348,"comment_status":"open","ping_status":"open","sticky":false,"template":"","format":"standard","meta":{"jnews-multi-image_gallery":[],"jnews_single_post":{"format":"standard"},"jnews_primary_category":[],"jnews_social_meta":[],"jnews_override_counter":[],"footnotes":""},"categories":[8691,8819,1],"tags":[9688,10598,20782],"class_list":["post-141092","post","type-post","status-publish","format-standard","has-post-thumbnail","hentry","category-bem-estar","category-curiosidades","category-noticias","tag-dores","tag-lombar","tag-tecnica-alongamento"],"yoast_head":"<!-- This site is optimized with the Yoast SEO plugin v23.8 - https:\/\/yoast.com\/wordpress\/plugins\/seo\/ -->\n<title>Alongamento di\u00e1rio para cuidar da lombar e manter a mobilidade ap\u00f3s os 50 anos - Estado de Minas - Em foco<\/title>\n<meta name=\"description\" content=\"Dor lombar ap\u00f3s os 50? Aprenda a t\u00e9cnica simples de trazer os joelhos ao peito para aliviar a tens\u00e3o, melhorar a postura e garantir sua autonomia di\u00e1ria.\" \/>\n<meta name=\"robots\" content=\"index, follow, max-snippet:-1, max-image-preview:large, max-video-preview:-1\" \/>\n<link rel=\"canonical\" href=\"https:\/\/www.em.com.br\/emfoco\/2025\/12\/17\/alongamento-diario-para-cuidar-da-lombar-e-manter-a-mobilidade-apos-os-50-anos\/\" \/>\n<meta property=\"og:locale\" content=\"pt_BR\" \/>\n<meta property=\"og:type\" content=\"article\" \/>\n<meta property=\"og:title\" content=\"Alongamento di\u00e1rio para cuidar da lombar e manter a mobilidade ap\u00f3s os 50 anos - Estado de Minas - Em foco\" \/>\n<meta property=\"og:description\" content=\"Dor lombar ap\u00f3s os 50? Aprenda a t\u00e9cnica simples de trazer os joelhos ao peito para aliviar a tens\u00e3o, melhorar a postura e garantir sua autonomia di\u00e1ria.\" \/>\n<meta property=\"og:url\" content=\"https:\/\/www.em.com.br\/emfoco\/2025\/12\/17\/alongamento-diario-para-cuidar-da-lombar-e-manter-a-mobilidade-apos-os-50-anos\/\" \/>\n<meta property=\"og:site_name\" content=\"Estado de Minas - Em foco\" \/>\n<meta property=\"article:published_time\" content=\"2025-12-17T18:25:41+00:00\" \/>\n<meta property=\"article:modified_time\" content=\"2025-12-16T19:42:52+00:00\" \/>\n<meta property=\"og:image\" content=\"https:\/\/www.em.com.br\/emfoco\/wp-content\/uploads\/2025\/12\/alongamento-idoso_1765913937689.jpg\" \/>\n\t<meta property=\"og:image:width\" content=\"1280\" \/>\n\t<meta property=\"og:image:height\" content=\"720\" \/>\n\t<meta property=\"og:image:type\" content=\"image\/jpeg\" \/>\n<meta name=\"author\" content=\"Daniely Cardoso\" \/>\n<meta name=\"twitter:card\" content=\"summary_large_image\" \/>\n<meta name=\"twitter:label1\" content=\"Escrito por\" \/>\n\t<meta name=\"twitter:data1\" content=\"Daniely Cardoso\" \/>\n\t<meta name=\"twitter:label2\" content=\"Est. tempo de leitura\" \/>\n\t<meta name=\"twitter:data2\" content=\"6 minutos\" \/>\n<!-- \/ Yoast SEO plugin. -->","yoast_head_json":{"title":"Alongamento di\u00e1rio para cuidar da lombar e manter a mobilidade ap\u00f3s os 50 anos - Estado de Minas - Em foco","description":"Dor lombar ap\u00f3s os 50? Aprenda a t\u00e9cnica simples de trazer os joelhos ao peito para aliviar a tens\u00e3o, melhorar a postura e garantir sua autonomia di\u00e1ria.","robots":{"index":"index","follow":"follow","max-snippet":"max-snippet:-1","max-image-preview":"max-image-preview:large","max-video-preview":"max-video-preview:-1"},"canonical":"https:\/\/www.em.com.br\/emfoco\/2025\/12\/17\/alongamento-diario-para-cuidar-da-lombar-e-manter-a-mobilidade-apos-os-50-anos\/","og_locale":"pt_BR","og_type":"article","og_title":"Alongamento di\u00e1rio para cuidar da lombar e manter a mobilidade ap\u00f3s os 50 anos - Estado de Minas - Em foco","og_description":"Dor lombar ap\u00f3s os 50? Aprenda a t\u00e9cnica simples de trazer os joelhos ao peito para aliviar a tens\u00e3o, melhorar a postura e garantir sua autonomia di\u00e1ria.","og_url":"https:\/\/www.em.com.br\/emfoco\/2025\/12\/17\/alongamento-diario-para-cuidar-da-lombar-e-manter-a-mobilidade-apos-os-50-anos\/","og_site_name":"Estado de Minas - Em foco","article_published_time":"2025-12-17T18:25:41+00:00","article_modified_time":"2025-12-16T19:42:52+00:00","og_image":[{"width":1280,"height":720,"url":"https:\/\/www.em.com.br\/emfoco\/wp-content\/uploads\/2025\/12\/alongamento-idoso_1765913937689.jpg","type":"image\/jpeg"}],"author":"Daniely Cardoso","twitter_card":"summary_large_image","twitter_misc":{"Escrito por":"Daniely Cardoso","Est. tempo de leitura":"6 minutos"},"schema":{"@context":"https:\/\/schema.org","@graph":[{"@type":"WebPage","@id":"https:\/\/www.em.com.br\/emfoco\/2025\/12\/17\/alongamento-diario-para-cuidar-da-lombar-e-manter-a-mobilidade-apos-os-50-anos\/","url":"https:\/\/www.em.com.br\/emfoco\/2025\/12\/17\/alongamento-diario-para-cuidar-da-lombar-e-manter-a-mobilidade-apos-os-50-anos\/","name":"Alongamento di\u00e1rio para cuidar da lombar e manter a mobilidade ap\u00f3s os 50 anos - Estado de Minas - Em foco","isPartOf":{"@id":"https:\/\/www.em.com.br\/emfoco\/#website"},"primaryImageOfPage":{"@id":"https:\/\/www.em.com.br\/emfoco\/2025\/12\/17\/alongamento-diario-para-cuidar-da-lombar-e-manter-a-mobilidade-apos-os-50-anos\/#primaryimage"},"image":{"@id":"https:\/\/www.em.com.br\/emfoco\/2025\/12\/17\/alongamento-diario-para-cuidar-da-lombar-e-manter-a-mobilidade-apos-os-50-anos\/#primaryimage"},"thumbnailUrl":"https:\/\/www.em.com.br\/emfoco\/wp-content\/uploads\/2025\/12\/alongamento-idoso_1765913937689.jpg","datePublished":"2025-12-17T18:25:41+00:00","dateModified":"2025-12-16T19:42:52+00:00","author":{"@id":"https:\/\/www.em.com.br\/emfoco\/#\/schema\/person\/0a8186d72f2c3a5c6276d90b41f271a0"},"description":"Dor lombar ap\u00f3s os 50? Aprenda a t\u00e9cnica simples de trazer os joelhos ao peito para aliviar a tens\u00e3o, melhorar a postura e garantir sua autonomia di\u00e1ria.","breadcrumb":{"@id":"https:\/\/www.em.com.br\/emfoco\/2025\/12\/17\/alongamento-diario-para-cuidar-da-lombar-e-manter-a-mobilidade-apos-os-50-anos\/#breadcrumb"},"inLanguage":"pt-BR","potentialAction":[{"@type":"ReadAction","target":["https:\/\/www.em.com.br\/emfoco\/2025\/12\/17\/alongamento-diario-para-cuidar-da-lombar-e-manter-a-mobilidade-apos-os-50-anos\/"]}]},{"@type":"ImageObject","inLanguage":"pt-BR","@id":"https:\/\/www.em.com.br\/emfoco\/2025\/12\/17\/alongamento-diario-para-cuidar-da-lombar-e-manter-a-mobilidade-apos-os-50-anos\/#primaryimage","url":"https:\/\/www.em.com.br\/emfoco\/wp-content\/uploads\/2025\/12\/alongamento-idoso_1765913937689.jpg","contentUrl":"https:\/\/www.em.com.br\/emfoco\/wp-content\/uploads\/2025\/12\/alongamento-idoso_1765913937689.jpg","width":1280,"height":720,"caption":"Entre as diferentes formas de cuidar da coluna, o alongamento tem ganhado destaque por ser simples - Cr\u00e9ditos: depositphotos.com \/ SeventyFour"},{"@type":"BreadcrumbList","@id":"https:\/\/www.em.com.br\/emfoco\/2025\/12\/17\/alongamento-diario-para-cuidar-da-lombar-e-manter-a-mobilidade-apos-os-50-anos\/#breadcrumb","itemListElement":[{"@type":"ListItem","position":1,"name":"In\u00edcio","item":"https:\/\/www.em.com.br\/emfoco\/"},{"@type":"ListItem","position":2,"name":"Alongamento di\u00e1rio para cuidar da lombar e manter a mobilidade ap\u00f3s os 50 anos"}]},{"@type":"WebSite","@id":"https:\/\/www.em.com.br\/emfoco\/#website","url":"https:\/\/www.em.com.br\/emfoco\/","name":"Estado de Minas - Em foco","description":"Acompanhe as \u00faltimas not\u00edcias e fique bem informado sobre tudo o que acontece em Minas Gerais, Brasil e no mundo.","potentialAction":[{"@type":"SearchAction","target":{"@type":"EntryPoint","urlTemplate":"https:\/\/www.em.com.br\/emfoco\/?s={search_term_string}"},"query-input":{"@type":"PropertyValueSpecification","valueRequired":true,"valueName":"search_term_string"}}],"inLanguage":"pt-BR"},{"@type":"Person","@id":"https:\/\/www.em.com.br\/emfoco\/#\/schema\/person\/0a8186d72f2c3a5c6276d90b41f271a0","name":"Daniely Cardoso","image":{"@type":"ImageObject","inLanguage":"pt-BR","@id":"https:\/\/www.em.com.br\/emfoco\/#\/schema\/person\/image\/","url":"https:\/\/secure.gravatar.com\/avatar\/4b80ddbd124d1f071b626d52d62e5dff?s=96&d=mm&r=g","contentUrl":"https:\/\/secure.gravatar.com\/avatar\/4b80ddbd124d1f071b626d52d62e5dff?s=96&d=mm&r=g","caption":"Daniely Cardoso"},"url":"https:\/\/www.em.com.br\/emfoco\/author\/danielymyth\/"}]}},"_links":{"self":[{"href":"https:\/\/www.em.com.br\/emfoco\/wp-json\/wp\/v2\/posts\/141092","targetHints":{"allow":["GET"]}}],"collection":[{"href":"https:\/\/www.em.com.br\/emfoco\/wp-json\/wp\/v2\/posts"}],"about":[{"href":"https:\/\/www.em.com.br\/emfoco\/wp-json\/wp\/v2\/types\/post"}],"author":[{"embeddable":true,"href":"https:\/\/www.em.com.br\/emfoco\/wp-json\/wp\/v2\/users\/9"}],"replies":[{"embeddable":true,"href":"https:\/\/www.em.com.br\/emfoco\/wp-json\/wp\/v2\/comments?post=141092"}],"version-history":[{"count":5,"href":"https:\/\/www.em.com.br\/emfoco\/wp-json\/wp\/v2\/posts\/141092\/revisions"}],"predecessor-version":[{"id":141352,"href":"https:\/\/www.em.com.br\/emfoco\/wp-json\/wp\/v2\/posts\/141092\/revisions\/141352"}],"wp:featuredmedia":[{"embeddable":true,"href":"https:\/\/www.em.com.br\/emfoco\/wp-json\/wp\/v2\/media\/141348"}],"wp:attachment":[{"href":"https:\/\/www.em.com.br\/emfoco\/wp-json\/wp\/v2\/media?parent=141092"}],"wp:term":[{"taxonomy":"category","embeddable":true,"href":"https:\/\/www.em.com.br\/emfoco\/wp-json\/wp\/v2\/categories?post=141092"},{"taxonomy":"post_tag","embeddable":true,"href":"https:\/\/www.em.com.br\/emfoco\/wp-json\/wp\/v2\/tags?post=141092"}],"curies":[{"name":"wp","href":"https:\/\/api.w.org\/{rel}","templated":true}]}}