{"id":141060,"date":"2025-12-18T08:30:00","date_gmt":"2025-12-18T11:30:00","guid":{"rendered":"https:\/\/www.em.com.br\/emfoco\/?p=141060"},"modified":"2025-12-17T23:00:30","modified_gmt":"2025-12-18T02:00:30","slug":"inss-emite-aviso-para-todos-os-aposentados-que-recebem-beneficios-em-2026","status":"publish","type":"post","link":"https:\/\/www.em.com.br\/emfoco\/2025\/12\/18\/inss-emite-aviso-para-todos-os-aposentados-que-recebem-beneficios-em-2026\/","title":{"rendered":"INSS emite aviso para todos os aposentados que recebem benef\u00edcios em 2026"},"content":{"rendered":"\n<h2 class=\"wp-block-heading\">A portabilidade banc\u00e1ria do INSS permite trocar o banco do benef\u00edcio sem custo ou mudan\u00e7a de valor. O pedido pode ser feito pelo Meu INSS, banco de destino ou 135. Em 2026, a Lei 15.252\/25 acelera prazos e refor\u00e7a a seguran\u00e7a.<\/h2>\n\n\n\n<p>A portabilidade banc\u00e1ria do INSS se tornou uma aliada importante para aposentados e pensionistas que querem mais autonomia e praticidade no recebimento dos benef\u00edcios, permitindo trocar de banco sem custo, reduzir tarifas, organizar melhor o or\u00e7amento e evitar deslocamentos frequentes \u00e0s ag\u00eancias, tudo com mais seguran\u00e7a, acesso facilitado a servi\u00e7os digitais e novas garantias a partir de 2026 com a<a href=\"https:\/\/www.planalto.gov.br\/ccivil_03\/_ato2023-2026\/2025\/lei\/L15252.htm\" target=\"_blank\" rel=\"noreferrer noopener\"> Lei 15.252\/25<\/a>.<\/p>\n\n\n\n<h2 class=\"wp-block-heading\">O que \u00e9 portabilidade banc\u00e1ria do INSS e como funciona na pr\u00e1tica<\/h2>\n\n\n\n<p>A <strong>portabilidade banc\u00e1ria do INSS<\/strong> \u00e9 o direito de transferir o local de recebimento do benef\u00edcio para outro banco, sem cobran\u00e7a de taxa e sem altera\u00e7\u00e3o no valor pago. O cr\u00e9dito continua sendo realizado pelo INSS, mas o dep\u00f3sito final passa a ser feito na institui\u00e7\u00e3o escolhida pelo titular.<\/p>\n\n\n\n<p>Essa mudan\u00e7a n\u00e3o interfere na aposentadoria ou pens\u00e3o, apenas no banco respons\u00e1vel por disponibilizar o dinheiro. A partir de 2026, a <strong>Lei 15.252\/25 <\/strong>refor\u00e7a a portabilidade autom\u00e1tica, com mais rapidez, menos burocracia e regras claras de identifica\u00e7\u00e3o e seguran\u00e7a.<\/p>\n\n\n\n<figure class=\"wp-block-image\"><img decoding=\"async\" src=\"https:\/\/www.em.com.br\/emfoco\/wp-content\/uploads\/2025\/12\/Gemini_Generated_Image_ls0stls0stls0stl-1-1024x576.png\" alt=\"\"\/><figcaption class=\"wp-element-caption\">O pedido de portabilidade \u00e9 feito principalmente pelo Meu INSS<\/figcaption><\/figure>\n\n\n\n<h2 class=\"wp-block-heading\">Como solicitar a portabilidade banc\u00e1ria do INSS pela internet e outros canais<\/h2>\n\n\n\n<p>O pedido de portabilidade \u00e9 feito principalmente pelo Meu INSS, em site ou aplicativo, sem necessidade de ir a uma ag\u00eancia. O segurado acessa a plataforma com CPF e senha gov.br, informa os novos dados banc\u00e1rios e acompanha o andamento do pedido.<\/p>\n\n\n\n<p>Al\u00e9m disso, a partir de 2026 o segurado passa a contar com tr\u00eas canais principais e gratuitos para solicitar a altera\u00e7\u00e3o do local de pagamento, todos com registro eletr\u00f4nico e rastre\u00e1vel:<\/p>\n\n\n\n<ul class=\"wp-block-list\">\n<li><strong><a href=\"https:\/\/www.gov.br\/inss\/pt-br\/canais_atendimento\/meu-inss\" target=\"_blank\" rel=\"noreferrer noopener\">Meu INSS<\/a> (app ou site)<\/strong>: servi\u00e7o \u201cAlterar Local ou Forma de Pagamento\u201d, informando banco, ag\u00eancia e conta;<\/li>\n\n\n\n<li><strong>Banco de destino<\/strong>: pelo aplicativo ou ag\u00eancia f\u00edsica, que envia o pedido ao INSS e ao banco de origem;<\/li>\n\n\n\n<li><strong>Telefone 135<\/strong>: central do INSS, que orienta, registra a solicita\u00e7\u00e3o e informa prazos.<\/li>\n<\/ul>\n\n\n\n<h2 class=\"wp-block-heading\">Qual \u00e9 o prazo para concluir a portabilidade banc\u00e1ria do INSS<\/h2>\n\n\n\n<p>O prazo para conclus\u00e3o da portabilidade varia conforme a institui\u00e7\u00e3o financeira, mas normalmente fica entre 10 e 30 dias, com muitos casos sendo efetivados em cerca de 15 dias. At\u00e9 a confirma\u00e7\u00e3o, o cr\u00e9dito continua sendo pago no banco original, garantindo a continuidade do recebimento.<\/p>\n\n\n\n<p>Com as novas regras de 2026, o banco de origem deve repassar os valores ao banco de destino em at\u00e9 2 dias \u00fateis ap\u00f3s o recebimento do cr\u00e9dito do INSS, n\u00e3o podendo recusar o pedido sem justificativa formal. Para novos benefici\u00e1rios, \u00e9 obrigat\u00f3rio receber o primeiro pagamento no banco indicado pelo INSS antes de pedir a mudan\u00e7a.<\/p>\n\n\n\n<figure class=\"wp-block-image\"><img decoding=\"async\" src=\"https:\/\/www.em.com.br\/emfoco\/wp-content\/uploads\/2025\/03\/inss_1741449260760-1024x576.jpg\" alt=\"\"\/><figcaption class=\"wp-element-caption\">O pedido de portabilidade \u00e9 feito principalmente pelo Meu INSS &#8211; Cr\u00e9ditos: depositphotos.com \/ rmcarvalhobsb<\/figcaption><\/figure>\n\n\n\n<h2 class=\"wp-block-heading\">Quem tem empr\u00e9stimo consignado pode fazer portabilidade do INSS<\/h2>\n\n\n\n<p>Quem possui empr\u00e9stimo consignado ativo tamb\u00e9m pode fazer a portabilidade banc\u00e1ria do INSS, pois o desconto das parcelas continua sendo feito diretamente na folha do benef\u00edcio. O valor l\u00edquido \u00e9 enviado ao novo banco, sem prejudicar o contrato j\u00e1 firmado com a institui\u00e7\u00e3o de origem.<\/p>\n\n\n\n<p>Muitos bancos oferecem ainda a portabilidade do cr\u00e9dito consignado, migrando a d\u00edvida para juros menores, desde que respeitados os limites de margem consign\u00e1vel. A partir de 2026, essa migra\u00e7\u00e3o depende da aceita\u00e7\u00e3o do novo banco, sendo importante confirmar antes as condi\u00e7\u00f5es de taxa, prazo e eventuais seguros agregados.<\/p>\n\n\n\n<h2 class=\"wp-block-heading\">Por que usar a portabilidade banc\u00e1ria do INSS para proteger sua renda<\/h2>\n\n\n\n<p>A portabilidade banc\u00e1ria do INSS amplia a liberdade de escolha, permitindo reduzir tarifas, concentrar movimenta\u00e7\u00f5es e priorizar bancos com melhor atendimento digital e servi\u00e7os pensados para aposentados e pensionistas. Em 2026, com piso perto de <strong>R$ 1.621<\/strong> e teto pr\u00f3ximo de <strong>R$ 8.500<\/strong>, escolher bem o banco significa preservar renda e qualidade de vida.<\/p>\n\n\n\n<p>Se o seu banco n\u00e3o atende bem, n\u00e3o adie essa decis\u00e3o: acesse o Meu INSS, fale com o banco de destino ou ligue no 135 e pe\u00e7a a portabilidade agora mesmo. Cada m\u00eas em um banco caro ou inseguro \u00e9 dinheiro e tranquilidade perdidos; mude hoje e garanta j\u00e1 um atendimento mais justo, seguro e adequado \u00e0s suas necessidades.<\/p>\n","protected":false},"excerpt":{"rendered":"<p>A portabilidade banc\u00e1ria do INSS permite trocar o banco do benef\u00edcio sem custo ou mudan\u00e7a de valor. O pedido pode ser feito pelo Meu INSS, banco de destino ou 135. Em 2026, a Lei 15.252\/25 acelera prazos e refor\u00e7a a seguran\u00e7a. A portabilidade banc\u00e1ria do INSS se tornou uma aliada importante para aposentados e pensionistas [&hellip;]<\/p>\n","protected":false},"author":11,"featured_media":142280,"comment_status":"open","ping_status":"open","sticky":false,"template":"","format":"standard","meta":{"jnews-multi-image_gallery":[],"jnews_single_post":{"format":"standard"},"jnews_primary_category":[],"jnews_social_meta":[],"jnews_override_counter":[],"footnotes":""},"categories":[28,1],"tags":[529,174,487,8577,561,20775,20776],"class_list":["post-141060","post","type-post","status-publish","format-standard","has-post-thumbnail","hentry","category-economia","category-noticias","tag-aposentados","tag-inss","tag-lei","tag-meu-inss","tag-pensionistas","tag-portabilidade-bancaria-do-inss","tag-servicos-digitais"],"yoast_head":"<!-- This site is optimized with the Yoast SEO plugin v23.8 - https:\/\/yoast.com\/wordpress\/plugins\/seo\/ -->\n<title>INSS emite aviso para todos os aposentados que recebem benef\u00edcios em 2026 - Estado de Minas - Em foco<\/title>\n<meta name=\"description\" content=\"INSS emite aviso aos aposentados para que eles fiquem cientes das mudan\u00e7as e oportunidades sobre recebimento do benef\u00edcio.\" \/>\n<meta name=\"robots\" content=\"index, follow, max-snippet:-1, max-image-preview:large, max-video-preview:-1\" \/>\n<link rel=\"canonical\" href=\"https:\/\/www.em.com.br\/emfoco\/2025\/12\/18\/inss-emite-aviso-para-todos-os-aposentados-que-recebem-beneficios-em-2026\/\" \/>\n<meta property=\"og:locale\" content=\"pt_BR\" \/>\n<meta property=\"og:type\" content=\"article\" \/>\n<meta property=\"og:title\" content=\"INSS emite aviso para todos os aposentados que recebem benef\u00edcios em 2026 - Estado de Minas - Em foco\" \/>\n<meta property=\"og:description\" content=\"INSS emite aviso aos aposentados para que eles fiquem cientes das mudan\u00e7as e oportunidades sobre recebimento do benef\u00edcio.\" \/>\n<meta property=\"og:url\" content=\"https:\/\/www.em.com.br\/emfoco\/2025\/12\/18\/inss-emite-aviso-para-todos-os-aposentados-que-recebem-beneficios-em-2026\/\" \/>\n<meta property=\"og:site_name\" content=\"Estado de Minas - Em foco\" \/>\n<meta property=\"article:published_time\" content=\"2025-12-18T11:30:00+00:00\" \/>\n<meta property=\"article:modified_time\" content=\"2025-12-18T02:00:30+00:00\" \/>\n<meta property=\"og:image\" content=\"https:\/\/www.em.com.br\/emfoco\/wp-content\/uploads\/2025\/12\/ChatGPT-Image-17-de-dez.-de-2025-22_53_12-1.png\" \/>\n\t<meta property=\"og:image:width\" content=\"1280\" \/>\n\t<meta property=\"og:image:height\" content=\"720\" \/>\n\t<meta property=\"og:image:type\" content=\"image\/png\" \/>\n<meta name=\"author\" content=\"Andre\u0301 Rangel\u00a0\" \/>\n<meta name=\"twitter:card\" content=\"summary_large_image\" \/>\n<meta name=\"twitter:label1\" content=\"Escrito por\" \/>\n\t<meta name=\"twitter:data1\" content=\"Andre\u0301 Rangel\u00a0\" \/>\n\t<meta name=\"twitter:label2\" content=\"Est. tempo de leitura\" \/>\n\t<meta name=\"twitter:data2\" content=\"5 minutos\" \/>\n<!-- \/ Yoast SEO plugin. -->","yoast_head_json":{"title":"INSS emite aviso para todos os aposentados que recebem benef\u00edcios em 2026 - Estado de Minas - Em foco","description":"INSS emite aviso aos aposentados para que eles fiquem cientes das mudan\u00e7as e oportunidades sobre recebimento do benef\u00edcio.","robots":{"index":"index","follow":"follow","max-snippet":"max-snippet:-1","max-image-preview":"max-image-preview:large","max-video-preview":"max-video-preview:-1"},"canonical":"https:\/\/www.em.com.br\/emfoco\/2025\/12\/18\/inss-emite-aviso-para-todos-os-aposentados-que-recebem-beneficios-em-2026\/","og_locale":"pt_BR","og_type":"article","og_title":"INSS emite aviso para todos os aposentados que recebem benef\u00edcios em 2026 - Estado de Minas - Em foco","og_description":"INSS emite aviso aos aposentados para que eles fiquem cientes das mudan\u00e7as e oportunidades sobre recebimento do benef\u00edcio.","og_url":"https:\/\/www.em.com.br\/emfoco\/2025\/12\/18\/inss-emite-aviso-para-todos-os-aposentados-que-recebem-beneficios-em-2026\/","og_site_name":"Estado de Minas - Em foco","article_published_time":"2025-12-18T11:30:00+00:00","article_modified_time":"2025-12-18T02:00:30+00:00","og_image":[{"width":1280,"height":720,"url":"https:\/\/www.em.com.br\/emfoco\/wp-content\/uploads\/2025\/12\/ChatGPT-Image-17-de-dez.-de-2025-22_53_12-1.png","type":"image\/png"}],"author":"Andre\u0301 Rangel\u00a0","twitter_card":"summary_large_image","twitter_misc":{"Escrito por":"Andre\u0301 Rangel\u00a0","Est. tempo de leitura":"5 minutos"},"schema":{"@context":"https:\/\/schema.org","@graph":[{"@type":"WebPage","@id":"https:\/\/www.em.com.br\/emfoco\/2025\/12\/18\/inss-emite-aviso-para-todos-os-aposentados-que-recebem-beneficios-em-2026\/","url":"https:\/\/www.em.com.br\/emfoco\/2025\/12\/18\/inss-emite-aviso-para-todos-os-aposentados-que-recebem-beneficios-em-2026\/","name":"INSS emite aviso para todos os aposentados que recebem benef\u00edcios em 2026 - Estado de Minas - Em foco","isPartOf":{"@id":"https:\/\/www.em.com.br\/emfoco\/#website"},"primaryImageOfPage":{"@id":"https:\/\/www.em.com.br\/emfoco\/2025\/12\/18\/inss-emite-aviso-para-todos-os-aposentados-que-recebem-beneficios-em-2026\/#primaryimage"},"image":{"@id":"https:\/\/www.em.com.br\/emfoco\/2025\/12\/18\/inss-emite-aviso-para-todos-os-aposentados-que-recebem-beneficios-em-2026\/#primaryimage"},"thumbnailUrl":"https:\/\/www.em.com.br\/emfoco\/wp-content\/uploads\/2025\/12\/ChatGPT-Image-17-de-dez.-de-2025-22_53_12-1.png","datePublished":"2025-12-18T11:30:00+00:00","dateModified":"2025-12-18T02:00:30+00:00","author":{"@id":"https:\/\/www.em.com.br\/emfoco\/#\/schema\/person\/60eda09c1fedf0d6891f4cef4b60b8b8"},"description":"INSS emite aviso aos aposentados para que eles fiquem cientes das mudan\u00e7as e oportunidades sobre recebimento do benef\u00edcio.","breadcrumb":{"@id":"https:\/\/www.em.com.br\/emfoco\/2025\/12\/18\/inss-emite-aviso-para-todos-os-aposentados-que-recebem-beneficios-em-2026\/#breadcrumb"},"inLanguage":"pt-BR","potentialAction":[{"@type":"ReadAction","target":["https:\/\/www.em.com.br\/emfoco\/2025\/12\/18\/inss-emite-aviso-para-todos-os-aposentados-que-recebem-beneficios-em-2026\/"]}]},{"@type":"ImageObject","inLanguage":"pt-BR","@id":"https:\/\/www.em.com.br\/emfoco\/2025\/12\/18\/inss-emite-aviso-para-todos-os-aposentados-que-recebem-beneficios-em-2026\/#primaryimage","url":"https:\/\/www.em.com.br\/emfoco\/wp-content\/uploads\/2025\/12\/ChatGPT-Image-17-de-dez.-de-2025-22_53_12-1.png","contentUrl":"https:\/\/www.em.com.br\/emfoco\/wp-content\/uploads\/2025\/12\/ChatGPT-Image-17-de-dez.-de-2025-22_53_12-1.png","width":1280,"height":720,"caption":"O pedido de portabilidade \u00e9 feito principalmente pelo Meu INSS"},{"@type":"BreadcrumbList","@id":"https:\/\/www.em.com.br\/emfoco\/2025\/12\/18\/inss-emite-aviso-para-todos-os-aposentados-que-recebem-beneficios-em-2026\/#breadcrumb","itemListElement":[{"@type":"ListItem","position":1,"name":"In\u00edcio","item":"https:\/\/www.em.com.br\/emfoco\/"},{"@type":"ListItem","position":2,"name":"INSS emite aviso para todos os aposentados que recebem benef\u00edcios em 2026"}]},{"@type":"WebSite","@id":"https:\/\/www.em.com.br\/emfoco\/#website","url":"https:\/\/www.em.com.br\/emfoco\/","name":"Estado de Minas - Em foco","description":"Acompanhe as \u00faltimas not\u00edcias e fique bem informado sobre tudo o que acontece em Minas Gerais, Brasil e no mundo.","potentialAction":[{"@type":"SearchAction","target":{"@type":"EntryPoint","urlTemplate":"https:\/\/www.em.com.br\/emfoco\/?s={search_term_string}"},"query-input":{"@type":"PropertyValueSpecification","valueRequired":true,"valueName":"search_term_string"}}],"inLanguage":"pt-BR"},{"@type":"Person","@id":"https:\/\/www.em.com.br\/emfoco\/#\/schema\/person\/60eda09c1fedf0d6891f4cef4b60b8b8","name":"Andre\u0301 Rangel\u00a0","image":{"@type":"ImageObject","inLanguage":"pt-BR","@id":"https:\/\/www.em.com.br\/emfoco\/#\/schema\/person\/image\/","url":"https:\/\/secure.gravatar.com\/avatar\/6234dc814c77c8ef6d8bba622c787efc?s=96&d=mm&r=g","contentUrl":"https:\/\/secure.gravatar.com\/avatar\/6234dc814c77c8ef6d8bba622c787efc?s=96&d=mm&r=g","caption":"Andre\u0301 Rangel\u00a0"},"url":"https:\/\/www.em.com.br\/emfoco\/author\/luizmyth\/"}]}},"_links":{"self":[{"href":"https:\/\/www.em.com.br\/emfoco\/wp-json\/wp\/v2\/posts\/141060","targetHints":{"allow":["GET"]}}],"collection":[{"href":"https:\/\/www.em.com.br\/emfoco\/wp-json\/wp\/v2\/posts"}],"about":[{"href":"https:\/\/www.em.com.br\/emfoco\/wp-json\/wp\/v2\/types\/post"}],"author":[{"embeddable":true,"href":"https:\/\/www.em.com.br\/emfoco\/wp-json\/wp\/v2\/users\/11"}],"replies":[{"embeddable":true,"href":"https:\/\/www.em.com.br\/emfoco\/wp-json\/wp\/v2\/comments?post=141060"}],"version-history":[{"count":3,"href":"https:\/\/www.em.com.br\/emfoco\/wp-json\/wp\/v2\/posts\/141060\/revisions"}],"predecessor-version":[{"id":142281,"href":"https:\/\/www.em.com.br\/emfoco\/wp-json\/wp\/v2\/posts\/141060\/revisions\/142281"}],"wp:featuredmedia":[{"embeddable":true,"href":"https:\/\/www.em.com.br\/emfoco\/wp-json\/wp\/v2\/media\/142280"}],"wp:attachment":[{"href":"https:\/\/www.em.com.br\/emfoco\/wp-json\/wp\/v2\/media?parent=141060"}],"wp:term":[{"taxonomy":"category","embeddable":true,"href":"https:\/\/www.em.com.br\/emfoco\/wp-json\/wp\/v2\/categories?post=141060"},{"taxonomy":"post_tag","embeddable":true,"href":"https:\/\/www.em.com.br\/emfoco\/wp-json\/wp\/v2\/tags?post=141060"}],"curies":[{"name":"wp","href":"https:\/\/api.w.org\/{rel}","templated":true}]}}