{"id":140965,"date":"2025-12-17T13:35:00","date_gmt":"2025-12-17T16:35:00","guid":{"rendered":"https:\/\/www.em.com.br\/emfoco\/?p=140965"},"modified":"2025-12-15T19:45:22","modified_gmt":"2025-12-15T22:45:22","slug":"como-cuidar-do-jasmim-para-ter-flores-perfumadas-por-mais-dias","status":"publish","type":"post","link":"https:\/\/www.em.com.br\/emfoco\/2025\/12\/17\/como-cuidar-do-jasmim-para-ter-flores-perfumadas-por-mais-dias\/","title":{"rendered":"Como cuidar do jasmim para ter flores perfumadas por mais dias"},"content":{"rendered":"\n<p>O jasmim encanta pelo aroma intenso, mas ver suas flores murcharem r\u00e1pido gera frustra\u00e7\u00e3o. Entender <strong>quanto tempo duram as flores de jasmim<\/strong> e como o cuidado influencia a flora\u00e7\u00e3o ajuda a manter a planta bonita por mais tempo, seja no jardim ou dentro de casa.<\/p>\n\n\n\n<h2 class=\"wp-block-heading\">Quanto tempo as flores de jasmim costumam durar abertas?<\/h2>\n\n\n\n<p>Em condi\u00e7\u00f5es adequadas, as flores de jasmim permanecem abertas entre <strong>5 e 12 dias<\/strong> ap\u00f3s a abertura. A dura\u00e7\u00e3o varia conforme a esp\u00e9cie, a temperatura do ambiente, a umidade do ar e a exposi\u00e7\u00e3o \u00e0 luz, fatores que influenciam diretamente o ciclo da flor.<\/p>\n\n\n\n<p>Esp\u00e9cies populares como <strong>Jasminum officinale<\/strong> e <strong>Jasminum polyanthum<\/strong> costumam manter as flores por cerca de uma semana. Em climas mais amenos e com irriga\u00e7\u00e3o regular, esse per\u00edodo pode se estender, mantendo o perfume ativo por mais dias.<\/p>\n\n\n\n<figure class=\"wp-block-image size-large\"><img loading=\"lazy\" decoding=\"async\" width=\"1024\" height=\"576\" src=\"https:\/\/www.em.com.br\/emfoco\/wp-content\/uploads\/2025\/12\/IA-IMG-4-33-1024x576.jpg\" alt=\"Como cuidar do jasmim para ter flores perfumadas por mais dias\" class=\"wp-image-141003\" srcset=\"https:\/\/www.em.com.br\/emfoco\/wp-content\/uploads\/2025\/12\/IA-IMG-4-33-1024x576.jpg 1024w, https:\/\/www.em.com.br\/emfoco\/wp-content\/uploads\/2025\/12\/IA-IMG-4-33-300x169.jpg 300w, https:\/\/www.em.com.br\/emfoco\/wp-content\/uploads\/2025\/12\/IA-IMG-4-33-768x432.jpg 768w, https:\/\/www.em.com.br\/emfoco\/wp-content\/uploads\/2025\/12\/IA-IMG-4-33-750x422.jpg 750w, https:\/\/www.em.com.br\/emfoco\/wp-content\/uploads\/2025\/12\/IA-IMG-4-33-1140x641.jpg 1140w, https:\/\/www.em.com.br\/emfoco\/wp-content\/uploads\/2025\/12\/IA-IMG-4-33.jpg 1280w\" sizes=\"auto, (max-width: 1024px) 100vw, 1024px\" \/><figcaption class=\"wp-element-caption\">Flores de jasmim duram poucos dias variando conforme esp\u00e9cie clima e cuidados<\/figcaption><\/figure>\n\n\n\n<h2 class=\"wp-block-heading\">Quais fatores influenciam a dura\u00e7\u00e3o das flores?<\/h2>\n\n\n\n<p>A longevidade das flores depende mais do ambiente do que da planta em si. Pequenos ajustes fazem grande diferen\u00e7a na flora\u00e7\u00e3o e no aspecto do jasmim. Os principais fatores que interferem nesse processo est\u00e3o listados a seguir.<\/p>\n\n\n\n<ul class=\"wp-block-list\">\n<li><strong>Temperatura<\/strong>: calor excessivo acelera o murchamento das flores<\/li>\n\n\n\n<li><strong>Luminosidade<\/strong>: pouca luz reduz a flora\u00e7\u00e3o e enfraquece os bot\u00f5es<\/li>\n\n\n\n<li><strong>Rega e umidade<\/strong>: falta de \u00e1gua encurta o ciclo floral, enquanto umidade est\u00e1vel prolonga a vida das flores<\/li>\n<\/ul>\n\n\n\n<h2 class=\"wp-block-heading\">Como cuidar das flores de jasmim depois de cortadas?<\/h2>\n\n\n\n<p>Ao colher flores para perfumar a casa, o cuidado correto prolonga a beleza e o aroma. <strong>O corte em \u00e2ngulo<\/strong> com tesoura limpa facilita a absor\u00e7\u00e3o de \u00e1gua e evita o apodrecimento do caule, mantendo as flores frescas por mais tempo.<\/p>\n\n\n\n<p>Ap\u00f3s o corte, o ideal \u00e9 colocar as flores em \u00e1gua limpa e fria, trocando-a diariamente. Manter o vaso longe do sol direto e de fontes de calor ajuda a preservar a fragr\u00e2ncia e evita que as p\u00e9talas murchem rapidamente.<\/p>\n\n\n\n<p><em>Leia mais: <strong><a href=\"https:\/\/www.em.com.br\/emfoco\/2025\/12\/15\/plantas-que-estimulam-foco-e-produtividade-em-ambientes-de-trabalho-e-estudo\/\" target=\"_blank\" rel=\"noreferrer noopener\">Plantas que estimulam foco e produtividade em ambientes de trabalho e estudo<\/a><\/strong><\/em><\/p>\n\n\n\n<h2 class=\"wp-block-heading\">Quanto tempo vive uma planta de jasmim bem cuidada?<\/h2>\n\n\n\n<p>A planta de jasmim tem vida longa quando recebe os cuidados certos. <strong>A expectativa de vida<\/strong> varia conforme a esp\u00e9cie, o tipo de solo, a poda e a prote\u00e7\u00e3o contra frio intenso ou geadas, especialmente em regi\u00f5es mais frias.<\/p>\n\n\n\n<ul class=\"wp-block-list\">\n<li><strong>Jasmim-\u00e1rabe<\/strong>: pode viver entre 15 e 20 anos com sol pleno e podas regulares<\/li>\n\n\n\n<li><strong>Jasmim-rosa<\/strong>: costuma durar de 10 a 15 anos quando bem conduzido<\/li>\n\n\n\n<li><strong>Jasmim-comum<\/strong>: alcan\u00e7a at\u00e9 25 anos em ambientes protegidos e bem iluminados<\/li>\n<\/ul>\n\n\n\n<p>A seguir separamos mais dicas especiais compartilhadas pelo canal do TikTok <strong><a href=\"https:\/\/www.tiktok.com\/@joaninhaverde92\" target=\"_blank\" rel=\"noreferrer noopener\"><strong>joaninhaverde92<\/strong><\/a><\/strong> sobre como cuidar de jasmins em casa e garantir uma planta sempre saud\u00e1vel e duradoura.<\/p>\n\n\n\n<blockquote class=\"tiktok-embed\" cite=\"https:\/\/www.tiktok.com\/@joaninhaverde92\/video\/7324788654700809477\" data-video-id=\"7324788654700809477\" style=\"max-width: 605px;min-width: 325px;\" > <section> <a target=\"_blank\" title=\"@joaninhaverde92\" href=\"https:\/\/www.tiktok.com\/@joaninhaverde92?refer=embed\">@joaninhaverde92<\/a> Siga essas DICAS F\u00c1CEIS da Flor branca jasmim de tronco! <a title=\"dicasjardim\" target=\"_blank\" href=\"https:\/\/www.tiktok.com\/tag\/dicasjardim?refer=embed\">#dicasjardim<\/a> <a title=\"plantas\" target=\"_blank\" href=\"https:\/\/www.tiktok.com\/tag\/plantas?refer=embed\">#plantas<\/a> <a title=\"jardinagem\" target=\"_blank\" href=\"https:\/\/www.tiktok.com\/tag\/jardinagem?refer=embed\">#jardinagem<\/a> <a target=\"_blank\" title=\"\u266c som original - Joaninha Verde\" href=\"https:\/\/www.tiktok.com\/music\/som-original-7324788683177003781?refer=embed\">\u266c som original &#8211; Joaninha Verde<\/a> <\/section> <\/blockquote> <script async src=\"https:\/\/www.tiktok.com\/embed.js\"><\/script>\n\n\n\n<h2 class=\"wp-block-heading\">Quais sinais mostram que o jasmim est\u00e1 saud\u00e1vel?<\/h2>\n\n\n\n<p>Uma planta saud\u00e1vel apresenta <strong>galhos verdes e flex\u00edveis<\/strong>, crescimento constante e boa resposta \u00e0 poda. Esses sinais indicam que o jasmim est\u00e1 recebendo luz, \u00e1gua e nutrientes na medida certa.<\/p>\n\n\n\n<p>Outros ind\u00edcios positivos s\u00e3o bot\u00f5es florais frequentes e aroma intenso nas horas mais quentes do dia. Com esses cuidados, o jasmim pode ser cultivado inclusive em vasos dentro de casa, desde que receba luz abundante e ventila\u00e7\u00e3o adequada.<\/p>\n\n\n\n<p>Com aten\u00e7\u00e3o simples ao ambiente e \u00e0 rotina de cuidados, o jasmim retribui com flores perfumadas por muitos anos, provando que entender o tempo da planta \u00e9 o segredo para aproveitar ao m\u00e1ximo sua beleza.<\/p>\n","protected":false},"excerpt":{"rendered":"<p>O jasmim encanta pelo aroma intenso, mas ver suas flores murcharem r\u00e1pido gera frustra\u00e7\u00e3o. Entender quanto tempo duram as flores de jasmim e como o cuidado influencia a flora\u00e7\u00e3o ajuda a manter a planta bonita por mais tempo, seja no jardim ou dentro de casa. Quanto tempo as flores de jasmim costumam durar abertas? Em [&hellip;]<\/p>\n","protected":false},"author":13,"featured_media":141002,"comment_status":"open","ping_status":"open","sticky":false,"template":"","format":"standard","meta":{"jnews-multi-image_gallery":[],"jnews_single_post":{"format":"standard"},"jnews_primary_category":[],"jnews_social_meta":[],"jnews_override_counter":[],"footnotes":""},"categories":[8819],"tags":[3357,3358],"class_list":["post-140965","post","type-post","status-publish","format-standard","has-post-thumbnail","hentry","category-curiosidades","tag-flores","tag-jardinagem"],"yoast_head":"<!-- This site is optimized with the Yoast SEO plugin v23.8 - https:\/\/yoast.com\/wordpress\/plugins\/seo\/ -->\n<title>Como cuidar do jasmim para ter flores perfumadas por mais dias - Estado de Minas - Em foco<\/title>\n<meta name=\"description\" content=\"As flores de jasmim duram de 5 a 12 dias, mas cuidados simples com luz e umidade podem prolongar o perfume e a beleza da planta.\" \/>\n<meta name=\"robots\" content=\"index, follow, max-snippet:-1, max-image-preview:large, max-video-preview:-1\" \/>\n<link rel=\"canonical\" href=\"https:\/\/www.em.com.br\/emfoco\/2025\/12\/17\/como-cuidar-do-jasmim-para-ter-flores-perfumadas-por-mais-dias\/\" \/>\n<meta property=\"og:locale\" content=\"pt_BR\" \/>\n<meta property=\"og:type\" content=\"article\" \/>\n<meta property=\"og:title\" content=\"Como cuidar do jasmim para ter flores perfumadas por mais dias - Estado de Minas - Em foco\" \/>\n<meta property=\"og:description\" content=\"As flores de jasmim duram de 5 a 12 dias, mas cuidados simples com luz e umidade podem prolongar o perfume e a beleza da planta.\" \/>\n<meta property=\"og:url\" content=\"https:\/\/www.em.com.br\/emfoco\/2025\/12\/17\/como-cuidar-do-jasmim-para-ter-flores-perfumadas-por-mais-dias\/\" \/>\n<meta property=\"og:site_name\" content=\"Estado de Minas - Em foco\" \/>\n<meta property=\"article:published_time\" content=\"2025-12-17T16:35:00+00:00\" \/>\n<meta property=\"article:modified_time\" content=\"2025-12-15T22:45:22+00:00\" \/>\n<meta property=\"og:image\" content=\"https:\/\/www.em.com.br\/emfoco\/wp-content\/uploads\/2025\/12\/IA-IMG-3-57.jpg\" \/>\n\t<meta property=\"og:image:width\" content=\"1280\" \/>\n\t<meta property=\"og:image:height\" content=\"720\" \/>\n\t<meta property=\"og:image:type\" content=\"image\/jpeg\" \/>\n<meta name=\"author\" content=\"Gabriel Martins\" \/>\n<meta name=\"twitter:card\" content=\"summary_large_image\" \/>\n<meta name=\"twitter:label1\" content=\"Escrito por\" \/>\n\t<meta name=\"twitter:data1\" content=\"Gabriel Martins\" \/>\n\t<meta name=\"twitter:label2\" content=\"Est. tempo de leitura\" \/>\n\t<meta name=\"twitter:data2\" content=\"4 minutos\" \/>\n<!-- \/ Yoast SEO plugin. -->","yoast_head_json":{"title":"Como cuidar do jasmim para ter flores perfumadas por mais dias - Estado de Minas - Em foco","description":"As flores de jasmim duram de 5 a 12 dias, mas cuidados simples com luz e umidade podem prolongar o perfume e a beleza da planta.","robots":{"index":"index","follow":"follow","max-snippet":"max-snippet:-1","max-image-preview":"max-image-preview:large","max-video-preview":"max-video-preview:-1"},"canonical":"https:\/\/www.em.com.br\/emfoco\/2025\/12\/17\/como-cuidar-do-jasmim-para-ter-flores-perfumadas-por-mais-dias\/","og_locale":"pt_BR","og_type":"article","og_title":"Como cuidar do jasmim para ter flores perfumadas por mais dias - Estado de Minas - Em foco","og_description":"As flores de jasmim duram de 5 a 12 dias, mas cuidados simples com luz e umidade podem prolongar o perfume e a beleza da planta.","og_url":"https:\/\/www.em.com.br\/emfoco\/2025\/12\/17\/como-cuidar-do-jasmim-para-ter-flores-perfumadas-por-mais-dias\/","og_site_name":"Estado de Minas - Em foco","article_published_time":"2025-12-17T16:35:00+00:00","article_modified_time":"2025-12-15T22:45:22+00:00","og_image":[{"width":1280,"height":720,"url":"https:\/\/www.em.com.br\/emfoco\/wp-content\/uploads\/2025\/12\/IA-IMG-3-57.jpg","type":"image\/jpeg"}],"author":"Gabriel Martins","twitter_card":"summary_large_image","twitter_misc":{"Escrito por":"Gabriel Martins","Est. tempo de leitura":"4 minutos"},"schema":{"@context":"https:\/\/schema.org","@graph":[{"@type":"WebPage","@id":"https:\/\/www.em.com.br\/emfoco\/2025\/12\/17\/como-cuidar-do-jasmim-para-ter-flores-perfumadas-por-mais-dias\/","url":"https:\/\/www.em.com.br\/emfoco\/2025\/12\/17\/como-cuidar-do-jasmim-para-ter-flores-perfumadas-por-mais-dias\/","name":"Como cuidar do jasmim para ter flores perfumadas por mais dias - Estado de Minas - Em foco","isPartOf":{"@id":"https:\/\/www.em.com.br\/emfoco\/#website"},"primaryImageOfPage":{"@id":"https:\/\/www.em.com.br\/emfoco\/2025\/12\/17\/como-cuidar-do-jasmim-para-ter-flores-perfumadas-por-mais-dias\/#primaryimage"},"image":{"@id":"https:\/\/www.em.com.br\/emfoco\/2025\/12\/17\/como-cuidar-do-jasmim-para-ter-flores-perfumadas-por-mais-dias\/#primaryimage"},"thumbnailUrl":"https:\/\/www.em.com.br\/emfoco\/wp-content\/uploads\/2025\/12\/IA-IMG-3-57.jpg","datePublished":"2025-12-17T16:35:00+00:00","dateModified":"2025-12-15T22:45:22+00:00","author":{"@id":"https:\/\/www.em.com.br\/emfoco\/#\/schema\/person\/1c9ddeab18b98abeffef834667bcf08a"},"description":"As flores de jasmim duram de 5 a 12 dias, mas cuidados simples com luz e umidade podem prolongar o perfume e a beleza da planta.","breadcrumb":{"@id":"https:\/\/www.em.com.br\/emfoco\/2025\/12\/17\/como-cuidar-do-jasmim-para-ter-flores-perfumadas-por-mais-dias\/#breadcrumb"},"inLanguage":"pt-BR","potentialAction":[{"@type":"ReadAction","target":["https:\/\/www.em.com.br\/emfoco\/2025\/12\/17\/como-cuidar-do-jasmim-para-ter-flores-perfumadas-por-mais-dias\/"]}]},{"@type":"ImageObject","inLanguage":"pt-BR","@id":"https:\/\/www.em.com.br\/emfoco\/2025\/12\/17\/como-cuidar-do-jasmim-para-ter-flores-perfumadas-por-mais-dias\/#primaryimage","url":"https:\/\/www.em.com.br\/emfoco\/wp-content\/uploads\/2025\/12\/IA-IMG-3-57.jpg","contentUrl":"https:\/\/www.em.com.br\/emfoco\/wp-content\/uploads\/2025\/12\/IA-IMG-3-57.jpg","width":1280,"height":720,"caption":"O cuidado adequado prolonga flores de jasmim e mant\u00e9m perfume ativo"},{"@type":"BreadcrumbList","@id":"https:\/\/www.em.com.br\/emfoco\/2025\/12\/17\/como-cuidar-do-jasmim-para-ter-flores-perfumadas-por-mais-dias\/#breadcrumb","itemListElement":[{"@type":"ListItem","position":1,"name":"In\u00edcio","item":"https:\/\/www.em.com.br\/emfoco\/"},{"@type":"ListItem","position":2,"name":"Como cuidar do jasmim para ter flores perfumadas por mais dias"}]},{"@type":"WebSite","@id":"https:\/\/www.em.com.br\/emfoco\/#website","url":"https:\/\/www.em.com.br\/emfoco\/","name":"Estado de Minas - Em foco","description":"Acompanhe as \u00faltimas not\u00edcias e fique bem informado sobre tudo o que acontece em Minas Gerais, Brasil e no mundo.","potentialAction":[{"@type":"SearchAction","target":{"@type":"EntryPoint","urlTemplate":"https:\/\/www.em.com.br\/emfoco\/?s={search_term_string}"},"query-input":{"@type":"PropertyValueSpecification","valueRequired":true,"valueName":"search_term_string"}}],"inLanguage":"pt-BR"},{"@type":"Person","@id":"https:\/\/www.em.com.br\/emfoco\/#\/schema\/person\/1c9ddeab18b98abeffef834667bcf08a","name":"Gabriel Martins","image":{"@type":"ImageObject","inLanguage":"pt-BR","@id":"https:\/\/www.em.com.br\/emfoco\/#\/schema\/person\/image\/","url":"https:\/\/secure.gravatar.com\/avatar\/f0f1e2efdfd88f1ad2cb08c5c2731e50?s=96&d=mm&r=g","contentUrl":"https:\/\/secure.gravatar.com\/avatar\/f0f1e2efdfd88f1ad2cb08c5c2731e50?s=96&d=mm&r=g","caption":"Gabriel Martins"},"sameAs":["https:\/\/www.em.com.br\/emfoco\/"],"url":"https:\/\/www.em.com.br\/emfoco\/author\/gabrielmartinsmyth\/"}]}},"_links":{"self":[{"href":"https:\/\/www.em.com.br\/emfoco\/wp-json\/wp\/v2\/posts\/140965","targetHints":{"allow":["GET"]}}],"collection":[{"href":"https:\/\/www.em.com.br\/emfoco\/wp-json\/wp\/v2\/posts"}],"about":[{"href":"https:\/\/www.em.com.br\/emfoco\/wp-json\/wp\/v2\/types\/post"}],"author":[{"embeddable":true,"href":"https:\/\/www.em.com.br\/emfoco\/wp-json\/wp\/v2\/users\/13"}],"replies":[{"embeddable":true,"href":"https:\/\/www.em.com.br\/emfoco\/wp-json\/wp\/v2\/comments?post=140965"}],"version-history":[{"count":1,"href":"https:\/\/www.em.com.br\/emfoco\/wp-json\/wp\/v2\/posts\/140965\/revisions"}],"predecessor-version":[{"id":141006,"href":"https:\/\/www.em.com.br\/emfoco\/wp-json\/wp\/v2\/posts\/140965\/revisions\/141006"}],"wp:featuredmedia":[{"embeddable":true,"href":"https:\/\/www.em.com.br\/emfoco\/wp-json\/wp\/v2\/media\/141002"}],"wp:attachment":[{"href":"https:\/\/www.em.com.br\/emfoco\/wp-json\/wp\/v2\/media?parent=140965"}],"wp:term":[{"taxonomy":"category","embeddable":true,"href":"https:\/\/www.em.com.br\/emfoco\/wp-json\/wp\/v2\/categories?post=140965"},{"taxonomy":"post_tag","embeddable":true,"href":"https:\/\/www.em.com.br\/emfoco\/wp-json\/wp\/v2\/tags?post=140965"}],"curies":[{"name":"wp","href":"https:\/\/api.w.org\/{rel}","templated":true}]}}