{"id":140806,"date":"2025-12-16T11:45:00","date_gmt":"2025-12-16T14:45:00","guid":{"rendered":"https:\/\/www.em.com.br\/emfoco\/?p=140806"},"modified":"2025-12-15T17:39:38","modified_gmt":"2025-12-15T20:39:38","slug":"maquina-de-lavar-antiga-pode-aumentar-a-conta-de-luz-em-ate-r-70-por-mes-alerta-procon","status":"publish","type":"post","link":"https:\/\/www.em.com.br\/emfoco\/2025\/12\/16\/maquina-de-lavar-antiga-pode-aumentar-a-conta-de-luz-em-ate-r-70-por-mes-alerta-procon\/","title":{"rendered":"M\u00e1quina de lavar antiga pode aumentar a conta de luz em at\u00e9 R$ 70 por m\u00eas, alerta Procon"},"content":{"rendered":"\n<p>O alerta do <strong>Procon <\/strong>sobre o gasto extra na conta de luz com m\u00e1quinas de lavar antigas chama a aten\u00e7\u00e3o para um tema cada vez mais presente nas casas: o consumo de energia dos eletrodom\u00e9sticos. Em muitos casos, o equipamento ainda funciona bem, mas pode estar pesando no or\u00e7amento sem que o consumidor perceba, especialmente em um cen\u00e1rio de energia mais cara e or\u00e7amentos dom\u00e9sticos apertados em 2025.<\/p>\n\n\n\n<h2 class=\"wp-block-heading\">M\u00e1quina de lavar antiga aumenta muito a conta de luz?<\/h2>\n\n\n<div class=\"wp-block-image\">\n<figure class=\"aligncenter size-large\"><img loading=\"lazy\" decoding=\"async\" width=\"1024\" height=\"576\" src=\"https:\/\/www.em.com.br\/emfoco\/wp-content\/uploads\/2025\/12\/selo-procel_1764245901702-1024x576.jpg\" alt=\"\" class=\"wp-image-140894\" srcset=\"https:\/\/www.em.com.br\/emfoco\/wp-content\/uploads\/2025\/12\/selo-procel_1764245901702-1024x576.jpg 1024w, https:\/\/www.em.com.br\/emfoco\/wp-content\/uploads\/2025\/12\/selo-procel_1764245901702-300x169.jpg 300w, https:\/\/www.em.com.br\/emfoco\/wp-content\/uploads\/2025\/12\/selo-procel_1764245901702-768x432.jpg 768w, https:\/\/www.em.com.br\/emfoco\/wp-content\/uploads\/2025\/12\/selo-procel_1764245901702-750x422.jpg 750w, https:\/\/www.em.com.br\/emfoco\/wp-content\/uploads\/2025\/12\/selo-procel_1764245901702-1140x641.jpg 1140w, https:\/\/www.em.com.br\/emfoco\/wp-content\/uploads\/2025\/12\/selo-procel_1764245901702.jpg 1280w\" sizes=\"auto, (max-width: 1024px) 100vw, 1024px\" \/><figcaption class=\"wp-element-caption\">Sua m\u00e1quina antiga pode pesar na conta de luz &#8211; Cr\u00e9ditos: depositphotos.com \/ joasouza<\/figcaption><\/figure><\/div>\n\n\n<p>A <strong>m\u00e1quina de lavar antiga<\/strong> tende a consumir mais energia por conta de motores menos eficientes, aus\u00eancia de recursos de economia e desgaste natural de pe\u00e7as. Um modelo com mais de 10 ou 15 anos pode gastar bem mais do que um aparelho novo de mesma capacidade, gerando acr\u00e9scimo estimado pelo <strong>Procon <\/strong>em torno de R$ 70 por m\u00eas, a depender do uso.<\/p>\n\n\n\n<p>Na pr\u00e1tica, o custo extra varia conforme frequ\u00eancia de uso, dura\u00e7\u00e3o dos ciclos, tipo de programa e tarifa de energia da regi\u00e3o. O uso de ciclos longos, \u00e1gua quente ou programas intensivos aumenta o consumo, e muitos modelos antigos ainda gastam mais \u00e1gua, ampliando a conta mensal e refor\u00e7ando o alerta do Procon para esse custo silencioso. Este v\u00eddeo mostra um exemplo pr\u00e1tico do consumo de uma m\u00e1quina de lavar roupa:<\/p>\n\n\n\n<iframe loading=\"lazy\" width=\"315\" height=\"576\" src=\"https:\/\/www.youtube.com\/embed\/qrQbIgZlua0\" title=\"Quanto uma m\u00e1quina de lavar te custa na conta de luz? #shorts\" frameborder=\"0\" allow=\"accelerometer; autoplay; clipboard-write; encrypted-media; gyroscope; picture-in-picture; web-share\" referrerpolicy=\"strict-origin-when-cross-origin\" allowfullscreen><\/iframe>\n\n\n\n<h2 class=\"wp-block-heading\">Como identificar se a m\u00e1quina de lavar est\u00e1 gastando energia demais?<\/h2>\n\n\n\n<p>Identificar se a <strong>lavadora de roupas<\/strong> est\u00e1 impactando a conta de luz n\u00e3o depende apenas da idade do equipamento. Mudan\u00e7as repentinas na fatura, sem altera\u00e7\u00e3o na rotina da casa, ru\u00eddos excessivos, vibra\u00e7\u00e3o exagerada e ciclos mais longos podem indicar desgaste do motor e perda de efici\u00eancia, exigindo aten\u00e7\u00e3o e poss\u00edvel avalia\u00e7\u00e3o t\u00e9cnica.<\/p>\n\n\n\n<p>Alguns sinais pr\u00e1ticos ajudam o consumidor a perceber quando a lavadora est\u00e1 se tornando um vil\u00e3o na conta de energia e pode exigir manuten\u00e7\u00e3o ou substitui\u00e7\u00e3o:<\/p>\n\n\n\n<ul class=\"wp-block-list\">\n<li>M\u00e1quina muito antiga, sem selo de efici\u00eancia energ\u00e9tica atual.<\/li>\n\n\n\n<li>Aumento da conta de luz ap\u00f3s uso mais frequente do aparelho.<\/li>\n\n\n\n<li>Cheiro de queimado ou aquecimento intenso durante a lavagem.<\/li>\n\n\n\n<li>Necessidade de repetir ciclos porque a roupa n\u00e3o sai bem lavada.<\/li>\n\n\n\n<li>Uso constante de \u00e1gua quente em modelos antigos, sem controle eficiente.<\/li>\n<\/ul>\n\n\n\n<p>Leia mais: <a href=\"https:\/\/www.em.com.br\/emfoco\/2025\/12\/14\/trocar-a-geladeira-compensa-modelos-inverter-economizam-ate-r-600-por-ano-na-conta-de-luz\/\" target=\"_blank\" rel=\"noreferrer noopener\">Trocar a geladeira compensa? Modelos inverter economizam at\u00e9 R$ 600 por ano na conta de luz<\/a><\/p>\n\n\n\n<h2 class=\"wp-block-heading\">Como calcular o impacto da lavadora antiga na conta de energia?<\/h2>\n\n\n\n<p>Uma forma simples de avaliar o impacto \u00e9 registrar o consumo m\u00e9dio de energia por alguns meses, mantendo a rotina de uso est\u00e1vel. Com esses dados, \u00e9 poss\u00edvel comparar o gasto atual com o custo estimado de um equipamento novo mais econ\u00f4mico, considerando o pre\u00e7o do quilowatt-hora da sua regi\u00e3o.<\/p>\n\n\n\n<p>Em muitos casos, o investimento em uma <em>m\u00e1quina de lavar eficiente<\/em> se paga em poucos anos por meio da redu\u00e7\u00e3o na conta de luz. Ferramentas de calculadora de consumo, disponibilizadas por distribuidoras ou \u00f3rg\u00e3os de defesa do consumidor, podem auxiliar nessa compara\u00e7\u00e3o e tornar a decis\u00e3o mais objetiva.<\/p>\n\n\n\n<h2 class=\"wp-block-heading\">Quais orienta\u00e7\u00f5es do Procon ajudam a economizar com a m\u00e1quina de lavar?<\/h2>\n\n\n<div class=\"wp-block-image\">\n<figure class=\"aligncenter size-large\"><img loading=\"lazy\" decoding=\"async\" width=\"1024\" height=\"576\" src=\"https:\/\/www.em.com.br\/emfoco\/wp-content\/uploads\/2025\/09\/maquina-de-lavar_1756869528719-1024x576.jpg\" alt=\"A fun\u00e7\u00e3o da m\u00e1quina de lavar que economiza \u00e1gua e deixa as roupas mais macias sem usar amaciante\" class=\"wp-image-107579\" srcset=\"https:\/\/www.em.com.br\/emfoco\/wp-content\/uploads\/2025\/09\/maquina-de-lavar_1756869528719-1024x576.jpg 1024w, https:\/\/www.em.com.br\/emfoco\/wp-content\/uploads\/2025\/09\/maquina-de-lavar_1756869528719-300x169.jpg 300w, https:\/\/www.em.com.br\/emfoco\/wp-content\/uploads\/2025\/09\/maquina-de-lavar_1756869528719-768x432.jpg 768w, https:\/\/www.em.com.br\/emfoco\/wp-content\/uploads\/2025\/09\/maquina-de-lavar_1756869528719-750x422.jpg 750w, https:\/\/www.em.com.br\/emfoco\/wp-content\/uploads\/2025\/09\/maquina-de-lavar_1756869528719-1140x641.jpg 1140w, https:\/\/www.em.com.br\/emfoco\/wp-content\/uploads\/2025\/09\/maquina-de-lavar_1756869528719.jpg 1280w\" sizes=\"auto, (max-width: 1024px) 100vw, 1024px\" \/><figcaption class=\"wp-element-caption\">Sua m\u00e1quina antiga pode pesar na conta de luz &#8211; Cr\u00e9ditos: depositphotos.com \/ EdZbarzhyvetsky<\/figcaption><\/figure><\/div>\n\n\n<p>O <a href=\"https:\/\/www.mg.gov.br\/agendamento_servico\/procon-atendimento-preliminar\" target=\"_blank\" rel=\"noreferrer noopener\">Procon <\/a>orienta o consumidor a observar tanto a escolha do equipamento quanto o modo de uso. Na compra de uma nova <strong>lavadora de roupas econ\u00f4mica<\/strong>, recomenda-se priorizar modelos com selo <strong>Procel A<\/strong> ou superior e capacidade adequada ao tamanho da fam\u00edlia, evitando pagar por uma m\u00e1quina maior do que o necess\u00e1rio e garantindo melhor efici\u00eancia.<\/p>\n\n\n\n<p>No dia a dia, algumas pr\u00e1ticas simples reduzem o consumo sem exigir troca imediata do aparelho, desde que sejam incorporadas \u00e0 rotina de lavagem:<\/p>\n\n\n\n<ol class=\"wp-block-list\">\n<li><strong>Usar a capacidade correta<\/strong>: evitar lavar poucas pe\u00e7as em ciclos completos, concentrando as lavagens.<\/li>\n\n\n\n<li><strong>Selecionar o programa adequado<\/strong>: ciclos r\u00e1pidos ou econ\u00f4micos, quando suficientes, consomem menos energia e \u00e1gua.<\/li>\n\n\n\n<li><strong>Evitar pr\u00e9-lavagem desnecess\u00e1ria<\/strong>: essa fun\u00e7\u00e3o prolonga o tempo de uso da m\u00e1quina.<\/li>\n\n\n\n<li><strong>Manter a manuten\u00e7\u00e3o em dia<\/strong>: limpar filtro, retirar objetos do cesto e buscar assist\u00eancia ao notar ru\u00eddos ou falhas.<\/li>\n\n\n\n<li><strong>Preferir lavar com \u00e1gua fria<\/strong>: aquecer a \u00e1gua aumenta muito o consumo, sobretudo em modelos antigos.<\/li>\n<\/ol>\n\n\n\n<p>Leia mais: <a href=\"https:\/\/www.em.com.br\/emfoco\/2025\/12\/14\/esqueca-o-ventilador-comum-o-climatizador-inteligente-que-derruba-sua-conta-de-luz-e-ainda-deixa-sua-casa-mais-fresca\/\" target=\"_blank\" rel=\"noreferrer noopener\">Esque\u00e7a o ventilador comum, o climatizador inteligente que derruba sua conta de luz e ainda deixa sua casa mais fresca<\/a><\/p>\n\n\n\n<h2 class=\"wp-block-heading\">Vale a pena trocar a m\u00e1quina de lavar antiga por um modelo mais econ\u00f4mico?<\/h2>\n\n\n\n<p>A decis\u00e3o de substituir uma m\u00e1quina de lavar antiga costuma envolver c\u00e1lculo e planejamento. Se o aparelho atual est\u00e1 em bom estado, mas consome muita energia, \u00e9 importante avaliar em quanto tempo a economia na conta compensar\u00e1 o investimento em um novo modelo, considerando que um gasto extra de cerca de R$ 70 por m\u00eas ultrapassa R$ 800 em um ano.<\/p>\n\n\n\n<p>Al\u00e9m do aspecto financeiro, entram em jogo a seguran\u00e7a el\u00e9trica, o risco de falhas e o uso racional de recursos. Equipamentos muito antigos podem apresentar maior chance de curto-circuito, vazamentos e quebras recorrentes, enquanto modelos eficientes reduzem consumo e impactos ambientais, ajudando a evitar surpresas na fatura de energia.<\/p>\n","protected":false},"excerpt":{"rendered":"<p>O alerta do Procon sobre o gasto extra na conta de luz com m\u00e1quinas de lavar antigas chama a aten\u00e7\u00e3o para um tema cada vez mais presente nas casas: o consumo de energia dos eletrodom\u00e9sticos. Em muitos casos, o equipamento ainda funciona bem, mas pode estar pesando no or\u00e7amento sem que o consumidor perceba, especialmente [&hellip;]<\/p>\n","protected":false},"author":20,"featured_media":140900,"comment_status":"open","ping_status":"open","sticky":false,"template":"","format":"standard","meta":{"jnews-multi-image_gallery":[],"jnews_single_post":{"format":"standard"},"jnews_primary_category":[],"jnews_social_meta":[],"jnews_override_counter":[],"footnotes":""},"categories":[28,1],"tags":[1018,10021,13846,18664],"class_list":["post-140806","post","type-post","status-publish","format-standard","has-post-thumbnail","hentry","category-economia","category-noticias","tag-conta-de-luz","tag-maquina-de-lavar","tag-procon","tag-selo-procel"],"yoast_head":"<!-- This site is optimized with the Yoast SEO plugin v23.8 - https:\/\/yoast.com\/wordpress\/plugins\/seo\/ -->\n<title>M\u00e1quina de lavar antiga pode aumentar a conta de luz em at\u00e9 R$ 70 por m\u00eas, alerta Procon - Estado de Minas - Em foco<\/title>\n<meta name=\"description\" content=\"M\u00e1quina de lavar antiga pode elevar a conta de luz em at\u00e9 R$ 70 por m\u00eas, alerta Procon, ao consumir mais energia e reduzir a efici\u00eancia.\" \/>\n<meta name=\"robots\" content=\"index, follow, max-snippet:-1, max-image-preview:large, max-video-preview:-1\" \/>\n<link rel=\"canonical\" href=\"https:\/\/www.em.com.br\/emfoco\/2025\/12\/16\/maquina-de-lavar-antiga-pode-aumentar-a-conta-de-luz-em-ate-r-70-por-mes-alerta-procon\/\" \/>\n<meta property=\"og:locale\" content=\"pt_BR\" \/>\n<meta property=\"og:type\" content=\"article\" \/>\n<meta property=\"og:title\" content=\"M\u00e1quina de lavar antiga pode aumentar a conta de luz em at\u00e9 R$ 70 por m\u00eas, alerta Procon - Estado de Minas - Em foco\" \/>\n<meta property=\"og:description\" content=\"M\u00e1quina de lavar antiga pode elevar a conta de luz em at\u00e9 R$ 70 por m\u00eas, alerta Procon, ao consumir mais energia e reduzir a efici\u00eancia.\" \/>\n<meta property=\"og:url\" content=\"https:\/\/www.em.com.br\/emfoco\/2025\/12\/16\/maquina-de-lavar-antiga-pode-aumentar-a-conta-de-luz-em-ate-r-70-por-mes-alerta-procon\/\" \/>\n<meta property=\"og:site_name\" content=\"Estado de Minas - Em foco\" \/>\n<meta property=\"article:published_time\" content=\"2025-12-16T14:45:00+00:00\" \/>\n<meta property=\"article:modified_time\" content=\"2025-12-15T20:39:38+00:00\" \/>\n<meta property=\"og:image\" content=\"https:\/\/www.em.com.br\/emfoco\/wp-content\/uploads\/2025\/12\/maquina-de-lavar-antiga_1764246246406.jpg\" \/>\n\t<meta property=\"og:image:width\" content=\"1280\" \/>\n\t<meta property=\"og:image:height\" content=\"720\" \/>\n\t<meta property=\"og:image:type\" content=\"image\/jpeg\" \/>\n<meta name=\"author\" content=\"Ingrid Diniz\" \/>\n<meta name=\"twitter:card\" content=\"summary_large_image\" \/>\n<meta name=\"twitter:label1\" content=\"Escrito por\" \/>\n\t<meta name=\"twitter:data1\" content=\"Ingrid Diniz\" \/>\n\t<meta name=\"twitter:label2\" content=\"Est. tempo de leitura\" \/>\n\t<meta name=\"twitter:data2\" content=\"6 minutos\" \/>\n<!-- \/ Yoast SEO plugin. -->","yoast_head_json":{"title":"M\u00e1quina de lavar antiga pode aumentar a conta de luz em at\u00e9 R$ 70 por m\u00eas, alerta Procon - Estado de Minas - Em foco","description":"M\u00e1quina de lavar antiga pode elevar a conta de luz em at\u00e9 R$ 70 por m\u00eas, alerta Procon, ao consumir mais energia e reduzir a efici\u00eancia.","robots":{"index":"index","follow":"follow","max-snippet":"max-snippet:-1","max-image-preview":"max-image-preview:large","max-video-preview":"max-video-preview:-1"},"canonical":"https:\/\/www.em.com.br\/emfoco\/2025\/12\/16\/maquina-de-lavar-antiga-pode-aumentar-a-conta-de-luz-em-ate-r-70-por-mes-alerta-procon\/","og_locale":"pt_BR","og_type":"article","og_title":"M\u00e1quina de lavar antiga pode aumentar a conta de luz em at\u00e9 R$ 70 por m\u00eas, alerta Procon - Estado de Minas - Em foco","og_description":"M\u00e1quina de lavar antiga pode elevar a conta de luz em at\u00e9 R$ 70 por m\u00eas, alerta Procon, ao consumir mais energia e reduzir a efici\u00eancia.","og_url":"https:\/\/www.em.com.br\/emfoco\/2025\/12\/16\/maquina-de-lavar-antiga-pode-aumentar-a-conta-de-luz-em-ate-r-70-por-mes-alerta-procon\/","og_site_name":"Estado de Minas - Em foco","article_published_time":"2025-12-16T14:45:00+00:00","article_modified_time":"2025-12-15T20:39:38+00:00","og_image":[{"width":1280,"height":720,"url":"https:\/\/www.em.com.br\/emfoco\/wp-content\/uploads\/2025\/12\/maquina-de-lavar-antiga_1764246246406.jpg","type":"image\/jpeg"}],"author":"Ingrid Diniz","twitter_card":"summary_large_image","twitter_misc":{"Escrito por":"Ingrid Diniz","Est. tempo de leitura":"6 minutos"},"schema":{"@context":"https:\/\/schema.org","@graph":[{"@type":"WebPage","@id":"https:\/\/www.em.com.br\/emfoco\/2025\/12\/16\/maquina-de-lavar-antiga-pode-aumentar-a-conta-de-luz-em-ate-r-70-por-mes-alerta-procon\/","url":"https:\/\/www.em.com.br\/emfoco\/2025\/12\/16\/maquina-de-lavar-antiga-pode-aumentar-a-conta-de-luz-em-ate-r-70-por-mes-alerta-procon\/","name":"M\u00e1quina de lavar antiga pode aumentar a conta de luz em at\u00e9 R$ 70 por m\u00eas, alerta Procon - Estado de Minas - Em foco","isPartOf":{"@id":"https:\/\/www.em.com.br\/emfoco\/#website"},"primaryImageOfPage":{"@id":"https:\/\/www.em.com.br\/emfoco\/2025\/12\/16\/maquina-de-lavar-antiga-pode-aumentar-a-conta-de-luz-em-ate-r-70-por-mes-alerta-procon\/#primaryimage"},"image":{"@id":"https:\/\/www.em.com.br\/emfoco\/2025\/12\/16\/maquina-de-lavar-antiga-pode-aumentar-a-conta-de-luz-em-ate-r-70-por-mes-alerta-procon\/#primaryimage"},"thumbnailUrl":"https:\/\/www.em.com.br\/emfoco\/wp-content\/uploads\/2025\/12\/maquina-de-lavar-antiga_1764246246406.jpg","datePublished":"2025-12-16T14:45:00+00:00","dateModified":"2025-12-15T20:39:38+00:00","author":{"@id":"https:\/\/www.em.com.br\/emfoco\/#\/schema\/person\/649e610b4eb8fff87ff394e54fe17b2b"},"description":"M\u00e1quina de lavar antiga pode elevar a conta de luz em at\u00e9 R$ 70 por m\u00eas, alerta Procon, ao consumir mais energia e reduzir a efici\u00eancia.","breadcrumb":{"@id":"https:\/\/www.em.com.br\/emfoco\/2025\/12\/16\/maquina-de-lavar-antiga-pode-aumentar-a-conta-de-luz-em-ate-r-70-por-mes-alerta-procon\/#breadcrumb"},"inLanguage":"pt-BR","potentialAction":[{"@type":"ReadAction","target":["https:\/\/www.em.com.br\/emfoco\/2025\/12\/16\/maquina-de-lavar-antiga-pode-aumentar-a-conta-de-luz-em-ate-r-70-por-mes-alerta-procon\/"]}]},{"@type":"ImageObject","inLanguage":"pt-BR","@id":"https:\/\/www.em.com.br\/emfoco\/2025\/12\/16\/maquina-de-lavar-antiga-pode-aumentar-a-conta-de-luz-em-ate-r-70-por-mes-alerta-procon\/#primaryimage","url":"https:\/\/www.em.com.br\/emfoco\/wp-content\/uploads\/2025\/12\/maquina-de-lavar-antiga_1764246246406.jpg","contentUrl":"https:\/\/www.em.com.br\/emfoco\/wp-content\/uploads\/2025\/12\/maquina-de-lavar-antiga_1764246246406.jpg","width":1280,"height":720,"caption":"Sua m\u00e1quina antiga pode pesar na conta de luz - Cr\u00e9ditos: depositphotos.com \/ javierglezphoto"},{"@type":"BreadcrumbList","@id":"https:\/\/www.em.com.br\/emfoco\/2025\/12\/16\/maquina-de-lavar-antiga-pode-aumentar-a-conta-de-luz-em-ate-r-70-por-mes-alerta-procon\/#breadcrumb","itemListElement":[{"@type":"ListItem","position":1,"name":"In\u00edcio","item":"https:\/\/www.em.com.br\/emfoco\/"},{"@type":"ListItem","position":2,"name":"M\u00e1quina de lavar antiga pode aumentar a conta de luz em at\u00e9 R$ 70 por m\u00eas, alerta Procon"}]},{"@type":"WebSite","@id":"https:\/\/www.em.com.br\/emfoco\/#website","url":"https:\/\/www.em.com.br\/emfoco\/","name":"Estado de Minas - Em foco","description":"Acompanhe as \u00faltimas not\u00edcias e fique bem informado sobre tudo o que acontece em Minas Gerais, Brasil e no mundo.","potentialAction":[{"@type":"SearchAction","target":{"@type":"EntryPoint","urlTemplate":"https:\/\/www.em.com.br\/emfoco\/?s={search_term_string}"},"query-input":{"@type":"PropertyValueSpecification","valueRequired":true,"valueName":"search_term_string"}}],"inLanguage":"pt-BR"},{"@type":"Person","@id":"https:\/\/www.em.com.br\/emfoco\/#\/schema\/person\/649e610b4eb8fff87ff394e54fe17b2b","name":"Ingrid Diniz","image":{"@type":"ImageObject","inLanguage":"pt-BR","@id":"https:\/\/www.em.com.br\/emfoco\/#\/schema\/person\/image\/","url":"https:\/\/secure.gravatar.com\/avatar\/a3baa1449ec5c39b4c42babc9d4f3951?s=96&d=mm&r=g","contentUrl":"https:\/\/secure.gravatar.com\/avatar\/a3baa1449ec5c39b4c42babc9d4f3951?s=96&d=mm&r=g","caption":"Ingrid Diniz"},"sameAs":["https:\/\/www.em.com.br\/"],"url":"https:\/\/www.em.com.br\/emfoco\/author\/ingridmyth\/"}]}},"_links":{"self":[{"href":"https:\/\/www.em.com.br\/emfoco\/wp-json\/wp\/v2\/posts\/140806","targetHints":{"allow":["GET"]}}],"collection":[{"href":"https:\/\/www.em.com.br\/emfoco\/wp-json\/wp\/v2\/posts"}],"about":[{"href":"https:\/\/www.em.com.br\/emfoco\/wp-json\/wp\/v2\/types\/post"}],"author":[{"embeddable":true,"href":"https:\/\/www.em.com.br\/emfoco\/wp-json\/wp\/v2\/users\/20"}],"replies":[{"embeddable":true,"href":"https:\/\/www.em.com.br\/emfoco\/wp-json\/wp\/v2\/comments?post=140806"}],"version-history":[{"count":1,"href":"https:\/\/www.em.com.br\/emfoco\/wp-json\/wp\/v2\/posts\/140806\/revisions"}],"predecessor-version":[{"id":140901,"href":"https:\/\/www.em.com.br\/emfoco\/wp-json\/wp\/v2\/posts\/140806\/revisions\/140901"}],"wp:featuredmedia":[{"embeddable":true,"href":"https:\/\/www.em.com.br\/emfoco\/wp-json\/wp\/v2\/media\/140900"}],"wp:attachment":[{"href":"https:\/\/www.em.com.br\/emfoco\/wp-json\/wp\/v2\/media?parent=140806"}],"wp:term":[{"taxonomy":"category","embeddable":true,"href":"https:\/\/www.em.com.br\/emfoco\/wp-json\/wp\/v2\/categories?post=140806"},{"taxonomy":"post_tag","embeddable":true,"href":"https:\/\/www.em.com.br\/emfoco\/wp-json\/wp\/v2\/tags?post=140806"}],"curies":[{"name":"wp","href":"https:\/\/api.w.org\/{rel}","templated":true}]}}