{"id":140798,"date":"2025-12-16T18:45:00","date_gmt":"2025-12-16T21:45:00","guid":{"rendered":"https:\/\/www.em.com.br\/emfoco\/?p=140798"},"modified":"2025-12-15T16:42:33","modified_gmt":"2025-12-15T19:42:33","slug":"5-sinais-no-corpo-que-mostram-quando-a-ansiedade-passou-do-limite","status":"publish","type":"post","link":"https:\/\/www.em.com.br\/emfoco\/2025\/12\/16\/5-sinais-no-corpo-que-mostram-quando-a-ansiedade-passou-do-limite\/","title":{"rendered":"5 sinais no corpo que mostram quando a ansiedade passou do limite"},"content":{"rendered":"\n<p>Dores musculares, palpita\u00e7\u00f5es, cansa\u00e7o persistente e desconfortos recorrentes costumam ser vistos como problemas f\u00edsicos isolados. S\u00f3 depois surge a d\u00favida inc\u00f4moda: e se esses sinais repetidos tiverem rela\u00e7\u00e3o com a <strong>ansiedade<\/strong> e n\u00e3o apenas com o corpo?<\/p>\n\n\n\n<h2 class=\"wp-block-heading\">Por que a ansiedade aparece no corpo e n\u00e3o s\u00f3 na mente?<\/h2>\n\n\n\n<p>A ansiedade \u00e9 uma resposta natural do organismo a situa\u00e7\u00f5es percebidas como amea\u00e7adoras. Quando esse estado se torna frequente, o <strong>sistema nervoso<\/strong> permanece ativado, mantendo o corpo em alerta constante mesmo sem perigo real.<\/p>\n\n\n\n<p>De acordo com a <strong><a href=\"https:\/\/sbmfc.org.br\/ansiedade\/\" target=\"_blank\" rel=\"noreferrer noopener\">Associa\u00e7\u00e3o Brasileira de Psiquiatria<\/a><\/strong>, preocupa\u00e7\u00f5es persistentes e tens\u00e3o cont\u00ednua se expressam fisicamente. Esse mecanismo explica por que a ansiedade n\u00e3o surge apenas como pensamento acelerado, mas tamb\u00e9m como sintomas corporais reais.<\/p>\n\n\n\n<figure class=\"wp-block-image size-large\"><img loading=\"lazy\" decoding=\"async\" width=\"1024\" height=\"576\" src=\"https:\/\/www.em.com.br\/emfoco\/wp-content\/uploads\/2025\/12\/Tontura_1765827679329-1024x576.jpg\" alt=\"5 sinais no corpo que mostram quando a ansiedade passou do limite\" class=\"wp-image-140839\" srcset=\"https:\/\/www.em.com.br\/emfoco\/wp-content\/uploads\/2025\/12\/Tontura_1765827679329-1024x576.jpg 1024w, https:\/\/www.em.com.br\/emfoco\/wp-content\/uploads\/2025\/12\/Tontura_1765827679329-300x169.jpg 300w, https:\/\/www.em.com.br\/emfoco\/wp-content\/uploads\/2025\/12\/Tontura_1765827679329-768x432.jpg 768w, https:\/\/www.em.com.br\/emfoco\/wp-content\/uploads\/2025\/12\/Tontura_1765827679329-750x422.jpg 750w, https:\/\/www.em.com.br\/emfoco\/wp-content\/uploads\/2025\/12\/Tontura_1765827679329-1140x641.jpg 1140w, https:\/\/www.em.com.br\/emfoco\/wp-content\/uploads\/2025\/12\/Tontura_1765827679329.jpg 1280w\" sizes=\"auto, (max-width: 1024px) 100vw, 1024px\" \/><figcaption class=\"wp-element-caption\">A ansiedade ativa o sistema nervoso e mant\u00e9m o corpo em alerta constante &#8211; Cr\u00e9ditos: depositphotos.com \/ triocean2011<\/figcaption><\/figure>\n\n\n\n<h2 class=\"wp-block-heading\">Quais s\u00e3o os 5 sintomas f\u00edsicos de ansiedade mais comuns?<\/h2>\n\n\n\n<p>Na pr\u00e1tica cl\u00ednica, psiquiatras observam que certos sinais f\u00edsicos aparecem de forma recorrente em pessoas ansiosas. Eles indicam um organismo em estado de estresse cr\u00f4nico, como mostrado de forma objetiva na lista a seguir.<\/p>\n\n\n\n<ul class=\"wp-block-list\">\n<li><strong>Tens\u00e3o muscular persistente<\/strong>, percebida como dor ou rigidez nas costas, ombros e pesco\u00e7o<\/li>\n\n\n\n<li><strong>Palpita\u00e7\u00f5es ou batimentos acelerados<\/strong>, reflexo de um corpo em prontid\u00e3o constante<\/li>\n\n\n\n<li><strong>Respira\u00e7\u00e3o ofegante<\/strong> ou sensa\u00e7\u00e3o leve de falta de ar sem causa aparente<\/li>\n\n\n\n<li><strong>Tontura ou cabe\u00e7a \u201cvaga\u201d<\/strong>, ligada \u00e0 altera\u00e7\u00e3o da percep\u00e7\u00e3o corporal<\/li>\n\n\n\n<li><strong>Fadiga constante<\/strong>, mesmo sem esfor\u00e7o f\u00edsico intenso ou excesso de atividades<\/li>\n<\/ul>\n\n\n\n<p><em>Leia mais: <strong><a href=\"https:\/\/www.em.com.br\/emfoco\/2025\/12\/09\/o-que-e-ansiedade-financeira-e-como-ela-afeta-ate-suas-decisoes-mais-simples\/\" target=\"_blank\" rel=\"noreferrer noopener\">O que \u00e9 ansiedade financeira e como ela afeta at\u00e9 suas decis\u00f5es mais simples<\/a><\/strong><\/em><\/p>\n\n\n\n<h2 class=\"wp-block-heading\">Por que esses sintomas n\u00e3o devem ser vistos isoladamente?<\/h2>\n\n\n\n<p>Esses sinais n\u00e3o surgem de forma independente. Eles fazem parte de uma resposta integrada do organismo ao excesso de tens\u00e3o, envolvendo o <strong>eixo de resposta ao estresse<\/strong> e altera\u00e7\u00f5es no funcionamento do sistema nervoso.<\/p>\n\n\n\n<p>Por isso, exames costumam n\u00e3o apontar causas f\u00edsicas claras. A origem est\u00e1 no estado de alerta prolongado, que afeta m\u00fasculos, respira\u00e7\u00e3o, energia e percep\u00e7\u00e3o corporal, algo reconhecido em diretrizes cl\u00ednicas sobre transtornos ansiosos.<\/p>\n\n\n\n<figure class=\"wp-block-image size-large\"><img loading=\"lazy\" decoding=\"async\" width=\"1024\" height=\"576\" src=\"https:\/\/www.em.com.br\/emfoco\/wp-content\/uploads\/2025\/12\/IA-IMG-189-1024x576.jpg\" alt=\"5 sinais no corpo que mostram quando a ansiedade passou do limite\" class=\"wp-image-140840\" srcset=\"https:\/\/www.em.com.br\/emfoco\/wp-content\/uploads\/2025\/12\/IA-IMG-189-1024x576.jpg 1024w, https:\/\/www.em.com.br\/emfoco\/wp-content\/uploads\/2025\/12\/IA-IMG-189-300x169.jpg 300w, https:\/\/www.em.com.br\/emfoco\/wp-content\/uploads\/2025\/12\/IA-IMG-189-768x432.jpg 768w, https:\/\/www.em.com.br\/emfoco\/wp-content\/uploads\/2025\/12\/IA-IMG-189-750x422.jpg 750w, https:\/\/www.em.com.br\/emfoco\/wp-content\/uploads\/2025\/12\/IA-IMG-189-1140x641.jpg 1140w, https:\/\/www.em.com.br\/emfoco\/wp-content\/uploads\/2025\/12\/IA-IMG-189.jpg 1280w\" sizes=\"auto, (max-width: 1024px) 100vw, 1024px\" \/><figcaption class=\"wp-element-caption\">Sintomas f\u00edsicos da ansiedade fazem parte de uma resposta integrada ao estresse<\/figcaption><\/figure>\n\n\n\n<h2 class=\"wp-block-heading\">Quando a ansiedade deixa de ser normal e exige aten\u00e7\u00e3o?<\/h2>\n\n\n\n<p>A ansiedade passa a merecer avalia\u00e7\u00e3o quando os sintomas f\u00edsicos e emocionais ocorrem na maior parte dos dias e come\u00e7am a interferir na rotina. Para diferenciar um quadro ocasional de algo mais s\u00e9rio, observe os pontos abaixo.<\/p>\n\n\n\n<ul class=\"wp-block-list\">\n<li>Os sintomas persistem por semanas e prejudicam sono ou atividades di\u00e1rias<\/li>\n\n\n\n<li>H\u00e1 <strong>dificuldade de concentra\u00e7\u00e3o<\/strong>, irritabilidade e inquieta\u00e7\u00e3o frequentes<\/li>\n\n\n\n<li>Tratamentos como psicoterapia e manejo do estresse trazem melhora real<\/li>\n<\/ul>\n\n\n\n<p>Reconhecer esses sinais n\u00e3o \u00e9 criar doen\u00e7a, mas ouvir o que o corpo comunica. A ansiedade \u00e9 um fen\u00f4meno biopsicossocial, e entender esses cinco sintomas \u00e9 o primeiro passo para cuidar da sa\u00fade emocional e f\u00edsica com orienta\u00e7\u00e3o adequada.<\/p>\n","protected":false},"excerpt":{"rendered":"<p>Dores musculares, palpita\u00e7\u00f5es, cansa\u00e7o persistente e desconfortos recorrentes costumam ser vistos como problemas f\u00edsicos isolados. S\u00f3 depois surge a d\u00favida inc\u00f4moda: e se esses sinais repetidos tiverem rela\u00e7\u00e3o com a ansiedade e n\u00e3o apenas com o corpo? Por que a ansiedade aparece no corpo e n\u00e3o s\u00f3 na mente? A ansiedade \u00e9 uma resposta natural [&hellip;]<\/p>\n","protected":false},"author":13,"featured_media":140838,"comment_status":"open","ping_status":"open","sticky":false,"template":"","format":"standard","meta":{"jnews-multi-image_gallery":[],"jnews_single_post":{"format":"standard"},"jnews_primary_category":[],"jnews_social_meta":[],"jnews_override_counter":[],"footnotes":""},"categories":[9053],"tags":[4947,3142,410],"class_list":["post-140798","post","type-post","status-publish","format-standard","has-post-thumbnail","hentry","category-saude","tag-ansiedade","tag-psiquiatria","tag-saude-mental"],"yoast_head":"<!-- This site is optimized with the Yoast SEO plugin v23.8 - https:\/\/yoast.com\/wordpress\/plugins\/seo\/ -->\n<title>5 sinais no corpo que mostram quando a ansiedade passou do limite - Estado de Minas - Em foco<\/title>\n<meta name=\"description\" content=\"Seu corpo pode estar tentando avisar algo. Aprenda a reconhecer sinais f\u00edsicos de ansiedade que confundem at\u00e9 profissionais de sa\u00fade.\" \/>\n<meta name=\"robots\" content=\"index, follow, max-snippet:-1, max-image-preview:large, max-video-preview:-1\" \/>\n<link rel=\"canonical\" href=\"https:\/\/www.em.com.br\/emfoco\/2025\/12\/16\/5-sinais-no-corpo-que-mostram-quando-a-ansiedade-passou-do-limite\/\" \/>\n<meta property=\"og:locale\" content=\"pt_BR\" \/>\n<meta property=\"og:type\" content=\"article\" \/>\n<meta property=\"og:title\" content=\"5 sinais no corpo que mostram quando a ansiedade passou do limite - Estado de Minas - Em foco\" \/>\n<meta property=\"og:description\" content=\"Seu corpo pode estar tentando avisar algo. Aprenda a reconhecer sinais f\u00edsicos de ansiedade que confundem at\u00e9 profissionais de sa\u00fade.\" \/>\n<meta property=\"og:url\" content=\"https:\/\/www.em.com.br\/emfoco\/2025\/12\/16\/5-sinais-no-corpo-que-mostram-quando-a-ansiedade-passou-do-limite\/\" \/>\n<meta property=\"og:site_name\" content=\"Estado de Minas - Em foco\" \/>\n<meta property=\"article:published_time\" content=\"2025-12-16T21:45:00+00:00\" \/>\n<meta property=\"article:modified_time\" content=\"2025-12-15T19:42:33+00:00\" \/>\n<meta property=\"og:image\" content=\"https:\/\/www.em.com.br\/emfoco\/wp-content\/uploads\/2025\/12\/IA-IMG-2-95.jpg\" \/>\n\t<meta property=\"og:image:width\" content=\"1280\" \/>\n\t<meta property=\"og:image:height\" content=\"720\" \/>\n\t<meta property=\"og:image:type\" content=\"image\/jpeg\" \/>\n<meta name=\"author\" content=\"Gabriel Martins\" \/>\n<meta name=\"twitter:card\" content=\"summary_large_image\" \/>\n<meta name=\"twitter:label1\" content=\"Escrito por\" \/>\n\t<meta name=\"twitter:data1\" content=\"Gabriel Martins\" \/>\n\t<meta name=\"twitter:label2\" content=\"Est. tempo de leitura\" \/>\n\t<meta name=\"twitter:data2\" content=\"4 minutos\" \/>\n<!-- \/ Yoast SEO plugin. -->","yoast_head_json":{"title":"5 sinais no corpo que mostram quando a ansiedade passou do limite - Estado de Minas - Em foco","description":"Seu corpo pode estar tentando avisar algo. Aprenda a reconhecer sinais f\u00edsicos de ansiedade que confundem at\u00e9 profissionais de sa\u00fade.","robots":{"index":"index","follow":"follow","max-snippet":"max-snippet:-1","max-image-preview":"max-image-preview:large","max-video-preview":"max-video-preview:-1"},"canonical":"https:\/\/www.em.com.br\/emfoco\/2025\/12\/16\/5-sinais-no-corpo-que-mostram-quando-a-ansiedade-passou-do-limite\/","og_locale":"pt_BR","og_type":"article","og_title":"5 sinais no corpo que mostram quando a ansiedade passou do limite - Estado de Minas - Em foco","og_description":"Seu corpo pode estar tentando avisar algo. Aprenda a reconhecer sinais f\u00edsicos de ansiedade que confundem at\u00e9 profissionais de sa\u00fade.","og_url":"https:\/\/www.em.com.br\/emfoco\/2025\/12\/16\/5-sinais-no-corpo-que-mostram-quando-a-ansiedade-passou-do-limite\/","og_site_name":"Estado de Minas - Em foco","article_published_time":"2025-12-16T21:45:00+00:00","article_modified_time":"2025-12-15T19:42:33+00:00","og_image":[{"width":1280,"height":720,"url":"https:\/\/www.em.com.br\/emfoco\/wp-content\/uploads\/2025\/12\/IA-IMG-2-95.jpg","type":"image\/jpeg"}],"author":"Gabriel Martins","twitter_card":"summary_large_image","twitter_misc":{"Escrito por":"Gabriel Martins","Est. tempo de leitura":"4 minutos"},"schema":{"@context":"https:\/\/schema.org","@graph":[{"@type":"WebPage","@id":"https:\/\/www.em.com.br\/emfoco\/2025\/12\/16\/5-sinais-no-corpo-que-mostram-quando-a-ansiedade-passou-do-limite\/","url":"https:\/\/www.em.com.br\/emfoco\/2025\/12\/16\/5-sinais-no-corpo-que-mostram-quando-a-ansiedade-passou-do-limite\/","name":"5 sinais no corpo que mostram quando a ansiedade passou do limite - Estado de Minas - Em foco","isPartOf":{"@id":"https:\/\/www.em.com.br\/emfoco\/#website"},"primaryImageOfPage":{"@id":"https:\/\/www.em.com.br\/emfoco\/2025\/12\/16\/5-sinais-no-corpo-que-mostram-quando-a-ansiedade-passou-do-limite\/#primaryimage"},"image":{"@id":"https:\/\/www.em.com.br\/emfoco\/2025\/12\/16\/5-sinais-no-corpo-que-mostram-quando-a-ansiedade-passou-do-limite\/#primaryimage"},"thumbnailUrl":"https:\/\/www.em.com.br\/emfoco\/wp-content\/uploads\/2025\/12\/IA-IMG-2-95.jpg","datePublished":"2025-12-16T21:45:00+00:00","dateModified":"2025-12-15T19:42:33+00:00","author":{"@id":"https:\/\/www.em.com.br\/emfoco\/#\/schema\/person\/1c9ddeab18b98abeffef834667bcf08a"},"description":"Seu corpo pode estar tentando avisar algo. Aprenda a reconhecer sinais f\u00edsicos de ansiedade que confundem at\u00e9 profissionais de sa\u00fade.","breadcrumb":{"@id":"https:\/\/www.em.com.br\/emfoco\/2025\/12\/16\/5-sinais-no-corpo-que-mostram-quando-a-ansiedade-passou-do-limite\/#breadcrumb"},"inLanguage":"pt-BR","potentialAction":[{"@type":"ReadAction","target":["https:\/\/www.em.com.br\/emfoco\/2025\/12\/16\/5-sinais-no-corpo-que-mostram-quando-a-ansiedade-passou-do-limite\/"]}]},{"@type":"ImageObject","inLanguage":"pt-BR","@id":"https:\/\/www.em.com.br\/emfoco\/2025\/12\/16\/5-sinais-no-corpo-que-mostram-quando-a-ansiedade-passou-do-limite\/#primaryimage","url":"https:\/\/www.em.com.br\/emfoco\/wp-content\/uploads\/2025\/12\/IA-IMG-2-95.jpg","contentUrl":"https:\/\/www.em.com.br\/emfoco\/wp-content\/uploads\/2025\/12\/IA-IMG-2-95.jpg","width":1280,"height":720,"caption":"Sintomas f\u00edsicos recorrentes podem ser manifesta\u00e7\u00f5es diretas da ansiedade cr\u00f4nica no organismo"},{"@type":"BreadcrumbList","@id":"https:\/\/www.em.com.br\/emfoco\/2025\/12\/16\/5-sinais-no-corpo-que-mostram-quando-a-ansiedade-passou-do-limite\/#breadcrumb","itemListElement":[{"@type":"ListItem","position":1,"name":"In\u00edcio","item":"https:\/\/www.em.com.br\/emfoco\/"},{"@type":"ListItem","position":2,"name":"5 sinais no corpo que mostram quando a ansiedade passou do limite"}]},{"@type":"WebSite","@id":"https:\/\/www.em.com.br\/emfoco\/#website","url":"https:\/\/www.em.com.br\/emfoco\/","name":"Estado de Minas - Em foco","description":"Acompanhe as \u00faltimas not\u00edcias e fique bem informado sobre tudo o que acontece em Minas Gerais, Brasil e no mundo.","potentialAction":[{"@type":"SearchAction","target":{"@type":"EntryPoint","urlTemplate":"https:\/\/www.em.com.br\/emfoco\/?s={search_term_string}"},"query-input":{"@type":"PropertyValueSpecification","valueRequired":true,"valueName":"search_term_string"}}],"inLanguage":"pt-BR"},{"@type":"Person","@id":"https:\/\/www.em.com.br\/emfoco\/#\/schema\/person\/1c9ddeab18b98abeffef834667bcf08a","name":"Gabriel Martins","image":{"@type":"ImageObject","inLanguage":"pt-BR","@id":"https:\/\/www.em.com.br\/emfoco\/#\/schema\/person\/image\/","url":"https:\/\/secure.gravatar.com\/avatar\/f0f1e2efdfd88f1ad2cb08c5c2731e50?s=96&d=mm&r=g","contentUrl":"https:\/\/secure.gravatar.com\/avatar\/f0f1e2efdfd88f1ad2cb08c5c2731e50?s=96&d=mm&r=g","caption":"Gabriel Martins"},"sameAs":["https:\/\/www.em.com.br\/emfoco\/"],"url":"https:\/\/www.em.com.br\/emfoco\/author\/gabrielmartinsmyth\/"}]}},"_links":{"self":[{"href":"https:\/\/www.em.com.br\/emfoco\/wp-json\/wp\/v2\/posts\/140798","targetHints":{"allow":["GET"]}}],"collection":[{"href":"https:\/\/www.em.com.br\/emfoco\/wp-json\/wp\/v2\/posts"}],"about":[{"href":"https:\/\/www.em.com.br\/emfoco\/wp-json\/wp\/v2\/types\/post"}],"author":[{"embeddable":true,"href":"https:\/\/www.em.com.br\/emfoco\/wp-json\/wp\/v2\/users\/13"}],"replies":[{"embeddable":true,"href":"https:\/\/www.em.com.br\/emfoco\/wp-json\/wp\/v2\/comments?post=140798"}],"version-history":[{"count":1,"href":"https:\/\/www.em.com.br\/emfoco\/wp-json\/wp\/v2\/posts\/140798\/revisions"}],"predecessor-version":[{"id":140842,"href":"https:\/\/www.em.com.br\/emfoco\/wp-json\/wp\/v2\/posts\/140798\/revisions\/140842"}],"wp:featuredmedia":[{"embeddable":true,"href":"https:\/\/www.em.com.br\/emfoco\/wp-json\/wp\/v2\/media\/140838"}],"wp:attachment":[{"href":"https:\/\/www.em.com.br\/emfoco\/wp-json\/wp\/v2\/media?parent=140798"}],"wp:term":[{"taxonomy":"category","embeddable":true,"href":"https:\/\/www.em.com.br\/emfoco\/wp-json\/wp\/v2\/categories?post=140798"},{"taxonomy":"post_tag","embeddable":true,"href":"https:\/\/www.em.com.br\/emfoco\/wp-json\/wp\/v2\/tags?post=140798"}],"curies":[{"name":"wp","href":"https:\/\/api.w.org\/{rel}","templated":true}]}}