{"id":140733,"date":"2025-12-16T13:55:00","date_gmt":"2025-12-16T16:55:00","guid":{"rendered":"https:\/\/www.em.com.br\/emfoco\/?p=140733"},"modified":"2025-12-15T15:41:18","modified_gmt":"2025-12-15T18:41:18","slug":"quando-gastar-dinheiro-gera-culpa-ou-medo-o-problema-nao-e-so-financeiro","status":"publish","type":"post","link":"https:\/\/www.em.com.br\/emfoco\/2025\/12\/16\/quando-gastar-dinheiro-gera-culpa-ou-medo-o-problema-nao-e-so-financeiro\/","title":{"rendered":"Quando gastar dinheiro gera culpa ou medo o problema n\u00e3o \u00e9 s\u00f3 financeiro"},"content":{"rendered":"\n<p>Para muitas pessoas, o dinheiro deixou de ser apenas funcional e passou a carregar emo\u00e7\u00f5es pesadas. <strong>Culpa ao gastar<\/strong> aparece mesmo em despesas necess\u00e1rias, enquanto o medo constante de gastar paralisa decis\u00f5es, criando tens\u00e3o, ansiedade e um estado permanente de vigil\u00e2ncia financeira.<\/p>\n\n\n\n<h2 class=\"wp-block-heading\">Por que gastar dinheiro passou a gerar culpa ou medo?<\/h2>\n\n\n\n<p>Esses dois comportamentos s\u00e3o extremos opostos de uma mesma raiz: <strong><a href=\"https:\/\/www.mind.org.uk\/information-support\/tips-for-everyday-living\/money-and-mental-health\/the-link-between-money-and-mental-health\/\" target=\"_blank\" rel=\"noreferrer noopener\">a rela\u00e7\u00e3o emocional desequilibrada com o dinheiro<\/a><\/strong>. A culpa ao gastar costuma nascer de viv\u00eancias de escassez, cr\u00edticas familiares ou da sensa\u00e7\u00e3o de n\u00e3o merecer conforto e prazer.<\/p>\n\n\n\n<p>J\u00e1 o medo de gastar est\u00e1 ligado a traumas financeiros, como d\u00edvidas antigas ou perdas abruptas. Nesse caso, o dinheiro passa a simbolizar controle absoluto e qualquer gasto gera a sensa\u00e7\u00e3o de amea\u00e7a, mesmo quando a realidade financeira \u00e9 est\u00e1vel.<\/p>\n\n\n\n<figure class=\"wp-block-image size-large\"><img loading=\"lazy\" decoding=\"async\" width=\"1024\" height=\"576\" src=\"https:\/\/www.em.com.br\/emfoco\/wp-content\/uploads\/2025\/12\/IA-IMG-185-1024x576.jpg\" alt=\"Quando gastar dinheiro gera culpa ou medo o problema n\u00e3o \u00e9 s\u00f3 financeiro\" class=\"wp-image-140761\" srcset=\"https:\/\/www.em.com.br\/emfoco\/wp-content\/uploads\/2025\/12\/IA-IMG-185-1024x576.jpg 1024w, https:\/\/www.em.com.br\/emfoco\/wp-content\/uploads\/2025\/12\/IA-IMG-185-300x169.jpg 300w, https:\/\/www.em.com.br\/emfoco\/wp-content\/uploads\/2025\/12\/IA-IMG-185-768x432.jpg 768w, https:\/\/www.em.com.br\/emfoco\/wp-content\/uploads\/2025\/12\/IA-IMG-185-750x422.jpg 750w, https:\/\/www.em.com.br\/emfoco\/wp-content\/uploads\/2025\/12\/IA-IMG-185-1140x641.jpg 1140w, https:\/\/www.em.com.br\/emfoco\/wp-content\/uploads\/2025\/12\/IA-IMG-185.jpg 1280w\" sizes=\"auto, (max-width: 1024px) 100vw, 1024px\" \/><figcaption class=\"wp-element-caption\">Experi\u00eancias de escassez e traumas financeiros distorcem a percep\u00e7\u00e3o do dinheiro<\/figcaption><\/figure>\n\n\n\n<h2 class=\"wp-block-heading\">Como esses extremos afetam a sa\u00fade emocional?<\/h2>\n\n\n\n<p>Quando o dinheiro deixa de cumprir sua fun\u00e7\u00e3o de seguran\u00e7a, ele se transforma em fonte de sofrimento. Tanto a culpa quanto o medo criam ciclos silenciosos de desgaste emocional, que se manifestam no dia a dia de formas distintas, como voc\u00ea v\u00ea a seguir.<\/p>\n\n\n\n<ul class=\"wp-block-list\">\n<li><strong>Autossabotagem financeira<\/strong>: quem sente culpa abre m\u00e3o de necessidades e prazeres leg\u00edtimos como forma inconsciente de puni\u00e7\u00e3o<\/li>\n\n\n\n<li><strong>Priva\u00e7\u00e3o constante<\/strong>: quem tem medo excessivo evita gastar at\u00e9 com o que melhora a qualidade de vida<\/li>\n\n\n\n<li><strong>Impacto relacional<\/strong>: conflitos surgem quando o dinheiro vira tens\u00e3o em decis\u00f5es compartilhadas<\/li>\n<\/ul>\n\n\n\n<p><em>Leia mais: <strong><a href=\"https:\/\/www.em.com.br\/emfoco\/2025\/12\/14\/por-que-guardar-dinheiro-parece-impossivel-quando-a-mente-entra-em-sobrecarga-emocional\/\" target=\"_blank\" rel=\"noreferrer noopener\">Por que guardar dinheiro parece imposs\u00edvel quando a mente entra em sobrecarga emocional<\/a><\/strong><\/em><\/p>\n\n\n\n<h2 class=\"wp-block-heading\">Por que isso n\u00e3o \u00e9 apenas falta de educa\u00e7\u00e3o financeira?<\/h2>\n\n\n\n<p>Organizar planilhas e cortar gastos n\u00e3o resolve o problema quando a raiz \u00e9 emocional. <strong>O desgaste psicol\u00f3gico<\/strong> mant\u00e9m o comportamento ativo, mesmo com n\u00fameros sob controle, porque o conflito n\u00e3o est\u00e1 na conta, mas na percep\u00e7\u00e3o de seguran\u00e7a.<\/p>\n\n\n\n<p>Sem olhar para emo\u00e7\u00f5es como medo, culpa e merecimento, qualquer estrat\u00e9gia financeira vira paliativo. O dinheiro continua sendo visto como amea\u00e7a ou erro, perpetuando o ciclo de ansiedade e rigidez.<\/p>\n\n\n\n<p>A seguir separamos um trecho do canal do TikTok <strong><a href=\"https:\/\/www.tiktok.com\/@psicologi4atual\" target=\"_blank\" rel=\"noreferrer noopener\"><strong>psicologi4atual<\/strong><\/a><\/strong> onde a especialista fala sobre os perigos emocionais que uma vida financeira inst\u00e1vel pode causar a uma pessoa.<\/p>\n\n\n\n<blockquote class=\"tiktok-embed\" cite=\"https:\/\/www.tiktok.com\/@psicologi4atual\/video\/7367143627014950149\" data-video-id=\"7367143627014950149\" style=\"max-width: 605px;min-width: 325px;\" > <section> <a target=\"_blank\" title=\"@psicologi4atual\" href=\"https:\/\/www.tiktok.com\/@psicologi4atual?refer=embed\">@psicologi4atual<\/a> A falta de dinheiro pode realmente causar problemas na sa\u00fade mental. Preocupa\u00e7\u00f5es constantes com finan\u00e7as, dificuldades para pagar contas e a press\u00e3o financeira podem levar ao estresse, ansiedade e at\u00e9 mesmo depress\u00e3o. \u00c9 importante buscar apoio adequado em situa\u00e7\u00f5es de dificuldade financeira e tentar n\u00e3o se sobrecarregar sozinho com essas quest\u00f5es. Se voc\u00ea estiver passando por isso, considerar falar com um profissional de sa\u00fade mental pode ser \u00fatil. <a title=\"reflexao\" target=\"_blank\" href=\"https:\/\/www.tiktok.com\/tag\/reflexao?refer=embed\">#reflexao<\/a> <a title=\"motivacao\" target=\"_blank\" href=\"https:\/\/www.tiktok.com\/tag\/motivacao?refer=embed\">#motivacao<\/a> <a title=\"dinheiro\" target=\"_blank\" href=\"https:\/\/www.tiktok.com\/tag\/dinheiro?refer=embed\">#dinheiro<\/a> <a title=\"saudemental\" target=\"_blank\" href=\"https:\/\/www.tiktok.com\/tag\/saudemental?refer=embed\">#saudemental<\/a> <a title=\"faltadedinheiro\" target=\"_blank\" href=\"https:\/\/www.tiktok.com\/tag\/faltadedinheiro?refer=embed\">#faltadedinheiro<\/a> <a title=\"draanabeatriz\" target=\"_blank\" href=\"https:\/\/www.tiktok.com\/tag\/draanabeatriz?refer=embed\">#draanabeatriz<\/a> <a title=\"saude\" target=\"_blank\" href=\"https:\/\/www.tiktok.com\/tag\/saude?refer=embed\">#saude<\/a> <a target=\"_blank\" title=\"\u266c som original - Psicologi4atual\" href=\"https:\/\/www.tiktok.com\/music\/som-original-7367143647652203269?refer=embed\">\u266c som original &#8211; Psicologi4atual<\/a> <\/section> <\/blockquote> <script async src=\"https:\/\/www.tiktok.com\/embed.js\"><\/script>\n\n\n\n<h2 class=\"wp-block-heading\">Como encontrar equil\u00edbrio entre gastar e se sentir seguro?<\/h2>\n\n\n\n<p>O caminho do equil\u00edbrio passa por dar sentido ao dinheiro. Criar acordos internos claros ajuda a transformar o gasto em decis\u00e3o consciente, e n\u00e3o em impulso ou proibi\u00e7\u00e3o. Algumas estrat\u00e9gias simples ajudam nesse processo<\/p>\n\n\n\n<ul class=\"wp-block-list\">\n<li><strong>Separar fun\u00e7\u00f5es do dinheiro<\/strong>: definir o que \u00e9 necessidade, prazer e seguran\u00e7a reduz conflitos internos<\/li>\n\n\n\n<li><strong>Autoriza\u00e7\u00f5es planejadas<\/strong>: pequenos gastos conscientes aliviam a culpa sem comprometer estabilidade<\/li>\n\n\n\n<li><strong>Limites objetivos<\/strong>: metas claras diminuem o medo de quem evita gastar por inseguran\u00e7a<\/li>\n<\/ul>\n\n\n\n<h2 class=\"wp-block-heading\">O que muda quando o dinheiro deixa de gerar sofrimento?<\/h2>\n\n\n\n<p>Quando o gasto deixa de ser vivido como erro ou amea\u00e7a, surge mais leveza nas decis\u00f5es. <strong>O dinheiro volta a circular com prop\u00f3sito<\/strong>, apoiando escolhas alinhadas \u00e0 realidade e \u00e0s necessidades emocionais.<\/p>\n\n\n\n<p>Uma vida financeira saud\u00e1vel n\u00e3o \u00e9 aquela em que o dinheiro nunca sai da conta, nem aquela em que ele some sem controle. \u00c9 aquela em que ele circula com sentido, tornando-se ferramenta de cuidado, autonomia e tranquilidade emocional.<\/p>\n","protected":false},"excerpt":{"rendered":"<p>Para muitas pessoas, o dinheiro deixou de ser apenas funcional e passou a carregar emo\u00e7\u00f5es pesadas. Culpa ao gastar aparece mesmo em despesas necess\u00e1rias, enquanto o medo constante de gastar paralisa decis\u00f5es, criando tens\u00e3o, ansiedade e um estado permanente de vigil\u00e2ncia financeira. Por que gastar dinheiro passou a gerar culpa ou medo? Esses dois comportamentos [&hellip;]<\/p>\n","protected":false},"author":13,"featured_media":140760,"comment_status":"open","ping_status":"open","sticky":false,"template":"","format":"standard","meta":{"jnews-multi-image_gallery":[],"jnews_single_post":{"format":"standard"},"jnews_primary_category":[],"jnews_social_meta":[],"jnews_override_counter":[],"footnotes":""},"categories":[8819],"tags":[20753,20754,15745],"class_list":["post-140733","post","type-post","status-publish","format-standard","has-post-thumbnail","hentry","category-curiosidades","tag-culpa-ao-gastar","tag-medo-de-gastar","tag-vida-financeira"],"yoast_head":"<!-- This site is optimized with the Yoast SEO plugin v23.8 - https:\/\/yoast.com\/wordpress\/plugins\/seo\/ -->\n<title>Quando gastar dinheiro gera culpa ou medo o problema n\u00e3o \u00e9 s\u00f3 financeiro - Estado de Minas - Em foco<\/title>\n<meta name=\"description\" content=\"Muitas pessoas vivem em alerta constante por causa do dinheiro. Entenda por que isso vai al\u00e9m das finan\u00e7as e como mudar com leveza.\" \/>\n<meta name=\"robots\" content=\"index, follow, max-snippet:-1, max-image-preview:large, max-video-preview:-1\" \/>\n<link rel=\"canonical\" href=\"https:\/\/www.em.com.br\/emfoco\/2025\/12\/16\/quando-gastar-dinheiro-gera-culpa-ou-medo-o-problema-nao-e-so-financeiro\/\" \/>\n<meta property=\"og:locale\" content=\"pt_BR\" \/>\n<meta property=\"og:type\" content=\"article\" \/>\n<meta property=\"og:title\" content=\"Quando gastar dinheiro gera culpa ou medo o problema n\u00e3o \u00e9 s\u00f3 financeiro - Estado de Minas - Em foco\" \/>\n<meta property=\"og:description\" content=\"Muitas pessoas vivem em alerta constante por causa do dinheiro. Entenda por que isso vai al\u00e9m das finan\u00e7as e como mudar com leveza.\" \/>\n<meta property=\"og:url\" content=\"https:\/\/www.em.com.br\/emfoco\/2025\/12\/16\/quando-gastar-dinheiro-gera-culpa-ou-medo-o-problema-nao-e-so-financeiro\/\" \/>\n<meta property=\"og:site_name\" content=\"Estado de Minas - Em foco\" \/>\n<meta property=\"article:published_time\" content=\"2025-12-16T16:55:00+00:00\" \/>\n<meta property=\"article:modified_time\" content=\"2025-12-15T18:41:18+00:00\" \/>\n<meta property=\"og:image\" content=\"https:\/\/www.em.com.br\/emfoco\/wp-content\/uploads\/2025\/12\/IA-IMG-7-2.jpg\" \/>\n\t<meta property=\"og:image:width\" content=\"1280\" \/>\n\t<meta property=\"og:image:height\" content=\"720\" \/>\n\t<meta property=\"og:image:type\" content=\"image\/jpeg\" \/>\n<meta name=\"author\" content=\"Gabriel Martins\" \/>\n<meta name=\"twitter:card\" content=\"summary_large_image\" \/>\n<meta name=\"twitter:label1\" content=\"Escrito por\" \/>\n\t<meta name=\"twitter:data1\" content=\"Gabriel Martins\" \/>\n\t<meta name=\"twitter:label2\" content=\"Est. tempo de leitura\" \/>\n\t<meta name=\"twitter:data2\" content=\"4 minutos\" \/>\n<!-- \/ Yoast SEO plugin. -->","yoast_head_json":{"title":"Quando gastar dinheiro gera culpa ou medo o problema n\u00e3o \u00e9 s\u00f3 financeiro - Estado de Minas - Em foco","description":"Muitas pessoas vivem em alerta constante por causa do dinheiro. Entenda por que isso vai al\u00e9m das finan\u00e7as e como mudar com leveza.","robots":{"index":"index","follow":"follow","max-snippet":"max-snippet:-1","max-image-preview":"max-image-preview:large","max-video-preview":"max-video-preview:-1"},"canonical":"https:\/\/www.em.com.br\/emfoco\/2025\/12\/16\/quando-gastar-dinheiro-gera-culpa-ou-medo-o-problema-nao-e-so-financeiro\/","og_locale":"pt_BR","og_type":"article","og_title":"Quando gastar dinheiro gera culpa ou medo o problema n\u00e3o \u00e9 s\u00f3 financeiro - Estado de Minas - Em foco","og_description":"Muitas pessoas vivem em alerta constante por causa do dinheiro. Entenda por que isso vai al\u00e9m das finan\u00e7as e como mudar com leveza.","og_url":"https:\/\/www.em.com.br\/emfoco\/2025\/12\/16\/quando-gastar-dinheiro-gera-culpa-ou-medo-o-problema-nao-e-so-financeiro\/","og_site_name":"Estado de Minas - Em foco","article_published_time":"2025-12-16T16:55:00+00:00","article_modified_time":"2025-12-15T18:41:18+00:00","og_image":[{"width":1280,"height":720,"url":"https:\/\/www.em.com.br\/emfoco\/wp-content\/uploads\/2025\/12\/IA-IMG-7-2.jpg","type":"image\/jpeg"}],"author":"Gabriel Martins","twitter_card":"summary_large_image","twitter_misc":{"Escrito por":"Gabriel Martins","Est. tempo de leitura":"4 minutos"},"schema":{"@context":"https:\/\/schema.org","@graph":[{"@type":"WebPage","@id":"https:\/\/www.em.com.br\/emfoco\/2025\/12\/16\/quando-gastar-dinheiro-gera-culpa-ou-medo-o-problema-nao-e-so-financeiro\/","url":"https:\/\/www.em.com.br\/emfoco\/2025\/12\/16\/quando-gastar-dinheiro-gera-culpa-ou-medo-o-problema-nao-e-so-financeiro\/","name":"Quando gastar dinheiro gera culpa ou medo o problema n\u00e3o \u00e9 s\u00f3 financeiro - Estado de Minas - Em foco","isPartOf":{"@id":"https:\/\/www.em.com.br\/emfoco\/#website"},"primaryImageOfPage":{"@id":"https:\/\/www.em.com.br\/emfoco\/2025\/12\/16\/quando-gastar-dinheiro-gera-culpa-ou-medo-o-problema-nao-e-so-financeiro\/#primaryimage"},"image":{"@id":"https:\/\/www.em.com.br\/emfoco\/2025\/12\/16\/quando-gastar-dinheiro-gera-culpa-ou-medo-o-problema-nao-e-so-financeiro\/#primaryimage"},"thumbnailUrl":"https:\/\/www.em.com.br\/emfoco\/wp-content\/uploads\/2025\/12\/IA-IMG-7-2.jpg","datePublished":"2025-12-16T16:55:00+00:00","dateModified":"2025-12-15T18:41:18+00:00","author":{"@id":"https:\/\/www.em.com.br\/emfoco\/#\/schema\/person\/1c9ddeab18b98abeffef834667bcf08a"},"description":"Muitas pessoas vivem em alerta constante por causa do dinheiro. Entenda por que isso vai al\u00e9m das finan\u00e7as e como mudar com leveza.","breadcrumb":{"@id":"https:\/\/www.em.com.br\/emfoco\/2025\/12\/16\/quando-gastar-dinheiro-gera-culpa-ou-medo-o-problema-nao-e-so-financeiro\/#breadcrumb"},"inLanguage":"pt-BR","potentialAction":[{"@type":"ReadAction","target":["https:\/\/www.em.com.br\/emfoco\/2025\/12\/16\/quando-gastar-dinheiro-gera-culpa-ou-medo-o-problema-nao-e-so-financeiro\/"]}]},{"@type":"ImageObject","inLanguage":"pt-BR","@id":"https:\/\/www.em.com.br\/emfoco\/2025\/12\/16\/quando-gastar-dinheiro-gera-culpa-ou-medo-o-problema-nao-e-so-financeiro\/#primaryimage","url":"https:\/\/www.em.com.br\/emfoco\/wp-content\/uploads\/2025\/12\/IA-IMG-7-2.jpg","contentUrl":"https:\/\/www.em.com.br\/emfoco\/wp-content\/uploads\/2025\/12\/IA-IMG-7-2.jpg","width":1280,"height":720,"caption":"Culpa e medo ao gastar revelam uma rela\u00e7\u00e3o emocional desequilibrada com dinheiro"},{"@type":"BreadcrumbList","@id":"https:\/\/www.em.com.br\/emfoco\/2025\/12\/16\/quando-gastar-dinheiro-gera-culpa-ou-medo-o-problema-nao-e-so-financeiro\/#breadcrumb","itemListElement":[{"@type":"ListItem","position":1,"name":"In\u00edcio","item":"https:\/\/www.em.com.br\/emfoco\/"},{"@type":"ListItem","position":2,"name":"Quando gastar dinheiro gera culpa ou medo o problema n\u00e3o \u00e9 s\u00f3 financeiro"}]},{"@type":"WebSite","@id":"https:\/\/www.em.com.br\/emfoco\/#website","url":"https:\/\/www.em.com.br\/emfoco\/","name":"Estado de Minas - Em foco","description":"Acompanhe as \u00faltimas not\u00edcias e fique bem informado sobre tudo o que acontece em Minas Gerais, Brasil e no mundo.","potentialAction":[{"@type":"SearchAction","target":{"@type":"EntryPoint","urlTemplate":"https:\/\/www.em.com.br\/emfoco\/?s={search_term_string}"},"query-input":{"@type":"PropertyValueSpecification","valueRequired":true,"valueName":"search_term_string"}}],"inLanguage":"pt-BR"},{"@type":"Person","@id":"https:\/\/www.em.com.br\/emfoco\/#\/schema\/person\/1c9ddeab18b98abeffef834667bcf08a","name":"Gabriel Martins","image":{"@type":"ImageObject","inLanguage":"pt-BR","@id":"https:\/\/www.em.com.br\/emfoco\/#\/schema\/person\/image\/","url":"https:\/\/secure.gravatar.com\/avatar\/f0f1e2efdfd88f1ad2cb08c5c2731e50?s=96&d=mm&r=g","contentUrl":"https:\/\/secure.gravatar.com\/avatar\/f0f1e2efdfd88f1ad2cb08c5c2731e50?s=96&d=mm&r=g","caption":"Gabriel Martins"},"sameAs":["https:\/\/www.em.com.br\/emfoco\/"],"url":"https:\/\/www.em.com.br\/emfoco\/author\/gabrielmartinsmyth\/"}]}},"_links":{"self":[{"href":"https:\/\/www.em.com.br\/emfoco\/wp-json\/wp\/v2\/posts\/140733","targetHints":{"allow":["GET"]}}],"collection":[{"href":"https:\/\/www.em.com.br\/emfoco\/wp-json\/wp\/v2\/posts"}],"about":[{"href":"https:\/\/www.em.com.br\/emfoco\/wp-json\/wp\/v2\/types\/post"}],"author":[{"embeddable":true,"href":"https:\/\/www.em.com.br\/emfoco\/wp-json\/wp\/v2\/users\/13"}],"replies":[{"embeddable":true,"href":"https:\/\/www.em.com.br\/emfoco\/wp-json\/wp\/v2\/comments?post=140733"}],"version-history":[{"count":1,"href":"https:\/\/www.em.com.br\/emfoco\/wp-json\/wp\/v2\/posts\/140733\/revisions"}],"predecessor-version":[{"id":140764,"href":"https:\/\/www.em.com.br\/emfoco\/wp-json\/wp\/v2\/posts\/140733\/revisions\/140764"}],"wp:featuredmedia":[{"embeddable":true,"href":"https:\/\/www.em.com.br\/emfoco\/wp-json\/wp\/v2\/media\/140760"}],"wp:attachment":[{"href":"https:\/\/www.em.com.br\/emfoco\/wp-json\/wp\/v2\/media?parent=140733"}],"wp:term":[{"taxonomy":"category","embeddable":true,"href":"https:\/\/www.em.com.br\/emfoco\/wp-json\/wp\/v2\/categories?post=140733"},{"taxonomy":"post_tag","embeddable":true,"href":"https:\/\/www.em.com.br\/emfoco\/wp-json\/wp\/v2\/tags?post=140733"}],"curies":[{"name":"wp","href":"https:\/\/api.w.org\/{rel}","templated":true}]}}