{"id":140711,"date":"2025-12-17T18:30:00","date_gmt":"2025-12-17T21:30:00","guid":{"rendered":"https:\/\/www.em.com.br\/emfoco\/?p=140711"},"modified":"2025-12-17T14:51:49","modified_gmt":"2025-12-17T17:51:49","slug":"veterinarios-emitem-aviso-para-pessoas-que-convivem-com-gatos-e-criancas-em-casa","status":"publish","type":"post","link":"https:\/\/www.em.com.br\/emfoco\/2025\/12\/17\/veterinarios-emitem-aviso-para-pessoas-que-convivem-com-gatos-e-criancas-em-casa\/","title":{"rendered":"Veterin\u00e1rios emitem aviso para pessoas que convivem com gatos e crian\u00e7as em casa"},"content":{"rendered":"\n<p>A conviv\u00eancia entre crian\u00e7as e gatos est\u00e1 cada vez mais comum nos lares e, junto com o desejo de oferecer companhia aos pequenos, surgem d\u00favidas sobre seguran\u00e7a, adapta\u00e7\u00e3o e benef\u00edcios emocionais. Com alguns cuidados simples, \u00e9 poss\u00edvel transformar essa rela\u00e7\u00e3o em algo est\u00e1vel, seguro e muito enriquecedor para toda a fam\u00edlia.<\/p>\n\n\n\n<h2 class=\"wp-block-heading\">Quais s\u00e3o os principais benef\u00edcios de crian\u00e7as crescerem com gatos<\/h2>\n\n\n\n<p>Os efeitos positivos de ter um gato em casa v\u00e3o muito al\u00e9m da companhia. <a href=\"https:\/\/www.crmvrj.org.br\/convivencia-entre-criancas-e-animais-beneficios-responsabilidades-e-cuidados-essenciais\/#:~:text=O%20conv%C3%ADvio%20com%20um%20pet%20pode%20proporcionar,como%20empatia%2C%20responsabilidade%20e%20respeito%20ao%20pr%C3%B3ximo.\" target=\"_blank\" rel=\"noreferrer noopener\">Estudos indicam que crian\u00e7as que convivem com animais tendem a desenvolver empatia, responsabilidade e maior sensibilidade para perceber emo\u00e7\u00f5es alheias no dia a dia.<\/a><\/p>\n\n\n\n<p>Ao cuidar do felino, a crian\u00e7a aprende sobre rotina, respeito e limites. O gato tamb\u00e9m pode funcionar como um \u201cref\u00fagio silencioso\u201d, especialmente para pequenos mais t\u00edmidos ou ansiosos, ajudando a aliviar o estresse e a solid\u00e3o.<\/p>\n\n\n\n<figure class=\"wp-block-image\"><img decoding=\"async\" src=\"https:\/\/www.em.com.br\/emfoco\/wp-content\/uploads\/2025\/08\/gato-dorme-_1755820863093-1024x576.jpg\" alt=\"\"\/><figcaption class=\"wp-element-caption\">Fam\u00edlias apostam cada vez mais na companhia dos gatos &#8211; Cr\u00e9ditos: depositphotos.com \/ amedvedev<\/figcaption><\/figure>\n\n\n\n<h2 class=\"wp-block-heading\">Como ocorre a adapta\u00e7\u00e3o entre crian\u00e7as e gatos no dia a dia<\/h2>\n\n\n\n<p>Quando um gato chega a uma casa com crian\u00e7as, a adapta\u00e7\u00e3o precisa ser gradual. O felino leva um tempo para conhecer cheiros, rotinas e barulhos, enquanto os pequenos aprendem que ele n\u00e3o \u00e9 brinquedo, mas um ser vivo que sente dor, medo e estresse.<\/p>\n\n\n\n<p>Essa fase inicial \u00e9 decisiva para uma conviv\u00eancia saud\u00e1vel. \u00c9 importante que o animal se sinta protegido e que as crian\u00e7as entendam como se aproximar, tocar e brincar sem assust\u00e1-lo, evitando arranh\u00f5es e rea\u00e7\u00f5es defensivas.<\/p>\n\n\n\n<h2 class=\"wp-block-heading\">Como garantir uma rela\u00e7\u00e3o segura entre crian\u00e7as e gatos<\/h2>\n\n\n\n<p>A palavra-chave para uma boa rela\u00e7\u00e3o entre crian\u00e7as e gatos \u00e9 respeito, sempre com supervis\u00e3o de um adulto, especialmente com beb\u00eas ou crian\u00e7as pequenas. Nesse processo, \u00e9 essencial explicar com linguagem simples o que pode machucar ou assustar o gato e como isso pode gerar rea\u00e7\u00f5es de defesa.<\/p>\n\n\n\n<p>Al\u00e9m disso, cuidados de higiene e sa\u00fade reduzem riscos de doen\u00e7as e tornam a conviv\u00eancia mais segura para todos. Algumas orienta\u00e7\u00f5es b\u00e1sicas ajudam bastante nesse come\u00e7o de intera\u00e7\u00e3o:<\/p>\n\n\n\n<figure class=\"wp-block-image size-large\"><img loading=\"lazy\" decoding=\"async\" width=\"1024\" height=\"576\" src=\"https:\/\/www.em.com.br\/emfoco\/wp-content\/uploads\/2025\/12\/Gemini_Generated_Image_r3d3blr3d3blr3d3-1-1024x576.png\" alt=\"Como garantir uma rela\u00e7\u00e3o segura entre crian\u00e7as e gatos\" class=\"wp-image-141991\" srcset=\"https:\/\/www.em.com.br\/emfoco\/wp-content\/uploads\/2025\/12\/Gemini_Generated_Image_r3d3blr3d3blr3d3-1-1024x576.png 1024w, https:\/\/www.em.com.br\/emfoco\/wp-content\/uploads\/2025\/12\/Gemini_Generated_Image_r3d3blr3d3blr3d3-1-300x169.png 300w, https:\/\/www.em.com.br\/emfoco\/wp-content\/uploads\/2025\/12\/Gemini_Generated_Image_r3d3blr3d3blr3d3-1-768x432.png 768w, https:\/\/www.em.com.br\/emfoco\/wp-content\/uploads\/2025\/12\/Gemini_Generated_Image_r3d3blr3d3blr3d3-1-750x422.png 750w, https:\/\/www.em.com.br\/emfoco\/wp-content\/uploads\/2025\/12\/Gemini_Generated_Image_r3d3blr3d3blr3d3-1-1140x641.png 1140w, https:\/\/www.em.com.br\/emfoco\/wp-content\/uploads\/2025\/12\/Gemini_Generated_Image_r3d3blr3d3blr3d3-1.png 1280w\" sizes=\"auto, (max-width: 1024px) 100vw, 1024px\" \/><figcaption class=\"wp-element-caption\">Como garantir uma rela\u00e7\u00e3o segura entre crian\u00e7as e gatos<\/figcaption><\/figure>\n\n\n\n<h2 class=\"wp-block-heading\">Como ensinar as crian\u00e7as a brincar com o gato sem riscos<\/h2>\n\n\n\n<p>A forma de brincar influencia diretamente o comportamento do gato, por isso m\u00e3os e p\u00e9s n\u00e3o devem ser usados como brinquedos. O ideal \u00e9 apresentar desde cedo brinquedos pr\u00f3prios, que mantenham dist\u00e2ncia f\u00edsica e estimulem o felino a correr, pular e perseguir sem machucar ningu\u00e9m.<\/p>\n\n\n\n<p>Tamb\u00e9m \u00e9 importante ensinar a crian\u00e7a a reconhecer a linguagem corporal felina. Um gato relaxado, deitado de lado, indica conforto, enquanto o corpo enrijecido, orelhas para tr\u00e1s e rabo chicoteando mostram alerta e estresse, sinalizando que \u00e9 hora de dar espa\u00e7o.<\/p>\n\n\n\n<h2 class=\"wp-block-heading\">Como preparar a casa e finalizar a conviv\u00eancia de forma segura e marcante<\/h2>\n\n\n\n<p>Organizar o ambiente \u00e9 essencial para que o gato se sinta seguro e a crian\u00e7a saiba respeitar seus espa\u00e7os. Canto de ref\u00fagio, \u00e1reas exclusivas para caixa de areia e potes, al\u00e9m de barulho controlado, ajudam a evitar conflitos e a construir uma rotina tranquila para todos.<\/p>\n\n\n\n<p>Se voc\u00ea tem filhos ou pretende t\u00ea-los e sonha em incluir um gato na fam\u00edlia, este \u00e9 o momento de agir: converse com o pediatra, busque orienta\u00e7\u00e3o com um veterin\u00e1rio de confian\u00e7a e planeje a adapta\u00e7\u00e3o desde j\u00e1. Cada dia que passa pode ser uma chance perdida de oferecer \u00e0 sua crian\u00e7a uma amizade \u00fanica, cheia de carinho, respeito e mem\u00f3rias inesquec\u00edveis ao lado de um felino.<\/p>\n\n\n\n<p><\/p>\n","protected":false},"excerpt":{"rendered":"<p>A conviv\u00eancia entre crian\u00e7as e gatos est\u00e1 cada vez mais comum nos lares e, junto com o desejo de oferecer companhia aos pequenos, surgem d\u00favidas sobre seguran\u00e7a, adapta\u00e7\u00e3o e benef\u00edcios emocionais. Com alguns cuidados simples, \u00e9 poss\u00edvel transformar essa rela\u00e7\u00e3o em algo est\u00e1vel, seguro e muito enriquecedor para toda a fam\u00edlia. Quais s\u00e3o os principais [&hellip;]<\/p>\n","protected":false},"author":11,"featured_media":141997,"comment_status":"open","ping_status":"open","sticky":false,"template":"","format":"standard","meta":{"jnews-multi-image_gallery":[],"jnews_single_post":{"format":"standard"},"jnews_primary_category":[],"jnews_social_meta":[],"jnews_override_counter":[],"footnotes":""},"categories":[8819,1],"tags":[1473,20748,14772,9244,7432,20749],"class_list":["post-140711","post","type-post","status-publish","format-standard","has-post-thumbnail","hentry","category-curiosidades","category-noticias","tag-criancas","tag-criancas-e-gatos","tag-cuidados-simples","tag-desenvolvimento-emocional","tag-gatos","tag-relacao-saudavel"],"yoast_head":"<!-- This site is optimized with the Yoast SEO plugin v23.8 - https:\/\/yoast.com\/wordpress\/plugins\/seo\/ -->\n<title>Veterin\u00e1rios emitem aviso para pessoas que convivem com gatos e crian\u00e7as em casa - Estado de Minas - Em foco<\/title>\n<meta name=\"description\" content=\"A conviv\u00eancia entre crian\u00e7as e gatos pode ser segura e cheia de benef\u00edcios. Veja cuidados simples que evitam riscos e estresse.\" \/>\n<meta name=\"robots\" content=\"index, follow, max-snippet:-1, max-image-preview:large, max-video-preview:-1\" \/>\n<link rel=\"canonical\" href=\"https:\/\/www.em.com.br\/emfoco\/2025\/12\/17\/veterinarios-emitem-aviso-para-pessoas-que-convivem-com-gatos-e-criancas-em-casa\/\" \/>\n<meta property=\"og:locale\" content=\"pt_BR\" \/>\n<meta property=\"og:type\" content=\"article\" \/>\n<meta property=\"og:title\" content=\"Veterin\u00e1rios emitem aviso para pessoas que convivem com gatos e crian\u00e7as em casa - Estado de Minas - Em foco\" \/>\n<meta property=\"og:description\" content=\"A conviv\u00eancia entre crian\u00e7as e gatos pode ser segura e cheia de benef\u00edcios. Veja cuidados simples que evitam riscos e estresse.\" \/>\n<meta property=\"og:url\" content=\"https:\/\/www.em.com.br\/emfoco\/2025\/12\/17\/veterinarios-emitem-aviso-para-pessoas-que-convivem-com-gatos-e-criancas-em-casa\/\" \/>\n<meta property=\"og:site_name\" content=\"Estado de Minas - Em foco\" \/>\n<meta property=\"article:published_time\" content=\"2025-12-17T21:30:00+00:00\" \/>\n<meta property=\"article:modified_time\" content=\"2025-12-17T17:51:49+00:00\" \/>\n<meta property=\"og:image\" content=\"https:\/\/www.em.com.br\/emfoco\/wp-content\/uploads\/2025\/12\/ChatGPT-Image-17-de-dez.-de-2025-14_48_47-1.png\" \/>\n\t<meta property=\"og:image:width\" content=\"1280\" \/>\n\t<meta property=\"og:image:height\" content=\"720\" \/>\n\t<meta property=\"og:image:type\" content=\"image\/png\" \/>\n<meta name=\"author\" content=\"Andre\u0301 Rangel\u00a0\" \/>\n<meta name=\"twitter:card\" content=\"summary_large_image\" \/>\n<meta name=\"twitter:label1\" content=\"Escrito por\" \/>\n\t<meta name=\"twitter:data1\" content=\"Andre\u0301 Rangel\u00a0\" \/>\n\t<meta name=\"twitter:label2\" content=\"Est. tempo de leitura\" \/>\n\t<meta name=\"twitter:data2\" content=\"4 minutos\" \/>\n<!-- \/ Yoast SEO plugin. -->","yoast_head_json":{"title":"Veterin\u00e1rios emitem aviso para pessoas que convivem com gatos e crian\u00e7as em casa - Estado de Minas - Em foco","description":"A conviv\u00eancia entre crian\u00e7as e gatos pode ser segura e cheia de benef\u00edcios. Veja cuidados simples que evitam riscos e estresse.","robots":{"index":"index","follow":"follow","max-snippet":"max-snippet:-1","max-image-preview":"max-image-preview:large","max-video-preview":"max-video-preview:-1"},"canonical":"https:\/\/www.em.com.br\/emfoco\/2025\/12\/17\/veterinarios-emitem-aviso-para-pessoas-que-convivem-com-gatos-e-criancas-em-casa\/","og_locale":"pt_BR","og_type":"article","og_title":"Veterin\u00e1rios emitem aviso para pessoas que convivem com gatos e crian\u00e7as em casa - Estado de Minas - Em foco","og_description":"A conviv\u00eancia entre crian\u00e7as e gatos pode ser segura e cheia de benef\u00edcios. Veja cuidados simples que evitam riscos e estresse.","og_url":"https:\/\/www.em.com.br\/emfoco\/2025\/12\/17\/veterinarios-emitem-aviso-para-pessoas-que-convivem-com-gatos-e-criancas-em-casa\/","og_site_name":"Estado de Minas - Em foco","article_published_time":"2025-12-17T21:30:00+00:00","article_modified_time":"2025-12-17T17:51:49+00:00","og_image":[{"width":1280,"height":720,"url":"https:\/\/www.em.com.br\/emfoco\/wp-content\/uploads\/2025\/12\/ChatGPT-Image-17-de-dez.-de-2025-14_48_47-1.png","type":"image\/png"}],"author":"Andre\u0301 Rangel\u00a0","twitter_card":"summary_large_image","twitter_misc":{"Escrito por":"Andre\u0301 Rangel\u00a0","Est. tempo de leitura":"4 minutos"},"schema":{"@context":"https:\/\/schema.org","@graph":[{"@type":"WebPage","@id":"https:\/\/www.em.com.br\/emfoco\/2025\/12\/17\/veterinarios-emitem-aviso-para-pessoas-que-convivem-com-gatos-e-criancas-em-casa\/","url":"https:\/\/www.em.com.br\/emfoco\/2025\/12\/17\/veterinarios-emitem-aviso-para-pessoas-que-convivem-com-gatos-e-criancas-em-casa\/","name":"Veterin\u00e1rios emitem aviso para pessoas que convivem com gatos e crian\u00e7as em casa - Estado de Minas - Em foco","isPartOf":{"@id":"https:\/\/www.em.com.br\/emfoco\/#website"},"primaryImageOfPage":{"@id":"https:\/\/www.em.com.br\/emfoco\/2025\/12\/17\/veterinarios-emitem-aviso-para-pessoas-que-convivem-com-gatos-e-criancas-em-casa\/#primaryimage"},"image":{"@id":"https:\/\/www.em.com.br\/emfoco\/2025\/12\/17\/veterinarios-emitem-aviso-para-pessoas-que-convivem-com-gatos-e-criancas-em-casa\/#primaryimage"},"thumbnailUrl":"https:\/\/www.em.com.br\/emfoco\/wp-content\/uploads\/2025\/12\/ChatGPT-Image-17-de-dez.-de-2025-14_48_47-1.png","datePublished":"2025-12-17T21:30:00+00:00","dateModified":"2025-12-17T17:51:49+00:00","author":{"@id":"https:\/\/www.em.com.br\/emfoco\/#\/schema\/person\/60eda09c1fedf0d6891f4cef4b60b8b8"},"description":"A conviv\u00eancia entre crian\u00e7as e gatos pode ser segura e cheia de benef\u00edcios. Veja cuidados simples que evitam riscos e estresse.","breadcrumb":{"@id":"https:\/\/www.em.com.br\/emfoco\/2025\/12\/17\/veterinarios-emitem-aviso-para-pessoas-que-convivem-com-gatos-e-criancas-em-casa\/#breadcrumb"},"inLanguage":"pt-BR","potentialAction":[{"@type":"ReadAction","target":["https:\/\/www.em.com.br\/emfoco\/2025\/12\/17\/veterinarios-emitem-aviso-para-pessoas-que-convivem-com-gatos-e-criancas-em-casa\/"]}]},{"@type":"ImageObject","inLanguage":"pt-BR","@id":"https:\/\/www.em.com.br\/emfoco\/2025\/12\/17\/veterinarios-emitem-aviso-para-pessoas-que-convivem-com-gatos-e-criancas-em-casa\/#primaryimage","url":"https:\/\/www.em.com.br\/emfoco\/wp-content\/uploads\/2025\/12\/ChatGPT-Image-17-de-dez.-de-2025-14_48_47-1.png","contentUrl":"https:\/\/www.em.com.br\/emfoco\/wp-content\/uploads\/2025\/12\/ChatGPT-Image-17-de-dez.-de-2025-14_48_47-1.png","width":1280,"height":720,"caption":"Fam\u00edlias apostam cada vez mais na companhia dos gatos"},{"@type":"BreadcrumbList","@id":"https:\/\/www.em.com.br\/emfoco\/2025\/12\/17\/veterinarios-emitem-aviso-para-pessoas-que-convivem-com-gatos-e-criancas-em-casa\/#breadcrumb","itemListElement":[{"@type":"ListItem","position":1,"name":"In\u00edcio","item":"https:\/\/www.em.com.br\/emfoco\/"},{"@type":"ListItem","position":2,"name":"Veterin\u00e1rios emitem aviso para pessoas que convivem com gatos e crian\u00e7as em casa"}]},{"@type":"WebSite","@id":"https:\/\/www.em.com.br\/emfoco\/#website","url":"https:\/\/www.em.com.br\/emfoco\/","name":"Estado de Minas - Em foco","description":"Acompanhe as \u00faltimas not\u00edcias e fique bem informado sobre tudo o que acontece em Minas Gerais, Brasil e no mundo.","potentialAction":[{"@type":"SearchAction","target":{"@type":"EntryPoint","urlTemplate":"https:\/\/www.em.com.br\/emfoco\/?s={search_term_string}"},"query-input":{"@type":"PropertyValueSpecification","valueRequired":true,"valueName":"search_term_string"}}],"inLanguage":"pt-BR"},{"@type":"Person","@id":"https:\/\/www.em.com.br\/emfoco\/#\/schema\/person\/60eda09c1fedf0d6891f4cef4b60b8b8","name":"Andre\u0301 Rangel\u00a0","image":{"@type":"ImageObject","inLanguage":"pt-BR","@id":"https:\/\/www.em.com.br\/emfoco\/#\/schema\/person\/image\/","url":"https:\/\/secure.gravatar.com\/avatar\/6234dc814c77c8ef6d8bba622c787efc?s=96&d=mm&r=g","contentUrl":"https:\/\/secure.gravatar.com\/avatar\/6234dc814c77c8ef6d8bba622c787efc?s=96&d=mm&r=g","caption":"Andre\u0301 Rangel\u00a0"},"url":"https:\/\/www.em.com.br\/emfoco\/author\/luizmyth\/"}]}},"_links":{"self":[{"href":"https:\/\/www.em.com.br\/emfoco\/wp-json\/wp\/v2\/posts\/140711","targetHints":{"allow":["GET"]}}],"collection":[{"href":"https:\/\/www.em.com.br\/emfoco\/wp-json\/wp\/v2\/posts"}],"about":[{"href":"https:\/\/www.em.com.br\/emfoco\/wp-json\/wp\/v2\/types\/post"}],"author":[{"embeddable":true,"href":"https:\/\/www.em.com.br\/emfoco\/wp-json\/wp\/v2\/users\/11"}],"replies":[{"embeddable":true,"href":"https:\/\/www.em.com.br\/emfoco\/wp-json\/wp\/v2\/comments?post=140711"}],"version-history":[{"count":5,"href":"https:\/\/www.em.com.br\/emfoco\/wp-json\/wp\/v2\/posts\/140711\/revisions"}],"predecessor-version":[{"id":141992,"href":"https:\/\/www.em.com.br\/emfoco\/wp-json\/wp\/v2\/posts\/140711\/revisions\/141992"}],"wp:featuredmedia":[{"embeddable":true,"href":"https:\/\/www.em.com.br\/emfoco\/wp-json\/wp\/v2\/media\/141997"}],"wp:attachment":[{"href":"https:\/\/www.em.com.br\/emfoco\/wp-json\/wp\/v2\/media?parent=140711"}],"wp:term":[{"taxonomy":"category","embeddable":true,"href":"https:\/\/www.em.com.br\/emfoco\/wp-json\/wp\/v2\/categories?post=140711"},{"taxonomy":"post_tag","embeddable":true,"href":"https:\/\/www.em.com.br\/emfoco\/wp-json\/wp\/v2\/tags?post=140711"}],"curies":[{"name":"wp","href":"https:\/\/api.w.org\/{rel}","templated":true}]}}