{"id":140695,"date":"2025-12-16T17:00:00","date_gmt":"2025-12-16T20:00:00","guid":{"rendered":"https:\/\/www.em.com.br\/emfoco\/?p=140695"},"modified":"2025-12-16T13:30:49","modified_gmt":"2025-12-16T16:30:49","slug":"governo-decretou-o-congelamento-de-todos-os-cartoes-de-credito-e-contas-bancarias-listados-neste-site-durante-o-mes-de-dezembro","status":"publish","type":"post","link":"https:\/\/www.em.com.br\/emfoco\/2025\/12\/16\/governo-decretou-o-congelamento-de-todos-os-cartoes-de-credito-e-contas-bancarias-listados-neste-site-durante-o-mes-de-dezembro\/","title":{"rendered":"Governo decretou o congelamento de todos os cart\u00f5es de cr\u00e9dito e contas banc\u00e1rias listados neste site durante o m\u00eas de dezembro"},"content":{"rendered":"\n<p class=\"has-text-align-left\">O&nbsp;<strong>governo colombiano<\/strong>&nbsp;est\u00e1 avan\u00e7ando no controle fiscal e reacende um alerta para quem vive ou investe no pa\u00eds: o&nbsp;<strong>embargo de contas banc\u00e1rias e a suspens\u00e3o de cart\u00f5es de cr\u00e9dito<\/strong>&nbsp;de devedores da <strong>DIAN <\/strong>se tornaram mais comuns, integrando uma estrat\u00e9gia agressiva de combate \u00e0 inadimpl\u00eancia tribut\u00e1ria e ao uso irregular do sistema financeiro, com efeitos diretos sobre pessoas f\u00edsicas, empresas e estrangeiros residentes.<\/p>\n\n\n\n<h2 class=\"wp-block-heading\">Como funciona o embargo de contas banc\u00e1rias realizado pela DIAN<\/h2>\n\n\n\n<p>O&nbsp;<strong>embargo de contas banc\u00e1rias pela DIAN<\/strong>&nbsp;come\u00e7a ap\u00f3s a identifica\u00e7\u00e3o de d\u00edvidas vencidas n\u00e3o regularizadas, geralmente depois de alertas, notifica\u00e7\u00f5es formais ou intima\u00e7\u00f5es ignoradas. Sem resposta ou acordo, a administra\u00e7\u00e3o tribut\u00e1ria solicita aos bancos o bloqueio dos produtos financeiros vinculados ao CPF ou CNPJ do devedor.<\/p>\n\n\n\n<p>Nessa etapa, a coopera\u00e7\u00e3o com o setor financeiro \u00e9 essencial, e o bloqueio ocorre de forma escalonada, por\u00e9m r\u00e1pida, para impedir a movimenta\u00e7\u00e3o dos recursos antes da interven\u00e7\u00e3o. Ap\u00f3s a comunica\u00e7\u00e3o oficial da DIAN, as entidades banc\u00e1rias costumam adotar medidas espec\u00edficas para restringir o acesso aos valores dispon\u00edveis.<\/p>\n\n\n\n<figure class=\"wp-block-image\"><img decoding=\"async\" src=\"https:\/\/www.em.com.br\/emfoco\/wp-content\/uploads\/2025\/10\/Gemini_Generated_Image_93ol5q93ol5q93ol-1-1024x576.jpg\" alt=\"\"\/><figcaption class=\"wp-element-caption\">Bancos podem fechar contas banc\u00e1rias<\/figcaption><\/figure>\n\n\n\n<h2 class=\"wp-block-heading\">Quem pode ter contas embargadas pela DIAN e por quais motivos<\/h2>\n\n\n\n<p>Podem ter contas embargadas pessoas f\u00edsicas e jur\u00eddicas com inadimpl\u00eancia prolongada ou suspeitas de uso irregular do sistema financeiro. A DIAN mant\u00e9m um cadastro de devedores morosos, alimentado por processos de cobran\u00e7a, fiscaliza\u00e7\u00f5es e cruzamento de informa\u00e7\u00f5es financeiras e fiscais.<\/p>\n\n\n\n<p>Empres\u00e1rios com impostos em atraso, pessoas naturais com imposto de renda n\u00e3o pago ou declara\u00e7\u00f5es omitidas e contribuintes reincidentes em evas\u00e3o s\u00e3o os perfis mais afetados. O objetivo \u00e9 recuperar receitas, desestimular a evas\u00e3o e impedir que contas sejam usadas para ocultar patrim\u00f4nio ou movimentar recursos sem origem comprovada.<\/p>\n\n\n\n<h2 class=\"wp-block-heading\">Como verificar d\u00edvidas com a DIAN e evitar o embargo<\/h2>\n\n\n\n<p>Para evitar bloqueios surpresa, \u00e9 fundamental saber&nbsp;<strong>como verificar se h\u00e1 d\u00edvidas com a DIAN<\/strong>&nbsp;e acompanhar de perto o cadastro tribut\u00e1rio. Isso pode ser feito pelos <a href=\"https:\/\/www.dian.gov.co\/impuestos\/Paginas\/Pongase-al-dia-con-la-DIAN.aspx\" target=\"_blank\" rel=\"noreferrer noopener\">portais oficiais<\/a>, se\u00e7\u00f5es de cobran\u00e7a, hist\u00f3rico de declara\u00e7\u00f5es, notifica\u00e7\u00f5es eletr\u00f4nicas, canais telef\u00f4nicos e atendimento presencial.<\/p>\n\n\n\n<p>Algumas pr\u00e1ticas ajudam diretamente na preven\u00e7\u00e3o de embargos e refor\u00e7am a organiza\u00e7\u00e3o fiscal do contribuinte, reduzindo o risco de medidas mais severas por parte da autoridade tribut\u00e1ria:<\/p>\n\n\n\n<div style=\"font-family: Arial, sans-serif; max-width: 900px; margin: 0 auto; background: #ffffff; padding: 12px; border-radius: 14px; border: 1px solid #b6d7f2;\">\n\n  <div style=\"background: #e8f3fb; padding: 10px; border-radius: 10px; border: 1px solid #c9daf8; text-align: center; margin-bottom: 15px;\">\n    <h2 style=\"margin: 0; color: #1f4e79; font-size: 18px;\">\n      \ud83d\udccb Cuidados para manter a situa\u00e7\u00e3o regular\n    <\/h2>\n  <\/div>\n\n  <table style=\"width: 100%; border-collapse: collapse;\">\n    <thead>\n      <tr>\n        <th style=\"background: #eaf6ee; padding: 10px; border: 1px solid #b7e0c7; font-size: 14px; color: #256a45; width: 30%;\">\n          A\u00e7\u00e3o\n        <\/th>\n        <th style=\"background: #eaf6ee; padding: 10px; border: 1px solid #b7e0c7; font-size: 14px; color: #256a45;\">\n          O que fazer na pr\u00e1tica\n        <\/th>\n      <\/tr>\n    <\/thead>\n\n    <tbody>\n\n      <tr style=\"border-bottom: 1px solid #d6efe2;\">\n        <td style=\"padding: 10px; border-right: 1px solid #b7e0c7; font-weight: bold;\">\n          Acompanhar cadastro tribut\u00e1rio\n        <\/td>\n        <td style=\"padding: 10px; color: #333; font-size: 13px; line-height: 1.5;\">\n          Verificar periodicamente se h\u00e1 <strong>processos de cobran\u00e7a<\/strong> ou <strong>mensagens pendentes<\/strong> nos sistemas oficiais.\n        <\/td>\n      <\/tr>\n\n      <tr style=\"border-bottom: 1px solid #d6efe2;\">\n        <td style=\"padding: 10px; border-right: 1px solid #b7e0c7; font-weight: bold;\">\n          Regularizar declara\u00e7\u00f5es\n        <\/td>\n        <td style=\"padding: 10px; color: #333; font-size: 13px; line-height: 1.5;\">\n          Entregar <strong>declara\u00e7\u00f5es omitidas<\/strong>, mesmo que ainda n\u00e3o seja poss\u00edvel quitar o valor integral.\n        <\/td>\n      <\/tr>\n\n      <tr style=\"border-bottom: 1px solid #d6efe2;\">\n        <td style=\"padding: 10px; border-right: 1px solid #b7e0c7; font-weight: bold;\">\n          Negociar acordos\n        <\/td>\n        <td style=\"padding: 10px; color: #333; font-size: 13px; line-height: 1.5;\">\n          Buscar <strong>parcelamentos ou acordos<\/strong> e cumprir rigorosamente prazos e condi\u00e7\u00f5es previstas.\n        <\/td>\n      <\/tr>\n\n      <tr style=\"border-bottom: 1px solid #d6efe2;\">\n        <td style=\"padding: 10px; border-right: 1px solid #b7e0c7; font-weight: bold;\">\n          Atualizar dados cadastrais\n        <\/td>\n        <td style=\"padding: 10px; color: #333; font-size: 13px; line-height: 1.5;\">\n          Manter <strong>dados pessoais e de contato atualizados<\/strong> para n\u00e3o perder notifica\u00e7\u00f5es importantes.\n        <\/td>\n      <\/tr>\n\n      <tr>\n        <td style=\"padding: 10px; border-right: 1px solid #b7e0c7; font-weight: bold;\">\n          Monitorar movimenta\u00e7\u00f5es\n        <\/td>\n        <td style=\"padding: 10px; color: #333; font-size: 13px; line-height: 1.5;\">\n          Acompanhar <strong>contas pouco usadas<\/strong> e guardar comprovantes da origem de <strong>transa\u00e7\u00f5es de maior valor<\/strong>.\n        <\/td>\n      <\/tr>\n\n    <\/tbody>\n  <\/table>\n<\/div>\n\n\n\n\n<h2 class=\"wp-block-heading\">Como a DIAN impacta brasileiros que moram na Col\u00f4mbia<\/h2>\n\n\n\n<p>Brasileiros residentes na Col\u00f4mbia s\u00e3o tratados da mesma forma que qualquer outro contribuinte local, desde que enquadrados como residentes fiscais. Em regra, \u00e9 considerado residente quem permanece por mais de 183 dias, cont\u00ednuos ou n\u00e3o, em um per\u00edodo de 365 dias no territ\u00f3rio colombiano, ficando sujeito \u00e0s mesmas obriga\u00e7\u00f5es de declara\u00e7\u00e3o e pagamento.<\/p>\n\n\n\n<p>As&nbsp;<strong>medidas de embargo e suspens\u00e3o<\/strong>&nbsp;atingem brasileiros com d\u00e9bitos de imposto de renda, IVA, tributos retidos na fonte, obriga\u00e7\u00f5es aduaneiras e demais tributos administrados pela DIAN. Contas em bancos colombianos, cart\u00f5es de cr\u00e9dito emitidos no pa\u00eds e outros ativos financeiros podem ser bloqueados at\u00e9 a regulariza\u00e7\u00e3o, sendo recomend\u00e1vel buscar apoio de contador ou advogado em tributa\u00e7\u00e3o internacional.<\/p>\n\n\n\n<h2 class=\"wp-block-heading\">O que fazer se a conta j\u00e1 foi embargada pela DIAN<\/h2>\n\n\n\n<p>Se o&nbsp;<strong>bloqueio da conta banc\u00e1ria<\/strong>&nbsp;ou o congelamento do cart\u00e3o de cr\u00e9dito j\u00e1 ocorreu, \u00e9 crucial agir r\u00e1pido: consulte imediatamente o sistema da DIAN, identifique a origem do d\u00e9bito, verifique poss\u00edveis erros de valores ou prescri\u00e7\u00e3o e avalie, com apoio jur\u00eddico ou cont\u00e1bil, se h\u00e1 fundamentos para contestar ou retificar a cobran\u00e7a.<\/p>\n\n\n\n<p>Negocie um plano de pagamento, apresente comprovantes de quita\u00e7\u00e3o quando existirem e acompanhe cada etapa at\u00e9 que o banco receba autoriza\u00e7\u00e3o formal para liberar os fundos. N\u00e3o espere o problema crescer: revise sua situa\u00e7\u00e3o fiscal hoje, regularize o quanto antes e proteja seu acesso ao pr\u00f3prio dinheiro, porque cada dia de atraso pode significar mais juros, mais restri\u00e7\u00f5es e menos controle sobre sua vida financeira.<\/p>\n\n\n\n<p><\/p>\n","protected":false},"excerpt":{"rendered":"<p>O&nbsp;governo colombiano&nbsp;est\u00e1 avan\u00e7ando no controle fiscal e reacende um alerta para quem vive ou investe no pa\u00eds: o&nbsp;embargo de contas banc\u00e1rias e a suspens\u00e3o de cart\u00f5es de cr\u00e9dito&nbsp;de devedores da DIAN se tornaram mais comuns, integrando uma estrat\u00e9gia agressiva de combate \u00e0 inadimpl\u00eancia tribut\u00e1ria e ao uso irregular do sistema financeiro, com efeitos diretos sobre [&hellip;]<\/p>\n","protected":false},"author":11,"featured_media":141233,"comment_status":"open","ping_status":"open","sticky":false,"template":"","format":"standard","meta":{"jnews-multi-image_gallery":[],"jnews_single_post":{"format":"standard"},"jnews_primary_category":[],"jnews_social_meta":[],"jnews_override_counter":[],"footnotes":""},"categories":[28,1],"tags":[20744,2738,4907,4472,16189,20743,2876],"class_list":["post-140695","post","type-post","status-publish","format-standard","has-post-thumbnail","hentry","category-economia","category-noticias","tag-bloqueio-da-conta-bancaria","tag-cartoes-de-credito","tag-cartoes-de-debito","tag-colombia","tag-contas-bancarias","tag-dividas-fiscais","tag-impostos"],"yoast_head":"<!-- This site is optimized with the Yoast SEO plugin v23.8 - https:\/\/yoast.com\/wordpress\/plugins\/seo\/ -->\n<title>Governo decretou o congelamento de todos os cart\u00f5es de cr\u00e9dito e contas banc\u00e1rias listados neste site durante o m\u00eas de dezembro - Estado de Minas - Em foco<\/title>\n<meta name=\"description\" content=\"D\u00edvidas fiscais podem congelar seu dinheiro na Col\u00f4mbia. Veja como funciona o embargo da DIAN e como agir r\u00e1pido.\" \/>\n<meta name=\"robots\" content=\"index, follow, max-snippet:-1, max-image-preview:large, max-video-preview:-1\" \/>\n<link rel=\"canonical\" href=\"https:\/\/www.em.com.br\/emfoco\/2025\/12\/16\/governo-decretou-o-congelamento-de-todos-os-cartoes-de-credito-e-contas-bancarias-listados-neste-site-durante-o-mes-de-dezembro\/\" \/>\n<meta property=\"og:locale\" content=\"pt_BR\" \/>\n<meta property=\"og:type\" content=\"article\" \/>\n<meta property=\"og:title\" content=\"Governo decretou o congelamento de todos os cart\u00f5es de cr\u00e9dito e contas banc\u00e1rias listados neste site durante o m\u00eas de dezembro - Estado de Minas - Em foco\" \/>\n<meta property=\"og:description\" content=\"D\u00edvidas fiscais podem congelar seu dinheiro na Col\u00f4mbia. Veja como funciona o embargo da DIAN e como agir r\u00e1pido.\" \/>\n<meta property=\"og:url\" content=\"https:\/\/www.em.com.br\/emfoco\/2025\/12\/16\/governo-decretou-o-congelamento-de-todos-os-cartoes-de-credito-e-contas-bancarias-listados-neste-site-durante-o-mes-de-dezembro\/\" \/>\n<meta property=\"og:site_name\" content=\"Estado de Minas - Em foco\" \/>\n<meta property=\"article:published_time\" content=\"2025-12-16T20:00:00+00:00\" \/>\n<meta property=\"article:modified_time\" content=\"2025-12-16T16:30:49+00:00\" \/>\n<meta property=\"og:image\" content=\"https:\/\/www.em.com.br\/emfoco\/wp-content\/uploads\/2025\/12\/Gemini_Generated_Image_utalf9utalf9utal-1.png\" \/>\n\t<meta property=\"og:image:width\" content=\"1280\" \/>\n\t<meta property=\"og:image:height\" content=\"720\" \/>\n\t<meta property=\"og:image:type\" content=\"image\/png\" \/>\n<meta name=\"author\" content=\"Andre\u0301 Rangel\u00a0\" \/>\n<meta name=\"twitter:card\" content=\"summary_large_image\" \/>\n<meta name=\"twitter:label1\" content=\"Escrito por\" \/>\n\t<meta name=\"twitter:data1\" content=\"Andre\u0301 Rangel\u00a0\" \/>\n\t<meta name=\"twitter:label2\" content=\"Est. tempo de leitura\" \/>\n\t<meta name=\"twitter:data2\" content=\"5 minutos\" \/>\n<!-- \/ Yoast SEO plugin. -->","yoast_head_json":{"title":"Governo decretou o congelamento de todos os cart\u00f5es de cr\u00e9dito e contas banc\u00e1rias listados neste site durante o m\u00eas de dezembro - Estado de Minas - Em foco","description":"D\u00edvidas fiscais podem congelar seu dinheiro na Col\u00f4mbia. Veja como funciona o embargo da DIAN e como agir r\u00e1pido.","robots":{"index":"index","follow":"follow","max-snippet":"max-snippet:-1","max-image-preview":"max-image-preview:large","max-video-preview":"max-video-preview:-1"},"canonical":"https:\/\/www.em.com.br\/emfoco\/2025\/12\/16\/governo-decretou-o-congelamento-de-todos-os-cartoes-de-credito-e-contas-bancarias-listados-neste-site-durante-o-mes-de-dezembro\/","og_locale":"pt_BR","og_type":"article","og_title":"Governo decretou o congelamento de todos os cart\u00f5es de cr\u00e9dito e contas banc\u00e1rias listados neste site durante o m\u00eas de dezembro - Estado de Minas - Em foco","og_description":"D\u00edvidas fiscais podem congelar seu dinheiro na Col\u00f4mbia. Veja como funciona o embargo da DIAN e como agir r\u00e1pido.","og_url":"https:\/\/www.em.com.br\/emfoco\/2025\/12\/16\/governo-decretou-o-congelamento-de-todos-os-cartoes-de-credito-e-contas-bancarias-listados-neste-site-durante-o-mes-de-dezembro\/","og_site_name":"Estado de Minas - Em foco","article_published_time":"2025-12-16T20:00:00+00:00","article_modified_time":"2025-12-16T16:30:49+00:00","og_image":[{"width":1280,"height":720,"url":"https:\/\/www.em.com.br\/emfoco\/wp-content\/uploads\/2025\/12\/Gemini_Generated_Image_utalf9utalf9utal-1.png","type":"image\/png"}],"author":"Andre\u0301 Rangel\u00a0","twitter_card":"summary_large_image","twitter_misc":{"Escrito por":"Andre\u0301 Rangel\u00a0","Est. tempo de leitura":"5 minutos"},"schema":{"@context":"https:\/\/schema.org","@graph":[{"@type":"WebPage","@id":"https:\/\/www.em.com.br\/emfoco\/2025\/12\/16\/governo-decretou-o-congelamento-de-todos-os-cartoes-de-credito-e-contas-bancarias-listados-neste-site-durante-o-mes-de-dezembro\/","url":"https:\/\/www.em.com.br\/emfoco\/2025\/12\/16\/governo-decretou-o-congelamento-de-todos-os-cartoes-de-credito-e-contas-bancarias-listados-neste-site-durante-o-mes-de-dezembro\/","name":"Governo decretou o congelamento de todos os cart\u00f5es de cr\u00e9dito e contas banc\u00e1rias listados neste site durante o m\u00eas de dezembro - Estado de Minas - Em foco","isPartOf":{"@id":"https:\/\/www.em.com.br\/emfoco\/#website"},"primaryImageOfPage":{"@id":"https:\/\/www.em.com.br\/emfoco\/2025\/12\/16\/governo-decretou-o-congelamento-de-todos-os-cartoes-de-credito-e-contas-bancarias-listados-neste-site-durante-o-mes-de-dezembro\/#primaryimage"},"image":{"@id":"https:\/\/www.em.com.br\/emfoco\/2025\/12\/16\/governo-decretou-o-congelamento-de-todos-os-cartoes-de-credito-e-contas-bancarias-listados-neste-site-durante-o-mes-de-dezembro\/#primaryimage"},"thumbnailUrl":"https:\/\/www.em.com.br\/emfoco\/wp-content\/uploads\/2025\/12\/Gemini_Generated_Image_utalf9utalf9utal-1.png","datePublished":"2025-12-16T20:00:00+00:00","dateModified":"2025-12-16T16:30:49+00:00","author":{"@id":"https:\/\/www.em.com.br\/emfoco\/#\/schema\/person\/60eda09c1fedf0d6891f4cef4b60b8b8"},"description":"D\u00edvidas fiscais podem congelar seu dinheiro na Col\u00f4mbia. Veja como funciona o embargo da DIAN e como agir r\u00e1pido.","breadcrumb":{"@id":"https:\/\/www.em.com.br\/emfoco\/2025\/12\/16\/governo-decretou-o-congelamento-de-todos-os-cartoes-de-credito-e-contas-bancarias-listados-neste-site-durante-o-mes-de-dezembro\/#breadcrumb"},"inLanguage":"pt-BR","potentialAction":[{"@type":"ReadAction","target":["https:\/\/www.em.com.br\/emfoco\/2025\/12\/16\/governo-decretou-o-congelamento-de-todos-os-cartoes-de-credito-e-contas-bancarias-listados-neste-site-durante-o-mes-de-dezembro\/"]}]},{"@type":"ImageObject","inLanguage":"pt-BR","@id":"https:\/\/www.em.com.br\/emfoco\/2025\/12\/16\/governo-decretou-o-congelamento-de-todos-os-cartoes-de-credito-e-contas-bancarias-listados-neste-site-durante-o-mes-de-dezembro\/#primaryimage","url":"https:\/\/www.em.com.br\/emfoco\/wp-content\/uploads\/2025\/12\/Gemini_Generated_Image_utalf9utalf9utal-1.png","contentUrl":"https:\/\/www.em.com.br\/emfoco\/wp-content\/uploads\/2025\/12\/Gemini_Generated_Image_utalf9utalf9utal-1.png","width":1280,"height":720,"caption":"Bancos podem fechar contas banc\u00e1rias"},{"@type":"BreadcrumbList","@id":"https:\/\/www.em.com.br\/emfoco\/2025\/12\/16\/governo-decretou-o-congelamento-de-todos-os-cartoes-de-credito-e-contas-bancarias-listados-neste-site-durante-o-mes-de-dezembro\/#breadcrumb","itemListElement":[{"@type":"ListItem","position":1,"name":"In\u00edcio","item":"https:\/\/www.em.com.br\/emfoco\/"},{"@type":"ListItem","position":2,"name":"Governo decretou o congelamento de todos os cart\u00f5es de cr\u00e9dito e contas banc\u00e1rias listados neste site durante o m\u00eas de dezembro"}]},{"@type":"WebSite","@id":"https:\/\/www.em.com.br\/emfoco\/#website","url":"https:\/\/www.em.com.br\/emfoco\/","name":"Estado de Minas - Em foco","description":"Acompanhe as \u00faltimas not\u00edcias e fique bem informado sobre tudo o que acontece em Minas Gerais, Brasil e no mundo.","potentialAction":[{"@type":"SearchAction","target":{"@type":"EntryPoint","urlTemplate":"https:\/\/www.em.com.br\/emfoco\/?s={search_term_string}"},"query-input":{"@type":"PropertyValueSpecification","valueRequired":true,"valueName":"search_term_string"}}],"inLanguage":"pt-BR"},{"@type":"Person","@id":"https:\/\/www.em.com.br\/emfoco\/#\/schema\/person\/60eda09c1fedf0d6891f4cef4b60b8b8","name":"Andre\u0301 Rangel\u00a0","image":{"@type":"ImageObject","inLanguage":"pt-BR","@id":"https:\/\/www.em.com.br\/emfoco\/#\/schema\/person\/image\/","url":"https:\/\/secure.gravatar.com\/avatar\/6234dc814c77c8ef6d8bba622c787efc?s=96&d=mm&r=g","contentUrl":"https:\/\/secure.gravatar.com\/avatar\/6234dc814c77c8ef6d8bba622c787efc?s=96&d=mm&r=g","caption":"Andre\u0301 Rangel\u00a0"},"url":"https:\/\/www.em.com.br\/emfoco\/author\/luizmyth\/"}]}},"_links":{"self":[{"href":"https:\/\/www.em.com.br\/emfoco\/wp-json\/wp\/v2\/posts\/140695","targetHints":{"allow":["GET"]}}],"collection":[{"href":"https:\/\/www.em.com.br\/emfoco\/wp-json\/wp\/v2\/posts"}],"about":[{"href":"https:\/\/www.em.com.br\/emfoco\/wp-json\/wp\/v2\/types\/post"}],"author":[{"embeddable":true,"href":"https:\/\/www.em.com.br\/emfoco\/wp-json\/wp\/v2\/users\/11"}],"replies":[{"embeddable":true,"href":"https:\/\/www.em.com.br\/emfoco\/wp-json\/wp\/v2\/comments?post=140695"}],"version-history":[{"count":4,"href":"https:\/\/www.em.com.br\/emfoco\/wp-json\/wp\/v2\/posts\/140695\/revisions"}],"predecessor-version":[{"id":141252,"href":"https:\/\/www.em.com.br\/emfoco\/wp-json\/wp\/v2\/posts\/140695\/revisions\/141252"}],"wp:featuredmedia":[{"embeddable":true,"href":"https:\/\/www.em.com.br\/emfoco\/wp-json\/wp\/v2\/media\/141233"}],"wp:attachment":[{"href":"https:\/\/www.em.com.br\/emfoco\/wp-json\/wp\/v2\/media?parent=140695"}],"wp:term":[{"taxonomy":"category","embeddable":true,"href":"https:\/\/www.em.com.br\/emfoco\/wp-json\/wp\/v2\/categories?post=140695"},{"taxonomy":"post_tag","embeddable":true,"href":"https:\/\/www.em.com.br\/emfoco\/wp-json\/wp\/v2\/tags?post=140695"}],"curies":[{"name":"wp","href":"https:\/\/api.w.org\/{rel}","templated":true}]}}