{"id":140688,"date":"2025-12-15T17:00:00","date_gmt":"2025-12-15T20:00:00","guid":{"rendered":"https:\/\/www.em.com.br\/emfoco\/?p=140688"},"modified":"2025-12-15T15:16:33","modified_gmt":"2025-12-15T18:16:33","slug":"milhares-de-clientes-podem-ter-suas-contas-bloqueadas-apos-este-aviso-oficial","status":"publish","type":"post","link":"https:\/\/www.em.com.br\/emfoco\/2025\/12\/15\/milhares-de-clientes-podem-ter-suas-contas-bloqueadas-apos-este-aviso-oficial\/","title":{"rendered":"Milhares de clientes podem ter suas contas bloqueadas ap\u00f3s este aviso oficial"},"content":{"rendered":"\n<p>Nos \u00faltimos anos, os bancos na Espanha refor\u00e7aram de forma intensa os controles de identidade e documenta\u00e7\u00e3o dos clientes, seguindo as normas de preven\u00e7\u00e3o \u00e0 lavagem de dinheiro e financiamento do terrorismo; isso vale para residentes, estrangeiros, pessoas f\u00edsicas e jur\u00eddicas, e pode chegar ao bloqueio total da conta quando os dados n\u00e3o est\u00e3o atualizados.<\/p>\n\n\n\n<h2 class=\"wp-block-heading\">Por que contas banc\u00e1rias s\u00e3o bloqueadas na Espanha<\/h2>\n\n\n\n<p>O bloqueio de contas est\u00e1 diretamente ligado \u00e0 <a href=\"https:\/\/www.boe.es\/buscar\/act.php?id=BOE-A-2010-6737\" target=\"_blank\" rel=\"noreferrer noopener\">Lei 10\/2010, de 28 de abril, de Preven\u00e7\u00e3o \u00e0 Lavagem de Capitais e ao Financiamento do Terrorismo<\/a>, que obriga as institui\u00e7\u00f5es financeiras a identificar formalmente seus clientes. Os bancos devem manter c\u00f3pias digitalizadas e v\u00e1lidas de documentos como <strong>DNI<\/strong>, <strong>NIE <\/strong>ou <strong>passaporte<\/strong>, n\u00e3o sendo aceitos documentos vencidos.<\/p>\n\n\n\n<p>Quando o cliente ignora de forma repetida os pedidos de atualiza\u00e7\u00e3o, o banco aplica medidas graduais, como limitar opera\u00e7\u00f5es, restringir transfer\u00eancias e, em \u00faltimo caso, bloquear a conta. Antes disso, a institui\u00e7\u00e3o costuma enviar avisos por correio, SMS, e-mail ou outros canais de comunica\u00e7\u00e3o registrados pelo titular.<\/p>\n\n\n\n<h2 class=\"wp-block-heading\">Quais documentos os bancos exigem e para que eles servem<\/h2>\n\n\n\n<p>Al\u00e9m de um documento de identidade v\u00e1lido, os bancos frequentemente pedem provas da origem dos recursos, sobretudo para perfis de maior risco, aut\u00f4nomos, empresas e estrangeiros. O objetivo \u00e9 cumprir as pol\u00edticas de<strong> Conhe\u00e7a seu Cliente (KYC) <\/strong>e reduzir o risco de atividades il\u00edcitas ou movimenta\u00e7\u00f5es sem justificativa econ\u00f4mica clara.<\/p>\n\n\n\n<figure class=\"wp-block-image\"><img decoding=\"async\" src=\"https:\/\/www.em.com.br\/emfoco\/wp-content\/uploads\/2025\/10\/Gemini_Generated_Image_tor765tor765tor7-1-1024x576.jpg\" alt=\"\"\/><figcaption class=\"wp-element-caption\">Bancos est\u00e3o bloqueando contas e quase ningu\u00e9m percebe<\/figcaption><\/figure>\n\n\n\n<p>Para facilitar essa comprova\u00e7\u00e3o, as institui\u00e7\u00f5es costumam solicitar alguns tipos de documentos padr\u00e3o, que ajudam a demonstrar renda est\u00e1vel e a origem do dinheiro movimentado na conta.<\/p>\n\n\n\n<ul class=\"wp-block-list\">\n<li>Holerites ou comprovantes de rendimentos peri\u00f3dicos.<\/li>\n\n\n\n<li>Declara\u00e7\u00f5es de imposto de renda ou certificados da Ag\u00eancia Tribut\u00e1ria.<\/li>\n\n\n\n<li>Contratos de trabalho, comerciais ou de presta\u00e7\u00e3o de servi\u00e7os.<\/li>\n\n\n\n<li>Guias de pagamento de aut\u00f4nomos ou inscri\u00e7\u00e3o na Seguridade Social.<\/li>\n\n\n\n<li>Documenta\u00e7\u00e3o societ\u00e1ria e cont\u00e1bil, no caso de empresas.<\/li>\n<\/ul>\n\n\n\n<h2 class=\"wp-block-heading\">Brasileiros que moram ou desejam morar na Espanha, precisam ter aten\u00e7\u00e3o ao seguinte<\/h2>\n\n\n\n<p>Para brasileiros na Espanha, entender bem a diferen\u00e7a entre NIE e TIE \u00e9 crucial para n\u00e3o ter a conta travada. O NIE \u00e9 o n\u00famero fiscal e administrativo do estrangeiro, usado em praticamente todos os tr\u00e2mites: abrir conta, assinar contrato de aluguel ou trabalho, pagar impostos, comprar im\u00f3vel e fazer <a href=\"https:\/\/www.eurodicas.com.br\/empadronamiento-na-espanha\/\" target=\"_blank\" rel=\"noreferrer noopener\">empadroamiento<\/a>.<\/p>\n\n\n\n<p>O TIE \u00e9 o cart\u00e3o f\u00edsico de identidade de estrangeiro, com o NIE impresso, foto, data de validade e tipo de autoriza\u00e7\u00e3o (estudo, trabalho, resid\u00eancia). Bancos precisam n\u00e3o s\u00f3 do n\u00famero do NIE, mas tamb\u00e9m de uma c\u00f3pia atualizada do TIE ou do passaporte com visto v\u00e1lido, e a falta dessa atualiza\u00e7\u00e3o aumenta muito o risco de bloqueio.<\/p>\n\n\n\n<figure class=\"wp-block-image\"><img decoding=\"async\" src=\"https:\/\/www.em.com.br\/emfoco\/wp-content\/uploads\/2025\/11\/Gemini_Generated_Image_pwt436pwt436pwt4-1-1024x576.png\" alt=\"\"\/><figcaption class=\"wp-element-caption\">O cuidado mais importante para manter sua conta ativa<\/figcaption><\/figure>\n\n\n\n<h2 class=\"wp-block-heading\">Que cuidados ajudam a manter sua conta sempre ativa<\/h2>\n\n\n\n<p>Para evitar bloqueios, \u00e9 essencial responder r\u00e1pido \u00e0s comunica\u00e7\u00f5es do banco, manter e-mail, telefone e endere\u00e7o atualizados e conferir com frequ\u00eancia as notifica\u00e7\u00f5es no app ou banco on-line. A maioria das institui\u00e7\u00f5es permite envio de documentos por upload no internet banking, aplicativo ou diretamente na ag\u00eancia para escaneamento.<\/p>\n\n\n\n<p>Tamb\u00e9m \u00e9 importante revisar a validade do DNI, NIE ou TIE e iniciar a renova\u00e7\u00e3o com anteced\u00eancia, avisando todos os bancos assim que tiver o novo documento. Aut\u00f4nomos e empresas devem manter a documenta\u00e7\u00e3o fiscal organizada para comprovar a origem dos recursos e reduzir o tempo de qualquer bloqueio ou limita\u00e7\u00e3o.<\/p>\n\n\n\n<h2 class=\"wp-block-heading\">Por que voc\u00ea precisa agir agora para proteger seu dinheiro<\/h2>\n\n\n\n<p>Com o atual marco regulat\u00f3rio, o bloqueio de contas na Espanha se tornou uma ferramenta rotineira de cumprimento da lei, e n\u00e3o uma exce\u00e7\u00e3o. Manter documentos em dia, checar avisos com frequ\u00eancia e responder de imediato \u00e0s solicita\u00e7\u00f5es do banco \u00e9 hoje parte essencial de uma vida financeira segura.<\/p>\n\n\n\n<p>N\u00e3o espere ter o cart\u00e3o recusado ou ficar sem acesso ao seu saldo para descobrir o que est\u00e1 faltando: revise seus documentos agora, organize comprovantes de renda e origem de recursos e atualize seus dados com o banco ainda hoje; cada dia de atraso pode significar ficar sem acesso ao seu pr\u00f3prio dinheiro quando voc\u00ea mais precisar.<\/p>\n","protected":false},"excerpt":{"rendered":"<p>Nos \u00faltimos anos, os bancos na Espanha refor\u00e7aram de forma intensa os controles de identidade e documenta\u00e7\u00e3o dos clientes, seguindo as normas de preven\u00e7\u00e3o \u00e0 lavagem de dinheiro e financiamento do terrorismo; isso vale para residentes, estrangeiros, pessoas f\u00edsicas e jur\u00eddicas, e pode chegar ao bloqueio total da conta quando os dados n\u00e3o est\u00e3o atualizados. [&hellip;]<\/p>\n","protected":false},"author":11,"featured_media":132415,"comment_status":"open","ping_status":"open","sticky":false,"template":"","format":"standard","meta":{"jnews-multi-image_gallery":[],"jnews_single_post":{"format":"standard"},"jnews_primary_category":[],"jnews_social_meta":[],"jnews_override_counter":[],"footnotes":""},"categories":[28,1],"tags":[2291,20741,5305,18797,18357,2239],"class_list":["post-140688","post","type-post","status-publish","format-standard","has-post-thumbnail","hentry","category-economia","category-noticias","tag-bancos","tag-bloqueio-de-conta","tag-conta","tag-conta-bancaria","tag-conta-corrente","tag-espanha"],"yoast_head":"<!-- This site is optimized with the Yoast SEO plugin v23.8 - https:\/\/yoast.com\/wordpress\/plugins\/seo\/ -->\n<title>Milhares de clientes podem ter suas contas bloqueadas ap\u00f3s este aviso oficial - Estado de Minas - Em foco<\/title>\n<meta name=\"description\" content=\"O bloqueio de conta virou pr\u00e1tica comum dos bancos e atinge muitos brasileiros. Um detalhe simples pode evitar o problema.\" \/>\n<meta name=\"robots\" content=\"index, follow, max-snippet:-1, max-image-preview:large, max-video-preview:-1\" \/>\n<link rel=\"canonical\" href=\"https:\/\/www.em.com.br\/emfoco\/2025\/12\/15\/milhares-de-clientes-podem-ter-suas-contas-bloqueadas-apos-este-aviso-oficial\/\" \/>\n<meta property=\"og:locale\" content=\"pt_BR\" \/>\n<meta property=\"og:type\" content=\"article\" \/>\n<meta property=\"og:title\" content=\"Milhares de clientes podem ter suas contas bloqueadas ap\u00f3s este aviso oficial - Estado de Minas - Em foco\" \/>\n<meta property=\"og:description\" content=\"O bloqueio de conta virou pr\u00e1tica comum dos bancos e atinge muitos brasileiros. Um detalhe simples pode evitar o problema.\" \/>\n<meta property=\"og:url\" content=\"https:\/\/www.em.com.br\/emfoco\/2025\/12\/15\/milhares-de-clientes-podem-ter-suas-contas-bloqueadas-apos-este-aviso-oficial\/\" \/>\n<meta property=\"og:site_name\" content=\"Estado de Minas - Em foco\" \/>\n<meta property=\"article:published_time\" content=\"2025-12-15T20:00:00+00:00\" \/>\n<meta property=\"article:modified_time\" content=\"2025-12-15T18:16:33+00:00\" \/>\n<meta property=\"og:image\" content=\"https:\/\/www.em.com.br\/emfoco\/wp-content\/uploads\/2025\/11\/Gemini_Generated_Image_cbkrq8cbkrq8cbkr-1.png\" \/>\n\t<meta property=\"og:image:width\" content=\"1280\" \/>\n\t<meta property=\"og:image:height\" content=\"720\" \/>\n\t<meta property=\"og:image:type\" content=\"image\/png\" \/>\n<meta name=\"author\" content=\"Andre\u0301 Rangel\u00a0\" \/>\n<meta name=\"twitter:card\" content=\"summary_large_image\" \/>\n<meta name=\"twitter:label1\" content=\"Escrito por\" \/>\n\t<meta name=\"twitter:data1\" content=\"Andre\u0301 Rangel\u00a0\" \/>\n\t<meta name=\"twitter:label2\" content=\"Est. tempo de leitura\" \/>\n\t<meta name=\"twitter:data2\" content=\"5 minutos\" \/>\n<!-- \/ Yoast SEO plugin. -->","yoast_head_json":{"title":"Milhares de clientes podem ter suas contas bloqueadas ap\u00f3s este aviso oficial - Estado de Minas - Em foco","description":"O bloqueio de conta virou pr\u00e1tica comum dos bancos e atinge muitos brasileiros. Um detalhe simples pode evitar o problema.","robots":{"index":"index","follow":"follow","max-snippet":"max-snippet:-1","max-image-preview":"max-image-preview:large","max-video-preview":"max-video-preview:-1"},"canonical":"https:\/\/www.em.com.br\/emfoco\/2025\/12\/15\/milhares-de-clientes-podem-ter-suas-contas-bloqueadas-apos-este-aviso-oficial\/","og_locale":"pt_BR","og_type":"article","og_title":"Milhares de clientes podem ter suas contas bloqueadas ap\u00f3s este aviso oficial - Estado de Minas - Em foco","og_description":"O bloqueio de conta virou pr\u00e1tica comum dos bancos e atinge muitos brasileiros. Um detalhe simples pode evitar o problema.","og_url":"https:\/\/www.em.com.br\/emfoco\/2025\/12\/15\/milhares-de-clientes-podem-ter-suas-contas-bloqueadas-apos-este-aviso-oficial\/","og_site_name":"Estado de Minas - Em foco","article_published_time":"2025-12-15T20:00:00+00:00","article_modified_time":"2025-12-15T18:16:33+00:00","og_image":[{"width":1280,"height":720,"url":"https:\/\/www.em.com.br\/emfoco\/wp-content\/uploads\/2025\/11\/Gemini_Generated_Image_cbkrq8cbkrq8cbkr-1.png","type":"image\/png"}],"author":"Andre\u0301 Rangel\u00a0","twitter_card":"summary_large_image","twitter_misc":{"Escrito por":"Andre\u0301 Rangel\u00a0","Est. tempo de leitura":"5 minutos"},"schema":{"@context":"https:\/\/schema.org","@graph":[{"@type":"WebPage","@id":"https:\/\/www.em.com.br\/emfoco\/2025\/12\/15\/milhares-de-clientes-podem-ter-suas-contas-bloqueadas-apos-este-aviso-oficial\/","url":"https:\/\/www.em.com.br\/emfoco\/2025\/12\/15\/milhares-de-clientes-podem-ter-suas-contas-bloqueadas-apos-este-aviso-oficial\/","name":"Milhares de clientes podem ter suas contas bloqueadas ap\u00f3s este aviso oficial - Estado de Minas - Em foco","isPartOf":{"@id":"https:\/\/www.em.com.br\/emfoco\/#website"},"primaryImageOfPage":{"@id":"https:\/\/www.em.com.br\/emfoco\/2025\/12\/15\/milhares-de-clientes-podem-ter-suas-contas-bloqueadas-apos-este-aviso-oficial\/#primaryimage"},"image":{"@id":"https:\/\/www.em.com.br\/emfoco\/2025\/12\/15\/milhares-de-clientes-podem-ter-suas-contas-bloqueadas-apos-este-aviso-oficial\/#primaryimage"},"thumbnailUrl":"https:\/\/www.em.com.br\/emfoco\/wp-content\/uploads\/2025\/11\/Gemini_Generated_Image_cbkrq8cbkrq8cbkr-1.png","datePublished":"2025-12-15T20:00:00+00:00","dateModified":"2025-12-15T18:16:33+00:00","author":{"@id":"https:\/\/www.em.com.br\/emfoco\/#\/schema\/person\/60eda09c1fedf0d6891f4cef4b60b8b8"},"description":"O bloqueio de conta virou pr\u00e1tica comum dos bancos e atinge muitos brasileiros. Um detalhe simples pode evitar o problema.","breadcrumb":{"@id":"https:\/\/www.em.com.br\/emfoco\/2025\/12\/15\/milhares-de-clientes-podem-ter-suas-contas-bloqueadas-apos-este-aviso-oficial\/#breadcrumb"},"inLanguage":"pt-BR","potentialAction":[{"@type":"ReadAction","target":["https:\/\/www.em.com.br\/emfoco\/2025\/12\/15\/milhares-de-clientes-podem-ter-suas-contas-bloqueadas-apos-este-aviso-oficial\/"]}]},{"@type":"ImageObject","inLanguage":"pt-BR","@id":"https:\/\/www.em.com.br\/emfoco\/2025\/12\/15\/milhares-de-clientes-podem-ter-suas-contas-bloqueadas-apos-este-aviso-oficial\/#primaryimage","url":"https:\/\/www.em.com.br\/emfoco\/wp-content\/uploads\/2025\/11\/Gemini_Generated_Image_cbkrq8cbkrq8cbkr-1.png","contentUrl":"https:\/\/www.em.com.br\/emfoco\/wp-content\/uploads\/2025\/11\/Gemini_Generated_Image_cbkrq8cbkrq8cbkr-1.png","width":1280,"height":720,"caption":"Bancos est\u00e3o bloqueando contas e quase ningu\u00e9m percebe"},{"@type":"BreadcrumbList","@id":"https:\/\/www.em.com.br\/emfoco\/2025\/12\/15\/milhares-de-clientes-podem-ter-suas-contas-bloqueadas-apos-este-aviso-oficial\/#breadcrumb","itemListElement":[{"@type":"ListItem","position":1,"name":"In\u00edcio","item":"https:\/\/www.em.com.br\/emfoco\/"},{"@type":"ListItem","position":2,"name":"Milhares de clientes podem ter suas contas bloqueadas ap\u00f3s este aviso oficial"}]},{"@type":"WebSite","@id":"https:\/\/www.em.com.br\/emfoco\/#website","url":"https:\/\/www.em.com.br\/emfoco\/","name":"Estado de Minas - Em foco","description":"Acompanhe as \u00faltimas not\u00edcias e fique bem informado sobre tudo o que acontece em Minas Gerais, Brasil e no mundo.","potentialAction":[{"@type":"SearchAction","target":{"@type":"EntryPoint","urlTemplate":"https:\/\/www.em.com.br\/emfoco\/?s={search_term_string}"},"query-input":{"@type":"PropertyValueSpecification","valueRequired":true,"valueName":"search_term_string"}}],"inLanguage":"pt-BR"},{"@type":"Person","@id":"https:\/\/www.em.com.br\/emfoco\/#\/schema\/person\/60eda09c1fedf0d6891f4cef4b60b8b8","name":"Andre\u0301 Rangel\u00a0","image":{"@type":"ImageObject","inLanguage":"pt-BR","@id":"https:\/\/www.em.com.br\/emfoco\/#\/schema\/person\/image\/","url":"https:\/\/secure.gravatar.com\/avatar\/6234dc814c77c8ef6d8bba622c787efc?s=96&d=mm&r=g","contentUrl":"https:\/\/secure.gravatar.com\/avatar\/6234dc814c77c8ef6d8bba622c787efc?s=96&d=mm&r=g","caption":"Andre\u0301 Rangel\u00a0"},"url":"https:\/\/www.em.com.br\/emfoco\/author\/luizmyth\/"}]}},"_links":{"self":[{"href":"https:\/\/www.em.com.br\/emfoco\/wp-json\/wp\/v2\/posts\/140688","targetHints":{"allow":["GET"]}}],"collection":[{"href":"https:\/\/www.em.com.br\/emfoco\/wp-json\/wp\/v2\/posts"}],"about":[{"href":"https:\/\/www.em.com.br\/emfoco\/wp-json\/wp\/v2\/types\/post"}],"author":[{"embeddable":true,"href":"https:\/\/www.em.com.br\/emfoco\/wp-json\/wp\/v2\/users\/11"}],"replies":[{"embeddable":true,"href":"https:\/\/www.em.com.br\/emfoco\/wp-json\/wp\/v2\/comments?post=140688"}],"version-history":[{"count":2,"href":"https:\/\/www.em.com.br\/emfoco\/wp-json\/wp\/v2\/posts\/140688\/revisions"}],"predecessor-version":[{"id":140737,"href":"https:\/\/www.em.com.br\/emfoco\/wp-json\/wp\/v2\/posts\/140688\/revisions\/140737"}],"wp:featuredmedia":[{"embeddable":true,"href":"https:\/\/www.em.com.br\/emfoco\/wp-json\/wp\/v2\/media\/132415"}],"wp:attachment":[{"href":"https:\/\/www.em.com.br\/emfoco\/wp-json\/wp\/v2\/media?parent=140688"}],"wp:term":[{"taxonomy":"category","embeddable":true,"href":"https:\/\/www.em.com.br\/emfoco\/wp-json\/wp\/v2\/categories?post=140688"},{"taxonomy":"post_tag","embeddable":true,"href":"https:\/\/www.em.com.br\/emfoco\/wp-json\/wp\/v2\/tags?post=140688"}],"curies":[{"name":"wp","href":"https:\/\/api.w.org\/{rel}","templated":true}]}}