{"id":140652,"date":"2025-12-16T12:45:00","date_gmt":"2025-12-16T15:45:00","guid":{"rendered":"https:\/\/www.em.com.br\/emfoco\/?p=140652"},"modified":"2025-12-15T19:07:41","modified_gmt":"2025-12-15T22:07:41","slug":"adeus-pele-seca-o-creme-caseiro-de-2-ingredientes-que-muitos-aprovam-veja-a-receita","status":"publish","type":"post","link":"https:\/\/www.em.com.br\/emfoco\/2025\/12\/16\/adeus-pele-seca-o-creme-caseiro-de-2-ingredientes-que-muitos-aprovam-veja-a-receita\/","title":{"rendered":"Adeus pele seca: o creme caseiro de 2 ingredientes que muitos aprovam; veja a receita"},"content":{"rendered":"\n<p>A pele seca \u00e9 uma queixa comum em v\u00e1rias idades e costuma piorar no frio, com ar-condicionado ou banhos quentes. Para driblar o ressecamento, muitas pessoas t\u00eam recorrido \u00e0 receita simples com ingredientes naturais, como a combina\u00e7\u00e3o de manteiga de karit\u00e9 com \u00f3leo vegetal, que forma um creme caseiro de textura rica, toque confort\u00e1vel e f\u00f3rmula mais enxuta, embora ainda exija cuidados em peles sens\u00edveis ou com hist\u00f3rico de alergia.<\/p>\n\n\n\n<h2 class=\"wp-block-heading\">Como a manteiga de karit\u00e9 e o \u00f3leo vegetal ajudam na pele seca<\/h2>\n\n\n\n<p>A <a href=\"https:\/\/www.em.com.br\/emfoco\/2025\/12\/04\/a-manteiga-vegetal-que-esta-sendo-usada-como-tratamento-intenso-para-o-cabelo\/\" target=\"_blank\" rel=\"noreferrer noopener\">manteiga de karit\u00e9 <\/a>\u00e9 um emoliente potente, ajudando a suavizar a superf\u00edcie da pele e diminuindo a sensa\u00e7\u00e3o de repuxamento. J\u00e1 \u00f3leos como o de am\u00eandoa doce ou o de coco criam um filme protetor que reduz a perda de \u00e1gua ao longo do dia, refor\u00e7ando a hidrata\u00e7\u00e3o.<\/p>\n\n\n\n<p>Essa combina\u00e7\u00e3o \u00e9 especialmente interessante para \u00e1reas mais ressecadas, como m\u00e3os, p\u00e9s, joelhos e cotovelos. Com o uso regular, o creme ajuda a manter a barreira cut\u00e2nea mais \u00edntegra, algo \u00fatil para quem vive em ambientes secos ou lava as m\u00e3os com frequ\u00eancia.<\/p>\n\n\n\n<h2 class=\"wp-block-heading\">Como preparar um creme caseiro simples para pele seca<\/h2>\n\n\n\n<p>O chamado creme caseiro para pele seca com manteiga de karit\u00e9 e \u00f3leo vegetal costuma seguir um passo a passo simples, sem conservantes, fragr\u00e2ncias sint\u00e9ticas ou corantes. A propor\u00e7\u00e3o mais usada \u00e9 de mais manteiga e menos \u00f3leo, garantindo textura firme, por\u00e9m f\u00e1cil de espalhar.<\/p>\n\n\n\n<p>Antes de come\u00e7ar, vale separar os ingredientes e entender cada etapa do preparo para garantir melhor textura e conserva\u00e7\u00e3o do produto:<\/p>\n\n\n\n<div style=\"font-family: Arial, sans-serif; max-width: 1100px; margin: 0 auto; background: #ffffff; padding: 10px; border-radius: 16px; border: 1px solid #cba7f5;\">\n\n    <div style=\"background: #e3f2fd; padding: 8px; border-radius: 12px; border: 1px solid #81d4fa; text-align: center; margin-bottom: 15px;\">\n        <h2 style=\"margin: 0; color: #1e88e5; font-size: 18px;\">\ud83c\udf3f Receita: Creme de Manteiga de Karit\u00e9 e \u00d3leo de Am\u00eandoas<\/h2>\n    <\/div>\n\n    <table style=\"width: 100%; border-collapse: collapse;\">\n        <thead>\n            <tr>\n                <th style=\"background: #e1f5fe; padding: 10px; border: 1px solid #81d4fa; font-size: 14px; color: #1e88e5; width: 25%;\">Passo<\/th>\n                <th style=\"background: #e1f5fe; padding: 10px; border: 1px solid #81d4fa; font-size: 14px; color: #1e88e5;\">Instru\u00e7\u00f5es de Preparo<\/th>\n            <\/tr>\n        <\/thead>\n\n        <tbody>\n\n            <tr style=\"vertical-align: middle; border-bottom: 1px solid #e1f5fe;\">\n                <td style=\"padding: 10px; text-align: center; border-right: 1px solid #81d4fa;\">\n                    <div style=\"background: #e3f2fd; padding: 6px 12px; border-radius: 14px; display: inline-block; color: #1976d2; font-weight: bold; font-size: 13px;\">\n                        1. Medir os ingredientes\n                    <\/div>\n                <\/td>\n                <td style=\"padding: 10px; color: #333; font-size: 13px; line-height: 1.5;\">\n                    Me\u00e7a \u00bc de x\u00edcara de <strong>manteiga de karit\u00e9 n\u00e3o refinada<\/strong> e 2 colheres de sopa de <strong>\u00f3leo de am\u00eandoa doce<\/strong> ou <strong>\u00f3leo de coco extra virgem<\/strong>.\n                <\/td>\n            <\/tr>\n\n            <tr style=\"vertical-align: middle; border-bottom: 1px solid #e1f5fe;\">\n                <td style=\"padding: 10px; text-align: center; border-right: 1px solid #81d4fa;\">\n                    <div style=\"background: #e3f2fd; padding: 6px 12px; border-radius: 14px; display: inline-block; color: #1976d2; font-weight: bold; font-size: 13px;\">\n                        2. Aquecer em banho-maria\n                    <\/div>\n                <\/td>\n                <td style=\"padding: 10px; color: #333; font-size: 13px; line-height: 1.5;\">\n                    Coloque a manteiga de karit\u00e9 em um recipiente resistente ao calor e leve ao banho-maria at\u00e9 derreter completamente, sem deixar ferver.\n                <\/td>\n            <\/tr>\n\n            <tr style=\"vertical-align: middle; border-bottom: 1px solid #e1f5fe;\">\n                <td style=\"padding: 10px; text-align: center; border-right: 1px solid #81d4fa;\">\n                    <div style=\"background: #e3f2fd; padding: 6px 12px; border-radius: 14px; display: inline-block; color: #1976d2; font-weight: bold; font-size: 13px;\">\n                        3. Misturar o \u00f3leo\n                    <\/div>\n                <\/td>\n                <td style=\"padding: 10px; color: #333; font-size: 13px; line-height: 1.5;\">\n                    Retire do fogo e adicione o <strong>\u00f3leo escolhido<\/strong>, mexendo bem at\u00e9 obter uma mistura homog\u00eanea.\n                <\/td>\n            <\/tr>\n\n            <tr style=\"vertical-align: middle; border-bottom: 1px solid #e1f5fe;\">\n                <td style=\"padding: 10px; text-align: center; border-right: 1px solid #81d4fa;\">\n                    <div style=\"background: #e3f2fd; padding: 6px 12px; border-radius: 14px; display: inline-block; color: #1976d2; font-weight: bold; font-size: 13px;\">\n                        4. Deixar firmar\n                    <\/div>\n                <\/td>\n                <td style=\"padding: 10px; color: #333; font-size: 13px; line-height: 1.5;\">\n                    Deixe a mistura esfriar por cerca de 30 a 40 minutos, at\u00e9 alcan\u00e7ar uma consist\u00eancia mais espessa.\n                <\/td>\n            <\/tr>\n\n            <tr style=\"vertical-align: middle; border-bottom: 1px solid #e1f5fe;\">\n                <td style=\"padding: 10px; text-align: center; border-right: 1px solid #81d4fa;\">\n                    <div style=\"background: #e3f2fd; padding: 6px 12px; border-radius: 14px; display: inline-block; color: #1976d2; font-weight: bold; font-size: 13px;\">\n                        5. Bater a mistura\n                    <\/div>\n                <\/td>\n                <td style=\"padding: 10px; color: #333; font-size: 13px; line-height: 1.5;\">\n                    Use um <strong>mixer<\/strong> ou batedeira para incorporar ar e deixar a mistura bem leve, com aspecto fofo e cremoso.\n                <\/td>\n            <\/tr>\n\n            <tr style=\"vertical-align: middle; border-bottom: 1px solid #e1f5fe;\">\n                <td style=\"padding: 10px; text-align: center; border-right: 1px solid #81d4fa;\">\n                    <div style=\"background: #e3f2fd; padding: 6px 12px; border-radius: 14px; display: inline-block; color: #1976d2; font-weight: bold; font-size: 13px;\">\n                        6. Armazenar\n                    <\/div>\n                <\/td>\n                <td style=\"padding: 10px; color: #333; font-size: 13px; line-height: 1.5;\">\n                    Coloque o creme em um pote de vidro limpo e com tampa bem fechada. Guarde em local fresco e protegido da luz.\n                <\/td>\n            <\/tr>\n\n        <\/tbody>\n    <\/table>\n<\/div>\n\n\n\n<h2 class=\"wp-block-heading\">Como usar o creme caseiro para potencializar a hidrata\u00e7\u00e3o di\u00e1ria<\/h2>\n\n\n\n<p>O uso do creme caseiro para pele seca costuma ser concentrado em \u00e1reas localizadas, logo ap\u00f3s o banho ou depois de lavar as m\u00e3os, quando a pele ainda est\u00e1 levemente \u00famida. Regi\u00f5es como calcanhares, canelas e cotovelos se beneficiam de uma camada mais generosa \u00e0 noite, potencializando o efeito reparador.<\/p>\n\n\n\n<p>Para reduzir riscos de irrita\u00e7\u00e3o, recomenda-se o teste de toque na parte interna do antebra\u00e7o por 24 horas, observando sinais como coceira, vermelhid\u00e3o ou ard\u00eancia. Em peles oleosas ou acneicas, o ideal \u00e9 evitar rosto, peito e costas e, se houver desconforto, suspender o uso e buscar orienta\u00e7\u00e3o profissional.<\/p>\n\n\n\n<h2 class=\"wp-block-heading\">Onde encontrar os ingredientes e quais cuidados de seguran\u00e7a adotar<\/h2>\n\n\n\n<p>Manteiga de karit\u00e9 e \u00f3leos vegetais podem ser encontrados em lojas de produtos naturais, farm\u00e1cias de manipula\u00e7\u00e3o, e-commerces especializados e, com mais frequ\u00eancia, em grandes supermercados no caso do \u00f3leo de coco. A manteiga de karit\u00e9 pura tende a ter custo mais alto e \u00e9 mais comum em pontos de venda voltados para cosm\u00e9tica natural.<\/p>\n\n\n\n<p>Sem conservantes, o creme costuma durar de 2 a 3 meses em local seco, ao abrigo de luz e calor, sempre em pote limpo e bem fechado. Em peles com doen\u00e7as como eczema, psor\u00edase ou dermatite de contato, a recomenda\u00e7\u00e3o de entidades como a Sociedade Brasileira de Dermatologia \u00e9 discutir qualquer receita caseira com um dermatologista antes de incluir no cuidado di\u00e1rio.<\/p>\n\n\n\n<p>Mas se voc\u00ea est\u00e1 sem tempo, no v\u00eddeo abaixo da <a href=\"https:\/\/www.tiktok.com\/@aquelanathica\" target=\"_blank\" rel=\"noreferrer noopener\">Nathalia Alves<\/a> que conta com mais de 775 mil seguidores d\u00e1 uma dica de um excelente produto que tem um resultado incr\u00edvel:<\/p>\n\n\n\n<figure class=\"wp-block-embed is-type-video is-provider-tiktok wp-block-embed-tiktok\"><div class=\"wp-block-embed__wrapper\">\n<blockquote class=\"tiktok-embed\" cite=\"https:\/\/www.tiktok.com\/@aquelanathica\/video\/7561059906862746892\" data-video-id=\"7561059906862746892\" data-embed-from=\"oembed\" style=\"max-width:605px; min-width:325px;\"> <section> <a target=\"_blank\" title=\"@aquelanathica\" href=\"https:\/\/www.tiktok.com\/@aquelanathica?refer=embed\">@aquelanathica<\/a> <p>Obrigada, @Diogo por sempre me indicar produtos \u00f3timos e dar as melhores dicas \u2665\ufe0f\ud83e\udd79 <a title=\"fy\" target=\"_blank\" href=\"https:\/\/www.tiktok.com\/tag\/fy?refer=embed\">#fy<\/a> <\/p> <a target=\"_blank\" title=\"\u266c som original - Nathalia Alves\" href=\"https:\/\/www.tiktok.com\/music\/som-original-7561065092769352504?refer=embed\">\u266c som original &#8211; Nathalia Alves<\/a> <\/section> <\/blockquote> <script async src=\"https:\/\/www.tiktok.com\/embed.js\"><\/script>\n<\/div><\/figure>\n\n\n\n<h2 class=\"wp-block-heading\">Por que falar com um dermatologista antes de usar receitinhas caseiras<\/h2>\n\n\n\n<p>Mesmo com ingredientes populares e considerados seguros, cada pele reage de um jeito, especialmente quando h\u00e1 hist\u00f3rico de alergias, sensibilidade ou uso de medica\u00e7\u00f5es. Um acompanhamento dermatol\u00f3gico ajuda a encaixar o creme caseiro em um plano de cuidados completo, evitando irrita\u00e7\u00f5es e falhas no tratamento.<\/p>\n\n\n\n<p>Se sua pele est\u00e1 muito seca, co\u00e7ando, descamando ou machucando, n\u00e3o espere piorar: agende uma consulta com um dermatologista quanto antes para avaliar sua pele, ajustar a rotina de hidrata\u00e7\u00e3o e decidir, com seguran\u00e7a, se esse tipo de receita realmente \u00e9 indicada para voc\u00ea agora.<\/p>\n\n\n\n<p><\/p>\n","protected":false},"excerpt":{"rendered":"<p>A pele seca \u00e9 uma queixa comum em v\u00e1rias idades e costuma piorar no frio, com ar-condicionado ou banhos quentes. Para driblar o ressecamento, muitas pessoas t\u00eam recorrido \u00e0 receita simples com ingredientes naturais, como a combina\u00e7\u00e3o de manteiga de karit\u00e9 com \u00f3leo vegetal, que forma um creme caseiro de textura rica, toque confort\u00e1vel e [&hellip;]<\/p>\n","protected":false},"author":11,"featured_media":140950,"comment_status":"open","ping_status":"open","sticky":false,"template":"","format":"standard","meta":{"jnews-multi-image_gallery":[],"jnews_single_post":{"format":"standard"},"jnews_primary_category":[],"jnews_social_meta":[],"jnews_override_counter":[],"footnotes":""},"categories":[8819,1],"tags":[16469,17668,17276,6967],"class_list":["post-140652","post","type-post","status-publish","format-standard","has-post-thumbnail","hentry","category-curiosidades","category-noticias","tag-creme-caseiro","tag-manteiga-de-karite","tag-oleo-vegetal","tag-pele-seca"],"yoast_head":"<!-- This site is optimized with the Yoast SEO plugin v23.8 - https:\/\/yoast.com\/wordpress\/plugins\/seo\/ -->\n<title>Adeus pele seca: o creme caseiro de 2 ingredientes que muitos aprovam; veja a receita - Estado de Minas - Em foco<\/title>\n<meta name=\"description\" content=\"Manteiga de karit\u00e9 com \u00f3leo vegetal forma um creme caseiro nutritivo para pele seca. Veja como usar com seguran\u00e7a.\" \/>\n<meta name=\"robots\" content=\"index, follow, max-snippet:-1, max-image-preview:large, max-video-preview:-1\" \/>\n<link rel=\"canonical\" href=\"https:\/\/www.em.com.br\/emfoco\/2025\/12\/16\/adeus-pele-seca-o-creme-caseiro-de-2-ingredientes-que-muitos-aprovam-veja-a-receita\/\" \/>\n<meta property=\"og:locale\" content=\"pt_BR\" \/>\n<meta property=\"og:type\" content=\"article\" \/>\n<meta property=\"og:title\" content=\"Adeus pele seca: o creme caseiro de 2 ingredientes que muitos aprovam; veja a receita - Estado de Minas - Em foco\" \/>\n<meta property=\"og:description\" content=\"Manteiga de karit\u00e9 com \u00f3leo vegetal forma um creme caseiro nutritivo para pele seca. Veja como usar com seguran\u00e7a.\" \/>\n<meta property=\"og:url\" content=\"https:\/\/www.em.com.br\/emfoco\/2025\/12\/16\/adeus-pele-seca-o-creme-caseiro-de-2-ingredientes-que-muitos-aprovam-veja-a-receita\/\" \/>\n<meta property=\"og:site_name\" content=\"Estado de Minas - Em foco\" \/>\n<meta property=\"article:published_time\" content=\"2025-12-16T15:45:00+00:00\" \/>\n<meta property=\"article:modified_time\" content=\"2025-12-15T22:07:41+00:00\" \/>\n<meta property=\"og:image\" content=\"https:\/\/www.em.com.br\/emfoco\/wp-content\/uploads\/2025\/12\/mosaico_1765836224917.jpg\" \/>\n\t<meta property=\"og:image:width\" content=\"1280\" \/>\n\t<meta property=\"og:image:height\" content=\"720\" \/>\n\t<meta property=\"og:image:type\" content=\"image\/jpeg\" \/>\n<meta name=\"author\" content=\"Andre\u0301 Rangel\u00a0\" \/>\n<meta name=\"twitter:card\" content=\"summary_large_image\" \/>\n<meta name=\"twitter:label1\" content=\"Escrito por\" \/>\n\t<meta name=\"twitter:data1\" content=\"Andre\u0301 Rangel\u00a0\" \/>\n\t<meta name=\"twitter:label2\" content=\"Est. tempo de leitura\" \/>\n\t<meta name=\"twitter:data2\" content=\"5 minutos\" \/>\n<!-- \/ Yoast SEO plugin. -->","yoast_head_json":{"title":"Adeus pele seca: o creme caseiro de 2 ingredientes que muitos aprovam; veja a receita - Estado de Minas - Em foco","description":"Manteiga de karit\u00e9 com \u00f3leo vegetal forma um creme caseiro nutritivo para pele seca. Veja como usar com seguran\u00e7a.","robots":{"index":"index","follow":"follow","max-snippet":"max-snippet:-1","max-image-preview":"max-image-preview:large","max-video-preview":"max-video-preview:-1"},"canonical":"https:\/\/www.em.com.br\/emfoco\/2025\/12\/16\/adeus-pele-seca-o-creme-caseiro-de-2-ingredientes-que-muitos-aprovam-veja-a-receita\/","og_locale":"pt_BR","og_type":"article","og_title":"Adeus pele seca: o creme caseiro de 2 ingredientes que muitos aprovam; veja a receita - Estado de Minas - Em foco","og_description":"Manteiga de karit\u00e9 com \u00f3leo vegetal forma um creme caseiro nutritivo para pele seca. Veja como usar com seguran\u00e7a.","og_url":"https:\/\/www.em.com.br\/emfoco\/2025\/12\/16\/adeus-pele-seca-o-creme-caseiro-de-2-ingredientes-que-muitos-aprovam-veja-a-receita\/","og_site_name":"Estado de Minas - Em foco","article_published_time":"2025-12-16T15:45:00+00:00","article_modified_time":"2025-12-15T22:07:41+00:00","og_image":[{"width":1280,"height":720,"url":"https:\/\/www.em.com.br\/emfoco\/wp-content\/uploads\/2025\/12\/mosaico_1765836224917.jpg","type":"image\/jpeg"}],"author":"Andre\u0301 Rangel\u00a0","twitter_card":"summary_large_image","twitter_misc":{"Escrito por":"Andre\u0301 Rangel\u00a0","Est. tempo de leitura":"5 minutos"},"schema":{"@context":"https:\/\/schema.org","@graph":[{"@type":"WebPage","@id":"https:\/\/www.em.com.br\/emfoco\/2025\/12\/16\/adeus-pele-seca-o-creme-caseiro-de-2-ingredientes-que-muitos-aprovam-veja-a-receita\/","url":"https:\/\/www.em.com.br\/emfoco\/2025\/12\/16\/adeus-pele-seca-o-creme-caseiro-de-2-ingredientes-que-muitos-aprovam-veja-a-receita\/","name":"Adeus pele seca: o creme caseiro de 2 ingredientes que muitos aprovam; veja a receita - Estado de Minas - Em foco","isPartOf":{"@id":"https:\/\/www.em.com.br\/emfoco\/#website"},"primaryImageOfPage":{"@id":"https:\/\/www.em.com.br\/emfoco\/2025\/12\/16\/adeus-pele-seca-o-creme-caseiro-de-2-ingredientes-que-muitos-aprovam-veja-a-receita\/#primaryimage"},"image":{"@id":"https:\/\/www.em.com.br\/emfoco\/2025\/12\/16\/adeus-pele-seca-o-creme-caseiro-de-2-ingredientes-que-muitos-aprovam-veja-a-receita\/#primaryimage"},"thumbnailUrl":"https:\/\/www.em.com.br\/emfoco\/wp-content\/uploads\/2025\/12\/mosaico_1765836224917.jpg","datePublished":"2025-12-16T15:45:00+00:00","dateModified":"2025-12-15T22:07:41+00:00","author":{"@id":"https:\/\/www.em.com.br\/emfoco\/#\/schema\/person\/60eda09c1fedf0d6891f4cef4b60b8b8"},"description":"Manteiga de karit\u00e9 com \u00f3leo vegetal forma um creme caseiro nutritivo para pele seca. Veja como usar com seguran\u00e7a.","breadcrumb":{"@id":"https:\/\/www.em.com.br\/emfoco\/2025\/12\/16\/adeus-pele-seca-o-creme-caseiro-de-2-ingredientes-que-muitos-aprovam-veja-a-receita\/#breadcrumb"},"inLanguage":"pt-BR","potentialAction":[{"@type":"ReadAction","target":["https:\/\/www.em.com.br\/emfoco\/2025\/12\/16\/adeus-pele-seca-o-creme-caseiro-de-2-ingredientes-que-muitos-aprovam-veja-a-receita\/"]}]},{"@type":"ImageObject","inLanguage":"pt-BR","@id":"https:\/\/www.em.com.br\/emfoco\/2025\/12\/16\/adeus-pele-seca-o-creme-caseiro-de-2-ingredientes-que-muitos-aprovam-veja-a-receita\/#primaryimage","url":"https:\/\/www.em.com.br\/emfoco\/wp-content\/uploads\/2025\/12\/mosaico_1765836224917.jpg","contentUrl":"https:\/\/www.em.com.br\/emfoco\/wp-content\/uploads\/2025\/12\/mosaico_1765836224917.jpg","width":1280,"height":720,"caption":"Creme caseiro ajuda a aliviar a pele seca"},{"@type":"BreadcrumbList","@id":"https:\/\/www.em.com.br\/emfoco\/2025\/12\/16\/adeus-pele-seca-o-creme-caseiro-de-2-ingredientes-que-muitos-aprovam-veja-a-receita\/#breadcrumb","itemListElement":[{"@type":"ListItem","position":1,"name":"In\u00edcio","item":"https:\/\/www.em.com.br\/emfoco\/"},{"@type":"ListItem","position":2,"name":"Adeus pele seca: o creme caseiro de 2 ingredientes que muitos aprovam; veja a receita"}]},{"@type":"WebSite","@id":"https:\/\/www.em.com.br\/emfoco\/#website","url":"https:\/\/www.em.com.br\/emfoco\/","name":"Estado de Minas - Em foco","description":"Acompanhe as \u00faltimas not\u00edcias e fique bem informado sobre tudo o que acontece em Minas Gerais, Brasil e no mundo.","potentialAction":[{"@type":"SearchAction","target":{"@type":"EntryPoint","urlTemplate":"https:\/\/www.em.com.br\/emfoco\/?s={search_term_string}"},"query-input":{"@type":"PropertyValueSpecification","valueRequired":true,"valueName":"search_term_string"}}],"inLanguage":"pt-BR"},{"@type":"Person","@id":"https:\/\/www.em.com.br\/emfoco\/#\/schema\/person\/60eda09c1fedf0d6891f4cef4b60b8b8","name":"Andre\u0301 Rangel\u00a0","image":{"@type":"ImageObject","inLanguage":"pt-BR","@id":"https:\/\/www.em.com.br\/emfoco\/#\/schema\/person\/image\/","url":"https:\/\/secure.gravatar.com\/avatar\/6234dc814c77c8ef6d8bba622c787efc?s=96&d=mm&r=g","contentUrl":"https:\/\/secure.gravatar.com\/avatar\/6234dc814c77c8ef6d8bba622c787efc?s=96&d=mm&r=g","caption":"Andre\u0301 Rangel\u00a0"},"url":"https:\/\/www.em.com.br\/emfoco\/author\/luizmyth\/"}]}},"_links":{"self":[{"href":"https:\/\/www.em.com.br\/emfoco\/wp-json\/wp\/v2\/posts\/140652","targetHints":{"allow":["GET"]}}],"collection":[{"href":"https:\/\/www.em.com.br\/emfoco\/wp-json\/wp\/v2\/posts"}],"about":[{"href":"https:\/\/www.em.com.br\/emfoco\/wp-json\/wp\/v2\/types\/post"}],"author":[{"embeddable":true,"href":"https:\/\/www.em.com.br\/emfoco\/wp-json\/wp\/v2\/users\/11"}],"replies":[{"embeddable":true,"href":"https:\/\/www.em.com.br\/emfoco\/wp-json\/wp\/v2\/comments?post=140652"}],"version-history":[{"count":2,"href":"https:\/\/www.em.com.br\/emfoco\/wp-json\/wp\/v2\/posts\/140652\/revisions"}],"predecessor-version":[{"id":140909,"href":"https:\/\/www.em.com.br\/emfoco\/wp-json\/wp\/v2\/posts\/140652\/revisions\/140909"}],"wp:featuredmedia":[{"embeddable":true,"href":"https:\/\/www.em.com.br\/emfoco\/wp-json\/wp\/v2\/media\/140950"}],"wp:attachment":[{"href":"https:\/\/www.em.com.br\/emfoco\/wp-json\/wp\/v2\/media?parent=140652"}],"wp:term":[{"taxonomy":"category","embeddable":true,"href":"https:\/\/www.em.com.br\/emfoco\/wp-json\/wp\/v2\/categories?post=140652"},{"taxonomy":"post_tag","embeddable":true,"href":"https:\/\/www.em.com.br\/emfoco\/wp-json\/wp\/v2\/tags?post=140652"}],"curies":[{"name":"wp","href":"https:\/\/api.w.org\/{rel}","templated":true}]}}