{"id":140561,"date":"2025-12-16T20:45:14","date_gmt":"2025-12-16T23:45:14","guid":{"rendered":"https:\/\/www.em.com.br\/emfoco\/?p=140561"},"modified":"2025-12-15T17:05:11","modified_gmt":"2025-12-15T20:05:11","slug":"como-fortalecer-o-abdomen-depois-dos-60-anos-e-garantir-mais-equilibrio","status":"publish","type":"post","link":"https:\/\/www.em.com.br\/emfoco\/2025\/12\/16\/como-fortalecer-o-abdomen-depois-dos-60-anos-e-garantir-mais-equilibrio\/","title":{"rendered":"Como fortalecer o abd\u00f4men depois dos 60 anos e garantir mais equil\u00edbrio"},"content":{"rendered":"\n<p>Voc\u00ea j\u00e1 sentiu dificuldade para levantar da cadeira ou percebeu que o corpo n\u00e3o responde como antes? Manter o <b>abd\u00f4men forte<\/b> ap\u00f3s os 60 anos \u00e9 uma forma simples e poderosa de preservar a <b>autonomia<\/b> no dia a dia. Um centro do corpo est\u00e1vel facilita tarefas como caminhar com seguran\u00e7a, se equilibrar em locais irregulares e at\u00e9 carregar compras, al\u00e9m de reduzir o risco de <b>quedas<\/b>, dores lombares e outras limita\u00e7\u00f5es comuns nessa fase da vida.<\/p>\n\n\n\n<h2 class=\"wp-block-heading\">Por que vale a pena fortalecer o abd\u00f4men ap\u00f3s os 60 anos<\/h2>\n\n\n\n<p>Com o avan\u00e7o da idade, \u00e9 natural perder um pouco de <b>for\u00e7a<\/b>, e a regi\u00e3o do <b>abd\u00f4men<\/b> costuma sentir bastante esse impacto. A boa not\u00edcia \u00e9 que, com exerc\u00edcios simples e frequentes, \u00e9 poss\u00edvel retardar esse processo e deixar o corpo mais firme para as tarefas do dia a dia.<\/p>\n\n\n\n<p>Fortalecer o <b>core<\/b> vai muito al\u00e9m da apar\u00eancia: ajuda na <b>postura<\/b>, no alinhamento da coluna e na estabilidade do tronco. Isso torna mais f\u00e1cil caminhar, subir escadas, levantar da cama ou do sof\u00e1 e se manter <b>independente<\/b> por mais tempo, com menos esfor\u00e7o e mais seguran\u00e7a.<\/p>\n\n\n<div class=\"wp-block-image\">\n<figure class=\"aligncenter size-large\"><img loading=\"lazy\" decoding=\"async\" width=\"1024\" height=\"576\" src=\"https:\/\/www.em.com.br\/emfoco\/wp-content\/uploads\/2025\/12\/idosa-exer_1765803792712-1024x576.jpg\" alt=\"\" class=\"wp-image-140603\" srcset=\"https:\/\/www.em.com.br\/emfoco\/wp-content\/uploads\/2025\/12\/idosa-exer_1765803792712-1024x576.jpg 1024w, https:\/\/www.em.com.br\/emfoco\/wp-content\/uploads\/2025\/12\/idosa-exer_1765803792712-300x169.jpg 300w, https:\/\/www.em.com.br\/emfoco\/wp-content\/uploads\/2025\/12\/idosa-exer_1765803792712-768x432.jpg 768w, https:\/\/www.em.com.br\/emfoco\/wp-content\/uploads\/2025\/12\/idosa-exer_1765803792712-750x422.jpg 750w, https:\/\/www.em.com.br\/emfoco\/wp-content\/uploads\/2025\/12\/idosa-exer_1765803792712-1140x641.jpg 1140w, https:\/\/www.em.com.br\/emfoco\/wp-content\/uploads\/2025\/12\/idosa-exer_1765803792712.jpg 1280w\" sizes=\"auto, (max-width: 1024px) 100vw, 1024px\" \/><figcaption class=\"wp-element-caption\">Com o avan\u00e7o da idade, \u00e9 natural perder um pouco de for\u00e7a, e a regi\u00e3o do abd\u00f4men costuma sentir bastante esse impacto &#8211; Cr\u00e9ditos: depositphotos.com \/ Milkos<\/figcaption><\/figure><\/div>\n\n\n<p>Leia tamb\u00e9m:&nbsp;<a href=\"https:\/\/www.em.com.br\/emfoco\/2025\/12\/11\/como-acabar-com-a-flacidez-no-pescoco-com-2-minutos-de-exercicio-por-dia\/\" target=\"_blank\" rel=\"noopener\">Como acabar com a flacidez no pesco\u00e7o com 2 minutos de exerc\u00edcio por dia<\/a><\/p>\n\n\n\n<h2 class=\"wp-block-heading\">Quais cuidados ter antes de iniciar exerc\u00edcios para o abd\u00f4men<\/h2>\n\n\n\n<p>Antes de come\u00e7ar qualquer rotina de exerc\u00edcios, \u00e9 importante conversar com um <b>m\u00e9dico<\/b>, especialmente se voc\u00ea tem <b>hipertens\u00e3o<\/b>, problemas card\u00edacos, osteoporose ou dores articulares. Um educador f\u00edsico ou fisioterapeuta tamb\u00e9m pode adaptar os movimentos para a sua realidade, evitando exageros.<\/p>\n\n\n\n<p>Al\u00e9m disso, vale respeitar sempre os limites do <b>corpo<\/b> e ir progredindo aos poucos. A seguir, alguns cuidados b\u00e1sicos ajudam a deixar o treino mais <b>seguro<\/b> e confort\u00e1vel para quem est\u00e1 na terceira idade:<\/p>\n\n\n<div class=\"wp-block-image\">\n<figure class=\"aligncenter size-large\"><img loading=\"lazy\" decoding=\"async\" width=\"1024\" height=\"576\" src=\"https:\/\/www.em.com.br\/emfoco\/wp-content\/uploads\/2025\/12\/Gemini_Generated_Image_mwet19mwet19mwet-1-1024x576.png\" alt=\"\" class=\"wp-image-140622\" srcset=\"https:\/\/www.em.com.br\/emfoco\/wp-content\/uploads\/2025\/12\/Gemini_Generated_Image_mwet19mwet19mwet-1-1024x576.png 1024w, https:\/\/www.em.com.br\/emfoco\/wp-content\/uploads\/2025\/12\/Gemini_Generated_Image_mwet19mwet19mwet-1-300x169.png 300w, https:\/\/www.em.com.br\/emfoco\/wp-content\/uploads\/2025\/12\/Gemini_Generated_Image_mwet19mwet19mwet-1-768x432.png 768w, https:\/\/www.em.com.br\/emfoco\/wp-content\/uploads\/2025\/12\/Gemini_Generated_Image_mwet19mwet19mwet-1-750x422.png 750w, https:\/\/www.em.com.br\/emfoco\/wp-content\/uploads\/2025\/12\/Gemini_Generated_Image_mwet19mwet19mwet-1-1140x641.png 1140w, https:\/\/www.em.com.br\/emfoco\/wp-content\/uploads\/2025\/12\/Gemini_Generated_Image_mwet19mwet19mwet-1.png 1280w\" sizes=\"auto, (max-width: 1024px) 100vw, 1024px\" \/><figcaption class=\"wp-element-caption\">Tr\u00eas exerc\u00edcios para ajudar no fortalecimento do abdom\u00ean <\/figcaption><\/figure><\/div>\n\n\n<ul class=\"wp-block-list\">\n<li><b>Evitar movimentos bruscos<\/b> ou que gerem dor intensa na <b>coluna<\/b> ou no quadril.<\/li>\n\n\n\n<li><b>Priorizar a t\u00e9cnica<\/b> correta, mesmo que o n\u00famero de repeti\u00e7\u00f5es seja <b>menor<\/b>.<\/li>\n\n\n\n<li><b>Controlar a respira\u00e7\u00e3o<\/b>, expirando durante o esfor\u00e7o e inspirando na <b>volta<\/b>.<\/li>\n\n\n\n<li><b>Come\u00e7ar devagar<\/b>, aumentando a <b>dificuldade<\/b> de forma gradual.<\/li>\n<\/ul>\n\n\n\n<h2 class=\"wp-block-heading\">Quais s\u00e3o tr\u00eas exerc\u00edcios simples para manter o abd\u00f4men forte<\/h2>\n\n\n\n<p>A seguir, voc\u00ea encontra tr\u00eas exerc\u00edcios simples e acess\u00edveis, pensados especialmente para quem tem mais de <b>60 anos<\/b>. O foco \u00e9 trabalhar o <b>core<\/b> de forma est\u00e1vel, com movimentos controlados e pouco impacto nas articula\u00e7\u00f5es, podendo ser feitos em casa com seguran\u00e7a.<\/p>\n\n\n\n<p>Lembre-se de adaptar a <b>intensidade<\/b> \u00e0 sua condi\u00e7\u00e3o f\u00edsica, fazer pausas quando necess\u00e1rio e, sempre que poss\u00edvel, contar com a orienta\u00e7\u00e3o de um <b>profissional<\/b> para ajustar postura, tempo e n\u00famero de repeti\u00e7\u00f5es.<\/p>\n\n\n<div class=\"wp-block-image\">\n<figure class=\"aligncenter size-large\"><img loading=\"lazy\" decoding=\"async\" width=\"1024\" height=\"576\" src=\"https:\/\/www.em.com.br\/emfoco\/wp-content\/uploads\/2025\/12\/Gemini_Generated_Image_9lo7vc9lo7vc9lo7-1-1024x576.png\" alt=\"\" class=\"wp-image-140867\" srcset=\"https:\/\/www.em.com.br\/emfoco\/wp-content\/uploads\/2025\/12\/Gemini_Generated_Image_9lo7vc9lo7vc9lo7-1-1024x576.png 1024w, https:\/\/www.em.com.br\/emfoco\/wp-content\/uploads\/2025\/12\/Gemini_Generated_Image_9lo7vc9lo7vc9lo7-1-300x169.png 300w, https:\/\/www.em.com.br\/emfoco\/wp-content\/uploads\/2025\/12\/Gemini_Generated_Image_9lo7vc9lo7vc9lo7-1-768x432.png 768w, https:\/\/www.em.com.br\/emfoco\/wp-content\/uploads\/2025\/12\/Gemini_Generated_Image_9lo7vc9lo7vc9lo7-1-750x422.png 750w, https:\/\/www.em.com.br\/emfoco\/wp-content\/uploads\/2025\/12\/Gemini_Generated_Image_9lo7vc9lo7vc9lo7-1-1140x641.png 1140w, https:\/\/www.em.com.br\/emfoco\/wp-content\/uploads\/2025\/12\/Gemini_Generated_Image_9lo7vc9lo7vc9lo7-1.png 1280w\" sizes=\"auto, (max-width: 1024px) 100vw, 1024px\" \/><figcaption class=\"wp-element-caption\">A seguir, voc\u00ea encontra tr\u00eas exerc\u00edcios simples e acess\u00edveis<\/figcaption><\/figure><\/div>\n\n\n<p>Para voc\u00ea que quer aprofundar nesse tema, separamos um v\u00eddeo do canal do <a class=\"yt-simple-endpoint style-scope yt-formatted-string\" spellcheck=\"false\" href=\"https:\/\/www.youtube.com\/@aurelioalfieri\" target=\"_blank\" rel=\"noopener\">Aur\u00e9lio Alfieri<\/a> sobre um exerc\u00edcio para fortalecer seu abdom\u00ean:<\/p>\n\n\n\n<figure class=\"wp-block-embed is-type-video is-provider-youtube wp-block-embed-youtube wp-embed-aspect-16-9 wp-has-aspect-ratio\"><div class=\"wp-block-embed__wrapper\">\n<div class=\"jeg_video_container jeg_video_content\"><iframe loading=\"lazy\" title=\"PRANCHA NA PAREDE | N\u00edvel 2 | Abdominal F\u00c1CIL para Iniciantes e Idosos | Exerc\u00edcios para Idosos\" width=\"500\" height=\"281\" src=\"https:\/\/www.youtube.com\/embed\/Hp-k0crifnI?feature=oembed\" frameborder=\"0\" allow=\"accelerometer; autoplay; clipboard-write; encrypted-media; gyroscope; picture-in-picture; web-share\" referrerpolicy=\"strict-origin-when-cross-origin\" allowfullscreen><\/iframe><\/div>\n<\/div><\/figure>\n\n\n\n<h2 class=\"wp-block-heading\">Pr\u00f3ximos passos para um abd\u00f4men forte ap\u00f3s os 60<\/h2>\n\n\n\n<p>Com pequenos <b>cuidados<\/b> e um pouco de const\u00e2ncia, \u00e9 poss\u00edvel ter um abd\u00f4men mais forte, mais <b>equil\u00edbrio<\/b> e mais seguran\u00e7a nas atividades di\u00e1rias, mesmo depois dos 60 anos. O importante \u00e9 respeitar o ritmo, adaptar os exerc\u00edcios \u00e0 sua realidade e entender que qualquer avan\u00e7o, por menor que pare\u00e7a, j\u00e1 \u00e9 uma grande conquista.<\/p>\n\n\n\n<p>Se voc\u00ea quer dar o pr\u00f3ximo passo, escolha um dos <b>exerc\u00edcios<\/b> e comece ainda hoje, por 5 a 10 minutos. Se poss\u00edvel, converse com um profissional de <b>sa\u00fade<\/b> ou educa\u00e7\u00e3o f\u00edsica para montar uma rotina personalizada e transformar esses movimentos simples em um h\u00e1bito que vai cuidar do seu corpo por muitos anos.<\/p>\n","protected":false},"excerpt":{"rendered":"<p>Voc\u00ea j\u00e1 sentiu dificuldade para levantar da cadeira ou percebeu que o corpo n\u00e3o responde como antes? Manter o abd\u00f4men forte ap\u00f3s os 60 anos \u00e9 uma forma simples e poderosa de preservar a autonomia no dia a dia. Um centro do corpo est\u00e1vel facilita tarefas como caminhar com seguran\u00e7a, se equilibrar em locais irregulares [&hellip;]<\/p>\n","protected":false},"author":9,"featured_media":140602,"comment_status":"open","ping_status":"open","sticky":false,"template":"","format":"standard","meta":{"jnews-multi-image_gallery":[],"jnews_single_post":{"format":"standard"},"jnews_primary_category":[],"jnews_social_meta":[],"jnews_override_counter":[],"footnotes":""},"categories":[8691,8819,1,9053],"tags":[9962,20733,4131],"class_list":["post-140561","post","type-post","status-publish","format-standard","has-post-thumbnail","hentry","category-bem-estar","category-curiosidades","category-noticias","category-saude","tag-abdomen","tag-apos-60","tag-exercicios"],"yoast_head":"<!-- This site is optimized with the Yoast SEO plugin v23.8 - https:\/\/yoast.com\/wordpress\/plugins\/seo\/ -->\n<title>Como fortalecer o abd\u00f4men depois dos 60 anos e garantir mais equil\u00edbrio - Estado de Minas - Em foco<\/title>\n<meta name=\"description\" content=\"Ganhe autonomia e evite quedas fortalecendo o abd\u00f4men. Aprenda 3 exerc\u00edcios simples e seguros, ideais para fazer em casa ap\u00f3s os 60 anos.\" \/>\n<meta name=\"robots\" content=\"index, follow, max-snippet:-1, max-image-preview:large, max-video-preview:-1\" \/>\n<link rel=\"canonical\" href=\"https:\/\/www.em.com.br\/emfoco\/2025\/12\/16\/como-fortalecer-o-abdomen-depois-dos-60-anos-e-garantir-mais-equilibrio\/\" \/>\n<meta property=\"og:locale\" content=\"pt_BR\" \/>\n<meta property=\"og:type\" content=\"article\" \/>\n<meta property=\"og:title\" content=\"Como fortalecer o abd\u00f4men depois dos 60 anos e garantir mais equil\u00edbrio - Estado de Minas - Em foco\" \/>\n<meta property=\"og:description\" content=\"Ganhe autonomia e evite quedas fortalecendo o abd\u00f4men. Aprenda 3 exerc\u00edcios simples e seguros, ideais para fazer em casa ap\u00f3s os 60 anos.\" \/>\n<meta property=\"og:url\" content=\"https:\/\/www.em.com.br\/emfoco\/2025\/12\/16\/como-fortalecer-o-abdomen-depois-dos-60-anos-e-garantir-mais-equilibrio\/\" \/>\n<meta property=\"og:site_name\" content=\"Estado de Minas - Em foco\" \/>\n<meta property=\"article:published_time\" content=\"2025-12-16T23:45:14+00:00\" \/>\n<meta property=\"article:modified_time\" content=\"2025-12-15T20:05:11+00:00\" \/>\n<meta property=\"og:image\" content=\"https:\/\/www.em.com.br\/emfoco\/wp-content\/uploads\/2025\/12\/idosa-exer_1765803758113.jpg\" \/>\n\t<meta property=\"og:image:width\" content=\"1280\" \/>\n\t<meta property=\"og:image:height\" content=\"720\" \/>\n\t<meta property=\"og:image:type\" content=\"image\/jpeg\" \/>\n<meta name=\"author\" content=\"Daniely Cardoso\" \/>\n<meta name=\"twitter:card\" content=\"summary_large_image\" \/>\n<meta name=\"twitter:label1\" content=\"Escrito por\" \/>\n\t<meta name=\"twitter:data1\" content=\"Daniely Cardoso\" \/>\n\t<meta name=\"twitter:label2\" content=\"Est. tempo de leitura\" \/>\n\t<meta name=\"twitter:data2\" content=\"5 minutos\" \/>\n<!-- \/ Yoast SEO plugin. -->","yoast_head_json":{"title":"Como fortalecer o abd\u00f4men depois dos 60 anos e garantir mais equil\u00edbrio - Estado de Minas - Em foco","description":"Ganhe autonomia e evite quedas fortalecendo o abd\u00f4men. Aprenda 3 exerc\u00edcios simples e seguros, ideais para fazer em casa ap\u00f3s os 60 anos.","robots":{"index":"index","follow":"follow","max-snippet":"max-snippet:-1","max-image-preview":"max-image-preview:large","max-video-preview":"max-video-preview:-1"},"canonical":"https:\/\/www.em.com.br\/emfoco\/2025\/12\/16\/como-fortalecer-o-abdomen-depois-dos-60-anos-e-garantir-mais-equilibrio\/","og_locale":"pt_BR","og_type":"article","og_title":"Como fortalecer o abd\u00f4men depois dos 60 anos e garantir mais equil\u00edbrio - Estado de Minas - Em foco","og_description":"Ganhe autonomia e evite quedas fortalecendo o abd\u00f4men. Aprenda 3 exerc\u00edcios simples e seguros, ideais para fazer em casa ap\u00f3s os 60 anos.","og_url":"https:\/\/www.em.com.br\/emfoco\/2025\/12\/16\/como-fortalecer-o-abdomen-depois-dos-60-anos-e-garantir-mais-equilibrio\/","og_site_name":"Estado de Minas - Em foco","article_published_time":"2025-12-16T23:45:14+00:00","article_modified_time":"2025-12-15T20:05:11+00:00","og_image":[{"width":1280,"height":720,"url":"https:\/\/www.em.com.br\/emfoco\/wp-content\/uploads\/2025\/12\/idosa-exer_1765803758113.jpg","type":"image\/jpeg"}],"author":"Daniely Cardoso","twitter_card":"summary_large_image","twitter_misc":{"Escrito por":"Daniely Cardoso","Est. tempo de leitura":"5 minutos"},"schema":{"@context":"https:\/\/schema.org","@graph":[{"@type":"WebPage","@id":"https:\/\/www.em.com.br\/emfoco\/2025\/12\/16\/como-fortalecer-o-abdomen-depois-dos-60-anos-e-garantir-mais-equilibrio\/","url":"https:\/\/www.em.com.br\/emfoco\/2025\/12\/16\/como-fortalecer-o-abdomen-depois-dos-60-anos-e-garantir-mais-equilibrio\/","name":"Como fortalecer o abd\u00f4men depois dos 60 anos e garantir mais equil\u00edbrio - Estado de Minas - Em foco","isPartOf":{"@id":"https:\/\/www.em.com.br\/emfoco\/#website"},"primaryImageOfPage":{"@id":"https:\/\/www.em.com.br\/emfoco\/2025\/12\/16\/como-fortalecer-o-abdomen-depois-dos-60-anos-e-garantir-mais-equilibrio\/#primaryimage"},"image":{"@id":"https:\/\/www.em.com.br\/emfoco\/2025\/12\/16\/como-fortalecer-o-abdomen-depois-dos-60-anos-e-garantir-mais-equilibrio\/#primaryimage"},"thumbnailUrl":"https:\/\/www.em.com.br\/emfoco\/wp-content\/uploads\/2025\/12\/idosa-exer_1765803758113.jpg","datePublished":"2025-12-16T23:45:14+00:00","dateModified":"2025-12-15T20:05:11+00:00","author":{"@id":"https:\/\/www.em.com.br\/emfoco\/#\/schema\/person\/0a8186d72f2c3a5c6276d90b41f271a0"},"description":"Ganhe autonomia e evite quedas fortalecendo o abd\u00f4men. Aprenda 3 exerc\u00edcios simples e seguros, ideais para fazer em casa ap\u00f3s os 60 anos.","breadcrumb":{"@id":"https:\/\/www.em.com.br\/emfoco\/2025\/12\/16\/como-fortalecer-o-abdomen-depois-dos-60-anos-e-garantir-mais-equilibrio\/#breadcrumb"},"inLanguage":"pt-BR","potentialAction":[{"@type":"ReadAction","target":["https:\/\/www.em.com.br\/emfoco\/2025\/12\/16\/como-fortalecer-o-abdomen-depois-dos-60-anos-e-garantir-mais-equilibrio\/"]}]},{"@type":"ImageObject","inLanguage":"pt-BR","@id":"https:\/\/www.em.com.br\/emfoco\/2025\/12\/16\/como-fortalecer-o-abdomen-depois-dos-60-anos-e-garantir-mais-equilibrio\/#primaryimage","url":"https:\/\/www.em.com.br\/emfoco\/wp-content\/uploads\/2025\/12\/idosa-exer_1765803758113.jpg","contentUrl":"https:\/\/www.em.com.br\/emfoco\/wp-content\/uploads\/2025\/12\/idosa-exer_1765803758113.jpg","width":1280,"height":720,"caption":"Manter o abd\u00f4men forte ap\u00f3s os 60 anos \u00e9 uma forma simples e poderosa de preservar a autonomia no dia a dia -0 Cr\u00e9ditos: depositphotos.com \/ Milkos"},{"@type":"BreadcrumbList","@id":"https:\/\/www.em.com.br\/emfoco\/2025\/12\/16\/como-fortalecer-o-abdomen-depois-dos-60-anos-e-garantir-mais-equilibrio\/#breadcrumb","itemListElement":[{"@type":"ListItem","position":1,"name":"In\u00edcio","item":"https:\/\/www.em.com.br\/emfoco\/"},{"@type":"ListItem","position":2,"name":"Como fortalecer o abd\u00f4men depois dos 60 anos e garantir mais equil\u00edbrio"}]},{"@type":"WebSite","@id":"https:\/\/www.em.com.br\/emfoco\/#website","url":"https:\/\/www.em.com.br\/emfoco\/","name":"Estado de Minas - Em foco","description":"Acompanhe as \u00faltimas not\u00edcias e fique bem informado sobre tudo o que acontece em Minas Gerais, Brasil e no mundo.","potentialAction":[{"@type":"SearchAction","target":{"@type":"EntryPoint","urlTemplate":"https:\/\/www.em.com.br\/emfoco\/?s={search_term_string}"},"query-input":{"@type":"PropertyValueSpecification","valueRequired":true,"valueName":"search_term_string"}}],"inLanguage":"pt-BR"},{"@type":"Person","@id":"https:\/\/www.em.com.br\/emfoco\/#\/schema\/person\/0a8186d72f2c3a5c6276d90b41f271a0","name":"Daniely Cardoso","image":{"@type":"ImageObject","inLanguage":"pt-BR","@id":"https:\/\/www.em.com.br\/emfoco\/#\/schema\/person\/image\/","url":"https:\/\/secure.gravatar.com\/avatar\/4b80ddbd124d1f071b626d52d62e5dff?s=96&d=mm&r=g","contentUrl":"https:\/\/secure.gravatar.com\/avatar\/4b80ddbd124d1f071b626d52d62e5dff?s=96&d=mm&r=g","caption":"Daniely Cardoso"},"url":"https:\/\/www.em.com.br\/emfoco\/author\/danielymyth\/"}]}},"_links":{"self":[{"href":"https:\/\/www.em.com.br\/emfoco\/wp-json\/wp\/v2\/posts\/140561","targetHints":{"allow":["GET"]}}],"collection":[{"href":"https:\/\/www.em.com.br\/emfoco\/wp-json\/wp\/v2\/posts"}],"about":[{"href":"https:\/\/www.em.com.br\/emfoco\/wp-json\/wp\/v2\/types\/post"}],"author":[{"embeddable":true,"href":"https:\/\/www.em.com.br\/emfoco\/wp-json\/wp\/v2\/users\/9"}],"replies":[{"embeddable":true,"href":"https:\/\/www.em.com.br\/emfoco\/wp-json\/wp\/v2\/comments?post=140561"}],"version-history":[{"count":6,"href":"https:\/\/www.em.com.br\/emfoco\/wp-json\/wp\/v2\/posts\/140561\/revisions"}],"predecessor-version":[{"id":140868,"href":"https:\/\/www.em.com.br\/emfoco\/wp-json\/wp\/v2\/posts\/140561\/revisions\/140868"}],"wp:featuredmedia":[{"embeddable":true,"href":"https:\/\/www.em.com.br\/emfoco\/wp-json\/wp\/v2\/media\/140602"}],"wp:attachment":[{"href":"https:\/\/www.em.com.br\/emfoco\/wp-json\/wp\/v2\/media?parent=140561"}],"wp:term":[{"taxonomy":"category","embeddable":true,"href":"https:\/\/www.em.com.br\/emfoco\/wp-json\/wp\/v2\/categories?post=140561"},{"taxonomy":"post_tag","embeddable":true,"href":"https:\/\/www.em.com.br\/emfoco\/wp-json\/wp\/v2\/tags?post=140561"}],"curies":[{"name":"wp","href":"https:\/\/api.w.org\/{rel}","templated":true}]}}