{"id":140549,"date":"2025-12-16T15:45:25","date_gmt":"2025-12-16T18:45:25","guid":{"rendered":"https:\/\/www.em.com.br\/emfoco\/?p=140549"},"modified":"2025-12-15T16:40:41","modified_gmt":"2025-12-15T19:40:41","slug":"chas-que-ajudam-a-reduzir-gases-e-desconforto-depois-das-refeicoes","status":"publish","type":"post","link":"https:\/\/www.em.com.br\/emfoco\/2025\/12\/16\/chas-que-ajudam-a-reduzir-gases-e-desconforto-depois-das-refeicoes\/","title":{"rendered":"Ch\u00e1s que ajudam a reduzir gases e desconforto depois das refei\u00e7\u00f5es"},"content":{"rendered":"\n<p>Sabe aquela sensa\u00e7\u00e3o de <strong>barriga estufada<\/strong>, arrotos, <strong>gases<\/strong> e est\u00f4mago pesado depois de uma refei\u00e7\u00e3o? Muitas pessoas, ao passar por isso, v\u00e3o direto preparar um <strong>ch\u00e1<\/strong>, buscando um al\u00edvio r\u00e1pido, simples e natural. Em 2025, com o aumento da procura por alternativas acess\u00edveis, as bebidas \u00e0 base de <strong>plantas<\/strong> voltaram com for\u00e7a \u00e0 rotina de quem quer melhorar a digest\u00e3o sem recorrer imediatamente a rem\u00e9dios. Mas, para escolher o ch\u00e1 certo, \u00e9 importante entender como cada <strong>erva<\/strong> age no organismo.<\/p>\n\n\n\n<h2 class=\"wp-block-heading\">Quais ch\u00e1s s\u00e3o mais usados para aliviar gases e desconforto<\/h2>\n\n\n\n<p>A <strong>camomila<\/strong>, por sua vez, \u00e9 muito consumida \u00e0 noite por estar ligada \u00e0 sensa\u00e7\u00e3o de <strong>relaxamento<\/strong> e bem-estar. No sistema digestivo, ela \u00e9 utilizada para aliviar aquele <strong>desconforto<\/strong> depois de refei\u00e7\u00f5es mais pesadas ou quando a digest\u00e3o parece \u201cempacada\u201d.<\/p>\n\n\n\n<p>Em muitos lares brasileiros, \u00e9 comum misturar <strong>erva-doce<\/strong>, hortel\u00e3 e <strong>camomila<\/strong> em um \u00fanico ch\u00e1 para potencializar o efeito sobre gases e <strong>digest\u00e3o lenta<\/strong>. O preparo costuma ser simples, o consumo \u00e9 moderado, e muita gente cria o h\u00e1bito de tomar ap\u00f3s o almo\u00e7o ou o <strong>jantar<\/strong>.<\/p>\n\n\n<div class=\"wp-block-image\">\n<figure class=\"aligncenter size-large\"><img loading=\"lazy\" decoding=\"async\" width=\"1024\" height=\"576\" src=\"https:\/\/www.em.com.br\/emfoco\/wp-content\/uploads\/2025\/10\/cha-de-gengibre-e-mel_1761673899282-1024x576.jpg\" alt=\"\" class=\"wp-image-120465\" srcset=\"https:\/\/www.em.com.br\/emfoco\/wp-content\/uploads\/2025\/10\/cha-de-gengibre-e-mel_1761673899282-1024x576.jpg 1024w, https:\/\/www.em.com.br\/emfoco\/wp-content\/uploads\/2025\/10\/cha-de-gengibre-e-mel_1761673899282-300x169.jpg 300w, https:\/\/www.em.com.br\/emfoco\/wp-content\/uploads\/2025\/10\/cha-de-gengibre-e-mel_1761673899282-768x432.jpg 768w, https:\/\/www.em.com.br\/emfoco\/wp-content\/uploads\/2025\/10\/cha-de-gengibre-e-mel_1761673899282-750x422.jpg 750w, https:\/\/www.em.com.br\/emfoco\/wp-content\/uploads\/2025\/10\/cha-de-gengibre-e-mel_1761673899282-1140x641.jpg 1140w, https:\/\/www.em.com.br\/emfoco\/wp-content\/uploads\/2025\/10\/cha-de-gengibre-e-mel_1761673899282.jpg 1280w\" sizes=\"auto, (max-width: 1024px) 100vw, 1024px\" \/><figcaption class=\"wp-element-caption\">A associa\u00e7\u00e3o do gengibre com o lim\u00e3o potencializa o apoio ao sistema imunol\u00f3gico &#8211; Cr\u00e9ditos: depositphotos.com \/ VadimVasenin<\/figcaption><\/figure><\/div>\n\n\n<h2 class=\"wp-block-heading\">Como cada tipo de ch\u00e1 atua na digest\u00e3o do organismo<\/h2>\n\n\n\n<p>Cada <strong>planta<\/strong> tem subst\u00e2ncias que podem influenciar a digest\u00e3o de um jeito diferente, mesmo em pessoas com rotinas muito parecidas. No caso da <strong>hortel\u00e3<\/strong>, compostos presentes nas folhas podem favorecer o esvaziamento g\u00e1strico, diminuindo a sensa\u00e7\u00e3o de est\u00f4mago cheio e ajudando na elimina\u00e7\u00e3o de <strong>gases<\/strong>.<\/p>\n\n\n\n<p>A <strong>erva-doce<\/strong> \u00e9 considerada uma planta carminativa, termo usado para as que auxiliam na sa\u00edda de gases acumulados no intestino. Em situa\u00e7\u00f5es de <strong>barriga muito estufada<\/strong>, esse tipo de ch\u00e1 costuma ser um dos primeiros a ser testado em casa, antes mesmo de pensar em um <strong>rem\u00e9dio<\/strong>.<\/p>\n\n\n\n<p>Leia tamb\u00e9m:&nbsp;<a href=\"https:\/\/www.em.com.br\/emfoco\/2025\/12\/14\/exagerou-na-bebida-saiba-como-recuperar-o-figado-com-plantas-naturais\/\" target=\"_blank\" rel=\"noopener\">Exagerou na bebida? Saiba como recuperar o f\u00edgado com plantas naturais<\/a><\/p>\n\n\n\n<h2 class=\"wp-block-heading\">Como o boldo e o gengibre ajudam na digest\u00e3o pesada<\/h2>\n\n\n\n<p>O <strong>boldo<\/strong> \u00e9 frequentemente lembrado quando o assunto \u00e9 digest\u00e3o dif\u00edcil, principalmente depois de refei\u00e7\u00f5es muito gordurosas ou exageradas. Ele \u00e9 associado ao est\u00edmulo da produ\u00e7\u00e3o de <strong>bile<\/strong>, subst\u00e2ncia importante para quebrar gorduras e facilitar o trabalho do sistema digestivo.<\/p>\n\n\n\n<p>O <strong>gengibre<\/strong>, muito presente na culin\u00e1ria e em bebidas quentes, \u00e9 ligado ao al\u00edvio de <strong>n\u00e1useas leves<\/strong> e \u00e0 melhora da motilidade gastrointestinal. Com isso, pode contribuir para reduzir o <strong>desconforto abdominal<\/strong> causado pela lentid\u00e3o digestiva, al\u00e9m de trazer uma sensa\u00e7\u00e3o de aquecimento agrad\u00e1vel.<\/p>\n\n\n<div class=\"wp-block-image\">\n<figure class=\"aligncenter size-large\"><img loading=\"lazy\" decoding=\"async\" width=\"1024\" height=\"576\" src=\"https:\/\/www.em.com.br\/emfoco\/wp-content\/uploads\/2025\/12\/Gemini_Generated_Image_t9zd25t9zd25t9zd-1-1024x576.png\" alt=\"\" class=\"wp-image-140834\" srcset=\"https:\/\/www.em.com.br\/emfoco\/wp-content\/uploads\/2025\/12\/Gemini_Generated_Image_t9zd25t9zd25t9zd-1-1024x576.png 1024w, https:\/\/www.em.com.br\/emfoco\/wp-content\/uploads\/2025\/12\/Gemini_Generated_Image_t9zd25t9zd25t9zd-1-300x169.png 300w, https:\/\/www.em.com.br\/emfoco\/wp-content\/uploads\/2025\/12\/Gemini_Generated_Image_t9zd25t9zd25t9zd-1-768x432.png 768w, https:\/\/www.em.com.br\/emfoco\/wp-content\/uploads\/2025\/12\/Gemini_Generated_Image_t9zd25t9zd25t9zd-1-750x422.png 750w, https:\/\/www.em.com.br\/emfoco\/wp-content\/uploads\/2025\/12\/Gemini_Generated_Image_t9zd25t9zd25t9zd-1-1140x641.png 1140w, https:\/\/www.em.com.br\/emfoco\/wp-content\/uploads\/2025\/12\/Gemini_Generated_Image_t9zd25t9zd25t9zd-1.png 1280w\" sizes=\"auto, (max-width: 1024px) 100vw, 1024px\" \/><figcaption class=\"wp-element-caption\">Sempre que poss\u00edvel, d\u00ea prefer\u00eancia a ervas de proced\u00eancia conhecida, guardadas em local seco e protegido da luz<\/figcaption><\/figure><\/div>\n\n\n<h2 class=\"wp-block-heading\">Como preparar e consumir o ch\u00e1 para ter melhor efeito<\/h2>\n\n\n\n<p>Para que o <strong>ch\u00e1 digestivo<\/strong> realmente ajude, o modo de preparo faz diferen\u00e7a e pode mudar totalmente o <strong>sabor<\/strong>. A recomenda\u00e7\u00e3o mais comum \u00e9 usar \u00e1gua quente, quase fervendo, e deixar as <strong>folhas ou sementes<\/strong> apenas em infus\u00e3o, sem ferver por muito tempo junto no fogo.<\/p>\n\n\n\n<p>Sempre que poss\u00edvel, d\u00ea prefer\u00eancia a <strong>ervas de proced\u00eancia conhecida<\/strong>, guardadas em local seco e protegido da <strong>luz<\/strong>. Assim, voc\u00ea cuida da qualidade do seu ch\u00e1 e evita consumir plantas velhas ou mal armazenadas, que podem perder <strong>aroma<\/strong> e parte de suas caracter\u00edsticas.<\/p>\n\n\n\n<ol class=\"wp-block-list\">\n<li><strong>Esquentar a \u00e1gua<\/strong> at\u00e9 come\u00e7ar a formar <strong>bolhas pequenas<\/strong>.<\/li>\n\n\n\n<li><strong>Desligar o fogo<\/strong> e acrescentar a <strong>erva escolhida<\/strong> (seca ou fresca).<\/li>\n\n\n\n<li><strong>Tampar o recipiente<\/strong> e deixar em <strong>infus\u00e3o<\/strong> de 5 a 10 minutos.<\/li>\n\n\n\n<li><strong>Coar<\/strong> e consumir morno, sem excesso de <strong>a\u00e7\u00facar<\/strong>.<\/li>\n\n\n\n<li><strong>Evitar<\/strong> tomar grandes quantidades de uma vez <strong>s\u00f3<\/strong>.<\/li>\n<\/ol>\n\n\n\n<p>Para voc\u00ea que quer um opini\u00e3o profissional, separamos um v\u00eddeo do canal do <a href=\"https:\/\/www.youtube.com\/@DrJulianoTeles\" target=\"_blank\" rel=\"noreferrer noopener\">Dr Juliano Teles<\/a> que conta com mais de 3 milh\u00f5es de inscritos. Nesse v\u00eddeo ele trata dos melhores ch\u00e1s para o incha\u00e7o:<\/p>\n\n\n\n<figure class=\"wp-block-embed is-type-video is-provider-youtube wp-block-embed-youtube wp-embed-aspect-16-9 wp-has-aspect-ratio\"><div class=\"wp-block-embed__wrapper\">\n<div class=\"jeg_video_container jeg_video_content\"><iframe loading=\"lazy\" title=\"Ch\u00e1s para melhorar a digest\u00e3o, os gases e o estufamento | Dr Juliano Teles\" width=\"500\" height=\"281\" src=\"https:\/\/www.youtube.com\/embed\/PW7dgQZSaOI?feature=oembed\" frameborder=\"0\" allow=\"accelerometer; autoplay; clipboard-write; encrypted-media; gyroscope; picture-in-picture; web-share\" referrerpolicy=\"strict-origin-when-cross-origin\" allowfullscreen><\/iframe><\/div>\n<\/div><\/figure>\n\n\n\n<h2 class=\"wp-block-heading\">Qual \u00e9 o melhor hor\u00e1rio e frequ\u00eancia para tomar ch\u00e1 digestivo<\/h2>\n\n\n\n<p>O <strong>hor\u00e1rio de consumo<\/strong> tamb\u00e9m influencia na forma como voc\u00ea sente o efeito do ch\u00e1. Muita gente prefere tomar ap\u00f3s as <strong>refei\u00e7\u00f5es principais<\/strong>, como almo\u00e7o ou jantar, quando os epis\u00f3dios de gases e sensa\u00e7\u00e3o de peso tendem a ser mais comuns.<\/p>\n\n\n\n<p>Em casos de <strong>desconforto recorrente<\/strong>, alguns profissionais sugerem fracionar a ingest\u00e3o ao longo do dia, sempre com bom senso. \u00c9 importante respeitar <strong>limites di\u00e1rios<\/strong> e poss\u00edveis orienta\u00e7\u00f5es m\u00e9dicas, especialmente se voc\u00ea j\u00e1 tem alguma condi\u00e7\u00e3o de <strong>sa\u00fade<\/strong>.<\/p>\n","protected":false},"excerpt":{"rendered":"<p>Sabe aquela sensa\u00e7\u00e3o de barriga estufada, arrotos, gases e est\u00f4mago pesado depois de uma refei\u00e7\u00e3o? Muitas pessoas, ao passar por isso, v\u00e3o direto preparar um ch\u00e1, buscando um al\u00edvio r\u00e1pido, simples e natural. Em 2025, com o aumento da procura por alternativas acess\u00edveis, as bebidas \u00e0 base de plantas voltaram com for\u00e7a \u00e0 rotina de [&hellip;]<\/p>\n","protected":false},"author":9,"featured_media":140826,"comment_status":"open","ping_status":"open","sticky":false,"template":"","format":"standard","meta":{"jnews-multi-image_gallery":[],"jnews_single_post":{"format":"standard"},"jnews_primary_category":[],"jnews_social_meta":[],"jnews_override_counter":[],"footnotes":""},"categories":[8691,8819,1,9053],"tags":[256,1924,4205],"class_list":["post-140549","post","type-post","status-publish","format-standard","has-post-thumbnail","hentry","category-bem-estar","category-curiosidades","category-noticias","category-saude","tag-beneficios","tag-cha","tag-digestao"],"yoast_head":"<!-- This site is optimized with the Yoast SEO plugin v23.8 - https:\/\/yoast.com\/wordpress\/plugins\/seo\/ -->\n<title>Ch\u00e1s que ajudam a reduzir gases e desconforto depois das refei\u00e7\u00f5es - Estado de Minas - Em foco<\/title>\n<meta name=\"description\" content=\"Alivie gases e estufamento com ch\u00e1s naturais. Descubra como boldo, hortel\u00e3 e gengibre melhoram a digest\u00e3o e aprenda o preparo correto para ter resultado.\" \/>\n<meta name=\"robots\" content=\"index, follow, max-snippet:-1, max-image-preview:large, max-video-preview:-1\" \/>\n<link rel=\"canonical\" href=\"https:\/\/www.em.com.br\/emfoco\/2025\/12\/16\/chas-que-ajudam-a-reduzir-gases-e-desconforto-depois-das-refeicoes\/\" \/>\n<meta property=\"og:locale\" content=\"pt_BR\" \/>\n<meta property=\"og:type\" content=\"article\" \/>\n<meta property=\"og:title\" content=\"Ch\u00e1s que ajudam a reduzir gases e desconforto depois das refei\u00e7\u00f5es - Estado de Minas - Em foco\" \/>\n<meta property=\"og:description\" content=\"Alivie gases e estufamento com ch\u00e1s naturais. Descubra como boldo, hortel\u00e3 e gengibre melhoram a digest\u00e3o e aprenda o preparo correto para ter resultado.\" \/>\n<meta property=\"og:url\" content=\"https:\/\/www.em.com.br\/emfoco\/2025\/12\/16\/chas-que-ajudam-a-reduzir-gases-e-desconforto-depois-das-refeicoes\/\" \/>\n<meta property=\"og:site_name\" content=\"Estado de Minas - Em foco\" \/>\n<meta property=\"article:published_time\" content=\"2025-12-16T18:45:25+00:00\" \/>\n<meta property=\"article:modified_time\" content=\"2025-12-15T19:40:41+00:00\" \/>\n<meta property=\"og:image\" content=\"https:\/\/www.em.com.br\/emfoco\/wp-content\/uploads\/2025\/12\/Gemini_Generated_Image_plkkw0plkkw0plkk-1.png\" \/>\n\t<meta property=\"og:image:width\" content=\"1280\" \/>\n\t<meta property=\"og:image:height\" content=\"720\" \/>\n\t<meta property=\"og:image:type\" content=\"image\/png\" \/>\n<meta name=\"author\" content=\"Daniely Cardoso\" \/>\n<meta name=\"twitter:card\" content=\"summary_large_image\" \/>\n<meta name=\"twitter:label1\" content=\"Escrito por\" \/>\n\t<meta name=\"twitter:data1\" content=\"Daniely Cardoso\" \/>\n\t<meta name=\"twitter:label2\" content=\"Est. tempo de leitura\" \/>\n\t<meta name=\"twitter:data2\" content=\"5 minutos\" \/>\n<!-- \/ Yoast SEO plugin. -->","yoast_head_json":{"title":"Ch\u00e1s que ajudam a reduzir gases e desconforto depois das refei\u00e7\u00f5es - Estado de Minas - Em foco","description":"Alivie gases e estufamento com ch\u00e1s naturais. Descubra como boldo, hortel\u00e3 e gengibre melhoram a digest\u00e3o e aprenda o preparo correto para ter resultado.","robots":{"index":"index","follow":"follow","max-snippet":"max-snippet:-1","max-image-preview":"max-image-preview:large","max-video-preview":"max-video-preview:-1"},"canonical":"https:\/\/www.em.com.br\/emfoco\/2025\/12\/16\/chas-que-ajudam-a-reduzir-gases-e-desconforto-depois-das-refeicoes\/","og_locale":"pt_BR","og_type":"article","og_title":"Ch\u00e1s que ajudam a reduzir gases e desconforto depois das refei\u00e7\u00f5es - Estado de Minas - Em foco","og_description":"Alivie gases e estufamento com ch\u00e1s naturais. Descubra como boldo, hortel\u00e3 e gengibre melhoram a digest\u00e3o e aprenda o preparo correto para ter resultado.","og_url":"https:\/\/www.em.com.br\/emfoco\/2025\/12\/16\/chas-que-ajudam-a-reduzir-gases-e-desconforto-depois-das-refeicoes\/","og_site_name":"Estado de Minas - Em foco","article_published_time":"2025-12-16T18:45:25+00:00","article_modified_time":"2025-12-15T19:40:41+00:00","og_image":[{"width":1280,"height":720,"url":"https:\/\/www.em.com.br\/emfoco\/wp-content\/uploads\/2025\/12\/Gemini_Generated_Image_plkkw0plkkw0plkk-1.png","type":"image\/png"}],"author":"Daniely Cardoso","twitter_card":"summary_large_image","twitter_misc":{"Escrito por":"Daniely Cardoso","Est. tempo de leitura":"5 minutos"},"schema":{"@context":"https:\/\/schema.org","@graph":[{"@type":"WebPage","@id":"https:\/\/www.em.com.br\/emfoco\/2025\/12\/16\/chas-que-ajudam-a-reduzir-gases-e-desconforto-depois-das-refeicoes\/","url":"https:\/\/www.em.com.br\/emfoco\/2025\/12\/16\/chas-que-ajudam-a-reduzir-gases-e-desconforto-depois-das-refeicoes\/","name":"Ch\u00e1s que ajudam a reduzir gases e desconforto depois das refei\u00e7\u00f5es - Estado de Minas - Em foco","isPartOf":{"@id":"https:\/\/www.em.com.br\/emfoco\/#website"},"primaryImageOfPage":{"@id":"https:\/\/www.em.com.br\/emfoco\/2025\/12\/16\/chas-que-ajudam-a-reduzir-gases-e-desconforto-depois-das-refeicoes\/#primaryimage"},"image":{"@id":"https:\/\/www.em.com.br\/emfoco\/2025\/12\/16\/chas-que-ajudam-a-reduzir-gases-e-desconforto-depois-das-refeicoes\/#primaryimage"},"thumbnailUrl":"https:\/\/www.em.com.br\/emfoco\/wp-content\/uploads\/2025\/12\/Gemini_Generated_Image_plkkw0plkkw0plkk-1.png","datePublished":"2025-12-16T18:45:25+00:00","dateModified":"2025-12-15T19:40:41+00:00","author":{"@id":"https:\/\/www.em.com.br\/emfoco\/#\/schema\/person\/0a8186d72f2c3a5c6276d90b41f271a0"},"description":"Alivie gases e estufamento com ch\u00e1s naturais. Descubra como boldo, hortel\u00e3 e gengibre melhoram a digest\u00e3o e aprenda o preparo correto para ter resultado.","breadcrumb":{"@id":"https:\/\/www.em.com.br\/emfoco\/2025\/12\/16\/chas-que-ajudam-a-reduzir-gases-e-desconforto-depois-das-refeicoes\/#breadcrumb"},"inLanguage":"pt-BR","potentialAction":[{"@type":"ReadAction","target":["https:\/\/www.em.com.br\/emfoco\/2025\/12\/16\/chas-que-ajudam-a-reduzir-gases-e-desconforto-depois-das-refeicoes\/"]}]},{"@type":"ImageObject","inLanguage":"pt-BR","@id":"https:\/\/www.em.com.br\/emfoco\/2025\/12\/16\/chas-que-ajudam-a-reduzir-gases-e-desconforto-depois-das-refeicoes\/#primaryimage","url":"https:\/\/www.em.com.br\/emfoco\/wp-content\/uploads\/2025\/12\/Gemini_Generated_Image_plkkw0plkkw0plkk-1.png","contentUrl":"https:\/\/www.em.com.br\/emfoco\/wp-content\/uploads\/2025\/12\/Gemini_Generated_Image_plkkw0plkkw0plkk-1.png","width":1280,"height":720,"caption":"Para que o ch\u00e1 digestivo realmente ajude, o modo de preparo faz diferen\u00e7a e pode mudar totalmente o sabor."},{"@type":"BreadcrumbList","@id":"https:\/\/www.em.com.br\/emfoco\/2025\/12\/16\/chas-que-ajudam-a-reduzir-gases-e-desconforto-depois-das-refeicoes\/#breadcrumb","itemListElement":[{"@type":"ListItem","position":1,"name":"In\u00edcio","item":"https:\/\/www.em.com.br\/emfoco\/"},{"@type":"ListItem","position":2,"name":"Ch\u00e1s que ajudam a reduzir gases e desconforto depois das refei\u00e7\u00f5es"}]},{"@type":"WebSite","@id":"https:\/\/www.em.com.br\/emfoco\/#website","url":"https:\/\/www.em.com.br\/emfoco\/","name":"Estado de Minas - Em foco","description":"Acompanhe as \u00faltimas not\u00edcias e fique bem informado sobre tudo o que acontece em Minas Gerais, Brasil e no mundo.","potentialAction":[{"@type":"SearchAction","target":{"@type":"EntryPoint","urlTemplate":"https:\/\/www.em.com.br\/emfoco\/?s={search_term_string}"},"query-input":{"@type":"PropertyValueSpecification","valueRequired":true,"valueName":"search_term_string"}}],"inLanguage":"pt-BR"},{"@type":"Person","@id":"https:\/\/www.em.com.br\/emfoco\/#\/schema\/person\/0a8186d72f2c3a5c6276d90b41f271a0","name":"Daniely Cardoso","image":{"@type":"ImageObject","inLanguage":"pt-BR","@id":"https:\/\/www.em.com.br\/emfoco\/#\/schema\/person\/image\/","url":"https:\/\/secure.gravatar.com\/avatar\/4b80ddbd124d1f071b626d52d62e5dff?s=96&d=mm&r=g","contentUrl":"https:\/\/secure.gravatar.com\/avatar\/4b80ddbd124d1f071b626d52d62e5dff?s=96&d=mm&r=g","caption":"Daniely Cardoso"},"url":"https:\/\/www.em.com.br\/emfoco\/author\/danielymyth\/"}]}},"_links":{"self":[{"href":"https:\/\/www.em.com.br\/emfoco\/wp-json\/wp\/v2\/posts\/140549","targetHints":{"allow":["GET"]}}],"collection":[{"href":"https:\/\/www.em.com.br\/emfoco\/wp-json\/wp\/v2\/posts"}],"about":[{"href":"https:\/\/www.em.com.br\/emfoco\/wp-json\/wp\/v2\/types\/post"}],"author":[{"embeddable":true,"href":"https:\/\/www.em.com.br\/emfoco\/wp-json\/wp\/v2\/users\/9"}],"replies":[{"embeddable":true,"href":"https:\/\/www.em.com.br\/emfoco\/wp-json\/wp\/v2\/comments?post=140549"}],"version-history":[{"count":5,"href":"https:\/\/www.em.com.br\/emfoco\/wp-json\/wp\/v2\/posts\/140549\/revisions"}],"predecessor-version":[{"id":140837,"href":"https:\/\/www.em.com.br\/emfoco\/wp-json\/wp\/v2\/posts\/140549\/revisions\/140837"}],"wp:featuredmedia":[{"embeddable":true,"href":"https:\/\/www.em.com.br\/emfoco\/wp-json\/wp\/v2\/media\/140826"}],"wp:attachment":[{"href":"https:\/\/www.em.com.br\/emfoco\/wp-json\/wp\/v2\/media?parent=140549"}],"wp:term":[{"taxonomy":"category","embeddable":true,"href":"https:\/\/www.em.com.br\/emfoco\/wp-json\/wp\/v2\/categories?post=140549"},{"taxonomy":"post_tag","embeddable":true,"href":"https:\/\/www.em.com.br\/emfoco\/wp-json\/wp\/v2\/tags?post=140549"}],"curies":[{"name":"wp","href":"https:\/\/api.w.org\/{rel}","templated":true}]}}