{"id":140399,"date":"2025-12-14T11:00:00","date_gmt":"2025-12-14T14:00:00","guid":{"rendered":"https:\/\/www.em.com.br\/emfoco\/?p=140399"},"modified":"2025-12-14T01:04:39","modified_gmt":"2025-12-14T04:04:39","slug":"google-confirma-mudanca-no-gmail-e-milhoes-podem-perder-acesso-a-e-mails-em-2026","status":"publish","type":"post","link":"https:\/\/www.em.com.br\/emfoco\/2025\/12\/14\/google-confirma-mudanca-no-gmail-e-milhoes-podem-perder-acesso-a-e-mails-em-2026\/","title":{"rendered":"Google confirma mudan\u00e7a no Gmail e milh\u00f5es podem perder acesso a e-mails em 2026"},"content":{"rendered":"\n<p>A partir de 2026, o <strong>Gmail <\/strong>vai mudar de forma significativa a forma como lida com contas de e-mail externas, encerrando recursos usados para centralizar v\u00e1rias caixas em um \u00fanico endere\u00e7o e obrigando milh\u00f5es de pessoas a rever como organizam e acessam suas mensagens no dia a dia.<\/p>\n\n\n\n<h2 class=\"wp-block-heading\">O que realmente muda no Gmail a partir de 2026<\/h2>\n\n\n\n<p>A principal mudan\u00e7a \u00e9 o fim do suporte ao&nbsp;<strong>Gmailify<\/strong>&nbsp;e ao protocolo&nbsp;<strong>POP3<\/strong>&nbsp;para contas externas. O Gmailify permitia vincular e-mails de outros provedores e aplicar recursos extras, como filtros de spam mais inteligentes, categorias autom\u00e1ticas e pesquisa avan\u00e7ada.<\/p>\n\n\n\n<p>J\u00e1 o POP3 era o protocolo usado para o Gmail baixar periodicamente mensagens de outros servidores e exibi-las na caixa de entrada principal. Com a desativa\u00e7\u00e3o, servi\u00e7os como Yahoo, Outlook e GMX deixam de ser atualizados automaticamente por esses meios, reduzindo a conveni\u00eancia de usar o Gmail como painel central.<\/p>\n\n\n\n<figure class=\"wp-block-image\"><img decoding=\"async\" src=\"https:\/\/www.em.com.br\/emfoco\/wp-content\/uploads\/2025\/10\/gmail_1759805804422-1024x576.jpg\" alt=\"\"\/><figcaption class=\"wp-element-caption\">Nova decis\u00e3o do Gmail divide utilizadores &#8211; Cr\u00e9ditos: depositphotos.com \/ Primakov<\/figcaption><\/figure>\n\n\n\n<h2 class=\"wp-block-heading\">Quais s\u00e3o as alternativas ao POP3 e ao Gmailify<\/h2>\n\n\n\n<p>O Google recomenda o uso de&nbsp;<strong>IMAP<\/strong>&nbsp;como caminho principal para continuar acessando mensagens de contas externas. O IMAP trabalha com sincroniza\u00e7\u00e3o em tempo real entre servidor e aplicativos de e-mail, mantendo o estado das mensagens igual em todos os dispositivos.<\/p>\n\n\n\n<p>Outra op\u00e7\u00e3o \u00e9 configurar o&nbsp;<strong>encaminhamento autom\u00e1tico<\/strong>&nbsp;no provedor original, redirecionando cada novo e-mail diretamente para o Gmail. Para ajudar na decis\u00e3o entre essas alternativas, vale considerar alguns pontos pr\u00e1ticos:<\/p>\n\n\n\n<ul class=\"wp-block-list\">\n<li>IMAP mant\u00e9m mensagens no servidor e sincroniza altera\u00e7\u00f5es entre dispositivos;<\/li>\n\n\n\n<li>Encaminhamento autom\u00e1tico garante que novos e-mails cheguem ao Gmail sem POP3;<\/li>\n\n\n\n<li>Recursos espec\u00edficos do Gmailify, como categoriza\u00e7\u00e3o autom\u00e1tica por conta externa, deixam de ser aplicados;<\/li>\n\n\n\n<li>Alguns provedores gratuitos podem limitar IMAP ou encaminhamento, exigindo plano pago.<\/li>\n<\/ul>\n\n\n\n<h2 class=\"wp-block-heading\">Como verificar hoje se sua conta usa POP3 ou Gmailify<\/h2>\n\n\n\n<p>Antes de migrar, \u00e9 essencial conferir como suas contas externas est\u00e3o conectadas ao Gmail. Pelo navegador, as configura\u00e7\u00f5es mostram claramente se a integra\u00e7\u00e3o usa POP3 ou algum v\u00ednculo com o Gmailify ainda ativo.<\/p>\n\n\n\n<p>Basta abrir o Gmail, acessar \u201cVer todas as configura\u00e7\u00f5es\u201d, entrar em \u201cContas e importa\u00e7\u00e3o\u201d e checar a se\u00e7\u00e3o \u201cBuscar e-mails de outras contas\u201d. Se houver contas configuradas por POP3, ser\u00e1 preciso planejar a migra\u00e7\u00e3o para IMAP nos apps de e-mail ou para encaminhamento autom\u00e1tico.<\/p>\n\n\n\n<figure class=\"wp-block-image size-large\"><img loading=\"lazy\" decoding=\"async\" width=\"1024\" height=\"576\" src=\"https:\/\/www.em.com.br\/emfoco\/wp-content\/uploads\/2025\/12\/Gemini_Generated_Image_j8l93dj8l93dj8l9-1-1024x576.png\" alt=\"Mudan\u00e7a no Gmail obriga usu\u00e1rios a reorganizar e-mails\" class=\"wp-image-140417\" srcset=\"https:\/\/www.em.com.br\/emfoco\/wp-content\/uploads\/2025\/12\/Gemini_Generated_Image_j8l93dj8l93dj8l9-1-1024x576.png 1024w, https:\/\/www.em.com.br\/emfoco\/wp-content\/uploads\/2025\/12\/Gemini_Generated_Image_j8l93dj8l93dj8l9-1-300x169.png 300w, https:\/\/www.em.com.br\/emfoco\/wp-content\/uploads\/2025\/12\/Gemini_Generated_Image_j8l93dj8l93dj8l9-1-768x432.png 768w, https:\/\/www.em.com.br\/emfoco\/wp-content\/uploads\/2025\/12\/Gemini_Generated_Image_j8l93dj8l93dj8l9-1-750x422.png 750w, https:\/\/www.em.com.br\/emfoco\/wp-content\/uploads\/2025\/12\/Gemini_Generated_Image_j8l93dj8l93dj8l9-1-1140x641.png 1140w, https:\/\/www.em.com.br\/emfoco\/wp-content\/uploads\/2025\/12\/Gemini_Generated_Image_j8l93dj8l93dj8l9-1.png 1280w\" sizes=\"auto, (max-width: 1024px) 100vw, 1024px\" \/><figcaption class=\"wp-element-caption\">Mudan\u00e7a no Gmail obriga usu\u00e1rios a reorganizar e-mails<\/figcaption><\/figure>\n\n\n\n<h2 class=\"wp-block-heading\">Quais impactos pr\u00e1ticos existem para quem centraliza contas no Gmail<\/h2>\n\n\n\n<p>Quem sempre usou o Gmail como centralizador de endere\u00e7os sentir\u00e1 mudan\u00e7as na rotina. Alguns servi\u00e7os, especialmente certos provedores gratuitos europeus, s\u00f3 se integravam por POP3, sem suporte total a IMAP; nesses casos, o encaminhamento autom\u00e1tico pode ser a \u00fanica forma de manter tudo chegando ao Gmail, por\u00e9m sem espelhamento completo de pastas.<\/p>\n\n\n\n<p>As mensagens e contatos j\u00e1 importados at\u00e9 2025 permanecem na conta, acess\u00edveis normalmente e inclu\u00eddos nas buscas. O que acaba \u00e9 a&nbsp;<strong>sincroniza\u00e7\u00e3o cont\u00ednua<\/strong>&nbsp;de novas mensagens via Gmailify e POP3, exigindo novos fluxos de trabalho para manter tudo organizado.<\/p>\n\n\n\n<h2 class=\"wp-block-heading\">Como se preparar agora para n\u00e3o perder acesso \u00e0s suas mensagens<\/h2>\n\n\n\n<p>Para evitar surpresas em 2026, o ideal \u00e9 ajustar desde j\u00e1 suas contas externas, testando IMAP e encaminhamento autom\u00e1tico e revisando quais endere\u00e7os ainda dependem de POP3 ou Gmailify. Isso reduz riscos de falhas, perda de mensagens recentes e correria de \u00faltima hora para manter caixas de entrada cr\u00edticas funcionando.<\/p>\n\n\n\n<p>N\u00e3o espere a desativa\u00e7\u00e3o chegar: acesse hoje suas configura\u00e7\u00f5es, mapeie todas as contas conectadas ao Gmail e defina um plano de migra\u00e7\u00e3o. Antecipar esses passos \u00e9 essencial para garantir que nenhum e-mail importante fique pelo caminho, quando as mudan\u00e7as entrarem em vigor.<\/p>\n","protected":false},"excerpt":{"rendered":"<p>A partir de 2026, o Gmail vai mudar de forma significativa a forma como lida com contas de e-mail externas, encerrando recursos usados para centralizar v\u00e1rias caixas em um \u00fanico endere\u00e7o e obrigando milh\u00f5es de pessoas a rever como organizam e acessam suas mensagens no dia a dia. O que realmente muda no Gmail a [&hellip;]<\/p>\n","protected":false},"author":11,"featured_media":140418,"comment_status":"open","ping_status":"open","sticky":false,"template":"","format":"standard","meta":{"jnews-multi-image_gallery":[],"jnews_single_post":{"format":"standard"},"jnews_primary_category":[],"jnews_social_meta":[],"jnews_override_counter":[],"footnotes":""},"categories":[1,4204],"tags":[20720,5985,5196,20719,4183,20717,20718],"class_list":["post-140399","post","type-post","status-publish","format-standard","has-post-thumbnail","hentry","category-noticias","category-tecnologia","tag-contas-de-e-mail","tag-e-mail","tag-gmail","tag-gmailify","tag-google","tag-mudanca-no-gmail","tag-pop3"],"yoast_head":"<!-- This site is optimized with the Yoast SEO plugin v23.8 - https:\/\/yoast.com\/wordpress\/plugins\/seo\/ -->\n<title>Google confirma mudan\u00e7a no Gmail e milh\u00f5es podem perder acesso a e-mails em 2026 - Estado de Minas - Em foco<\/title>\n<meta name=\"description\" content=\"Mudan\u00e7a no Gmail acaba com a centraliza\u00e7\u00e3o de e-mails externos. Saiba quais alternativas usar antes de 2026.\" \/>\n<meta name=\"robots\" content=\"index, follow, max-snippet:-1, max-image-preview:large, max-video-preview:-1\" \/>\n<link rel=\"canonical\" href=\"https:\/\/www.em.com.br\/emfoco\/2025\/12\/14\/google-confirma-mudanca-no-gmail-e-milhoes-podem-perder-acesso-a-e-mails-em-2026\/\" \/>\n<meta property=\"og:locale\" content=\"pt_BR\" \/>\n<meta property=\"og:type\" content=\"article\" \/>\n<meta property=\"og:title\" content=\"Google confirma mudan\u00e7a no Gmail e milh\u00f5es podem perder acesso a e-mails em 2026 - Estado de Minas - Em foco\" \/>\n<meta property=\"og:description\" content=\"Mudan\u00e7a no Gmail acaba com a centraliza\u00e7\u00e3o de e-mails externos. Saiba quais alternativas usar antes de 2026.\" \/>\n<meta property=\"og:url\" content=\"https:\/\/www.em.com.br\/emfoco\/2025\/12\/14\/google-confirma-mudanca-no-gmail-e-milhoes-podem-perder-acesso-a-e-mails-em-2026\/\" \/>\n<meta property=\"og:site_name\" content=\"Estado de Minas - Em foco\" \/>\n<meta property=\"article:published_time\" content=\"2025-12-14T14:00:00+00:00\" \/>\n<meta property=\"article:modified_time\" content=\"2025-12-14T04:04:39+00:00\" \/>\n<meta property=\"og:image\" content=\"https:\/\/www.em.com.br\/emfoco\/wp-content\/uploads\/2025\/12\/Gemini_Generated_Image_e3v7wse3v7wse3v7-1.png\" \/>\n\t<meta property=\"og:image:width\" content=\"1280\" \/>\n\t<meta property=\"og:image:height\" content=\"720\" \/>\n\t<meta property=\"og:image:type\" content=\"image\/png\" \/>\n<meta name=\"author\" content=\"Andre\u0301 Rangel\u00a0\" \/>\n<meta name=\"twitter:card\" content=\"summary_large_image\" \/>\n<meta name=\"twitter:label1\" content=\"Escrito por\" \/>\n\t<meta name=\"twitter:data1\" content=\"Andre\u0301 Rangel\u00a0\" \/>\n\t<meta name=\"twitter:label2\" content=\"Est. tempo de leitura\" \/>\n\t<meta name=\"twitter:data2\" content=\"4 minutos\" \/>\n<!-- \/ Yoast SEO plugin. -->","yoast_head_json":{"title":"Google confirma mudan\u00e7a no Gmail e milh\u00f5es podem perder acesso a e-mails em 2026 - Estado de Minas - Em foco","description":"Mudan\u00e7a no Gmail acaba com a centraliza\u00e7\u00e3o de e-mails externos. Saiba quais alternativas usar antes de 2026.","robots":{"index":"index","follow":"follow","max-snippet":"max-snippet:-1","max-image-preview":"max-image-preview:large","max-video-preview":"max-video-preview:-1"},"canonical":"https:\/\/www.em.com.br\/emfoco\/2025\/12\/14\/google-confirma-mudanca-no-gmail-e-milhoes-podem-perder-acesso-a-e-mails-em-2026\/","og_locale":"pt_BR","og_type":"article","og_title":"Google confirma mudan\u00e7a no Gmail e milh\u00f5es podem perder acesso a e-mails em 2026 - Estado de Minas - Em foco","og_description":"Mudan\u00e7a no Gmail acaba com a centraliza\u00e7\u00e3o de e-mails externos. Saiba quais alternativas usar antes de 2026.","og_url":"https:\/\/www.em.com.br\/emfoco\/2025\/12\/14\/google-confirma-mudanca-no-gmail-e-milhoes-podem-perder-acesso-a-e-mails-em-2026\/","og_site_name":"Estado de Minas - Em foco","article_published_time":"2025-12-14T14:00:00+00:00","article_modified_time":"2025-12-14T04:04:39+00:00","og_image":[{"width":1280,"height":720,"url":"https:\/\/www.em.com.br\/emfoco\/wp-content\/uploads\/2025\/12\/Gemini_Generated_Image_e3v7wse3v7wse3v7-1.png","type":"image\/png"}],"author":"Andre\u0301 Rangel\u00a0","twitter_card":"summary_large_image","twitter_misc":{"Escrito por":"Andre\u0301 Rangel\u00a0","Est. tempo de leitura":"4 minutos"},"schema":{"@context":"https:\/\/schema.org","@graph":[{"@type":"WebPage","@id":"https:\/\/www.em.com.br\/emfoco\/2025\/12\/14\/google-confirma-mudanca-no-gmail-e-milhoes-podem-perder-acesso-a-e-mails-em-2026\/","url":"https:\/\/www.em.com.br\/emfoco\/2025\/12\/14\/google-confirma-mudanca-no-gmail-e-milhoes-podem-perder-acesso-a-e-mails-em-2026\/","name":"Google confirma mudan\u00e7a no Gmail e milh\u00f5es podem perder acesso a e-mails em 2026 - Estado de Minas - Em foco","isPartOf":{"@id":"https:\/\/www.em.com.br\/emfoco\/#website"},"primaryImageOfPage":{"@id":"https:\/\/www.em.com.br\/emfoco\/2025\/12\/14\/google-confirma-mudanca-no-gmail-e-milhoes-podem-perder-acesso-a-e-mails-em-2026\/#primaryimage"},"image":{"@id":"https:\/\/www.em.com.br\/emfoco\/2025\/12\/14\/google-confirma-mudanca-no-gmail-e-milhoes-podem-perder-acesso-a-e-mails-em-2026\/#primaryimage"},"thumbnailUrl":"https:\/\/www.em.com.br\/emfoco\/wp-content\/uploads\/2025\/12\/Gemini_Generated_Image_e3v7wse3v7wse3v7-1.png","datePublished":"2025-12-14T14:00:00+00:00","dateModified":"2025-12-14T04:04:39+00:00","author":{"@id":"https:\/\/www.em.com.br\/emfoco\/#\/schema\/person\/60eda09c1fedf0d6891f4cef4b60b8b8"},"description":"Mudan\u00e7a no Gmail acaba com a centraliza\u00e7\u00e3o de e-mails externos. Saiba quais alternativas usar antes de 2026.","breadcrumb":{"@id":"https:\/\/www.em.com.br\/emfoco\/2025\/12\/14\/google-confirma-mudanca-no-gmail-e-milhoes-podem-perder-acesso-a-e-mails-em-2026\/#breadcrumb"},"inLanguage":"pt-BR","potentialAction":[{"@type":"ReadAction","target":["https:\/\/www.em.com.br\/emfoco\/2025\/12\/14\/google-confirma-mudanca-no-gmail-e-milhoes-podem-perder-acesso-a-e-mails-em-2026\/"]}]},{"@type":"ImageObject","inLanguage":"pt-BR","@id":"https:\/\/www.em.com.br\/emfoco\/2025\/12\/14\/google-confirma-mudanca-no-gmail-e-milhoes-podem-perder-acesso-a-e-mails-em-2026\/#primaryimage","url":"https:\/\/www.em.com.br\/emfoco\/wp-content\/uploads\/2025\/12\/Gemini_Generated_Image_e3v7wse3v7wse3v7-1.png","contentUrl":"https:\/\/www.em.com.br\/emfoco\/wp-content\/uploads\/2025\/12\/Gemini_Generated_Image_e3v7wse3v7wse3v7-1.png","width":1280,"height":720,"caption":"Mudan\u00e7a no Gmail obriga usu\u00e1rios a reorganizar e-mails"},{"@type":"BreadcrumbList","@id":"https:\/\/www.em.com.br\/emfoco\/2025\/12\/14\/google-confirma-mudanca-no-gmail-e-milhoes-podem-perder-acesso-a-e-mails-em-2026\/#breadcrumb","itemListElement":[{"@type":"ListItem","position":1,"name":"In\u00edcio","item":"https:\/\/www.em.com.br\/emfoco\/"},{"@type":"ListItem","position":2,"name":"Google confirma mudan\u00e7a no Gmail e milh\u00f5es podem perder acesso a e-mails em 2026"}]},{"@type":"WebSite","@id":"https:\/\/www.em.com.br\/emfoco\/#website","url":"https:\/\/www.em.com.br\/emfoco\/","name":"Estado de Minas - Em foco","description":"Acompanhe as \u00faltimas not\u00edcias e fique bem informado sobre tudo o que acontece em Minas Gerais, Brasil e no mundo.","potentialAction":[{"@type":"SearchAction","target":{"@type":"EntryPoint","urlTemplate":"https:\/\/www.em.com.br\/emfoco\/?s={search_term_string}"},"query-input":{"@type":"PropertyValueSpecification","valueRequired":true,"valueName":"search_term_string"}}],"inLanguage":"pt-BR"},{"@type":"Person","@id":"https:\/\/www.em.com.br\/emfoco\/#\/schema\/person\/60eda09c1fedf0d6891f4cef4b60b8b8","name":"Andre\u0301 Rangel\u00a0","image":{"@type":"ImageObject","inLanguage":"pt-BR","@id":"https:\/\/www.em.com.br\/emfoco\/#\/schema\/person\/image\/","url":"https:\/\/secure.gravatar.com\/avatar\/6234dc814c77c8ef6d8bba622c787efc?s=96&d=mm&r=g","contentUrl":"https:\/\/secure.gravatar.com\/avatar\/6234dc814c77c8ef6d8bba622c787efc?s=96&d=mm&r=g","caption":"Andre\u0301 Rangel\u00a0"},"url":"https:\/\/www.em.com.br\/emfoco\/author\/luizmyth\/"}]}},"_links":{"self":[{"href":"https:\/\/www.em.com.br\/emfoco\/wp-json\/wp\/v2\/posts\/140399","targetHints":{"allow":["GET"]}}],"collection":[{"href":"https:\/\/www.em.com.br\/emfoco\/wp-json\/wp\/v2\/posts"}],"about":[{"href":"https:\/\/www.em.com.br\/emfoco\/wp-json\/wp\/v2\/types\/post"}],"author":[{"embeddable":true,"href":"https:\/\/www.em.com.br\/emfoco\/wp-json\/wp\/v2\/users\/11"}],"replies":[{"embeddable":true,"href":"https:\/\/www.em.com.br\/emfoco\/wp-json\/wp\/v2\/comments?post=140399"}],"version-history":[{"count":3,"href":"https:\/\/www.em.com.br\/emfoco\/wp-json\/wp\/v2\/posts\/140399\/revisions"}],"predecessor-version":[{"id":140419,"href":"https:\/\/www.em.com.br\/emfoco\/wp-json\/wp\/v2\/posts\/140399\/revisions\/140419"}],"wp:featuredmedia":[{"embeddable":true,"href":"https:\/\/www.em.com.br\/emfoco\/wp-json\/wp\/v2\/media\/140418"}],"wp:attachment":[{"href":"https:\/\/www.em.com.br\/emfoco\/wp-json\/wp\/v2\/media?parent=140399"}],"wp:term":[{"taxonomy":"category","embeddable":true,"href":"https:\/\/www.em.com.br\/emfoco\/wp-json\/wp\/v2\/categories?post=140399"},{"taxonomy":"post_tag","embeddable":true,"href":"https:\/\/www.em.com.br\/emfoco\/wp-json\/wp\/v2\/tags?post=140399"}],"curies":[{"name":"wp","href":"https:\/\/api.w.org\/{rel}","templated":true}]}}