{"id":140289,"date":"2025-12-15T06:35:00","date_gmt":"2025-12-15T09:35:00","guid":{"rendered":"https:\/\/www.em.com.br\/emfoco\/?p=140289"},"modified":"2025-12-13T14:35:15","modified_gmt":"2025-12-13T17:35:15","slug":"diga-deus-ao-azar-os-5-signos-que-irao-entrar-em-um-ciclo-de-vitorias-em-2026","status":"publish","type":"post","link":"https:\/\/www.em.com.br\/emfoco\/2025\/12\/15\/diga-deus-ao-azar-os-5-signos-que-irao-entrar-em-um-ciclo-de-vitorias-em-2026\/","title":{"rendered":"Diga deus ao azar! Os 5 signos que ir\u00e3o entrar em um ciclo de vit\u00f3rias em 2026"},"content":{"rendered":"\n<p>Quando nada flui, n\u00e3o \u00e9 falta de esfor\u00e7o, mas encerramento de um ciclo. Agora, o cen\u00e1rio muda. <strong>5 signos entram em fase de vit\u00f3rias<\/strong>, com desbloqueios emocionais, decis\u00f5es mais acertadas e oportunidades que surgem no momento certo, marcando um novo cap\u00edtulo.<\/p>\n\n\n\n<h2 class=\"wp-block-heading\">Por que o universo indica o fim de um ciclo dif\u00edcil agora?<\/h2>\n\n\n\n<p>Astrologicamente, este per\u00edodo favorece fechamentos importantes. <strong>O encerramento de ciclos<\/strong> acontece quando aprendizados j\u00e1 foram absorvidos e insistir no mesmo padr\u00e3o gera apenas desgaste. A energia atual impulsiona escolhas mais conscientes e alinhadas.<\/p>\n\n\n\n<p>Isso explica por que situa\u00e7\u00f5es antes travadas come\u00e7am a se resolver quase ao mesmo tempo. N\u00e3o \u00e9 coincid\u00eancia, mas alinhamento entre maturidade emocional e contexto externo, criando avan\u00e7os mais s\u00f3lidos e menos desgastantes.<\/p>\n\n\n\n<figure class=\"wp-block-image size-large\"><img loading=\"lazy\" decoding=\"async\" width=\"1024\" height=\"576\" src=\"https:\/\/www.em.com.br\/emfoco\/wp-content\/uploads\/2025\/12\/Astrologia-signos_1765647218379-1024x576.jpg\" alt=\"Diga deus ao azar! Os 5 signos que ir\u00e3o entrar em um ciclo de vit\u00f3rias em 2026\" class=\"wp-image-140297\" srcset=\"https:\/\/www.em.com.br\/emfoco\/wp-content\/uploads\/2025\/12\/Astrologia-signos_1765647218379-1024x576.jpg 1024w, https:\/\/www.em.com.br\/emfoco\/wp-content\/uploads\/2025\/12\/Astrologia-signos_1765647218379-300x169.jpg 300w, https:\/\/www.em.com.br\/emfoco\/wp-content\/uploads\/2025\/12\/Astrologia-signos_1765647218379-768x432.jpg 768w, https:\/\/www.em.com.br\/emfoco\/wp-content\/uploads\/2025\/12\/Astrologia-signos_1765647218379-750x422.jpg 750w, https:\/\/www.em.com.br\/emfoco\/wp-content\/uploads\/2025\/12\/Astrologia-signos_1765647218379-1140x641.jpg 1140w, https:\/\/www.em.com.br\/emfoco\/wp-content\/uploads\/2025\/12\/Astrologia-signos_1765647218379.jpg 1280w\" sizes=\"auto, (max-width: 1024px) 100vw, 1024px\" \/><figcaption class=\"wp-element-caption\">\u00c1ries encontra sucesso ao agir com mais foco e menos impulsividade &#8211; Cr\u00e9ditos: depositphotos.com \/ AndrewLozovyi<\/figcaption><\/figure>\n\n\n\n<h2 class=\"wp-block-heading\">Quais signos sentem a virada com mais for\u00e7a neste momento?<\/h2>\n\n\n\n<p>Alguns signos entram primeiro nessa nova fase porque enfrentaram <strong><a href=\"https:\/\/diariodocomercio.com.br\/opiniao\/venca-seus-desafios-diariamente\/\" target=\"_blank\" rel=\"noreferrer noopener\">desafios intensos<\/a><\/strong> recentemente. Agora, colhem resultados mais claros, com menos esfor\u00e7o desperdi\u00e7ado e maior retorno pr\u00e1tico. Entre os signos que iniciam essa virada est\u00e3o os seguintes.<\/p>\n\n\n\n<ul class=\"wp-block-list\">\n<li><strong>\u00c1ries<\/strong>: transforma frustra\u00e7\u00f5es em a\u00e7\u00e3o estrat\u00e9gica, conquistando vit\u00f3rias ao agir com mais foco e menos impulsividade<\/li>\n\n\n\n<li><strong>G\u00eameos<\/strong>: sai da confus\u00e3o mental e ganha clareza para decidir, destravando acordos, projetos e negocia\u00e7\u00f5es<\/li>\n\n\n\n<li><strong>Escorpi\u00e3o<\/strong>: encerra perdas emocionais profundas e retoma poder pessoal, usando experi\u00eancias passadas como for\u00e7a<\/li>\n<\/ul>\n\n\n\n<h2 class=\"wp-block-heading\">Como essa fase de vit\u00f3rias se manifesta no dia a dia?<\/h2>\n\n\n\n<p>A mudan\u00e7a n\u00e3o vem como sorte repentina, mas como <strong>fluidez pr\u00e1tica<\/strong>. Decis\u00f5es ficam mais simples, respostas chegam com menos atraso e o desgaste emocional diminui, permitindo avan\u00e7os cont\u00ednuos e mais est\u00e1veis.<\/p>\n\n\n\n<p>No cotidiano, isso se traduz em convites inesperados, solu\u00e7\u00f5es que surgem no momento certo, rela\u00e7\u00f5es mais equilibradas e ganhos progressivos. A vit\u00f3ria passa a ser constru\u00edda com const\u00e2ncia, n\u00e3o com esfor\u00e7o excessivo.<\/p>\n\n\n\n<figure class=\"wp-block-image size-large\"><img loading=\"lazy\" decoding=\"async\" width=\"1024\" height=\"576\" src=\"https:\/\/www.em.com.br\/emfoco\/wp-content\/uploads\/2025\/12\/Produtividade_1765647258272-1024x576.jpg\" alt=\"Diga deus ao azar! Os 5 signos que ir\u00e3o entrar em um ciclo de vit\u00f3rias em 2026\" class=\"wp-image-140298\" srcset=\"https:\/\/www.em.com.br\/emfoco\/wp-content\/uploads\/2025\/12\/Produtividade_1765647258272-1024x576.jpg 1024w, https:\/\/www.em.com.br\/emfoco\/wp-content\/uploads\/2025\/12\/Produtividade_1765647258272-300x169.jpg 300w, https:\/\/www.em.com.br\/emfoco\/wp-content\/uploads\/2025\/12\/Produtividade_1765647258272-768x432.jpg 768w, https:\/\/www.em.com.br\/emfoco\/wp-content\/uploads\/2025\/12\/Produtividade_1765647258272-750x422.jpg 750w, https:\/\/www.em.com.br\/emfoco\/wp-content\/uploads\/2025\/12\/Produtividade_1765647258272-1140x641.jpg 1140w, https:\/\/www.em.com.br\/emfoco\/wp-content\/uploads\/2025\/12\/Produtividade_1765647258272.jpg 1280w\" sizes=\"auto, (max-width: 1024px) 100vw, 1024px\" \/><figcaption class=\"wp-element-caption\">A fase de vit\u00f3rias se manifesta atrav\u00e9s de avan\u00e7os cont\u00ednuos e naturais &#8211; Cr\u00e9ditos: depositphotos.com \/ HayDmitriy<\/figcaption><\/figure>\n\n\n\n<p><em>Leia mais: <strong><a href=\"https:\/\/www.em.com.br\/emfoco\/2025\/12\/12\/esses-5-signos-tem-90-de-chance-de-serem-os-novos-milionarios-da-mega-da-virada-2025\/\" target=\"_blank\" rel=\"noreferrer noopener\">Esses 5 signos t\u00eam 90% de chance de serem os novos milion\u00e1rios da Mega da Virada 2025<\/a><\/strong><\/em><\/p>\n\n\n\n<h2 class=\"wp-block-heading\">Quais outros signos entram nessa fase positiva e como aproveitar?<\/h2>\n\n\n\n<p>Al\u00e9m dos primeiros sinais de virada, outros signos tamb\u00e9m entram em um ciclo favor\u00e1vel, mas precisam agir com consci\u00eancia para sustentar as conquistas. Cada um avan\u00e7a de forma diferente, conforme o aprendizado recente, como voc\u00ea v\u00ea a seguir.<\/p>\n\n\n\n<ul class=\"wp-block-list\">\n<li><strong>Sagit\u00e1rio<\/strong>: cresce quando transforma ideias em a\u00e7\u00f5es concretas, assumindo compromissos reais e evitando dispers\u00e3o<\/li>\n\n\n\n<li><strong>Peixes<\/strong>: avan\u00e7a ao impor limites emocionais, fortalecendo decis\u00f5es e deixando de se anular em nome dos outros<\/li>\n\n\n\n<li><strong>Direcionamento essencial<\/strong>: manter escolhas alinhadas ao que traz paz e consist\u00eancia garante vit\u00f3rias duradouras<\/li>\n<\/ul>\n\n\n\n<p>Esses cinco signos deixam para tr\u00e1s um per\u00edodo de derrotas repetidas e entram em uma fase mais pr\u00f3spera e coerente. Quando aprendizado encontra atitude, vencer deixa de ser exce\u00e7\u00e3o e passa a ser consequ\u00eancia natural.<\/p>\n","protected":false},"excerpt":{"rendered":"<p>Quando nada flui, n\u00e3o \u00e9 falta de esfor\u00e7o, mas encerramento de um ciclo. Agora, o cen\u00e1rio muda. 5 signos entram em fase de vit\u00f3rias, com desbloqueios emocionais, decis\u00f5es mais acertadas e oportunidades que surgem no momento certo, marcando um novo cap\u00edtulo. Por que o universo indica o fim de um ciclo dif\u00edcil agora? Astrologicamente, este [&hellip;]<\/p>\n","protected":false},"author":13,"featured_media":140296,"comment_status":"open","ping_status":"open","sticky":false,"template":"","format":"standard","meta":{"jnews-multi-image_gallery":[],"jnews_single_post":{"format":"standard"},"jnews_primary_category":[],"jnews_social_meta":[],"jnews_override_counter":[],"footnotes":""},"categories":[25],"tags":[297,13491,20704,349],"class_list":["post-140289","post","type-post","status-publish","format-standard","has-post-thumbnail","hentry","category-signos","tag-astrologia","tag-azar","tag-recomecos","tag-sorte"],"yoast_head":"<!-- This site is optimized with the Yoast SEO plugin v23.8 - https:\/\/yoast.com\/wordpress\/plugins\/seo\/ -->\n<title>Diga deus ao azar! Os 5 signos que ir\u00e3o entrar em um ciclo de vit\u00f3rias em 2026 - Estado de Minas - Em foco<\/title>\n<meta name=\"description\" content=\"A astrologia revela uma virada poderosa para 5 signos que encerram ciclos dif\u00edceis e entram em uma nova fase de conquistas mais conscientes.\" \/>\n<meta name=\"robots\" content=\"index, follow, max-snippet:-1, max-image-preview:large, max-video-preview:-1\" \/>\n<link rel=\"canonical\" href=\"https:\/\/www.em.com.br\/emfoco\/2025\/12\/15\/diga-deus-ao-azar-os-5-signos-que-irao-entrar-em-um-ciclo-de-vitorias-em-2026\/\" \/>\n<meta property=\"og:locale\" content=\"pt_BR\" \/>\n<meta property=\"og:type\" content=\"article\" \/>\n<meta property=\"og:title\" content=\"Diga deus ao azar! Os 5 signos que ir\u00e3o entrar em um ciclo de vit\u00f3rias em 2026 - Estado de Minas - Em foco\" \/>\n<meta property=\"og:description\" content=\"A astrologia revela uma virada poderosa para 5 signos que encerram ciclos dif\u00edceis e entram em uma nova fase de conquistas mais conscientes.\" \/>\n<meta property=\"og:url\" content=\"https:\/\/www.em.com.br\/emfoco\/2025\/12\/15\/diga-deus-ao-azar-os-5-signos-que-irao-entrar-em-um-ciclo-de-vitorias-em-2026\/\" \/>\n<meta property=\"og:site_name\" content=\"Estado de Minas - Em foco\" \/>\n<meta property=\"article:published_time\" content=\"2025-12-15T09:35:00+00:00\" \/>\n<meta property=\"article:modified_time\" content=\"2025-12-13T17:35:15+00:00\" \/>\n<meta property=\"og:image\" content=\"https:\/\/www.em.com.br\/emfoco\/wp-content\/uploads\/2025\/12\/Astrologia-signos_1765647177258.jpg\" \/>\n\t<meta property=\"og:image:width\" content=\"1280\" \/>\n\t<meta property=\"og:image:height\" content=\"720\" \/>\n\t<meta property=\"og:image:type\" content=\"image\/jpeg\" \/>\n<meta name=\"author\" content=\"Gabriel Martins\" \/>\n<meta name=\"twitter:card\" content=\"summary_large_image\" \/>\n<meta name=\"twitter:label1\" content=\"Escrito por\" \/>\n\t<meta name=\"twitter:data1\" content=\"Gabriel Martins\" \/>\n\t<meta name=\"twitter:label2\" content=\"Est. tempo de leitura\" \/>\n\t<meta name=\"twitter:data2\" content=\"4 minutos\" \/>\n<!-- \/ Yoast SEO plugin. -->","yoast_head_json":{"title":"Diga deus ao azar! Os 5 signos que ir\u00e3o entrar em um ciclo de vit\u00f3rias em 2026 - Estado de Minas - Em foco","description":"A astrologia revela uma virada poderosa para 5 signos que encerram ciclos dif\u00edceis e entram em uma nova fase de conquistas mais conscientes.","robots":{"index":"index","follow":"follow","max-snippet":"max-snippet:-1","max-image-preview":"max-image-preview:large","max-video-preview":"max-video-preview:-1"},"canonical":"https:\/\/www.em.com.br\/emfoco\/2025\/12\/15\/diga-deus-ao-azar-os-5-signos-que-irao-entrar-em-um-ciclo-de-vitorias-em-2026\/","og_locale":"pt_BR","og_type":"article","og_title":"Diga deus ao azar! Os 5 signos que ir\u00e3o entrar em um ciclo de vit\u00f3rias em 2026 - Estado de Minas - Em foco","og_description":"A astrologia revela uma virada poderosa para 5 signos que encerram ciclos dif\u00edceis e entram em uma nova fase de conquistas mais conscientes.","og_url":"https:\/\/www.em.com.br\/emfoco\/2025\/12\/15\/diga-deus-ao-azar-os-5-signos-que-irao-entrar-em-um-ciclo-de-vitorias-em-2026\/","og_site_name":"Estado de Minas - Em foco","article_published_time":"2025-12-15T09:35:00+00:00","article_modified_time":"2025-12-13T17:35:15+00:00","og_image":[{"width":1280,"height":720,"url":"https:\/\/www.em.com.br\/emfoco\/wp-content\/uploads\/2025\/12\/Astrologia-signos_1765647177258.jpg","type":"image\/jpeg"}],"author":"Gabriel Martins","twitter_card":"summary_large_image","twitter_misc":{"Escrito por":"Gabriel Martins","Est. tempo de leitura":"4 minutos"},"schema":{"@context":"https:\/\/schema.org","@graph":[{"@type":"WebPage","@id":"https:\/\/www.em.com.br\/emfoco\/2025\/12\/15\/diga-deus-ao-azar-os-5-signos-que-irao-entrar-em-um-ciclo-de-vitorias-em-2026\/","url":"https:\/\/www.em.com.br\/emfoco\/2025\/12\/15\/diga-deus-ao-azar-os-5-signos-que-irao-entrar-em-um-ciclo-de-vitorias-em-2026\/","name":"Diga deus ao azar! Os 5 signos que ir\u00e3o entrar em um ciclo de vit\u00f3rias em 2026 - Estado de Minas - Em foco","isPartOf":{"@id":"https:\/\/www.em.com.br\/emfoco\/#website"},"primaryImageOfPage":{"@id":"https:\/\/www.em.com.br\/emfoco\/2025\/12\/15\/diga-deus-ao-azar-os-5-signos-que-irao-entrar-em-um-ciclo-de-vitorias-em-2026\/#primaryimage"},"image":{"@id":"https:\/\/www.em.com.br\/emfoco\/2025\/12\/15\/diga-deus-ao-azar-os-5-signos-que-irao-entrar-em-um-ciclo-de-vitorias-em-2026\/#primaryimage"},"thumbnailUrl":"https:\/\/www.em.com.br\/emfoco\/wp-content\/uploads\/2025\/12\/Astrologia-signos_1765647177258.jpg","datePublished":"2025-12-15T09:35:00+00:00","dateModified":"2025-12-13T17:35:15+00:00","author":{"@id":"https:\/\/www.em.com.br\/emfoco\/#\/schema\/person\/1c9ddeab18b98abeffef834667bcf08a"},"description":"A astrologia revela uma virada poderosa para 5 signos que encerram ciclos dif\u00edceis e entram em uma nova fase de conquistas mais conscientes.","breadcrumb":{"@id":"https:\/\/www.em.com.br\/emfoco\/2025\/12\/15\/diga-deus-ao-azar-os-5-signos-que-irao-entrar-em-um-ciclo-de-vitorias-em-2026\/#breadcrumb"},"inLanguage":"pt-BR","potentialAction":[{"@type":"ReadAction","target":["https:\/\/www.em.com.br\/emfoco\/2025\/12\/15\/diga-deus-ao-azar-os-5-signos-que-irao-entrar-em-um-ciclo-de-vitorias-em-2026\/"]}]},{"@type":"ImageObject","inLanguage":"pt-BR","@id":"https:\/\/www.em.com.br\/emfoco\/2025\/12\/15\/diga-deus-ao-azar-os-5-signos-que-irao-entrar-em-um-ciclo-de-vitorias-em-2026\/#primaryimage","url":"https:\/\/www.em.com.br\/emfoco\/wp-content\/uploads\/2025\/12\/Astrologia-signos_1765647177258.jpg","contentUrl":"https:\/\/www.em.com.br\/emfoco\/wp-content\/uploads\/2025\/12\/Astrologia-signos_1765647177258.jpg","width":1280,"height":720,"caption":"O encerramento de ciclos marca o fim de padr\u00f5es desgastantes - Cr\u00e9ditos: depositphotos.com \/ AndrewLozovyi"},{"@type":"BreadcrumbList","@id":"https:\/\/www.em.com.br\/emfoco\/2025\/12\/15\/diga-deus-ao-azar-os-5-signos-que-irao-entrar-em-um-ciclo-de-vitorias-em-2026\/#breadcrumb","itemListElement":[{"@type":"ListItem","position":1,"name":"In\u00edcio","item":"https:\/\/www.em.com.br\/emfoco\/"},{"@type":"ListItem","position":2,"name":"Diga deus ao azar! Os 5 signos que ir\u00e3o entrar em um ciclo de vit\u00f3rias em 2026"}]},{"@type":"WebSite","@id":"https:\/\/www.em.com.br\/emfoco\/#website","url":"https:\/\/www.em.com.br\/emfoco\/","name":"Estado de Minas - Em foco","description":"Acompanhe as \u00faltimas not\u00edcias e fique bem informado sobre tudo o que acontece em Minas Gerais, Brasil e no mundo.","potentialAction":[{"@type":"SearchAction","target":{"@type":"EntryPoint","urlTemplate":"https:\/\/www.em.com.br\/emfoco\/?s={search_term_string}"},"query-input":{"@type":"PropertyValueSpecification","valueRequired":true,"valueName":"search_term_string"}}],"inLanguage":"pt-BR"},{"@type":"Person","@id":"https:\/\/www.em.com.br\/emfoco\/#\/schema\/person\/1c9ddeab18b98abeffef834667bcf08a","name":"Gabriel Martins","image":{"@type":"ImageObject","inLanguage":"pt-BR","@id":"https:\/\/www.em.com.br\/emfoco\/#\/schema\/person\/image\/","url":"https:\/\/secure.gravatar.com\/avatar\/f0f1e2efdfd88f1ad2cb08c5c2731e50?s=96&d=mm&r=g","contentUrl":"https:\/\/secure.gravatar.com\/avatar\/f0f1e2efdfd88f1ad2cb08c5c2731e50?s=96&d=mm&r=g","caption":"Gabriel Martins"},"sameAs":["https:\/\/www.em.com.br\/emfoco\/"],"url":"https:\/\/www.em.com.br\/emfoco\/author\/gabrielmartinsmyth\/"}]}},"_links":{"self":[{"href":"https:\/\/www.em.com.br\/emfoco\/wp-json\/wp\/v2\/posts\/140289","targetHints":{"allow":["GET"]}}],"collection":[{"href":"https:\/\/www.em.com.br\/emfoco\/wp-json\/wp\/v2\/posts"}],"about":[{"href":"https:\/\/www.em.com.br\/emfoco\/wp-json\/wp\/v2\/types\/post"}],"author":[{"embeddable":true,"href":"https:\/\/www.em.com.br\/emfoco\/wp-json\/wp\/v2\/users\/13"}],"replies":[{"embeddable":true,"href":"https:\/\/www.em.com.br\/emfoco\/wp-json\/wp\/v2\/comments?post=140289"}],"version-history":[{"count":1,"href":"https:\/\/www.em.com.br\/emfoco\/wp-json\/wp\/v2\/posts\/140289\/revisions"}],"predecessor-version":[{"id":140299,"href":"https:\/\/www.em.com.br\/emfoco\/wp-json\/wp\/v2\/posts\/140289\/revisions\/140299"}],"wp:featuredmedia":[{"embeddable":true,"href":"https:\/\/www.em.com.br\/emfoco\/wp-json\/wp\/v2\/media\/140296"}],"wp:attachment":[{"href":"https:\/\/www.em.com.br\/emfoco\/wp-json\/wp\/v2\/media?parent=140289"}],"wp:term":[{"taxonomy":"category","embeddable":true,"href":"https:\/\/www.em.com.br\/emfoco\/wp-json\/wp\/v2\/categories?post=140289"},{"taxonomy":"post_tag","embeddable":true,"href":"https:\/\/www.em.com.br\/emfoco\/wp-json\/wp\/v2\/tags?post=140289"}],"curies":[{"name":"wp","href":"https:\/\/api.w.org\/{rel}","templated":true}]}}