{"id":140266,"date":"2025-12-15T11:35:00","date_gmt":"2025-12-15T14:35:00","guid":{"rendered":"https:\/\/www.em.com.br\/emfoco\/?p=140266"},"modified":"2025-12-13T14:03:10","modified_gmt":"2025-12-13T17:03:10","slug":"o-alimento-poderoso-e-esquecido-que-esta-ajudando-milhoes-a-combater-a-anemia-e-melhorar-a-saude-mental","status":"publish","type":"post","link":"https:\/\/www.em.com.br\/emfoco\/2025\/12\/15\/o-alimento-poderoso-e-esquecido-que-esta-ajudando-milhoes-a-combater-a-anemia-e-melhorar-a-saude-mental\/","title":{"rendered":"O alimento poderoso e esquecido que est\u00e1 ajudando milh\u00f5es a combater a anemia e melhorar a sa\u00fade mental"},"content":{"rendered":"\n<p>Pequenos no tamanho, mas grandes no valor nutricional, os ovos de codorna ganham espa\u00e7o em dietas equilibradas. <strong>Ovos de codorna<\/strong> concentram ferro, vitamina B12 e prote\u00ednas de alta qualidade, sendo uma op\u00e7\u00e3o pr\u00e1tica para quem busca mais nutrientes no dia a dia.<\/p>\n\n\n\n<h2 class=\"wp-block-heading\">Por que os ovos de codorna s\u00e3o considerados t\u00e3o nutritivos?<\/h2>\n\n\n\n<p>Apesar de menores que os ovos de galinha, eles apresentam alta densidade nutricional. <strong>Prote\u00ednas de alto valor biol\u00f3gico<\/strong> garantem todos os amino\u00e1cidos essenciais, com boa digestibilidade, contribuindo para manuten\u00e7\u00e3o da massa magra e suporte \u00e0s fun\u00e7\u00f5es b\u00e1sicas do organismo.<\/p>\n\n\n\n<p>Al\u00e9m disso, os ovos de codorna possuem quase aus\u00eancia de carboidratos e uma gema mais vibrante, reflexo da concentra\u00e7\u00e3o de vitaminas e minerais. Essa combina\u00e7\u00e3o faz com que entreguem mais energia e nutrientes em por\u00e7\u00f5es reduzidas.<\/p>\n\n\n\n<figure class=\"wp-block-image size-large\"><img loading=\"lazy\" decoding=\"async\" width=\"1024\" height=\"576\" src=\"https:\/\/www.em.com.br\/emfoco\/wp-content\/uploads\/2025\/12\/Ovo-de-codorna_1765645028436-1024x576.jpg\" alt=\"O alimento poderoso e esquecido que est\u00e1 ajudando milh\u00f5es a combater a anemia e melhorar a sa\u00fade mental\" class=\"wp-image-140273\" srcset=\"https:\/\/www.em.com.br\/emfoco\/wp-content\/uploads\/2025\/12\/Ovo-de-codorna_1765645028436-1024x576.jpg 1024w, https:\/\/www.em.com.br\/emfoco\/wp-content\/uploads\/2025\/12\/Ovo-de-codorna_1765645028436-300x169.jpg 300w, https:\/\/www.em.com.br\/emfoco\/wp-content\/uploads\/2025\/12\/Ovo-de-codorna_1765645028436-768x432.jpg 768w, https:\/\/www.em.com.br\/emfoco\/wp-content\/uploads\/2025\/12\/Ovo-de-codorna_1765645028436-750x422.jpg 750w, https:\/\/www.em.com.br\/emfoco\/wp-content\/uploads\/2025\/12\/Ovo-de-codorna_1765645028436-1140x641.jpg 1140w, https:\/\/www.em.com.br\/emfoco\/wp-content\/uploads\/2025\/12\/Ovo-de-codorna_1765645028436.jpg 1280w\" sizes=\"auto, (max-width: 1024px) 100vw, 1024px\" \/><figcaption class=\"wp-element-caption\">Alta densidade nutricional garante prote\u00ednas completas e f\u00e1cil digest\u00e3o &#8211; Cr\u00e9ditos: depositphotos.com \/ KostyaKlimenko<\/figcaption><\/figure>\n\n\n\n<h2 class=\"wp-block-heading\">Quais nutrientes se destacam nos ovos de codorna?<\/h2>\n\n\n\n<p>A composi\u00e7\u00e3o dos ovos de codorna re\u00fane micronutrientes importantes para prevenir defici\u00eancias nutricionais e apoiar fun\u00e7\u00f5es vitais. Eles podem ser inclu\u00eddos com frequ\u00eancia em refei\u00e7\u00f5es variadas, trazendo benef\u00edcios claros para diferentes sistemas do corpo. Entre os principais nutrientes, destacam-se os seguintes.<\/p>\n\n\n\n<ul class=\"wp-block-list\">\n<li><strong>Ferro<\/strong>: mineral essencial para a forma\u00e7\u00e3o de hemoglobina e preven\u00e7\u00e3o da anemia<\/li>\n\n\n\n<li><strong>Vitamina B12<\/strong>: nutriente fundamental para sa\u00fade neurol\u00f3gica e produ\u00e7\u00e3o de c\u00e9lulas sangu\u00edneas<\/li>\n\n\n\n<li><strong>Prote\u00ednas completas<\/strong>: ajudam na preserva\u00e7\u00e3o da massa magra e na recupera\u00e7\u00e3o muscular<\/li>\n<\/ul>\n\n\n\n<p><em>Leia mais: <strong><a href=\"https:\/\/www.em.com.br\/emfoco\/2025\/12\/13\/as-melhores-plantas-para-ter-na-mesa-de-trabalho-e-atrair-prosperidade\/\" target=\"_blank\" rel=\"noreferrer noopener\">As melhores plantas para ter na mesa de trabalho e atrair prosperidade<\/a><\/strong><\/em><\/p>\n\n\n\n<h2 class=\"wp-block-heading\">Como os ovos de codorna ajudam a prevenir a anemia?<\/h2>\n\n\n\n<p>A presen\u00e7a combinada de <strong>ferro e vitamina B12<\/strong> torna os ovos de codorna aliados importantes na preven\u00e7\u00e3o da anemia. Esses nutrientes atuam diretamente na produ\u00e7\u00e3o de gl\u00f3bulos vermelhos e no transporte adequado de oxig\u00eanio pelo corpo.<\/p>\n\n\n\n<p>Por serem facilmente absorvidos, esses compostos ajudam a reduzir sintomas como cansa\u00e7o, fraqueza e dificuldade de concentra\u00e7\u00e3o. O consumo regular, dentro de uma dieta equilibrada, contribui para manter n\u00edveis adequados desses nutrientes.<\/p>\n\n\n\n<p>Separamos um v\u00eddeo do especialista <strong><a href=\"https:\/\/www.tiktok.com\/@dr.edufonseca\" target=\"_blank\" rel=\"noreferrer noopener\">Dr. Eduardo Fonseca<\/a><\/strong> onde \u00e9 passado mais informa\u00e7\u00f5es sobre os incr\u00edveis benef\u00edcios do ovo de codorna.<\/p>\n\n\n\n<blockquote class=\"tiktok-embed\" cite=\"https:\/\/www.tiktok.com\/@dr.edufonseca\/video\/7510620822868856069\" data-video-id=\"7510620822868856069\" style=\"max-width: 605px;min-width: 325px;\" > <section> <a target=\"_blank\" title=\"@dr.edufonseca\" href=\"https:\/\/www.tiktok.com\/@dr.edufonseca?refer=embed\">@dr.edufonseca<\/a> Benef\u00edcios do ovo de codorna  <a title=\"ovo\" target=\"_blank\" href=\"https:\/\/www.tiktok.com\/tag\/ovo?refer=embed\">#ovo<\/a> <a title=\"rem\u00e9diocaseiro\" target=\"_blank\" href=\"https:\/\/www.tiktok.com\/tag\/rem%C3%A9diocaseiro?refer=embed\">#rem\u00e9diocaseiro<\/a> <a title=\"natureza\" target=\"_blank\" href=\"https:\/\/www.tiktok.com\/tag\/natureza?refer=embed\">#natureza<\/a> <a title=\"curapelanatureza\" target=\"_blank\" href=\"https:\/\/www.tiktok.com\/tag\/curapelanatureza?refer=embed\">#curapelanatureza<\/a> <a title=\"tratamentonatural\" target=\"_blank\" href=\"https:\/\/www.tiktok.com\/tag\/tratamentonatural?refer=embed\">#tratamentonatural<\/a> <a title=\"dicasdesaude\" target=\"_blank\" href=\"https:\/\/www.tiktok.com\/tag\/dicasdesaude?refer=embed\">#dicasdesaude<\/a> <a title=\"naturezapoderosa\" target=\"_blank\" href=\"https:\/\/www.tiktok.com\/tag\/naturezapoderosa?refer=embed\">#naturezapoderosa<\/a> <a title=\"codorna\" target=\"_blank\" href=\"https:\/\/www.tiktok.com\/tag\/codorna?refer=embed\">#codorna<\/a> <a title=\"proteina\" target=\"_blank\" href=\"https:\/\/www.tiktok.com\/tag\/proteina?refer=embed\">#proteina<\/a> <a target=\"_blank\" title=\"\u266c som original - Eduardo Fonseca\" href=\"https:\/\/www.tiktok.com\/music\/som-original-7510620817601563398?refer=embed\">\u266c som original &#8211; Eduardo Fonseca<\/a> <\/section> <\/blockquote> <script async src=\"https:\/\/www.tiktok.com\/embed.js\"><\/script>\n\n\n\n<h2 class=\"wp-block-heading\">Quais outros benef\u00edcios o consumo regular pode trazer?<\/h2>\n\n\n\n<p>Al\u00e9m do ferro, os ovos de codorna oferecem vantagens adicionais para o organismo. Seu perfil nutricional favorece fun\u00e7\u00f5es cognitivas, imunol\u00f3gicas e metab\u00f3licas, sendo uma escolha interessante para diferentes fases da vida. Entre os benef\u00edcios extras, vale destacar os pontos a seguir.<\/p>\n\n\n\n<ul class=\"wp-block-list\">\n<li><strong>Sa\u00fade cerebral<\/strong>: presen\u00e7a de colina e vitamina B6 associada \u00e0 mem\u00f3ria e fun\u00e7\u00e3o cognitiva<\/li>\n\n\n\n<li><strong>Imunidade fortalecida<\/strong>: nutrientes como vitamina D e zinco auxiliam as defesas do organismo<\/li>\n\n\n\n<li><strong>Preven\u00e7\u00e3o de defici\u00eancias<\/strong>: alto teor mineral ajuda a suprir car\u00eancias nutricionais comuns<\/li>\n<\/ul>\n\n\n\n<p>Mesmo sendo nutritivos, os ovos de codorna devem fazer parte de uma alimenta\u00e7\u00e3o variada. Equil\u00edbrio, diversidade de alimentos e adequa\u00e7\u00e3o cal\u00f3rica s\u00e3o essenciais para transformar seus benef\u00edcios em sa\u00fade real no dia a dia.<\/p>\n","protected":false},"excerpt":{"rendered":"<p>Pequenos no tamanho, mas grandes no valor nutricional, os ovos de codorna ganham espa\u00e7o em dietas equilibradas. Ovos de codorna concentram ferro, vitamina B12 e prote\u00ednas de alta qualidade, sendo uma op\u00e7\u00e3o pr\u00e1tica para quem busca mais nutrientes no dia a dia. Por que os ovos de codorna s\u00e3o considerados t\u00e3o nutritivos? Apesar de menores [&hellip;]<\/p>\n","protected":false},"author":13,"featured_media":140272,"comment_status":"open","ping_status":"open","sticky":false,"template":"","format":"standard","meta":{"jnews-multi-image_gallery":[],"jnews_single_post":{"format":"standard"},"jnews_primary_category":[],"jnews_social_meta":[],"jnews_override_counter":[],"footnotes":""},"categories":[9053],"tags":[1915,20695,5106,20696],"class_list":["post-140266","post","type-post","status-publish","format-standard","has-post-thumbnail","hentry","category-saude","tag-nutrientes","tag-ovos-de-codorna","tag-proteinas","tag-saude-diaria"],"yoast_head":"<!-- This site is optimized with the Yoast SEO plugin v23.8 - https:\/\/yoast.com\/wordpress\/plugins\/seo\/ -->\n<title>O alimento poderoso e esquecido que est\u00e1 ajudando milh\u00f5es a combater a anemia e melhorar a sa\u00fade mental - Estado de Minas - Em foco<\/title>\n<meta name=\"description\" content=\"Pequeno no tamanho, mas enorme em benef\u00edcios, o ovo de codorna virou xod\u00f3 de quem quer uma alimenta\u00e7\u00e3o mais rica e funcional.\" \/>\n<meta name=\"robots\" content=\"index, follow, max-snippet:-1, max-image-preview:large, max-video-preview:-1\" \/>\n<link rel=\"canonical\" href=\"https:\/\/www.em.com.br\/emfoco\/2025\/12\/15\/o-alimento-poderoso-e-esquecido-que-esta-ajudando-milhoes-a-combater-a-anemia-e-melhorar-a-saude-mental\/\" \/>\n<meta property=\"og:locale\" content=\"pt_BR\" \/>\n<meta property=\"og:type\" content=\"article\" \/>\n<meta property=\"og:title\" content=\"O alimento poderoso e esquecido que est\u00e1 ajudando milh\u00f5es a combater a anemia e melhorar a sa\u00fade mental - Estado de Minas - Em foco\" \/>\n<meta property=\"og:description\" content=\"Pequeno no tamanho, mas enorme em benef\u00edcios, o ovo de codorna virou xod\u00f3 de quem quer uma alimenta\u00e7\u00e3o mais rica e funcional.\" \/>\n<meta property=\"og:url\" content=\"https:\/\/www.em.com.br\/emfoco\/2025\/12\/15\/o-alimento-poderoso-e-esquecido-que-esta-ajudando-milhoes-a-combater-a-anemia-e-melhorar-a-saude-mental\/\" \/>\n<meta property=\"og:site_name\" content=\"Estado de Minas - Em foco\" \/>\n<meta property=\"article:published_time\" content=\"2025-12-15T14:35:00+00:00\" \/>\n<meta property=\"article:modified_time\" content=\"2025-12-13T17:03:10+00:00\" \/>\n<meta property=\"og:image\" content=\"https:\/\/www.em.com.br\/emfoco\/wp-content\/uploads\/2025\/12\/Ovo-de-codorna_1765645003232.jpg\" \/>\n\t<meta property=\"og:image:width\" content=\"1280\" \/>\n\t<meta property=\"og:image:height\" content=\"720\" \/>\n\t<meta property=\"og:image:type\" content=\"image\/jpeg\" \/>\n<meta name=\"author\" content=\"Gabriel Martins\" \/>\n<meta name=\"twitter:card\" content=\"summary_large_image\" \/>\n<meta name=\"twitter:label1\" content=\"Escrito por\" \/>\n\t<meta name=\"twitter:data1\" content=\"Gabriel Martins\" \/>\n\t<meta name=\"twitter:label2\" content=\"Est. tempo de leitura\" \/>\n\t<meta name=\"twitter:data2\" content=\"3 minutos\" \/>\n<!-- \/ Yoast SEO plugin. -->","yoast_head_json":{"title":"O alimento poderoso e esquecido que est\u00e1 ajudando milh\u00f5es a combater a anemia e melhorar a sa\u00fade mental - Estado de Minas - Em foco","description":"Pequeno no tamanho, mas enorme em benef\u00edcios, o ovo de codorna virou xod\u00f3 de quem quer uma alimenta\u00e7\u00e3o mais rica e funcional.","robots":{"index":"index","follow":"follow","max-snippet":"max-snippet:-1","max-image-preview":"max-image-preview:large","max-video-preview":"max-video-preview:-1"},"canonical":"https:\/\/www.em.com.br\/emfoco\/2025\/12\/15\/o-alimento-poderoso-e-esquecido-que-esta-ajudando-milhoes-a-combater-a-anemia-e-melhorar-a-saude-mental\/","og_locale":"pt_BR","og_type":"article","og_title":"O alimento poderoso e esquecido que est\u00e1 ajudando milh\u00f5es a combater a anemia e melhorar a sa\u00fade mental - Estado de Minas - Em foco","og_description":"Pequeno no tamanho, mas enorme em benef\u00edcios, o ovo de codorna virou xod\u00f3 de quem quer uma alimenta\u00e7\u00e3o mais rica e funcional.","og_url":"https:\/\/www.em.com.br\/emfoco\/2025\/12\/15\/o-alimento-poderoso-e-esquecido-que-esta-ajudando-milhoes-a-combater-a-anemia-e-melhorar-a-saude-mental\/","og_site_name":"Estado de Minas - Em foco","article_published_time":"2025-12-15T14:35:00+00:00","article_modified_time":"2025-12-13T17:03:10+00:00","og_image":[{"width":1280,"height":720,"url":"https:\/\/www.em.com.br\/emfoco\/wp-content\/uploads\/2025\/12\/Ovo-de-codorna_1765645003232.jpg","type":"image\/jpeg"}],"author":"Gabriel Martins","twitter_card":"summary_large_image","twitter_misc":{"Escrito por":"Gabriel Martins","Est. tempo de leitura":"3 minutos"},"schema":{"@context":"https:\/\/schema.org","@graph":[{"@type":"WebPage","@id":"https:\/\/www.em.com.br\/emfoco\/2025\/12\/15\/o-alimento-poderoso-e-esquecido-que-esta-ajudando-milhoes-a-combater-a-anemia-e-melhorar-a-saude-mental\/","url":"https:\/\/www.em.com.br\/emfoco\/2025\/12\/15\/o-alimento-poderoso-e-esquecido-que-esta-ajudando-milhoes-a-combater-a-anemia-e-melhorar-a-saude-mental\/","name":"O alimento poderoso e esquecido que est\u00e1 ajudando milh\u00f5es a combater a anemia e melhorar a sa\u00fade mental - Estado de Minas - Em foco","isPartOf":{"@id":"https:\/\/www.em.com.br\/emfoco\/#website"},"primaryImageOfPage":{"@id":"https:\/\/www.em.com.br\/emfoco\/2025\/12\/15\/o-alimento-poderoso-e-esquecido-que-esta-ajudando-milhoes-a-combater-a-anemia-e-melhorar-a-saude-mental\/#primaryimage"},"image":{"@id":"https:\/\/www.em.com.br\/emfoco\/2025\/12\/15\/o-alimento-poderoso-e-esquecido-que-esta-ajudando-milhoes-a-combater-a-anemia-e-melhorar-a-saude-mental\/#primaryimage"},"thumbnailUrl":"https:\/\/www.em.com.br\/emfoco\/wp-content\/uploads\/2025\/12\/Ovo-de-codorna_1765645003232.jpg","datePublished":"2025-12-15T14:35:00+00:00","dateModified":"2025-12-13T17:03:10+00:00","author":{"@id":"https:\/\/www.em.com.br\/emfoco\/#\/schema\/person\/1c9ddeab18b98abeffef834667bcf08a"},"description":"Pequeno no tamanho, mas enorme em benef\u00edcios, o ovo de codorna virou xod\u00f3 de quem quer uma alimenta\u00e7\u00e3o mais rica e funcional.","breadcrumb":{"@id":"https:\/\/www.em.com.br\/emfoco\/2025\/12\/15\/o-alimento-poderoso-e-esquecido-que-esta-ajudando-milhoes-a-combater-a-anemia-e-melhorar-a-saude-mental\/#breadcrumb"},"inLanguage":"pt-BR","potentialAction":[{"@type":"ReadAction","target":["https:\/\/www.em.com.br\/emfoco\/2025\/12\/15\/o-alimento-poderoso-e-esquecido-que-esta-ajudando-milhoes-a-combater-a-anemia-e-melhorar-a-saude-mental\/"]}]},{"@type":"ImageObject","inLanguage":"pt-BR","@id":"https:\/\/www.em.com.br\/emfoco\/2025\/12\/15\/o-alimento-poderoso-e-esquecido-que-esta-ajudando-milhoes-a-combater-a-anemia-e-melhorar-a-saude-mental\/#primaryimage","url":"https:\/\/www.em.com.br\/emfoco\/wp-content\/uploads\/2025\/12\/Ovo-de-codorna_1765645003232.jpg","contentUrl":"https:\/\/www.em.com.br\/emfoco\/wp-content\/uploads\/2025\/12\/Ovo-de-codorna_1765645003232.jpg","width":1280,"height":720,"caption":"Ovos de codorna concentram nutrientes essenciais em pequenas por\u00e7\u00f5es - Cr\u00e9ditos: depositphotos.com \/ poringdown@gmail.com"},{"@type":"BreadcrumbList","@id":"https:\/\/www.em.com.br\/emfoco\/2025\/12\/15\/o-alimento-poderoso-e-esquecido-que-esta-ajudando-milhoes-a-combater-a-anemia-e-melhorar-a-saude-mental\/#breadcrumb","itemListElement":[{"@type":"ListItem","position":1,"name":"In\u00edcio","item":"https:\/\/www.em.com.br\/emfoco\/"},{"@type":"ListItem","position":2,"name":"O alimento poderoso e esquecido que est\u00e1 ajudando milh\u00f5es a combater a anemia e melhorar a sa\u00fade mental"}]},{"@type":"WebSite","@id":"https:\/\/www.em.com.br\/emfoco\/#website","url":"https:\/\/www.em.com.br\/emfoco\/","name":"Estado de Minas - Em foco","description":"Acompanhe as \u00faltimas not\u00edcias e fique bem informado sobre tudo o que acontece em Minas Gerais, Brasil e no mundo.","potentialAction":[{"@type":"SearchAction","target":{"@type":"EntryPoint","urlTemplate":"https:\/\/www.em.com.br\/emfoco\/?s={search_term_string}"},"query-input":{"@type":"PropertyValueSpecification","valueRequired":true,"valueName":"search_term_string"}}],"inLanguage":"pt-BR"},{"@type":"Person","@id":"https:\/\/www.em.com.br\/emfoco\/#\/schema\/person\/1c9ddeab18b98abeffef834667bcf08a","name":"Gabriel Martins","image":{"@type":"ImageObject","inLanguage":"pt-BR","@id":"https:\/\/www.em.com.br\/emfoco\/#\/schema\/person\/image\/","url":"https:\/\/secure.gravatar.com\/avatar\/f0f1e2efdfd88f1ad2cb08c5c2731e50?s=96&d=mm&r=g","contentUrl":"https:\/\/secure.gravatar.com\/avatar\/f0f1e2efdfd88f1ad2cb08c5c2731e50?s=96&d=mm&r=g","caption":"Gabriel Martins"},"sameAs":["https:\/\/www.em.com.br\/emfoco\/"],"url":"https:\/\/www.em.com.br\/emfoco\/author\/gabrielmartinsmyth\/"}]}},"_links":{"self":[{"href":"https:\/\/www.em.com.br\/emfoco\/wp-json\/wp\/v2\/posts\/140266","targetHints":{"allow":["GET"]}}],"collection":[{"href":"https:\/\/www.em.com.br\/emfoco\/wp-json\/wp\/v2\/posts"}],"about":[{"href":"https:\/\/www.em.com.br\/emfoco\/wp-json\/wp\/v2\/types\/post"}],"author":[{"embeddable":true,"href":"https:\/\/www.em.com.br\/emfoco\/wp-json\/wp\/v2\/users\/13"}],"replies":[{"embeddable":true,"href":"https:\/\/www.em.com.br\/emfoco\/wp-json\/wp\/v2\/comments?post=140266"}],"version-history":[{"count":1,"href":"https:\/\/www.em.com.br\/emfoco\/wp-json\/wp\/v2\/posts\/140266\/revisions"}],"predecessor-version":[{"id":140274,"href":"https:\/\/www.em.com.br\/emfoco\/wp-json\/wp\/v2\/posts\/140266\/revisions\/140274"}],"wp:featuredmedia":[{"embeddable":true,"href":"https:\/\/www.em.com.br\/emfoco\/wp-json\/wp\/v2\/media\/140272"}],"wp:attachment":[{"href":"https:\/\/www.em.com.br\/emfoco\/wp-json\/wp\/v2\/media?parent=140266"}],"wp:term":[{"taxonomy":"category","embeddable":true,"href":"https:\/\/www.em.com.br\/emfoco\/wp-json\/wp\/v2\/categories?post=140266"},{"taxonomy":"post_tag","embeddable":true,"href":"https:\/\/www.em.com.br\/emfoco\/wp-json\/wp\/v2\/tags?post=140266"}],"curies":[{"name":"wp","href":"https:\/\/api.w.org\/{rel}","templated":true}]}}