{"id":140252,"date":"2025-12-14T17:25:00","date_gmt":"2025-12-14T20:25:00","guid":{"rendered":"https:\/\/www.em.com.br\/emfoco\/?p=140252"},"modified":"2025-12-13T14:42:31","modified_gmt":"2025-12-13T17:42:31","slug":"esqueca-o-ventilador-comum-o-climatizador-inteligente-que-derruba-sua-conta-de-luz-e-ainda-deixa-sua-casa-mais-fresca","status":"publish","type":"post","link":"https:\/\/www.em.com.br\/emfoco\/2025\/12\/14\/esqueca-o-ventilador-comum-o-climatizador-inteligente-que-derruba-sua-conta-de-luz-e-ainda-deixa-sua-casa-mais-fresca\/","title":{"rendered":"Esque\u00e7a o ventilador comum, o climatizador inteligente que derruba sua conta de luz e ainda deixa sua casa mais fresca"},"content":{"rendered":"\n<p>A busca por alternativas mais econ\u00f4micas ao ar-condicionado colocou o climatizador de ar inteligente no radar de quem quer refresco sem gastar muito. Como ele combina ventila\u00e7\u00e3o, umidifica\u00e7\u00e3o e automa\u00e7\u00e3o, virou op\u00e7\u00e3o pr\u00e1tica para casas e pequenos escrit\u00f3rios em per\u00edodos de calor intenso.<\/p>\n\n\n\n<h2 class=\"wp-block-heading\">O que \u00e9 um climatizador inteligente de ar<\/h2>\n\n\n<div class=\"wp-block-image\">\n<figure class=\"aligncenter size-large\"><img loading=\"lazy\" decoding=\"async\" width=\"1024\" height=\"576\" src=\"https:\/\/www.em.com.br\/emfoco\/wp-content\/uploads\/2025\/12\/imagem_2025-11-27_001901457-e1765647512429-1024x576.png\" alt=\"\" class=\"wp-image-140302\" srcset=\"https:\/\/www.em.com.br\/emfoco\/wp-content\/uploads\/2025\/12\/imagem_2025-11-27_001901457-e1765647512429-1024x576.png 1024w, https:\/\/www.em.com.br\/emfoco\/wp-content\/uploads\/2025\/12\/imagem_2025-11-27_001901457-e1765647512429-300x169.png 300w, https:\/\/www.em.com.br\/emfoco\/wp-content\/uploads\/2025\/12\/imagem_2025-11-27_001901457-e1765647512429-768x432.png 768w, https:\/\/www.em.com.br\/emfoco\/wp-content\/uploads\/2025\/12\/imagem_2025-11-27_001901457-e1765647512429-750x422.png 750w, https:\/\/www.em.com.br\/emfoco\/wp-content\/uploads\/2025\/12\/imagem_2025-11-27_001901457-e1765647512429-1140x641.png 1140w, https:\/\/www.em.com.br\/emfoco\/wp-content\/uploads\/2025\/12\/imagem_2025-11-27_001901457-e1765647512429.png 1280w\" sizes=\"auto, (max-width: 1024px) 100vw, 1024px\" \/><figcaption class=\"wp-element-caption\">Climatizador inteligente que refresca e economiza energia<\/figcaption><\/figure><\/div>\n\n\n<p>O <a href=\"https:\/\/www.gov.br\/inmetro\/pt-br\/assuntos\/avaliacao-da-conformidade\/programa-brasileiro-de-etiquetagem\/tabelas-de-eficiencia-energetica\/condicionadores-de-ar\" target=\"_blank\" rel=\"noreferrer noopener\">climatizador inteligente<\/a> atua como solu\u00e7\u00e3o intermedi\u00e1ria entre ventilador e ar-condicionado, usando reservat\u00f3rio de \u00e1gua, filtro e circula\u00e7\u00e3o interna para reduzir a sensa\u00e7\u00e3o t\u00e9rmica. A conectividade Wi-Fi e o controle por aplicativo aparecem em v\u00e1rios modelos, facilitando a programa\u00e7\u00e3o e o uso racional ao longo do dia.<\/p>\n\n\n\n<p>Esse tipo de equipamento tamb\u00e9m inclui recursos como modo noturno, timer e avisos de n\u00edvel de \u00e1gua. Quanto maior a automa\u00e7\u00e3o, maior o controle sobre consumo, intensidade e uso em diferentes hor\u00e1rios.<\/p>\n\n\n\n<h2 class=\"wp-block-heading\">Como funciona o climatizador inteligente de ar<\/h2>\n\n\n\n<p>Enquanto o ventilador apenas movimenta o ar, o climatizador passa esse ar por um painel umedecido, reduzindo o calor via resfriamento evaporativo. A efici\u00eancia tende a ser maior em locais quentes e secos, onde o ar absorve mais umidade.<\/p>\n\n\n\n<p>Sensores presentes nos modelos smart ajustam automaticamente a pot\u00eancia conforme a temperatura do ambiente. Isso reduz a necessidade de comandos manuais e evita que o aparelho opere acima do necess\u00e1rio.<\/p>\n\n\n\n<h2 class=\"wp-block-heading\">O climatizador inteligente gasta menos energia que o ventilador?<\/h2>\n\n\n\n<p>A palavra-chave aqui \u00e9 climatizador inteligente, porque ele administra melhor o uso el\u00e9trico. O ventilador comum consome pouco, mas funciona sempre no mesmo ritmo. J\u00e1 o climatizador usa pot\u00eancia um pouco maior, por\u00e9m com ajuste autom\u00e1tico e modos eco que reduzem gasto.<\/p>\n\n\n\n<p>Em uso prolongado, muitos climatizadores registram consumo total pr\u00f3ximo ao de ventiladores, especialmente quando aproveitam sensores e programa\u00e7\u00e3o inteligente.<\/p>\n\n\n\n<ul class=\"wp-block-list\">\n<li>Sensores de temperatura ajustam a ventila\u00e7\u00e3o conforme o calor.<\/li>\n\n\n\n<li>Fun\u00e7\u00e3o eco reduz a pot\u00eancia automaticamente quando o ambiente j\u00e1 est\u00e1 confort\u00e1vel.<\/li>\n\n\n\n<li>Agendamento program\u00e1vel evita desperd\u00edcio ao ligar o aparelho apenas quando necess\u00e1rio.<\/li>\n<\/ul>\n\n\n\n<p>Leia mais: <a href=\"https:\/\/www.em.com.br\/emfoco\/2025\/11\/25\/a-temperatura-ideal-para-programar-o-ar-condicionado-no-verao-sem-gastar-demais\/\" target=\"_blank\" rel=\"noreferrer noopener\">A temperatura ideal para programar o ar condicionado no ver\u00e3o sem gastar demais<\/a><\/p>\n\n\n\n<h2 class=\"wp-block-heading\">Como o climatizador inteligente refresca o ambiente<\/h2>\n\n\n\n<p>O aparelho n\u00e3o resfria como ar-condicionado, mas melhora a sensa\u00e7\u00e3o t\u00e9rmica com umidade controlada e maior circula\u00e7\u00e3o. Esse efeito \u00e9 mais forte em regi\u00f5es secas. As aletas oscilantes direcionam o fluxo de ar, criando sensa\u00e7\u00e3o de frescor mais homog\u00eanea do que a de ventiladores fixos.<\/p>\n\n\n\n<p>Em ambientes pequenos e m\u00e9dios, a combina\u00e7\u00e3o de ventila\u00e7\u00e3o, evapora\u00e7\u00e3o e distribui\u00e7\u00e3o de ar costuma gerar conforto maior que o vento direto de um ventilador tradicional.<\/p>\n\n\n\n<h2 class=\"wp-block-heading\">Quais s\u00e3o as etapas do resfriamento no climatizador inteligente<\/h2>\n\n\n\n<p>O funcionamento interno segue um fluxo simples que melhora o ar sem uso de g\u00e1s refrigerante ou compressores.<\/p>\n\n\n\n<ol class=\"wp-block-list\">\n<li>O ar quente entra no aparelho.<\/li>\n\n\n\n<li>Passa por filtro e painel umedecido.<\/li>\n\n\n\n<li>O ar perde calor no processo de evapora\u00e7\u00e3o.<\/li>\n\n\n\n<li>\u00c9 devolvido mais fresco e \u00famido ao ambiente.<\/li>\n<\/ol>\n\n\n\n<h2 class=\"wp-block-heading\">Comparativo entre ventiladores tradicionais e climatizadores smart<\/h2>\n\n\n\n<p>A escolha entre ventilador e climatizador depende do clima local, tamanho do c\u00f4modo e h\u00e1bitos de uso. Em \u00e1reas \u00famidas, climatizadores refrescam menos, mas continuam \u00fateis para ventila\u00e7\u00e3o e filtragem.<\/p>\n\n\n\n<p>Tabela de custo-benef\u00edcio:<\/p>\n\n\n\n<figure class=\"wp-block-table\"><table class=\"has-fixed-layout\"><thead><tr><th>Recurso \/ Crit\u00e9rio<\/th><th>Ventilador Tradicional<\/th><th>Climatizador Inteligente<\/th><\/tr><\/thead><tbody><tr><td>Consumo de energia<\/td><td>Muito baixo<\/td><td>Baixo a moderado<\/td><\/tr><tr><td>Resfriamento percebido<\/td><td>M\u00e9dio<\/td><td>M\u00e9dio a alto (clima seco)<\/td><\/tr><tr><td>Umidifica\u00e7\u00e3o<\/td><td>N\u00e3o oferece<\/td><td>Sim<\/td><\/tr><tr><td>Filtragem do ar<\/td><td>N\u00e3o<\/td><td>Em alguns modelos<\/td><\/tr><tr><td>Automa\u00e7\u00e3o e Wi-Fi<\/td><td>N\u00e3o<\/td><td>Sim<\/td><\/tr><tr><td>Pre\u00e7o m\u00e9dio (2025)<\/td><td>R$ 80 a R$ 250<\/td><td>R$ 250 a R$ 900<\/td><\/tr><\/tbody><\/table><\/figure>\n\n\n\n<h2 class=\"wp-block-heading\">Pr\u00f3s e contras: ventilador tradicional vs. climatizador inteligente<\/h2>\n\n\n\n<figure class=\"wp-block-table\"><table class=\"has-fixed-layout\"><thead><tr><th>Categoria \/ Aspecto<\/th><th>Ventilador Tradicional<\/th><th>Climatizador Inteligente<\/th><\/tr><\/thead><tbody><tr><td><strong>Pr\u00f3s<\/strong><\/td><td>&#8211; Consumo de energia muito baixo<br>&#8211; Pre\u00e7o acess\u00edvel<br>&#8211; Manuten\u00e7\u00e3o simples<\/td><td>&#8211; Melhora sensa\u00e7\u00e3o t\u00e9rmica em clima seco<br>&#8211; Umidifica o ar<br>&#8211; Pode filtrar o ar (em alguns modelos)<br>&#8211; Automa\u00e7\u00e3o, Wi-Fi e modos eco<\/td><\/tr><tr><td><strong>Contras<\/strong><\/td><td>&#8211; Pouco efetivo em calor extremo<br>&#8211; N\u00e3o umidifica o ar<br>&#8211; Baixa efici\u00eancia em ambientes grandes<\/td><td>&#8211; Desempenho reduzido em locais \u00famidos<br>&#8211; Precisa abastecer reservat\u00f3rio<br>&#8211; Pre\u00e7o mais alto<\/td><\/tr><\/tbody><\/table><\/figure>\n\n\n\n<p>Leia mais: <a href=\"https:\/\/www.em.com.br\/emfoco\/2025\/11\/20\/a-temperatura-perfeita-do-ar-condicionado-existe-e-ela-faz-diferenca-no-seu-bolso\/\" target=\"_blank\" rel=\"noreferrer noopener\">A temperatura perfeita do ar condicionado existe e ela faz diferen\u00e7a no seu bolso<\/a><\/p>\n\n\n\n<h2 class=\"wp-block-heading\">Vale a pena trocar o ventilador comum por um climatizador inteligente?<\/h2>\n\n\n\n<p>A decis\u00e3o depende principalmente do clima e da rotina de uso. Em regi\u00f5es secas ou muito quentes, o climatizador costuma entregar frescor superior ao ventilador e com consumo controlado. Em \u00e1reas \u00famidas, o efeito evaporativo reduz e o ventilador pode atender bem.<\/p>\n\n\n\n<p>Avaliar capacidade do reservat\u00f3rio, n\u00edvel de ru\u00eddo, automa\u00e7\u00e3o e facilidade de limpeza ajuda a identificar o modelo que realmente melhora o conforto t\u00e9rmico do ambiente sem aumentar demais a conta de energia.<\/p>\n","protected":false},"excerpt":{"rendered":"<p>A busca por alternativas mais econ\u00f4micas ao ar-condicionado colocou o climatizador de ar inteligente no radar de quem quer refresco sem gastar muito. Como ele combina ventila\u00e7\u00e3o, umidifica\u00e7\u00e3o e automa\u00e7\u00e3o, virou op\u00e7\u00e3o pr\u00e1tica para casas e pequenos escrit\u00f3rios em per\u00edodos de calor intenso. O que \u00e9 um climatizador inteligente de ar O climatizador inteligente atua [&hellip;]<\/p>\n","protected":false},"author":20,"featured_media":140300,"comment_status":"open","ping_status":"open","sticky":false,"template":"","format":"standard","meta":{"jnews-multi-image_gallery":[],"jnews_single_post":{"format":"standard"},"jnews_primary_category":[],"jnews_social_meta":[],"jnews_override_counter":[],"footnotes":""},"categories":[28,1],"tags":[17815,1018,5619],"class_list":["post-140252","post","type-post","status-publish","format-standard","has-post-thumbnail","hentry","category-economia","category-noticias","tag-climatizador","tag-conta-de-luz","tag-ventilador"],"yoast_head":"<!-- This site is optimized with the Yoast SEO plugin v23.8 - https:\/\/yoast.com\/wordpress\/plugins\/seo\/ -->\n<title>Esque\u00e7a o ventilador comum, o climatizador inteligente que derruba sua conta de luz e ainda deixa sua casa mais fresca - Estado de Minas - Em foco<\/title>\n<meta name=\"description\" content=\"Climatizador inteligente substitui o ventilador comum, reduz a conta de luz e deixa a casa mais fresca com efici\u00eancia e conforto di\u00e1rio.\" \/>\n<meta name=\"robots\" content=\"index, follow, max-snippet:-1, max-image-preview:large, max-video-preview:-1\" \/>\n<link rel=\"canonical\" href=\"https:\/\/www.em.com.br\/emfoco\/2025\/12\/14\/esqueca-o-ventilador-comum-o-climatizador-inteligente-que-derruba-sua-conta-de-luz-e-ainda-deixa-sua-casa-mais-fresca\/\" \/>\n<meta property=\"og:locale\" content=\"pt_BR\" \/>\n<meta property=\"og:type\" content=\"article\" \/>\n<meta property=\"og:title\" content=\"Esque\u00e7a o ventilador comum, o climatizador inteligente que derruba sua conta de luz e ainda deixa sua casa mais fresca - Estado de Minas - Em foco\" \/>\n<meta property=\"og:description\" content=\"Climatizador inteligente substitui o ventilador comum, reduz a conta de luz e deixa a casa mais fresca com efici\u00eancia e conforto di\u00e1rio.\" \/>\n<meta property=\"og:url\" content=\"https:\/\/www.em.com.br\/emfoco\/2025\/12\/14\/esqueca-o-ventilador-comum-o-climatizador-inteligente-que-derruba-sua-conta-de-luz-e-ainda-deixa-sua-casa-mais-fresca\/\" \/>\n<meta property=\"og:site_name\" content=\"Estado de Minas - Em foco\" \/>\n<meta property=\"article:published_time\" content=\"2025-12-14T20:25:00+00:00\" \/>\n<meta property=\"article:modified_time\" content=\"2025-12-13T17:42:31+00:00\" \/>\n<meta property=\"og:image\" content=\"https:\/\/www.em.com.br\/emfoco\/wp-content\/uploads\/2025\/12\/imagem_2025-11-27_001829857-e1765647466353.png\" \/>\n\t<meta property=\"og:image:width\" content=\"1280\" \/>\n\t<meta property=\"og:image:height\" content=\"720\" \/>\n\t<meta property=\"og:image:type\" content=\"image\/png\" \/>\n<meta name=\"author\" content=\"Ingrid Diniz\" \/>\n<meta name=\"twitter:card\" content=\"summary_large_image\" \/>\n<meta name=\"twitter:label1\" content=\"Escrito por\" \/>\n\t<meta name=\"twitter:data1\" content=\"Ingrid Diniz\" \/>\n\t<meta name=\"twitter:label2\" content=\"Est. tempo de leitura\" \/>\n\t<meta name=\"twitter:data2\" content=\"5 minutos\" \/>\n<!-- \/ Yoast SEO plugin. -->","yoast_head_json":{"title":"Esque\u00e7a o ventilador comum, o climatizador inteligente que derruba sua conta de luz e ainda deixa sua casa mais fresca - Estado de Minas - Em foco","description":"Climatizador inteligente substitui o ventilador comum, reduz a conta de luz e deixa a casa mais fresca com efici\u00eancia e conforto di\u00e1rio.","robots":{"index":"index","follow":"follow","max-snippet":"max-snippet:-1","max-image-preview":"max-image-preview:large","max-video-preview":"max-video-preview:-1"},"canonical":"https:\/\/www.em.com.br\/emfoco\/2025\/12\/14\/esqueca-o-ventilador-comum-o-climatizador-inteligente-que-derruba-sua-conta-de-luz-e-ainda-deixa-sua-casa-mais-fresca\/","og_locale":"pt_BR","og_type":"article","og_title":"Esque\u00e7a o ventilador comum, o climatizador inteligente que derruba sua conta de luz e ainda deixa sua casa mais fresca - Estado de Minas - Em foco","og_description":"Climatizador inteligente substitui o ventilador comum, reduz a conta de luz e deixa a casa mais fresca com efici\u00eancia e conforto di\u00e1rio.","og_url":"https:\/\/www.em.com.br\/emfoco\/2025\/12\/14\/esqueca-o-ventilador-comum-o-climatizador-inteligente-que-derruba-sua-conta-de-luz-e-ainda-deixa-sua-casa-mais-fresca\/","og_site_name":"Estado de Minas - Em foco","article_published_time":"2025-12-14T20:25:00+00:00","article_modified_time":"2025-12-13T17:42:31+00:00","og_image":[{"width":1280,"height":720,"url":"https:\/\/www.em.com.br\/emfoco\/wp-content\/uploads\/2025\/12\/imagem_2025-11-27_001829857-e1765647466353.png","type":"image\/png"}],"author":"Ingrid Diniz","twitter_card":"summary_large_image","twitter_misc":{"Escrito por":"Ingrid Diniz","Est. tempo de leitura":"5 minutos"},"schema":{"@context":"https:\/\/schema.org","@graph":[{"@type":"WebPage","@id":"https:\/\/www.em.com.br\/emfoco\/2025\/12\/14\/esqueca-o-ventilador-comum-o-climatizador-inteligente-que-derruba-sua-conta-de-luz-e-ainda-deixa-sua-casa-mais-fresca\/","url":"https:\/\/www.em.com.br\/emfoco\/2025\/12\/14\/esqueca-o-ventilador-comum-o-climatizador-inteligente-que-derruba-sua-conta-de-luz-e-ainda-deixa-sua-casa-mais-fresca\/","name":"Esque\u00e7a o ventilador comum, o climatizador inteligente que derruba sua conta de luz e ainda deixa sua casa mais fresca - Estado de Minas - Em foco","isPartOf":{"@id":"https:\/\/www.em.com.br\/emfoco\/#website"},"primaryImageOfPage":{"@id":"https:\/\/www.em.com.br\/emfoco\/2025\/12\/14\/esqueca-o-ventilador-comum-o-climatizador-inteligente-que-derruba-sua-conta-de-luz-e-ainda-deixa-sua-casa-mais-fresca\/#primaryimage"},"image":{"@id":"https:\/\/www.em.com.br\/emfoco\/2025\/12\/14\/esqueca-o-ventilador-comum-o-climatizador-inteligente-que-derruba-sua-conta-de-luz-e-ainda-deixa-sua-casa-mais-fresca\/#primaryimage"},"thumbnailUrl":"https:\/\/www.em.com.br\/emfoco\/wp-content\/uploads\/2025\/12\/imagem_2025-11-27_001829857-e1765647466353.png","datePublished":"2025-12-14T20:25:00+00:00","dateModified":"2025-12-13T17:42:31+00:00","author":{"@id":"https:\/\/www.em.com.br\/emfoco\/#\/schema\/person\/649e610b4eb8fff87ff394e54fe17b2b"},"description":"Climatizador inteligente substitui o ventilador comum, reduz a conta de luz e deixa a casa mais fresca com efici\u00eancia e conforto di\u00e1rio.","breadcrumb":{"@id":"https:\/\/www.em.com.br\/emfoco\/2025\/12\/14\/esqueca-o-ventilador-comum-o-climatizador-inteligente-que-derruba-sua-conta-de-luz-e-ainda-deixa-sua-casa-mais-fresca\/#breadcrumb"},"inLanguage":"pt-BR","potentialAction":[{"@type":"ReadAction","target":["https:\/\/www.em.com.br\/emfoco\/2025\/12\/14\/esqueca-o-ventilador-comum-o-climatizador-inteligente-que-derruba-sua-conta-de-luz-e-ainda-deixa-sua-casa-mais-fresca\/"]}]},{"@type":"ImageObject","inLanguage":"pt-BR","@id":"https:\/\/www.em.com.br\/emfoco\/2025\/12\/14\/esqueca-o-ventilador-comum-o-climatizador-inteligente-que-derruba-sua-conta-de-luz-e-ainda-deixa-sua-casa-mais-fresca\/#primaryimage","url":"https:\/\/www.em.com.br\/emfoco\/wp-content\/uploads\/2025\/12\/imagem_2025-11-27_001829857-e1765647466353.png","contentUrl":"https:\/\/www.em.com.br\/emfoco\/wp-content\/uploads\/2025\/12\/imagem_2025-11-27_001829857-e1765647466353.png","width":1280,"height":720,"caption":"Ventilador ou ar-condicionado: consumo real"},{"@type":"BreadcrumbList","@id":"https:\/\/www.em.com.br\/emfoco\/2025\/12\/14\/esqueca-o-ventilador-comum-o-climatizador-inteligente-que-derruba-sua-conta-de-luz-e-ainda-deixa-sua-casa-mais-fresca\/#breadcrumb","itemListElement":[{"@type":"ListItem","position":1,"name":"In\u00edcio","item":"https:\/\/www.em.com.br\/emfoco\/"},{"@type":"ListItem","position":2,"name":"Esque\u00e7a o ventilador comum, o climatizador inteligente que derruba sua conta de luz e ainda deixa sua casa mais fresca"}]},{"@type":"WebSite","@id":"https:\/\/www.em.com.br\/emfoco\/#website","url":"https:\/\/www.em.com.br\/emfoco\/","name":"Estado de Minas - Em foco","description":"Acompanhe as \u00faltimas not\u00edcias e fique bem informado sobre tudo o que acontece em Minas Gerais, Brasil e no mundo.","potentialAction":[{"@type":"SearchAction","target":{"@type":"EntryPoint","urlTemplate":"https:\/\/www.em.com.br\/emfoco\/?s={search_term_string}"},"query-input":{"@type":"PropertyValueSpecification","valueRequired":true,"valueName":"search_term_string"}}],"inLanguage":"pt-BR"},{"@type":"Person","@id":"https:\/\/www.em.com.br\/emfoco\/#\/schema\/person\/649e610b4eb8fff87ff394e54fe17b2b","name":"Ingrid Diniz","image":{"@type":"ImageObject","inLanguage":"pt-BR","@id":"https:\/\/www.em.com.br\/emfoco\/#\/schema\/person\/image\/","url":"https:\/\/secure.gravatar.com\/avatar\/a3baa1449ec5c39b4c42babc9d4f3951?s=96&d=mm&r=g","contentUrl":"https:\/\/secure.gravatar.com\/avatar\/a3baa1449ec5c39b4c42babc9d4f3951?s=96&d=mm&r=g","caption":"Ingrid Diniz"},"sameAs":["https:\/\/www.em.com.br\/"],"url":"https:\/\/www.em.com.br\/emfoco\/author\/ingridmyth\/"}]}},"_links":{"self":[{"href":"https:\/\/www.em.com.br\/emfoco\/wp-json\/wp\/v2\/posts\/140252","targetHints":{"allow":["GET"]}}],"collection":[{"href":"https:\/\/www.em.com.br\/emfoco\/wp-json\/wp\/v2\/posts"}],"about":[{"href":"https:\/\/www.em.com.br\/emfoco\/wp-json\/wp\/v2\/types\/post"}],"author":[{"embeddable":true,"href":"https:\/\/www.em.com.br\/emfoco\/wp-json\/wp\/v2\/users\/20"}],"replies":[{"embeddable":true,"href":"https:\/\/www.em.com.br\/emfoco\/wp-json\/wp\/v2\/comments?post=140252"}],"version-history":[{"count":1,"href":"https:\/\/www.em.com.br\/emfoco\/wp-json\/wp\/v2\/posts\/140252\/revisions"}],"predecessor-version":[{"id":140308,"href":"https:\/\/www.em.com.br\/emfoco\/wp-json\/wp\/v2\/posts\/140252\/revisions\/140308"}],"wp:featuredmedia":[{"embeddable":true,"href":"https:\/\/www.em.com.br\/emfoco\/wp-json\/wp\/v2\/media\/140300"}],"wp:attachment":[{"href":"https:\/\/www.em.com.br\/emfoco\/wp-json\/wp\/v2\/media?parent=140252"}],"wp:term":[{"taxonomy":"category","embeddable":true,"href":"https:\/\/www.em.com.br\/emfoco\/wp-json\/wp\/v2\/categories?post=140252"},{"taxonomy":"post_tag","embeddable":true,"href":"https:\/\/www.em.com.br\/emfoco\/wp-json\/wp\/v2\/tags?post=140252"}],"curies":[{"name":"wp","href":"https:\/\/api.w.org\/{rel}","templated":true}]}}