{"id":140247,"date":"2025-12-14T22:05:40","date_gmt":"2025-12-15T01:05:40","guid":{"rendered":"https:\/\/www.em.com.br\/emfoco\/?p=140247"},"modified":"2025-12-13T16:17:33","modified_gmt":"2025-12-13T19:17:33","slug":"conforto-e-estilo-os-sapatos-que-vao-dominar-o-verao-de-2026","status":"publish","type":"post","link":"https:\/\/www.em.com.br\/emfoco\/2025\/12\/14\/conforto-e-estilo-os-sapatos-que-vao-dominar-o-verao-de-2026\/","title":{"rendered":"Conforto e estilo, os sapatos que v\u00e3o dominar o ver\u00e3o de 2026"},"content":{"rendered":"\n<p>Quando os dias ficam mais longos e o calor come\u00e7a a aparecer, muita gente abre o arm\u00e1rio e percebe que \u00e9 nos <strong>sapatos de ver\u00e3o<\/strong> que o look realmente ganha vida. As roupas podem ser simples, como <strong>shorts<\/strong> e regatas ou cal\u00e7as de linho e camisetas b\u00e1sicas, mas s\u00e3o os <strong>cal\u00e7ados<\/strong> que costumam definir o tom do visual. Em 2026, modelos confort\u00e1veis, vers\u00e1teis e com informa\u00e7\u00e3o de moda ganham espa\u00e7o, mostrando que o equil\u00edbrio entre bem-estar e estilo virou prioridade no dia a dia.<\/p>\n\n\n\n<h2 class=\"wp-block-heading\">Quais s\u00e3o os sapatos de ver\u00e3o em alta em 2026<\/h2>\n\n\n\n<p>Na pr\u00e1tica, isso significa que <strong>sand\u00e1lias<\/strong> n\u00e3o s\u00e3o mais a \u00fanica alternativa para enfrentar o <strong>calor<\/strong>. Tamancos modernos, <strong>t\u00eanis<\/strong> coloridos, sapatilhas de tela e sand\u00e1lias de diferentes formatos se revezam em produ\u00e7\u00f5es casuais ou mais arrumadas, deixando at\u00e9 o visual mais simples com cara de produ\u00e7\u00e3o pensada.<\/p>\n\n\n\n<p>Os tamancos tipo <strong>clog<\/strong> aparecem em vers\u00f5es atualizadas, com acabamentos em couro macio, solados mais leves e tons variados, fugindo da apar\u00eancia pesada de outros anos. S\u00e3o modelos que funcionam bem com vestidos fluidos, saias midi e at\u00e9 cal\u00e7as de alfaiataria leve, criando um contraste interessante entre o estilo mais <strong>r\u00fastico<\/strong> e o sofisticado, especialmente para quem busca um visual moderno e ainda assim <strong>confort\u00e1vel<\/strong>.<\/p>\n\n\n\n<iframe loading=\"lazy\" src=\"https:\/\/assets.pinterest.com\/ext\/embed.html?id=633387443707314\" height=\"633\" width=\"345\" frameborder=\"0\" scrolling=\"no\" ><\/iframe>\n\n\n\n<p>Leia tamb\u00e9m:&nbsp;<a href=\"https:\/\/www.em.com.br\/emfoco\/2025\/12\/03\/o-que-significa-amarrar-primeiro-o-cadarco-do-sapato-direito-conforme-a-psicologia\/\" target=\"_blank\" rel=\"noopener\">O que significa amarrar primeiro o cadar\u00e7o do sapato direito, conforme a psicologia<\/a><\/p>\n\n\n\n<h2 class=\"wp-block-heading\">Como usar sapatilhas bailarina e chinelos estilosos no dia a dia<\/h2>\n\n\n\n<p>Outro destaque s\u00e3o as <em>sapatilhas bailarina<\/em>, que voltam com for\u00e7a em tecidos leves, tiras delicadas e, em alguns casos, bicos mais quadrados. Elas se encaixam com facilidade em looks de <strong>trabalho<\/strong>, passeios urbanos e at\u00e9 em produ\u00e7\u00f5es noturnas, quando combinadas com pe\u00e7as de brilho ou alfaiataria estruturada, trazendo um ar rom\u00e2ntico sem perder a <strong>praticidade<\/strong> e garantindo um toque de <strong>eleg\u00e2ncia<\/strong> mesmo em dias muito quentes.<\/p>\n\n\n\n<p>Nesse mesmo movimento, chinelos de <strong>tiras largas<\/strong> e materiais mais nobres deixam de ser exclusivos da praia e passam a circular na cidade como itens de moda. Em cores neutras ou vibrantes, eles entram em cena com vestidos longos, saias midi e conjuntos de linho, atualizando o visual com um toque despojado, mas ainda assim bem <strong>arrumado<\/strong> e em sintonia com um estilo de vida mais <strong>casual<\/strong>.<\/p>\n\n\n\n<iframe loading=\"lazy\" src=\"https:\/\/assets.pinterest.com\/ext\/embed.html?id=305681893474036846\" height=\"714\" width=\"345\" frameborder=\"0\" scrolling=\"no\" ><\/iframe>\n\n\n\n<h2 class=\"wp-block-heading\">Quais sapatos de ver\u00e3o s\u00e3o modelos-chave para o dia a dia<\/h2>\n\n\n\n<p>Entre os modelos considerados indispens\u00e1veis nos <strong>cal\u00e7ados para o ver\u00e3o<\/strong>, as <strong>sand\u00e1lias de corda<\/strong> chamam aten\u00e7\u00e3o por transitar entre o estilo boho e refer\u00eancias esportivas. A constru\u00e7\u00e3o em corda confere um ar artesanal, enquanto solados mais robustos aproximam o visual do universo outdoor, ideal para quem gosta de passear e caminhar sem abrir m\u00e3o de <strong>estilo<\/strong>.<\/p>\n\n\n\n<p>As <strong>sand\u00e1lias de pescador<\/strong> e as sand\u00e1lias de tiras finas ocupam pap\u00e9is diferentes no arm\u00e1rio. As primeiras, com tiras fechadas na frente e solado mais firme, s\u00e3o indicadas para caminhadas em dias quentes e passeios em destinos litor\u00e2neos. J\u00e1 as sand\u00e1lias de tiras delicadas costumam aparecer em ocasi\u00f5es noturnas, acompanhando vestidos fluidos, saias de seda ou cal\u00e7as mais elegantes, especialmente em vers\u00f5es metalizadas ou <strong>coloridas<\/strong>, que ajudam a destacar o <strong>look<\/strong>.<\/p>\n\n\n\n<ul class=\"wp-block-list\">\n<li><strong><a href=\"https:\/\/br.pinterest.com\/search\/pins\/?q=Sand%C3%A1lias%20de%20corda&amp;rs=typed\" target=\"_blank\" rel=\"noreferrer noopener\">Sand\u00e1lias de corda<\/a><\/strong> criam clima artesanal com toque esportivo.<\/li>\n\n\n\n<li><strong>Sand\u00e1lias de pescador<\/strong> s\u00e3o funcionais para andar muito e tomar <strong>sol<\/strong>.<\/li>\n\n\n\n<li><strong>Sand\u00e1lias de tiras<\/strong> s\u00e3o ideais para eventos \u00e0 noite e produ\u00e7\u00f5es mais <strong>arrumadas<\/strong>.<\/li>\n<\/ul>\n\n\n\n<iframe loading=\"lazy\" src=\"https:\/\/assets.pinterest.com\/ext\/embed.html?id=62417144829965282\" height=\"706\" width=\"345\" frameborder=\"0\" scrolling=\"no\" ><\/iframe>\n\n\n\n<h2 class=\"wp-block-heading\">Como adicionar cor e conforto aos sapatos de ver\u00e3o<\/h2>\n\n\n\n<p>A busca por <strong>conforto<\/strong> aparece claramente nas sand\u00e1lias tipo pantufa, com tiras acolchoadas e palmilhas anat\u00f4micas. Esses modelos s\u00e3o pensados para quem passa longos per\u00edodos em p\u00e9 ou prefere cal\u00e7ados que acompanhem tanto a rotina em casa quanto momentos fora, com solados de borracha firme e tiras macias que abra\u00e7am o <strong>p\u00e9<\/strong>, oferecendo sensa\u00e7\u00e3o de bem-estar e <strong>seguran\u00e7a<\/strong> ao caminhar.<\/p>\n\n\n\n<p>No visual, as <strong>sand\u00e1lias coloridas<\/strong> e os t\u00eanis vibrantes ganham espa\u00e7o como ant\u00eddoto para looks b\u00e1sicos. Saltos em tons de verde, azul, rosa ou laranja, al\u00e9m de sand\u00e1lias multicoloridas, transformam combina\u00e7\u00f5es neutras em produ\u00e7\u00f5es mais chamativas, enquanto <strong>t\u00eanis retr\u00f4<\/strong> em cores intensas funcionam bem com jeans, vestidos midi e conjuntos esportivos, dando um toque de <strong>personalidade<\/strong>.<\/p>\n\n\n\n<iframe loading=\"lazy\" src=\"https:\/\/assets.pinterest.com\/ext\/embed.html?id=14144186325793587\" height=\"697\" width=\"345\" frameborder=\"0\" scrolling=\"no\" ><\/iframe>\n\n\n\n\n\n<h2 class=\"wp-block-heading\">Conclus\u00e3o sapatos de ver\u00e3o e como escolher o seu modelo ideal<\/h2>\n\n\n\n<p>No fim, os <strong>sapatos de ver\u00e3o<\/strong> v\u00e3o muito al\u00e9m de apenas suportar o calor: eles ajudam a contar quem voc\u00ea \u00e9, seu ritmo e seu <strong>estilo de vida<\/strong>. Entre clogs modernos, sand\u00e1lias confort\u00e1veis, t\u00eanis vibrantes e sapatilhas leves, o segredo \u00e9 encontrar modelos que unam leveza, funcionalidade e a sua <strong>personalidade<\/strong>.<\/p>\n\n\n\n<p>Ao montar seu guarda-roupa para os dias quentes, observe quais pe\u00e7as voc\u00ea mais usa e escolha <strong>cal\u00e7ados<\/strong> que conversem com elas, garantindo versatilidade e conforto. Se quiser, posso te ajudar a montar uma lista personalizada de <strong>modelos<\/strong> ideais para o seu estilo, rotina e clima da sua cidade: \u00e9 s\u00f3 me contar como voc\u00ea gosta de se vestir e quais s\u00e3o as suas principais <strong>necessidades<\/strong>.<\/p>\n","protected":false},"excerpt":{"rendered":"<p>Quando os dias ficam mais longos e o calor come\u00e7a a aparecer, muita gente abre o arm\u00e1rio e percebe que \u00e9 nos sapatos de ver\u00e3o que o look realmente ganha vida. As roupas podem ser simples, como shorts e regatas ou cal\u00e7as de linho e camisetas b\u00e1sicas, mas s\u00e3o os cal\u00e7ados que costumam definir o [&hellip;]<\/p>\n","protected":false},"author":9,"featured_media":137235,"comment_status":"open","ping_status":"open","sticky":false,"template":"","format":"standard","meta":{"jnews-multi-image_gallery":[],"jnews_single_post":{"format":"standard"},"jnews_primary_category":[],"jnews_social_meta":[],"jnews_override_counter":[],"footnotes":""},"categories":[8691,8819,1],"tags":[782,6142,1827],"class_list":["post-140247","post","type-post","status-publish","format-standard","has-post-thumbnail","hentry","category-bem-estar","category-curiosidades","category-noticias","tag-782","tag-sapatos","tag-verao"],"yoast_head":"<!-- This site is optimized with the Yoast SEO plugin v23.8 - https:\/\/yoast.com\/wordpress\/plugins\/seo\/ -->\n<title>Conforto e estilo, os sapatos que v\u00e3o dominar o ver\u00e3o de 2026 - Estado de Minas - Em foco<\/title>\n<meta name=\"description\" content=\"O ver\u00e3o 2025 prioriza o conforto. Descubra como usar clogs, sapatilhas e chinelos estilosos para compor looks modernos e leves no dia a dia.\" \/>\n<meta name=\"robots\" content=\"index, follow, max-snippet:-1, max-image-preview:large, max-video-preview:-1\" \/>\n<link rel=\"canonical\" href=\"https:\/\/www.em.com.br\/emfoco\/2025\/12\/14\/conforto-e-estilo-os-sapatos-que-vao-dominar-o-verao-de-2026\/\" \/>\n<meta property=\"og:locale\" content=\"pt_BR\" \/>\n<meta property=\"og:type\" content=\"article\" \/>\n<meta property=\"og:title\" content=\"Conforto e estilo, os sapatos que v\u00e3o dominar o ver\u00e3o de 2026 - Estado de Minas - Em foco\" \/>\n<meta property=\"og:description\" content=\"O ver\u00e3o 2025 prioriza o conforto. Descubra como usar clogs, sapatilhas e chinelos estilosos para compor looks modernos e leves no dia a dia.\" \/>\n<meta property=\"og:url\" content=\"https:\/\/www.em.com.br\/emfoco\/2025\/12\/14\/conforto-e-estilo-os-sapatos-que-vao-dominar-o-verao-de-2026\/\" \/>\n<meta property=\"og:site_name\" content=\"Estado de Minas - Em foco\" \/>\n<meta property=\"article:published_time\" content=\"2025-12-15T01:05:40+00:00\" \/>\n<meta property=\"article:modified_time\" content=\"2025-12-13T19:17:33+00:00\" \/>\n<meta property=\"og:image\" content=\"https:\/\/www.em.com.br\/emfoco\/wp-content\/uploads\/2025\/12\/Gemini_Generated_Image_dvshfadvshfadvsh-1.png\" \/>\n\t<meta property=\"og:image:width\" content=\"1280\" \/>\n\t<meta property=\"og:image:height\" content=\"720\" \/>\n\t<meta property=\"og:image:type\" content=\"image\/png\" \/>\n<meta name=\"author\" content=\"Daniely Cardoso\" \/>\n<meta name=\"twitter:card\" content=\"summary_large_image\" \/>\n<meta name=\"twitter:label1\" content=\"Escrito por\" \/>\n\t<meta name=\"twitter:data1\" content=\"Daniely Cardoso\" \/>\n\t<meta name=\"twitter:label2\" content=\"Est. tempo de leitura\" \/>\n\t<meta name=\"twitter:data2\" content=\"5 minutos\" \/>\n<!-- \/ Yoast SEO plugin. -->","yoast_head_json":{"title":"Conforto e estilo, os sapatos que v\u00e3o dominar o ver\u00e3o de 2026 - Estado de Minas - Em foco","description":"O ver\u00e3o 2025 prioriza o conforto. Descubra como usar clogs, sapatilhas e chinelos estilosos para compor looks modernos e leves no dia a dia.","robots":{"index":"index","follow":"follow","max-snippet":"max-snippet:-1","max-image-preview":"max-image-preview:large","max-video-preview":"max-video-preview:-1"},"canonical":"https:\/\/www.em.com.br\/emfoco\/2025\/12\/14\/conforto-e-estilo-os-sapatos-que-vao-dominar-o-verao-de-2026\/","og_locale":"pt_BR","og_type":"article","og_title":"Conforto e estilo, os sapatos que v\u00e3o dominar o ver\u00e3o de 2026 - Estado de Minas - Em foco","og_description":"O ver\u00e3o 2025 prioriza o conforto. Descubra como usar clogs, sapatilhas e chinelos estilosos para compor looks modernos e leves no dia a dia.","og_url":"https:\/\/www.em.com.br\/emfoco\/2025\/12\/14\/conforto-e-estilo-os-sapatos-que-vao-dominar-o-verao-de-2026\/","og_site_name":"Estado de Minas - Em foco","article_published_time":"2025-12-15T01:05:40+00:00","article_modified_time":"2025-12-13T19:17:33+00:00","og_image":[{"width":1280,"height":720,"url":"https:\/\/www.em.com.br\/emfoco\/wp-content\/uploads\/2025\/12\/Gemini_Generated_Image_dvshfadvshfadvsh-1.png","type":"image\/png"}],"author":"Daniely Cardoso","twitter_card":"summary_large_image","twitter_misc":{"Escrito por":"Daniely Cardoso","Est. tempo de leitura":"5 minutos"},"schema":{"@context":"https:\/\/schema.org","@graph":[{"@type":"WebPage","@id":"https:\/\/www.em.com.br\/emfoco\/2025\/12\/14\/conforto-e-estilo-os-sapatos-que-vao-dominar-o-verao-de-2026\/","url":"https:\/\/www.em.com.br\/emfoco\/2025\/12\/14\/conforto-e-estilo-os-sapatos-que-vao-dominar-o-verao-de-2026\/","name":"Conforto e estilo, os sapatos que v\u00e3o dominar o ver\u00e3o de 2026 - Estado de Minas - Em foco","isPartOf":{"@id":"https:\/\/www.em.com.br\/emfoco\/#website"},"primaryImageOfPage":{"@id":"https:\/\/www.em.com.br\/emfoco\/2025\/12\/14\/conforto-e-estilo-os-sapatos-que-vao-dominar-o-verao-de-2026\/#primaryimage"},"image":{"@id":"https:\/\/www.em.com.br\/emfoco\/2025\/12\/14\/conforto-e-estilo-os-sapatos-que-vao-dominar-o-verao-de-2026\/#primaryimage"},"thumbnailUrl":"https:\/\/www.em.com.br\/emfoco\/wp-content\/uploads\/2025\/12\/Gemini_Generated_Image_dvshfadvshfadvsh-1.png","datePublished":"2025-12-15T01:05:40+00:00","dateModified":"2025-12-13T19:17:33+00:00","author":{"@id":"https:\/\/www.em.com.br\/emfoco\/#\/schema\/person\/0a8186d72f2c3a5c6276d90b41f271a0"},"description":"O ver\u00e3o 2025 prioriza o conforto. Descubra como usar clogs, sapatilhas e chinelos estilosos para compor looks modernos e leves no dia a dia.","breadcrumb":{"@id":"https:\/\/www.em.com.br\/emfoco\/2025\/12\/14\/conforto-e-estilo-os-sapatos-que-vao-dominar-o-verao-de-2026\/#breadcrumb"},"inLanguage":"pt-BR","potentialAction":[{"@type":"ReadAction","target":["https:\/\/www.em.com.br\/emfoco\/2025\/12\/14\/conforto-e-estilo-os-sapatos-que-vao-dominar-o-verao-de-2026\/"]}]},{"@type":"ImageObject","inLanguage":"pt-BR","@id":"https:\/\/www.em.com.br\/emfoco\/2025\/12\/14\/conforto-e-estilo-os-sapatos-que-vao-dominar-o-verao-de-2026\/#primaryimage","url":"https:\/\/www.em.com.br\/emfoco\/wp-content\/uploads\/2025\/12\/Gemini_Generated_Image_dvshfadvshfadvsh-1.png","contentUrl":"https:\/\/www.em.com.br\/emfoco\/wp-content\/uploads\/2025\/12\/Gemini_Generated_Image_dvshfadvshfadvsh-1.png","width":1280,"height":720,"caption":"Para que uma sand\u00e1lia seja realmente confort\u00e1vel na virada, alguns fatores t\u00e9cnicos s\u00e3o decisivos"},{"@type":"BreadcrumbList","@id":"https:\/\/www.em.com.br\/emfoco\/2025\/12\/14\/conforto-e-estilo-os-sapatos-que-vao-dominar-o-verao-de-2026\/#breadcrumb","itemListElement":[{"@type":"ListItem","position":1,"name":"In\u00edcio","item":"https:\/\/www.em.com.br\/emfoco\/"},{"@type":"ListItem","position":2,"name":"Conforto e estilo, os sapatos que v\u00e3o dominar o ver\u00e3o de 2026"}]},{"@type":"WebSite","@id":"https:\/\/www.em.com.br\/emfoco\/#website","url":"https:\/\/www.em.com.br\/emfoco\/","name":"Estado de Minas - Em foco","description":"Acompanhe as \u00faltimas not\u00edcias e fique bem informado sobre tudo o que acontece em Minas Gerais, Brasil e no mundo.","potentialAction":[{"@type":"SearchAction","target":{"@type":"EntryPoint","urlTemplate":"https:\/\/www.em.com.br\/emfoco\/?s={search_term_string}"},"query-input":{"@type":"PropertyValueSpecification","valueRequired":true,"valueName":"search_term_string"}}],"inLanguage":"pt-BR"},{"@type":"Person","@id":"https:\/\/www.em.com.br\/emfoco\/#\/schema\/person\/0a8186d72f2c3a5c6276d90b41f271a0","name":"Daniely Cardoso","image":{"@type":"ImageObject","inLanguage":"pt-BR","@id":"https:\/\/www.em.com.br\/emfoco\/#\/schema\/person\/image\/","url":"https:\/\/secure.gravatar.com\/avatar\/4b80ddbd124d1f071b626d52d62e5dff?s=96&d=mm&r=g","contentUrl":"https:\/\/secure.gravatar.com\/avatar\/4b80ddbd124d1f071b626d52d62e5dff?s=96&d=mm&r=g","caption":"Daniely Cardoso"},"url":"https:\/\/www.em.com.br\/emfoco\/author\/danielymyth\/"}]}},"_links":{"self":[{"href":"https:\/\/www.em.com.br\/emfoco\/wp-json\/wp\/v2\/posts\/140247","targetHints":{"allow":["GET"]}}],"collection":[{"href":"https:\/\/www.em.com.br\/emfoco\/wp-json\/wp\/v2\/posts"}],"about":[{"href":"https:\/\/www.em.com.br\/emfoco\/wp-json\/wp\/v2\/types\/post"}],"author":[{"embeddable":true,"href":"https:\/\/www.em.com.br\/emfoco\/wp-json\/wp\/v2\/users\/9"}],"replies":[{"embeddable":true,"href":"https:\/\/www.em.com.br\/emfoco\/wp-json\/wp\/v2\/comments?post=140247"}],"version-history":[{"count":4,"href":"https:\/\/www.em.com.br\/emfoco\/wp-json\/wp\/v2\/posts\/140247\/revisions"}],"predecessor-version":[{"id":140393,"href":"https:\/\/www.em.com.br\/emfoco\/wp-json\/wp\/v2\/posts\/140247\/revisions\/140393"}],"wp:featuredmedia":[{"embeddable":true,"href":"https:\/\/www.em.com.br\/emfoco\/wp-json\/wp\/v2\/media\/137235"}],"wp:attachment":[{"href":"https:\/\/www.em.com.br\/emfoco\/wp-json\/wp\/v2\/media?parent=140247"}],"wp:term":[{"taxonomy":"category","embeddable":true,"href":"https:\/\/www.em.com.br\/emfoco\/wp-json\/wp\/v2\/categories?post=140247"},{"taxonomy":"post_tag","embeddable":true,"href":"https:\/\/www.em.com.br\/emfoco\/wp-json\/wp\/v2\/tags?post=140247"}],"curies":[{"name":"wp","href":"https:\/\/api.w.org\/{rel}","templated":true}]}}