{"id":14024,"date":"2025-02-05T14:20:00","date_gmt":"2025-02-05T17:20:00","guid":{"rendered":"https:\/\/www.em.com.br\/emfoco\/?p=14024"},"modified":"2025-02-01T11:12:14","modified_gmt":"2025-02-01T14:12:14","slug":"por-que-cada-vez-mais-pessoas-escolhem-ouro-preto-como-lar","status":"publish","type":"post","link":"https:\/\/www.em.com.br\/emfoco\/2025\/02\/05\/por-que-cada-vez-mais-pessoas-escolhem-ouro-preto-como-lar\/","title":{"rendered":"Por que cada vez mais pessoas escolhem Ouro Preto como lar?"},"content":{"rendered":"\n<p><strong>Ouro Preto<\/strong>, localizada no estado de <strong>Minas Gerais<\/strong>, \u00e9 uma cidade que combina hist\u00f3ria, cultura e beleza natural. Esse munic\u00edpio mineiro est\u00e1 a aproximadamente 100 km de <strong><a href=\"https:\/\/www.em.com.br\/emfoco\/2025\/01\/13\/procurando-qualidade-de-vida-para-sua-familia-conheca-as-cidades-ideais-para-criancas\/\" target=\"_blank\" rel=\"noreferrer noopener\">Belo Horizonte<\/a><\/strong> e \u00e9 conhecido por suas ruas de pedra e casar\u00f5es coloniais que encantam tanto moradores quanto turistas. Para aqueles que consideram se mudar para a regi\u00e3o, Ouro Preto oferece uma qualidade de vida \u00fanica, al\u00e9m de diversas oportunidades de trabalho e lazer.<\/p>\n\n\n\n<p>A cidade proporciona uma experi\u00eancia de vida enriquecedora, com uma variedade de op\u00e7\u00f5es de moradia que se adaptam a diferentes gostos e or\u00e7amentos. Bairros hist\u00f3ricos, como o <strong>Centro<\/strong>, s\u00e3o ideais para quem valoriza o contato di\u00e1rio com a hist\u00f3ria e cultura locais. No entanto, para quem busca maior tranquilidade e proximidade com a natureza, bairros como <strong>Bauxita<\/strong> e <strong>S\u00e3o Crist\u00f3v\u00e3o<\/strong> oferecem um ambiente mais familiar.<\/p>\n\n\n\n<h2 class=\"wp-block-heading\">Quais s\u00e3o as oportunidades educacionais em Ouro Preto?<\/h2>\n\n\n\n<p>A educa\u00e7\u00e3o em Ouro Preto \u00e9 um dos grandes atrativos da cidade, especialmente devido \u00e0 presen\u00e7a da <strong>Universidade Federal de Ouro Preto<\/strong> (UFOP). Reconhecida por seu prest\u00edgio acad\u00eamico, a UFOP recebe estudantes de todo o Brasil, oferecendo uma ampla gama de cursos e um ambiente prop\u00edcio ao aprendizado e crescimento pessoal.<\/p>\n\n\n\n<p>A possibilidade de viver em rep\u00fablicas estudantis \u00e9 um diferencial que atrai muitos jovens para a cidade. Essa experi\u00eancia proporciona n\u00e3o apenas a desejada independ\u00eancia da vida universit\u00e1ria, mas tamb\u00e9m uma imers\u00e3o cultural e social profunda, ampliando redes de contatos e amizades duradouras.<\/p>\n\n\n\n<figure class=\"wp-block-image size-full\"><img loading=\"lazy\" decoding=\"async\" width=\"1280\" height=\"720\" src=\"https:\/\/www.em.com.br\/emfoco\/wp-content\/uploads\/2025\/02\/esse-2-4.jpg\" alt=\"Por que cada vez mais pessoas escolhem Ouro Preto como lar?\" class=\"wp-image-15845\" srcset=\"https:\/\/www.em.com.br\/emfoco\/wp-content\/uploads\/2025\/02\/esse-2-4.jpg 1280w, https:\/\/www.em.com.br\/emfoco\/wp-content\/uploads\/2025\/02\/esse-2-4-300x169.jpg 300w, https:\/\/www.em.com.br\/emfoco\/wp-content\/uploads\/2025\/02\/esse-2-4-1024x576.jpg 1024w, https:\/\/www.em.com.br\/emfoco\/wp-content\/uploads\/2025\/02\/esse-2-4-768x432.jpg 768w, https:\/\/www.em.com.br\/emfoco\/wp-content\/uploads\/2025\/02\/esse-2-4-750x422.jpg 750w, https:\/\/www.em.com.br\/emfoco\/wp-content\/uploads\/2025\/02\/esse-2-4-1140x641.jpg 1140w\" sizes=\"auto, (max-width: 1280px) 100vw, 1280px\" \/><figcaption class=\"wp-element-caption\">Esta\u00e7\u00e3o ferrovi\u00e1ria em Ouro Preto &#8211; Cr\u00e9ditos: Flickr<\/figcaption><\/figure>\n\n\n\n<h2 class=\"wp-block-heading\">Como \u00e9 o dia a dia em Ouro Preto?<\/h2>\n\n\n\n<p>A qualidade de vida em Ouro Preto \u00e9 destacada pelo clima agrad\u00e1vel e pelas paisagens de tirar o f\u00f4lego. A cidade mant\u00e9m um custo de vida relativamente acess\u00edvel em compara\u00e7\u00e3o com as grandes metr\u00f3poles brasileiras. Gastos com aluguel, transporte e alimenta\u00e7\u00e3o s\u00e3o mais baixos, permitindo que os moradores tenham uma vida confort\u00e1vel sem estourar o or\u00e7amento.<\/p>\n\n\n\n<p>O mercado de trabalho, embora mais restrito do que nos grandes centros, oferece oportunidades em setores como turismo, minera\u00e7\u00e3o e com\u00e9rcio. A seguran\u00e7a na cidade \u00e9 provida por uma <strong>Central de Monitoramento<\/strong>, garantindo tranquilidade para seus habitantes.<\/p>\n\n\n\n<h2 class=\"wp-block-heading\">Qual \u00e9 a import\u00e2ncia da gastronomia local em Ouro Preto?<\/h2>\n\n\n\n<p>A gastronomia mineira \u00e9 um ponto forte de Ouro Preto, onde pratos t\u00edpicos como <strong><a href=\"https:\/\/www.tudogostoso.com.br\/receita\/71014-feijao-tropeiro.html\" target=\"_blank\" rel=\"noreferrer noopener\">feij\u00e3o-tropeiro<\/a><\/strong>, tutu \u00e0 mineira e frango com quiabo s\u00e3o facilmente encontrados. O famoso p\u00e3o de queijo e suas varia\u00e7\u00f5es s\u00e3o irresist\u00edveis para quem aprecia a culin\u00e1ria regional. A cidade tamb\u00e9m conta com locais ic\u00f4nicos, como o <strong>Bar Barroco<\/strong>, renomado por suas deliciosas coxinhas.<\/p>\n\n\n\n<p>Al\u00e9m de del\u00edcias gastron\u00f4micas, o destaque cultural vai para os festivais e eventos que ocorrem ao longo do ano, oferecendo aos moradores e visitantes uma dose de cultura e divers\u00e3o. Essa atmosfera acolhedora refor\u00e7a o esp\u00edrito comunit\u00e1rio e o valor do lazer local.<\/p>\n\n\n\n<h2 class=\"wp-block-heading\">Como a conex\u00e3o \u00e0 internet \u00e9 facilitada em Ouro Preto?<\/h2>\n\n\n\n<p>No cen\u00e1rio atual, uma conex\u00e3o de internet est\u00e1vel e de alta qualidade \u00e9 fundamental, e em Ouro Preto, a <strong>Valenet <\/strong>se destaca como parceira confi\u00e1vel para isso. Com infraestrutura moderna e cobertura via fibra \u00f3ptica, oferece conex\u00f5es r\u00e1pidas e est\u00e1veis aos moradores.<\/p>\n\n\n\n<p>Para estudantes universit\u00e1rios e trabalhadores remotos, a Valenet proporciona a possibilidade de estudos e trabalhos sem interrup\u00e7\u00f5es. O servi\u00e7o de <strong>Wi-Fi Mesh<\/strong> \u00e9 uma solu\u00e7\u00e3o ideal para garantir internet de qualidade em todos os cantos das moradias, incluindo nas rep\u00fablicas estudantis.<\/p>\n","protected":false},"excerpt":{"rendered":"<p>Ouro Preto, localizada no estado de Minas Gerais, \u00e9 uma cidade que combina hist\u00f3ria, cultura e beleza natural. Esse munic\u00edpio mineiro est\u00e1 a aproximadamente 100 km de Belo Horizonte e \u00e9 conhecido por suas ruas de pedra e casar\u00f5es coloniais que encantam tanto moradores quanto turistas. Para aqueles que consideram se mudar para a regi\u00e3o, [&hellip;]<\/p>\n","protected":false},"author":5,"featured_media":15844,"comment_status":"open","ping_status":"open","sticky":false,"template":"","format":"standard","meta":{"jnews-multi-image_gallery":[],"jnews_single_post":{"format":"standard"},"jnews_primary_category":[],"jnews_social_meta":[],"jnews_override_counter":[],"footnotes":""},"categories":[26,1],"tags":[207,419,1192,157],"class_list":["post-14024","post","type-post","status-publish","format-standard","has-post-thumbnail","hentry","category-cidades","category-noticias","tag-minas-gerais","tag-ouro-preto","tag-sudeste","tag-turismo"],"yoast_head":"<!-- This site is optimized with the Yoast SEO plugin v23.8 - https:\/\/yoast.com\/wordpress\/plugins\/seo\/ -->\n<title>Por que cada vez mais pessoas escolhem Ouro Preto como lar? - Estado de Minas - Em foco<\/title>\n<meta name=\"description\" content=\"Saiba por que Ouro Preto \u00e9 ideal para fam\u00edlias e estudantes, com seguran\u00e7a, UFOP e qualidade de vida \u00fanicas.\" \/>\n<meta name=\"robots\" content=\"index, follow, max-snippet:-1, max-image-preview:large, max-video-preview:-1\" \/>\n<link rel=\"canonical\" href=\"https:\/\/www.em.com.br\/emfoco\/2025\/02\/05\/por-que-cada-vez-mais-pessoas-escolhem-ouro-preto-como-lar\/\" \/>\n<meta property=\"og:locale\" content=\"pt_BR\" \/>\n<meta property=\"og:type\" content=\"article\" \/>\n<meta property=\"og:title\" content=\"Por que cada vez mais pessoas escolhem Ouro Preto como lar? - Estado de Minas - Em foco\" \/>\n<meta property=\"og:description\" content=\"Saiba por que Ouro Preto \u00e9 ideal para fam\u00edlias e estudantes, com seguran\u00e7a, UFOP e qualidade de vida \u00fanicas.\" \/>\n<meta property=\"og:url\" content=\"https:\/\/www.em.com.br\/emfoco\/2025\/02\/05\/por-que-cada-vez-mais-pessoas-escolhem-ouro-preto-como-lar\/\" \/>\n<meta property=\"og:site_name\" content=\"Estado de Minas - Em foco\" \/>\n<meta property=\"article:published_time\" content=\"2025-02-05T17:20:00+00:00\" \/>\n<meta property=\"article:modified_time\" content=\"2025-02-01T14:12:14+00:00\" \/>\n<meta property=\"og:image\" content=\"https:\/\/www.em.com.br\/emfoco\/wp-content\/uploads\/2025\/02\/esse-1-20.jpg\" \/>\n\t<meta property=\"og:image:width\" content=\"1280\" \/>\n\t<meta property=\"og:image:height\" content=\"720\" \/>\n\t<meta property=\"og:image:type\" content=\"image\/jpeg\" \/>\n<meta name=\"author\" content=\"N\u00fabia Rangel\" \/>\n<meta name=\"twitter:card\" content=\"summary_large_image\" \/>\n<meta name=\"twitter:label1\" content=\"Escrito por\" \/>\n\t<meta name=\"twitter:data1\" content=\"N\u00fabia Rangel\" \/>\n\t<meta name=\"twitter:label2\" content=\"Est. tempo de leitura\" \/>\n\t<meta name=\"twitter:data2\" content=\"4 minutos\" \/>\n<!-- \/ Yoast SEO plugin. -->","yoast_head_json":{"title":"Por que cada vez mais pessoas escolhem Ouro Preto como lar? - Estado de Minas - Em foco","description":"Saiba por que Ouro Preto \u00e9 ideal para fam\u00edlias e estudantes, com seguran\u00e7a, UFOP e qualidade de vida \u00fanicas.","robots":{"index":"index","follow":"follow","max-snippet":"max-snippet:-1","max-image-preview":"max-image-preview:large","max-video-preview":"max-video-preview:-1"},"canonical":"https:\/\/www.em.com.br\/emfoco\/2025\/02\/05\/por-que-cada-vez-mais-pessoas-escolhem-ouro-preto-como-lar\/","og_locale":"pt_BR","og_type":"article","og_title":"Por que cada vez mais pessoas escolhem Ouro Preto como lar? - Estado de Minas - Em foco","og_description":"Saiba por que Ouro Preto \u00e9 ideal para fam\u00edlias e estudantes, com seguran\u00e7a, UFOP e qualidade de vida \u00fanicas.","og_url":"https:\/\/www.em.com.br\/emfoco\/2025\/02\/05\/por-que-cada-vez-mais-pessoas-escolhem-ouro-preto-como-lar\/","og_site_name":"Estado de Minas - Em foco","article_published_time":"2025-02-05T17:20:00+00:00","article_modified_time":"2025-02-01T14:12:14+00:00","og_image":[{"width":1280,"height":720,"url":"https:\/\/www.em.com.br\/emfoco\/wp-content\/uploads\/2025\/02\/esse-1-20.jpg","type":"image\/jpeg"}],"author":"N\u00fabia Rangel","twitter_card":"summary_large_image","twitter_misc":{"Escrito por":"N\u00fabia Rangel","Est. tempo de leitura":"4 minutos"},"schema":{"@context":"https:\/\/schema.org","@graph":[{"@type":"WebPage","@id":"https:\/\/www.em.com.br\/emfoco\/2025\/02\/05\/por-que-cada-vez-mais-pessoas-escolhem-ouro-preto-como-lar\/","url":"https:\/\/www.em.com.br\/emfoco\/2025\/02\/05\/por-que-cada-vez-mais-pessoas-escolhem-ouro-preto-como-lar\/","name":"Por que cada vez mais pessoas escolhem Ouro Preto como lar? - Estado de Minas - Em foco","isPartOf":{"@id":"https:\/\/www.em.com.br\/emfoco\/#website"},"primaryImageOfPage":{"@id":"https:\/\/www.em.com.br\/emfoco\/2025\/02\/05\/por-que-cada-vez-mais-pessoas-escolhem-ouro-preto-como-lar\/#primaryimage"},"image":{"@id":"https:\/\/www.em.com.br\/emfoco\/2025\/02\/05\/por-que-cada-vez-mais-pessoas-escolhem-ouro-preto-como-lar\/#primaryimage"},"thumbnailUrl":"https:\/\/www.em.com.br\/emfoco\/wp-content\/uploads\/2025\/02\/esse-1-20.jpg","datePublished":"2025-02-05T17:20:00+00:00","dateModified":"2025-02-01T14:12:14+00:00","author":{"@id":"https:\/\/www.em.com.br\/emfoco\/#\/schema\/person\/524437ef54f8a5d32591b143307f2e20"},"description":"Saiba por que Ouro Preto \u00e9 ideal para fam\u00edlias e estudantes, com seguran\u00e7a, UFOP e qualidade de vida \u00fanicas.","breadcrumb":{"@id":"https:\/\/www.em.com.br\/emfoco\/2025\/02\/05\/por-que-cada-vez-mais-pessoas-escolhem-ouro-preto-como-lar\/#breadcrumb"},"inLanguage":"pt-BR","potentialAction":[{"@type":"ReadAction","target":["https:\/\/www.em.com.br\/emfoco\/2025\/02\/05\/por-que-cada-vez-mais-pessoas-escolhem-ouro-preto-como-lar\/"]}]},{"@type":"ImageObject","inLanguage":"pt-BR","@id":"https:\/\/www.em.com.br\/emfoco\/2025\/02\/05\/por-que-cada-vez-mais-pessoas-escolhem-ouro-preto-como-lar\/#primaryimage","url":"https:\/\/www.em.com.br\/emfoco\/wp-content\/uploads\/2025\/02\/esse-1-20.jpg","contentUrl":"https:\/\/www.em.com.br\/emfoco\/wp-content\/uploads\/2025\/02\/esse-1-20.jpg","width":1280,"height":720,"caption":"Ouro Preto - Cr\u00e9ditos: Wikimedia Commons"},{"@type":"BreadcrumbList","@id":"https:\/\/www.em.com.br\/emfoco\/2025\/02\/05\/por-que-cada-vez-mais-pessoas-escolhem-ouro-preto-como-lar\/#breadcrumb","itemListElement":[{"@type":"ListItem","position":1,"name":"In\u00edcio","item":"https:\/\/www.em.com.br\/emfoco\/"},{"@type":"ListItem","position":2,"name":"Por que cada vez mais pessoas escolhem Ouro Preto como lar?"}]},{"@type":"WebSite","@id":"https:\/\/www.em.com.br\/emfoco\/#website","url":"https:\/\/www.em.com.br\/emfoco\/","name":"Estado de Minas - Em foco","description":"Acompanhe as \u00faltimas not\u00edcias e fique bem informado sobre tudo o que acontece em Minas Gerais, Brasil e no mundo.","potentialAction":[{"@type":"SearchAction","target":{"@type":"EntryPoint","urlTemplate":"https:\/\/www.em.com.br\/emfoco\/?s={search_term_string}"},"query-input":{"@type":"PropertyValueSpecification","valueRequired":true,"valueName":"search_term_string"}}],"inLanguage":"pt-BR"},{"@type":"Person","@id":"https:\/\/www.em.com.br\/emfoco\/#\/schema\/person\/524437ef54f8a5d32591b143307f2e20","name":"N\u00fabia Rangel","image":{"@type":"ImageObject","inLanguage":"pt-BR","@id":"https:\/\/www.em.com.br\/emfoco\/#\/schema\/person\/image\/","url":"https:\/\/secure.gravatar.com\/avatar\/47cff2827a5ba23c37e8068c86817ea4?s=96&d=mm&r=g","contentUrl":"https:\/\/secure.gravatar.com\/avatar\/47cff2827a5ba23c37e8068c86817ea4?s=96&d=mm&r=g","caption":"N\u00fabia Rangel"},"sameAs":["https:\/\/www.em.com.br\/emfoco\/"],"url":"https:\/\/www.em.com.br\/emfoco\/author\/nubiamyth\/"}]}},"_links":{"self":[{"href":"https:\/\/www.em.com.br\/emfoco\/wp-json\/wp\/v2\/posts\/14024","targetHints":{"allow":["GET"]}}],"collection":[{"href":"https:\/\/www.em.com.br\/emfoco\/wp-json\/wp\/v2\/posts"}],"about":[{"href":"https:\/\/www.em.com.br\/emfoco\/wp-json\/wp\/v2\/types\/post"}],"author":[{"embeddable":true,"href":"https:\/\/www.em.com.br\/emfoco\/wp-json\/wp\/v2\/users\/5"}],"replies":[{"embeddable":true,"href":"https:\/\/www.em.com.br\/emfoco\/wp-json\/wp\/v2\/comments?post=14024"}],"version-history":[{"count":3,"href":"https:\/\/www.em.com.br\/emfoco\/wp-json\/wp\/v2\/posts\/14024\/revisions"}],"predecessor-version":[{"id":15846,"href":"https:\/\/www.em.com.br\/emfoco\/wp-json\/wp\/v2\/posts\/14024\/revisions\/15846"}],"wp:featuredmedia":[{"embeddable":true,"href":"https:\/\/www.em.com.br\/emfoco\/wp-json\/wp\/v2\/media\/15844"}],"wp:attachment":[{"href":"https:\/\/www.em.com.br\/emfoco\/wp-json\/wp\/v2\/media?parent=14024"}],"wp:term":[{"taxonomy":"category","embeddable":true,"href":"https:\/\/www.em.com.br\/emfoco\/wp-json\/wp\/v2\/categories?post=14024"},{"taxonomy":"post_tag","embeddable":true,"href":"https:\/\/www.em.com.br\/emfoco\/wp-json\/wp\/v2\/tags?post=14024"}],"curies":[{"name":"wp","href":"https:\/\/api.w.org\/{rel}","templated":true}]}}