{"id":140181,"date":"2025-12-14T12:25:00","date_gmt":"2025-12-14T15:25:00","guid":{"rendered":"https:\/\/www.em.com.br\/emfoco\/?p=140181"},"modified":"2025-12-13T17:57:19","modified_gmt":"2025-12-13T20:57:19","slug":"datas-do-bolsa-familia-sao-definidas-pelo-nis-e-pagamentos-comecam-antes-do-natal","status":"publish","type":"post","link":"https:\/\/www.em.com.br\/emfoco\/2025\/12\/14\/datas-do-bolsa-familia-sao-definidas-pelo-nis-e-pagamentos-comecam-antes-do-natal\/","title":{"rendered":"Datas do Bolsa Fam\u00edlia s\u00e3o definidas pelo NIS e pagamentos come\u00e7am antes do Natal"},"content":{"rendered":"\n<p>Os pagamentos do <strong>Bolsa Fam\u00edlia<\/strong> em dezembro chamam a aten\u00e7\u00e3o de milh\u00f5es de fam\u00edlias que dependem do benef\u00edcio para organizar o or\u00e7amento do fim de ano. Em 2025, o <strong>MDS <\/strong>mant\u00e9m o esquema de dep\u00f3sitos com base no <strong>N\u00famero de Identifica\u00e7\u00e3o Social<\/strong> (NIS), cujo \u00faltimo d\u00edgito define a data de pagamento e permite escalonar os repasses ao longo do m\u00eas.<\/p>\n\n\n\n<h2 class=\"wp-block-heading\">Como funciona o calend\u00e1rio do Bolsa Fam\u00edlia em dezembro<\/h2>\n\n\n<div class=\"wp-block-image\">\n<figure class=\"aligncenter size-large\"><img loading=\"lazy\" decoding=\"async\" width=\"1024\" height=\"576\" src=\"https:\/\/www.em.com.br\/emfoco\/wp-content\/uploads\/2025\/06\/8570314b-6e14-424b-9ff7-dba10bb136fb-1-1024x576.jpeg\" alt=\"Calend\u00e1rio de pagamentos de setembro do Bolsa fam\u00edlia completo para voc\u00ea!\" class=\"wp-image-55085\" srcset=\"https:\/\/www.em.com.br\/emfoco\/wp-content\/uploads\/2025\/06\/8570314b-6e14-424b-9ff7-dba10bb136fb-1-1024x576.jpeg 1024w, https:\/\/www.em.com.br\/emfoco\/wp-content\/uploads\/2025\/06\/8570314b-6e14-424b-9ff7-dba10bb136fb-1-300x169.jpeg 300w, https:\/\/www.em.com.br\/emfoco\/wp-content\/uploads\/2025\/06\/8570314b-6e14-424b-9ff7-dba10bb136fb-1-768x432.jpeg 768w, https:\/\/www.em.com.br\/emfoco\/wp-content\/uploads\/2025\/06\/8570314b-6e14-424b-9ff7-dba10bb136fb-1-750x422.jpeg 750w, https:\/\/www.em.com.br\/emfoco\/wp-content\/uploads\/2025\/06\/8570314b-6e14-424b-9ff7-dba10bb136fb-1-1140x641.jpeg 1140w, https:\/\/www.em.com.br\/emfoco\/wp-content\/uploads\/2025\/06\/8570314b-6e14-424b-9ff7-dba10bb136fb-1.jpeg 1280w\" sizes=\"auto, (max-width: 1024px) 100vw, 1024px\" \/><figcaption class=\"wp-element-caption\">Pagamentos do Bolsa Fam\u00edlia seguem final do NIS &#8211; Divulga\u00e7\u00e3o: GOV.BR<\/figcaption><\/figure><\/div>\n\n\n<p>O calend\u00e1rio de pagamento do <strong>Bolsa Fam\u00edlia<\/strong> em dezembro segue a mesma l\u00f3gica dos demais meses, por\u00e9m com datas adiantadas em rela\u00e7\u00e3o ao fim do m\u00eas. O <strong>MDS <\/strong>define uma sequ\u00eancia em que os dep\u00f3sitos come\u00e7am mais cedo e se estendem, em geral, at\u00e9 cerca do dia 20 a 23, conforme o ano e os dias \u00fateis dispon\u00edveis.<\/p>\n\n\n\n<p>A antecipa\u00e7\u00e3o garante que todos recebam o benef\u00edcio dentro de dezembro, sem empurrar parcelas para janeiro. Assim, o dinheiro fica dispon\u00edvel antes do Natal, permitindo que as fam\u00edlias se organizem melhor para despesas b\u00e1sicas e eventuais gastos extras nas festas de fim de ano.<\/p>\n\n\n\n<h2 class=\"wp-block-heading\">Como o NIS define a data de pagamento do Bolsa Fam\u00edlia<\/h2>\n\n\n\n<p>A palavra-chave para entender o calend\u00e1rio do <strong>Bolsa Fam\u00edlia<\/strong> \u00e9 o <strong>N\u00famero de Identifica\u00e7\u00e3o Social<\/strong> (NIS), impresso no cart\u00e3o do programa e dispon\u00edvel nos aplicativos oficiais. Em vez de liberar todos os dep\u00f3sitos no mesmo dia, o governo distribui as datas de acordo com o d\u00edgito final do NIS, do 1 ao 0, evitando filas excessivas e sobrecarga nos sistemas banc\u00e1rios.<\/p>\n\n\n\n<p>De forma geral, a din\u00e2mica de escalonamento segue um padr\u00e3o est\u00e1vel, repetido ao longo dos anos, inclusive em dezembro, com pequenas varia\u00e7\u00f5es nas datas exatas:<\/p>\n\n\n\n<ul class=\"wp-block-list\">\n<li><strong>NIS final 1:<\/strong> recebe no primeiro dia do calend\u00e1rio de pagamento;<\/li>\n\n\n\n<li><strong>NIS final 2: <\/strong>segundo dia de repasse;<\/li>\n\n\n\n<li><strong>NIS final 3:<\/strong> terceiro dia, e assim sucessivamente;<\/li>\n\n\n\n<li><strong>NIS finais 4, 5, 6 e 7: <\/strong>datas intermedi\u00e1rias;<\/li>\n\n\n\n<li><strong>NIS finais 8, 9 e 0: <\/strong>\u00faltimos dias do cronograma.<\/li>\n<\/ul>\n\n\n\n<h2 class=\"wp-block-heading\">Como consultar os pagamentos do Bolsa Fam\u00edlia em dezembro<\/h2>\n\n\n\n<p>Para evitar d\u00favidas sobre o pagamento do <strong>Bolsa Fam\u00edlia<\/strong> em dezembro, o <strong>MDS <\/strong>e a <strong>Caixa Econ\u00f4mica Federal<\/strong> disponibilizam diferentes canais de consulta. Neles, o benefici\u00e1rio pode confirmar o valor, a data exata de libera\u00e7\u00e3o e a situa\u00e7\u00e3o do benef\u00edcio antes de ir a um ponto de atendimento, usando o CPF ou o NIS.<\/p>\n\n\n\n<p>Os canais digitais s\u00e3o as formas mais pr\u00e1ticas de acompanhar o cronograma, pois permitem consulta r\u00e1pida e segura. Aplicativos e site oficial tamb\u00e9m ajudam a identificar eventuais bloqueios, benef\u00edcios adicionais e o hist\u00f3rico de repasses ao longo do ano.<\/p>\n\n\n\n<p>Leia mais: <a href=\"https:\/\/www.em.com.br\/emfoco\/2025\/12\/09\/o-detalhe-do-cadunico-que-pode-travar-seu-bolsa-familia-sem-aviso\/\" target=\"_blank\" rel=\"noreferrer noopener\">O detalhe do Cad\u00danico que pode travar seu Bolsa Fam\u00edlia sem aviso<\/a><\/p>\n\n\n\n<h2 class=\"wp-block-heading\">Quais s\u00e3o os principais canais para verificar datas e valores<\/h2>\n\n\n\n<p>Entre as formas mais comuns de consulta ao calend\u00e1rio e ao pagamento do <strong>Bolsa Fam\u00edlia<\/strong> est\u00e3o:<\/p>\n\n\n\n<ol class=\"wp-block-list\">\n<li><strong>Aplicativo Bolsa Fam\u00edlia<\/strong>: mostra calend\u00e1rio, saldo, parcelas futuras e hist\u00f3rico de cr\u00e9ditos.<\/li>\n\n\n\n<li><strong>Aplicativo Caixa Tem<\/strong>: permite ver o valor depositado, movimentar o dinheiro, pagar contas e fazer transfer\u00eancias.<\/li>\n\n\n\n<li><strong>Site oficial do MDS<\/strong>: publica o calend\u00e1rio anual, inclusive o cronograma antecipado de dezembro.<\/li>\n\n\n\n<li><strong>Central telef\u00f4nica da Caixa<\/strong>: atendimento pelo n\u00famero oficial, com informa\u00e7\u00f5es sobre datas e situa\u00e7\u00e3o do benef\u00edcio.<\/li>\n\n\n\n<li><strong>Ag\u00eancias, lot\u00e9ricas e correspondentes Caixa Aqui<\/strong>: consulta presencial com documento de identifica\u00e7\u00e3o.<\/li>\n<\/ol>\n\n\n\n<h2 class=\"wp-block-heading\">Por que o pagamento do Bolsa Fam\u00edlia em dezembro \u00e9 antecipado<\/h2>\n\n\n<div class=\"wp-block-image\">\n<figure class=\"aligncenter size-large\"><img loading=\"lazy\" decoding=\"async\" width=\"1024\" height=\"576\" src=\"https:\/\/www.em.com.br\/emfoco\/wp-content\/uploads\/2025\/06\/dinheiro-reais_1748976565269-1024x576.jpg\" alt=\"O que ningu\u00e9m te contou sobre os novos valores do Bolsa fam\u00edlia e quem realmente ganha mais\" class=\"wp-image-55004\" srcset=\"https:\/\/www.em.com.br\/emfoco\/wp-content\/uploads\/2025\/06\/dinheiro-reais_1748976565269-1024x576.jpg 1024w, https:\/\/www.em.com.br\/emfoco\/wp-content\/uploads\/2025\/06\/dinheiro-reais_1748976565269-300x169.jpg 300w, https:\/\/www.em.com.br\/emfoco\/wp-content\/uploads\/2025\/06\/dinheiro-reais_1748976565269-768x432.jpg 768w, https:\/\/www.em.com.br\/emfoco\/wp-content\/uploads\/2025\/06\/dinheiro-reais_1748976565269-750x422.jpg 750w, https:\/\/www.em.com.br\/emfoco\/wp-content\/uploads\/2025\/06\/dinheiro-reais_1748976565269-1140x641.jpg 1140w, https:\/\/www.em.com.br\/emfoco\/wp-content\/uploads\/2025\/06\/dinheiro-reais_1748976565269.jpg 1280w\" sizes=\"auto, (max-width: 1024px) 100vw, 1024px\" \/><figcaption class=\"wp-element-caption\">Pagamentos do Bolsa Fam\u00edlia seguem final do NIS &#8211; Cr\u00e9ditos: depositphotos.com \/ verganifotografia<\/figcaption><\/figure><\/div>\n\n\n<p>A antecipa\u00e7\u00e3o do pagamento do <strong><a href=\"https:\/\/www.gov.br\/mds\/pt-br\/acoes-e-programas\/bolsa-familia\" target=\"_blank\" rel=\"noreferrer noopener\">Bolsa Fam\u00edlia<\/a><\/strong> em dezembro atende a crit\u00e9rios administrativos, de seguran\u00e7a e de organiza\u00e7\u00e3o social. Ao garantir dep\u00f3sitos antes do Natal, o governo reduz riscos de aglomera\u00e7\u00f5es em datas festivas, melhora o fluxo de atendimento e permite que as fam\u00edlias quitem contas b\u00e1sicas sem depender de saques em cima da hora.<\/p>\n\n\n\n<p>Tamb\u00e9m h\u00e1 impacto positivo na opera\u00e7\u00e3o banc\u00e1ria, j\u00e1 que o fim de ano concentra alta demanda em sistemas eletr\u00f4nicos, caixas eletr\u00f4nicos e lot\u00e9ricas. O escalonamento dos cr\u00e9ditos pelo NIS contribui para maior estabilidade dos servi\u00e7os e d\u00e1 previsibilidade ao planejamento financeiro das fam\u00edlias.<\/p>\n\n\n\n<p>Leia mais: <a href=\"https:\/\/www.em.com.br\/emfoco\/2025\/12\/10\/bolsa-familia-de-dezembro-cai-mais-cedo-e-pode-salvar-seu-fim-de-ano\/\" target=\"_blank\" rel=\"noreferrer noopener\">Bolsa Fam\u00edlia de dezembro cai mais cedo e pode salvar seu fim de ano<\/a><\/p>\n\n\n\n<h2 class=\"wp-block-heading\">Como organizar o planejamento financeiro com o benef\u00edcio de dezembro<\/h2>\n\n\n\n<p>Ao acompanhar o cronograma divulgado pelo <strong>MDS<\/strong>, verificar o \u00faltimo d\u00edgito do NIS e usar os canais oficiais de consulta, as fam\u00edlias conseguem planejar melhor o uso do dinheiro ao longo de dezembro. \u00c9 importante priorizar despesas essenciais, evitar compras por impulso e considerar compromissos que chegar\u00e3o no in\u00edcio de janeiro.<\/p>\n\n\n\n<p>Dessa forma, o pagamento antecipado do <strong>Bolsa Fam\u00edlia<\/strong> cumpre o papel de garantir previsibilidade em um per\u00edodo marcado por maior circula\u00e7\u00e3o de recursos e obriga\u00e7\u00f5es adicionais. Um uso planejado do benef\u00edcio ajuda a manter as contas em dia e reduz a necessidade de recorrer a empr\u00e9stimos ou cr\u00e9dito caro ap\u00f3s as festas.<\/p>\n\n\n\n<p><\/p>\n","protected":false},"excerpt":{"rendered":"<p>Os pagamentos do Bolsa Fam\u00edlia em dezembro chamam a aten\u00e7\u00e3o de milh\u00f5es de fam\u00edlias que dependem do benef\u00edcio para organizar o or\u00e7amento do fim de ano. Em 2025, o MDS mant\u00e9m o esquema de dep\u00f3sitos com base no N\u00famero de Identifica\u00e7\u00e3o Social (NIS), cujo \u00faltimo d\u00edgito define a data de pagamento e permite escalonar os [&hellip;]<\/p>\n","protected":false},"author":20,"featured_media":54997,"comment_status":"open","ping_status":"open","sticky":false,"template":"","format":"standard","meta":{"jnews-multi-image_gallery":[],"jnews_single_post":{"format":"standard"},"jnews_primary_category":[],"jnews_social_meta":[],"jnews_override_counter":[],"footnotes":""},"categories":[28,1],"tags":[209,1114,345],"class_list":["post-140181","post","type-post","status-publish","format-standard","has-post-thumbnail","hentry","category-economia","category-noticias","tag-bolsa-familia","tag-mds","tag-nis"],"yoast_head":"<!-- This site is optimized with the Yoast SEO plugin v23.8 - https:\/\/yoast.com\/wordpress\/plugins\/seo\/ -->\n<title>Datas do Bolsa Fam\u00edlia s\u00e3o definidas pelo NIS e pagamentos come\u00e7am antes do Natal - Estado de Minas - Em foco<\/title>\n<meta name=\"description\" content=\"O calend\u00e1rio de pagamento do Bolsa Fam\u00edlia em dezembro segue a mesma l\u00f3gica dos demais meses, por\u00e9m com datas adiantadas.\" \/>\n<meta name=\"robots\" content=\"index, follow, max-snippet:-1, max-image-preview:large, max-video-preview:-1\" \/>\n<link rel=\"canonical\" href=\"https:\/\/www.em.com.br\/emfoco\/2025\/12\/14\/datas-do-bolsa-familia-sao-definidas-pelo-nis-e-pagamentos-comecam-antes-do-natal\/\" \/>\n<meta property=\"og:locale\" content=\"pt_BR\" \/>\n<meta property=\"og:type\" content=\"article\" \/>\n<meta property=\"og:title\" content=\"Datas do Bolsa Fam\u00edlia s\u00e3o definidas pelo NIS e pagamentos come\u00e7am antes do Natal - Estado de Minas - Em foco\" \/>\n<meta property=\"og:description\" content=\"O calend\u00e1rio de pagamento do Bolsa Fam\u00edlia em dezembro segue a mesma l\u00f3gica dos demais meses, por\u00e9m com datas adiantadas.\" \/>\n<meta property=\"og:url\" content=\"https:\/\/www.em.com.br\/emfoco\/2025\/12\/14\/datas-do-bolsa-familia-sao-definidas-pelo-nis-e-pagamentos-comecam-antes-do-natal\/\" \/>\n<meta property=\"og:site_name\" content=\"Estado de Minas - Em foco\" \/>\n<meta property=\"article:published_time\" content=\"2025-12-14T15:25:00+00:00\" \/>\n<meta property=\"article:modified_time\" content=\"2025-12-13T20:57:19+00:00\" \/>\n<meta property=\"og:image\" content=\"https:\/\/www.em.com.br\/emfoco\/wp-content\/uploads\/2025\/06\/bolsa-familia_1748976702558.jpg\" \/>\n\t<meta property=\"og:image:width\" content=\"1280\" \/>\n\t<meta property=\"og:image:height\" content=\"720\" \/>\n\t<meta property=\"og:image:type\" content=\"image\/jpeg\" \/>\n<meta name=\"author\" content=\"Ingrid Diniz\" \/>\n<meta name=\"twitter:card\" content=\"summary_large_image\" \/>\n<meta name=\"twitter:label1\" content=\"Escrito por\" \/>\n\t<meta name=\"twitter:data1\" content=\"Ingrid Diniz\" \/>\n\t<meta name=\"twitter:label2\" content=\"Est. tempo de leitura\" \/>\n\t<meta name=\"twitter:data2\" content=\"5 minutos\" \/>\n<!-- \/ Yoast SEO plugin. -->","yoast_head_json":{"title":"Datas do Bolsa Fam\u00edlia s\u00e3o definidas pelo NIS e pagamentos come\u00e7am antes do Natal - Estado de Minas - Em foco","description":"O calend\u00e1rio de pagamento do Bolsa Fam\u00edlia em dezembro segue a mesma l\u00f3gica dos demais meses, por\u00e9m com datas adiantadas.","robots":{"index":"index","follow":"follow","max-snippet":"max-snippet:-1","max-image-preview":"max-image-preview:large","max-video-preview":"max-video-preview:-1"},"canonical":"https:\/\/www.em.com.br\/emfoco\/2025\/12\/14\/datas-do-bolsa-familia-sao-definidas-pelo-nis-e-pagamentos-comecam-antes-do-natal\/","og_locale":"pt_BR","og_type":"article","og_title":"Datas do Bolsa Fam\u00edlia s\u00e3o definidas pelo NIS e pagamentos come\u00e7am antes do Natal - Estado de Minas - Em foco","og_description":"O calend\u00e1rio de pagamento do Bolsa Fam\u00edlia em dezembro segue a mesma l\u00f3gica dos demais meses, por\u00e9m com datas adiantadas.","og_url":"https:\/\/www.em.com.br\/emfoco\/2025\/12\/14\/datas-do-bolsa-familia-sao-definidas-pelo-nis-e-pagamentos-comecam-antes-do-natal\/","og_site_name":"Estado de Minas - Em foco","article_published_time":"2025-12-14T15:25:00+00:00","article_modified_time":"2025-12-13T20:57:19+00:00","og_image":[{"width":1280,"height":720,"url":"https:\/\/www.em.com.br\/emfoco\/wp-content\/uploads\/2025\/06\/bolsa-familia_1748976702558.jpg","type":"image\/jpeg"}],"author":"Ingrid Diniz","twitter_card":"summary_large_image","twitter_misc":{"Escrito por":"Ingrid Diniz","Est. tempo de leitura":"5 minutos"},"schema":{"@context":"https:\/\/schema.org","@graph":[{"@type":"WebPage","@id":"https:\/\/www.em.com.br\/emfoco\/2025\/12\/14\/datas-do-bolsa-familia-sao-definidas-pelo-nis-e-pagamentos-comecam-antes-do-natal\/","url":"https:\/\/www.em.com.br\/emfoco\/2025\/12\/14\/datas-do-bolsa-familia-sao-definidas-pelo-nis-e-pagamentos-comecam-antes-do-natal\/","name":"Datas do Bolsa Fam\u00edlia s\u00e3o definidas pelo NIS e pagamentos come\u00e7am antes do Natal - Estado de Minas - Em foco","isPartOf":{"@id":"https:\/\/www.em.com.br\/emfoco\/#website"},"primaryImageOfPage":{"@id":"https:\/\/www.em.com.br\/emfoco\/2025\/12\/14\/datas-do-bolsa-familia-sao-definidas-pelo-nis-e-pagamentos-comecam-antes-do-natal\/#primaryimage"},"image":{"@id":"https:\/\/www.em.com.br\/emfoco\/2025\/12\/14\/datas-do-bolsa-familia-sao-definidas-pelo-nis-e-pagamentos-comecam-antes-do-natal\/#primaryimage"},"thumbnailUrl":"https:\/\/www.em.com.br\/emfoco\/wp-content\/uploads\/2025\/06\/bolsa-familia_1748976702558.jpg","datePublished":"2025-12-14T15:25:00+00:00","dateModified":"2025-12-13T20:57:19+00:00","author":{"@id":"https:\/\/www.em.com.br\/emfoco\/#\/schema\/person\/649e610b4eb8fff87ff394e54fe17b2b"},"description":"O calend\u00e1rio de pagamento do Bolsa Fam\u00edlia em dezembro segue a mesma l\u00f3gica dos demais meses, por\u00e9m com datas adiantadas.","breadcrumb":{"@id":"https:\/\/www.em.com.br\/emfoco\/2025\/12\/14\/datas-do-bolsa-familia-sao-definidas-pelo-nis-e-pagamentos-comecam-antes-do-natal\/#breadcrumb"},"inLanguage":"pt-BR","potentialAction":[{"@type":"ReadAction","target":["https:\/\/www.em.com.br\/emfoco\/2025\/12\/14\/datas-do-bolsa-familia-sao-definidas-pelo-nis-e-pagamentos-comecam-antes-do-natal\/"]}]},{"@type":"ImageObject","inLanguage":"pt-BR","@id":"https:\/\/www.em.com.br\/emfoco\/2025\/12\/14\/datas-do-bolsa-familia-sao-definidas-pelo-nis-e-pagamentos-comecam-antes-do-natal\/#primaryimage","url":"https:\/\/www.em.com.br\/emfoco\/wp-content\/uploads\/2025\/06\/bolsa-familia_1748976702558.jpg","contentUrl":"https:\/\/www.em.com.br\/emfoco\/wp-content\/uploads\/2025\/06\/bolsa-familia_1748976702558.jpg","width":1280,"height":720,"caption":"Bolsa Fam\u00edlia de dezembro pode passar de R$ 900 - Cr\u00e9ditos: depositphotos.com \/ Photografeus"},{"@type":"BreadcrumbList","@id":"https:\/\/www.em.com.br\/emfoco\/2025\/12\/14\/datas-do-bolsa-familia-sao-definidas-pelo-nis-e-pagamentos-comecam-antes-do-natal\/#breadcrumb","itemListElement":[{"@type":"ListItem","position":1,"name":"In\u00edcio","item":"https:\/\/www.em.com.br\/emfoco\/"},{"@type":"ListItem","position":2,"name":"Datas do Bolsa Fam\u00edlia s\u00e3o definidas pelo NIS e pagamentos come\u00e7am antes do Natal"}]},{"@type":"WebSite","@id":"https:\/\/www.em.com.br\/emfoco\/#website","url":"https:\/\/www.em.com.br\/emfoco\/","name":"Estado de Minas - Em foco","description":"Acompanhe as \u00faltimas not\u00edcias e fique bem informado sobre tudo o que acontece em Minas Gerais, Brasil e no mundo.","potentialAction":[{"@type":"SearchAction","target":{"@type":"EntryPoint","urlTemplate":"https:\/\/www.em.com.br\/emfoco\/?s={search_term_string}"},"query-input":{"@type":"PropertyValueSpecification","valueRequired":true,"valueName":"search_term_string"}}],"inLanguage":"pt-BR"},{"@type":"Person","@id":"https:\/\/www.em.com.br\/emfoco\/#\/schema\/person\/649e610b4eb8fff87ff394e54fe17b2b","name":"Ingrid Diniz","image":{"@type":"ImageObject","inLanguage":"pt-BR","@id":"https:\/\/www.em.com.br\/emfoco\/#\/schema\/person\/image\/","url":"https:\/\/secure.gravatar.com\/avatar\/a3baa1449ec5c39b4c42babc9d4f3951?s=96&d=mm&r=g","contentUrl":"https:\/\/secure.gravatar.com\/avatar\/a3baa1449ec5c39b4c42babc9d4f3951?s=96&d=mm&r=g","caption":"Ingrid Diniz"},"sameAs":["https:\/\/www.em.com.br\/"],"url":"https:\/\/www.em.com.br\/emfoco\/author\/ingridmyth\/"}]}},"_links":{"self":[{"href":"https:\/\/www.em.com.br\/emfoco\/wp-json\/wp\/v2\/posts\/140181","targetHints":{"allow":["GET"]}}],"collection":[{"href":"https:\/\/www.em.com.br\/emfoco\/wp-json\/wp\/v2\/posts"}],"about":[{"href":"https:\/\/www.em.com.br\/emfoco\/wp-json\/wp\/v2\/types\/post"}],"author":[{"embeddable":true,"href":"https:\/\/www.em.com.br\/emfoco\/wp-json\/wp\/v2\/users\/20"}],"replies":[{"embeddable":true,"href":"https:\/\/www.em.com.br\/emfoco\/wp-json\/wp\/v2\/comments?post=140181"}],"version-history":[{"count":2,"href":"https:\/\/www.em.com.br\/emfoco\/wp-json\/wp\/v2\/posts\/140181\/revisions"}],"predecessor-version":[{"id":140443,"href":"https:\/\/www.em.com.br\/emfoco\/wp-json\/wp\/v2\/posts\/140181\/revisions\/140443"}],"wp:featuredmedia":[{"embeddable":true,"href":"https:\/\/www.em.com.br\/emfoco\/wp-json\/wp\/v2\/media\/54997"}],"wp:attachment":[{"href":"https:\/\/www.em.com.br\/emfoco\/wp-json\/wp\/v2\/media?parent=140181"}],"wp:term":[{"taxonomy":"category","embeddable":true,"href":"https:\/\/www.em.com.br\/emfoco\/wp-json\/wp\/v2\/categories?post=140181"},{"taxonomy":"post_tag","embeddable":true,"href":"https:\/\/www.em.com.br\/emfoco\/wp-json\/wp\/v2\/tags?post=140181"}],"curies":[{"name":"wp","href":"https:\/\/api.w.org\/{rel}","templated":true}]}}