{"id":140102,"date":"2025-12-15T18:25:00","date_gmt":"2025-12-15T21:25:00","guid":{"rendered":"https:\/\/www.em.com.br\/emfoco\/?p=140102"},"modified":"2025-12-13T01:30:09","modified_gmt":"2025-12-13T04:30:09","slug":"como-preparar-a-farofa-perfeita-que-equilibra-sabor-textura-e-memoria","status":"publish","type":"post","link":"https:\/\/www.em.com.br\/emfoco\/2025\/12\/15\/como-preparar-a-farofa-perfeita-que-equilibra-sabor-textura-e-memoria\/","title":{"rendered":"Como preparar a farofa perfeita que equilibra sabor, textura e mem\u00f3ria"},"content":{"rendered":"\n<p>Nenhuma ceia de Natal parece completa sem uma farofa dourada, arom\u00e1tica e \u00famida na medida certa. <strong>Farofa natalina \u00famida<\/strong> envolve mem\u00f3ria afetiva, real\u00e7a o prato principal e mostra que um preparo simples pode elevar toda a experi\u00eancia da mesa festiva.<\/p>\n\n\n\n<h2 class=\"wp-block-heading\">Por que a farofa \u00e9 indispens\u00e1vel na ceia de Natal?<\/h2>\n\n\n\n<p>A farofa tem a fun\u00e7\u00e3o de equilibrar sabores intensos, trazer textura e acolher o paladar entre uma garfada e outra. <strong>Na ceia de Natal<\/strong>, ela absorve molhos, valoriza carnes e cria uma sensa\u00e7\u00e3o de conforto que conecta tradi\u00e7\u00e3o e afeto.<\/p>\n\n\n\n<p>Al\u00e9m do sabor, a farofa carrega simbolismo. Preparada com cuidado, ela demonstra aten\u00e7\u00e3o aos detalhes e refor\u00e7a o clima de reuni\u00e3o. Uma vers\u00e3o \u00famida e bem temperada transforma ingredientes simples em um acompanhamento memor\u00e1vel.<\/p>\n\n\n\n<figure class=\"wp-block-image size-large\"><img loading=\"lazy\" decoding=\"async\" width=\"1024\" height=\"576\" src=\"https:\/\/www.em.com.br\/emfoco\/wp-content\/uploads\/2025\/12\/Farofa_1765600075624-1024x576.jpg\" alt=\"Como preparar a farofa perfeita que equilibra sabor, textura e mem\u00f3ria\" class=\"wp-image-140110\" srcset=\"https:\/\/www.em.com.br\/emfoco\/wp-content\/uploads\/2025\/12\/Farofa_1765600075624-1024x576.jpg 1024w, https:\/\/www.em.com.br\/emfoco\/wp-content\/uploads\/2025\/12\/Farofa_1765600075624-300x169.jpg 300w, https:\/\/www.em.com.br\/emfoco\/wp-content\/uploads\/2025\/12\/Farofa_1765600075624-768x432.jpg 768w, https:\/\/www.em.com.br\/emfoco\/wp-content\/uploads\/2025\/12\/Farofa_1765600075624-750x422.jpg 750w, https:\/\/www.em.com.br\/emfoco\/wp-content\/uploads\/2025\/12\/Farofa_1765600075624-1140x641.jpg 1140w, https:\/\/www.em.com.br\/emfoco\/wp-content\/uploads\/2025\/12\/Farofa_1765600075624.jpg 1280w\" sizes=\"auto, (max-width: 1024px) 100vw, 1024px\" \/><figcaption class=\"wp-element-caption\">Textura equilibrada real\u00e7a carnes e absorve bem os molhos &#8211; Cr\u00e9ditos: depositphotos.com \/ robertohunger<\/figcaption><\/figure>\n\n\n\n<h2 class=\"wp-block-heading\">Quais ingredientes garantem uma farofa natalina \u00famida?<\/h2>\n\n\n\n<p>A umidade e o sabor da farofa dependem diretamente da escolha correta dos ingredientes e das propor\u00e7\u00f5es. Elementos cl\u00e1ssicos garantem gordura suficiente, aroma marcante e textura equilibrada. Entre os itens essenciais para esse preparo est\u00e3o os seguintes.<\/p>\n\n\n\n<ul class=\"wp-block-list\">\n<li><strong>Bacon em cubos<\/strong>: 200 g, respons\u00e1vel por liberar gordura e dar sabor intenso<\/li>\n\n\n\n<li><strong>Cebola grande picada<\/strong>: 1 unidade, que traz do\u00e7ura e ajuda na umidade<\/li>\n\n\n\n<li><strong>Manteiga<\/strong>: 3 colheres de sopa, base cremosa que envolve a farinha<\/li>\n\n\n\n<li><strong>Farinha de mandioca<\/strong>: 2 x\u00edcaras (ch\u00e1), de textura grossa ou m\u00e9dia<\/li>\n\n\n\n<li><strong>Sal<\/strong>: a gosto, ajustado conforme o bacon<\/li>\n\n\n\n<li><strong>Pimenta-do-reino<\/strong>: a gosto, para real\u00e7ar o sabor<\/li>\n\n\n\n<li><strong>Cheiro-verde<\/strong>: opcional, para finalizar com frescor<\/li>\n<\/ul>\n\n\n\n<p><em>Leia mais: <strong><a href=\"https:\/\/www.em.com.br\/emfoco\/2025\/10\/29\/sobremesas-sem-acucar-que-surpreendem-no-sabor-e-ficam-prontas-em-10-minutos\/\" target=\"_blank\" rel=\"noreferrer noopener\">Sobremesas sem a\u00e7\u00facar que surpreendem no sabor e ficam prontas em 10 minutos<\/a><\/strong><\/em><\/p>\n\n\n\n<h2 class=\"wp-block-heading\">Como preparar a farofa para ficar \u00famida e saborosa?<\/h2>\n\n\n\n<p>O preparo come\u00e7a levando o bacon ao fogo m\u00e9dio, sem \u00f3leo, at\u00e9 dourar e soltar a pr\u00f3pria gordura. <strong>Essa etapa<\/strong> cria a base de sabor e garante que a farofa fique \u00famida desde o in\u00edcio, sem necessidade de gordura extra.<\/p>\n\n\n\n<p>Em seguida, entra a manteiga e a cebola, refogadas at\u00e9 ficarem transparentes e levemente caramelizadas. S\u00f3 depois a farinha \u00e9 adicionada aos poucos, sempre em fogo baixo, mexendo sem parar para absorver a gordura sem ressecar.<\/p>\n\n\n\n<p>A seguir separamos um v\u00eddeo do <strong><a href=\"https:\/\/www.tiktok.com\/@chefeandrezao\" target=\"_blank\" rel=\"noreferrer noopener\">Chefe Andrez\u00e3o<\/a><\/strong> ensinando como fazer na pr\u00e1tica uma farofa crocante e deliciosa para impressionar toda a fam\u00edlia durante a ceia:<\/p>\n\n\n\n<blockquote class=\"tiktok-embed\" cite=\"https:\/\/www.tiktok.com\/@chefeandrezao\/video\/7556774709975698700\" data-video-id=\"7556774709975698700\" style=\"max-width: 605px;min-width: 325px;\" > <section> <a target=\"_blank\" title=\"@chefeandrezao\" href=\"https:\/\/www.tiktok.com\/@chefeandrezao?refer=embed\">@chefeandrezao<\/a> <p>J\u00e1 salva a receita dessa farofa no seu livro de receitas. F\u00e1cil, muito gostosa e custa pouco. Os ingredientes tu pode ir adaptando a quantidade.  Bora pra cozinha arriscar essa?  Bom apetite! <\/p> <a target=\"_blank\" title=\"\u266c Old Film - Kairo Vibe\" href=\"https:\/\/www.tiktok.com\/music\/Old-Film-7541426640086894601?refer=embed\">\u266c Old Film &#8211; Kairo Vibe<\/a> <\/section> <\/blockquote> <script async src=\"https:\/\/www.tiktok.com\/embed.js\"><\/script>\n\n\n\n<h2 class=\"wp-block-heading\">Qual \u00e9 o segredo para manter a farofa perfeita at\u00e9 servir?<\/h2>\n\n\n\n<p>O segredo est\u00e1 no controle do fogo e no tempo de preparo. <strong>N\u00e3o deixar a farinha fritar demais<\/strong> evita que a farofa fique seca ou pesada. Desligar no ponto certo preserva textura, aroma e sabor. Alguns cuidados finais fazem diferen\u00e7a.<\/p>\n\n\n\n<ul class=\"wp-block-list\">\n<li>Manter o fogo sempre baixo: evita que a farinha toste excessivamente<\/li>\n\n\n\n<li>Mexer constantemente: garante distribui\u00e7\u00e3o uniforme da gordura<\/li>\n\n\n\n<li>Finalizar fora do fogo: cheiro-verde entra por \u00faltimo para manter frescor<\/li>\n<\/ul>\n\n\n\n<p>Essa farofa natalina simples, feita com ingredientes cl\u00e1ssicos, entrega sabor, textura e aquele toque caseiro que transforma a ceia em uma mem\u00f3ria afetiva compartilhada \u00e0 mesa.<\/p>\n","protected":false},"excerpt":{"rendered":"<p>Nenhuma ceia de Natal parece completa sem uma farofa dourada, arom\u00e1tica e \u00famida na medida certa. Farofa natalina \u00famida envolve mem\u00f3ria afetiva, real\u00e7a o prato principal e mostra que um preparo simples pode elevar toda a experi\u00eancia da mesa festiva. Por que a farofa \u00e9 indispens\u00e1vel na ceia de Natal? A farofa tem a fun\u00e7\u00e3o [&hellip;]<\/p>\n","protected":false},"author":13,"featured_media":140111,"comment_status":"open","ping_status":"open","sticky":false,"template":"","format":"standard","meta":{"jnews-multi-image_gallery":[],"jnews_single_post":{"format":"standard"},"jnews_primary_category":[],"jnews_social_meta":[],"jnews_override_counter":[],"footnotes":""},"categories":[8819],"tags":[19065,20676,2872],"class_list":["post-140102","post","type-post","status-publish","format-standard","has-post-thumbnail","hentry","category-curiosidades","tag-ceia-de-natal","tag-farofa-natalina","tag-receitas"],"yoast_head":"<!-- This site is optimized with the Yoast SEO plugin v23.8 - https:\/\/yoast.com\/wordpress\/plugins\/seo\/ -->\n<title>Como preparar a farofa perfeita que equilibra sabor, textura e mem\u00f3ria - Estado de Minas - Em foco<\/title>\n<meta name=\"description\" content=\"Uma farofa \u00famida, dourada e bem temperada transforma qualquer ceia. Veja como preparar a receita que equilibra sabor e mem\u00f3ria afetiva.\" \/>\n<meta name=\"robots\" content=\"index, follow, max-snippet:-1, max-image-preview:large, max-video-preview:-1\" \/>\n<link rel=\"canonical\" href=\"https:\/\/www.em.com.br\/emfoco\/2025\/12\/15\/como-preparar-a-farofa-perfeita-que-equilibra-sabor-textura-e-memoria\/\" \/>\n<meta property=\"og:locale\" content=\"pt_BR\" \/>\n<meta property=\"og:type\" content=\"article\" \/>\n<meta property=\"og:title\" content=\"Como preparar a farofa perfeita que equilibra sabor, textura e mem\u00f3ria - Estado de Minas - Em foco\" \/>\n<meta property=\"og:description\" content=\"Uma farofa \u00famida, dourada e bem temperada transforma qualquer ceia. Veja como preparar a receita que equilibra sabor e mem\u00f3ria afetiva.\" \/>\n<meta property=\"og:url\" content=\"https:\/\/www.em.com.br\/emfoco\/2025\/12\/15\/como-preparar-a-farofa-perfeita-que-equilibra-sabor-textura-e-memoria\/\" \/>\n<meta property=\"og:site_name\" content=\"Estado de Minas - Em foco\" \/>\n<meta property=\"article:published_time\" content=\"2025-12-15T21:25:00+00:00\" \/>\n<meta property=\"article:modified_time\" content=\"2025-12-13T04:30:09+00:00\" \/>\n<meta property=\"og:image\" content=\"https:\/\/www.em.com.br\/emfoco\/wp-content\/uploads\/2025\/12\/IA-IMG-173.jpg\" \/>\n\t<meta property=\"og:image:width\" content=\"1280\" \/>\n\t<meta property=\"og:image:height\" content=\"720\" \/>\n\t<meta property=\"og:image:type\" content=\"image\/jpeg\" \/>\n<meta name=\"author\" content=\"Gabriel Martins\" \/>\n<meta name=\"twitter:card\" content=\"summary_large_image\" \/>\n<meta name=\"twitter:label1\" content=\"Escrito por\" \/>\n\t<meta name=\"twitter:data1\" content=\"Gabriel Martins\" \/>\n\t<meta name=\"twitter:label2\" content=\"Est. tempo de leitura\" \/>\n\t<meta name=\"twitter:data2\" content=\"4 minutos\" \/>\n<!-- \/ Yoast SEO plugin. -->","yoast_head_json":{"title":"Como preparar a farofa perfeita que equilibra sabor, textura e mem\u00f3ria - Estado de Minas - Em foco","description":"Uma farofa \u00famida, dourada e bem temperada transforma qualquer ceia. Veja como preparar a receita que equilibra sabor e mem\u00f3ria afetiva.","robots":{"index":"index","follow":"follow","max-snippet":"max-snippet:-1","max-image-preview":"max-image-preview:large","max-video-preview":"max-video-preview:-1"},"canonical":"https:\/\/www.em.com.br\/emfoco\/2025\/12\/15\/como-preparar-a-farofa-perfeita-que-equilibra-sabor-textura-e-memoria\/","og_locale":"pt_BR","og_type":"article","og_title":"Como preparar a farofa perfeita que equilibra sabor, textura e mem\u00f3ria - Estado de Minas - Em foco","og_description":"Uma farofa \u00famida, dourada e bem temperada transforma qualquer ceia. Veja como preparar a receita que equilibra sabor e mem\u00f3ria afetiva.","og_url":"https:\/\/www.em.com.br\/emfoco\/2025\/12\/15\/como-preparar-a-farofa-perfeita-que-equilibra-sabor-textura-e-memoria\/","og_site_name":"Estado de Minas - Em foco","article_published_time":"2025-12-15T21:25:00+00:00","article_modified_time":"2025-12-13T04:30:09+00:00","og_image":[{"width":1280,"height":720,"url":"https:\/\/www.em.com.br\/emfoco\/wp-content\/uploads\/2025\/12\/IA-IMG-173.jpg","type":"image\/jpeg"}],"author":"Gabriel Martins","twitter_card":"summary_large_image","twitter_misc":{"Escrito por":"Gabriel Martins","Est. tempo de leitura":"4 minutos"},"schema":{"@context":"https:\/\/schema.org","@graph":[{"@type":"WebPage","@id":"https:\/\/www.em.com.br\/emfoco\/2025\/12\/15\/como-preparar-a-farofa-perfeita-que-equilibra-sabor-textura-e-memoria\/","url":"https:\/\/www.em.com.br\/emfoco\/2025\/12\/15\/como-preparar-a-farofa-perfeita-que-equilibra-sabor-textura-e-memoria\/","name":"Como preparar a farofa perfeita que equilibra sabor, textura e mem\u00f3ria - Estado de Minas - Em foco","isPartOf":{"@id":"https:\/\/www.em.com.br\/emfoco\/#website"},"primaryImageOfPage":{"@id":"https:\/\/www.em.com.br\/emfoco\/2025\/12\/15\/como-preparar-a-farofa-perfeita-que-equilibra-sabor-textura-e-memoria\/#primaryimage"},"image":{"@id":"https:\/\/www.em.com.br\/emfoco\/2025\/12\/15\/como-preparar-a-farofa-perfeita-que-equilibra-sabor-textura-e-memoria\/#primaryimage"},"thumbnailUrl":"https:\/\/www.em.com.br\/emfoco\/wp-content\/uploads\/2025\/12\/IA-IMG-173.jpg","datePublished":"2025-12-15T21:25:00+00:00","dateModified":"2025-12-13T04:30:09+00:00","author":{"@id":"https:\/\/www.em.com.br\/emfoco\/#\/schema\/person\/1c9ddeab18b98abeffef834667bcf08a"},"description":"Uma farofa \u00famida, dourada e bem temperada transforma qualquer ceia. Veja como preparar a receita que equilibra sabor e mem\u00f3ria afetiva.","breadcrumb":{"@id":"https:\/\/www.em.com.br\/emfoco\/2025\/12\/15\/como-preparar-a-farofa-perfeita-que-equilibra-sabor-textura-e-memoria\/#breadcrumb"},"inLanguage":"pt-BR","potentialAction":[{"@type":"ReadAction","target":["https:\/\/www.em.com.br\/emfoco\/2025\/12\/15\/como-preparar-a-farofa-perfeita-que-equilibra-sabor-textura-e-memoria\/"]}]},{"@type":"ImageObject","inLanguage":"pt-BR","@id":"https:\/\/www.em.com.br\/emfoco\/2025\/12\/15\/como-preparar-a-farofa-perfeita-que-equilibra-sabor-textura-e-memoria\/#primaryimage","url":"https:\/\/www.em.com.br\/emfoco\/wp-content\/uploads\/2025\/12\/IA-IMG-173.jpg","contentUrl":"https:\/\/www.em.com.br\/emfoco\/wp-content\/uploads\/2025\/12\/IA-IMG-173.jpg","width":1280,"height":720,"caption":"Farofa natalina \u00famida traz conforto e mem\u00f3ria afetiva \u00e0 ceia"},{"@type":"BreadcrumbList","@id":"https:\/\/www.em.com.br\/emfoco\/2025\/12\/15\/como-preparar-a-farofa-perfeita-que-equilibra-sabor-textura-e-memoria\/#breadcrumb","itemListElement":[{"@type":"ListItem","position":1,"name":"In\u00edcio","item":"https:\/\/www.em.com.br\/emfoco\/"},{"@type":"ListItem","position":2,"name":"Como preparar a farofa perfeita que equilibra sabor, textura e mem\u00f3ria"}]},{"@type":"WebSite","@id":"https:\/\/www.em.com.br\/emfoco\/#website","url":"https:\/\/www.em.com.br\/emfoco\/","name":"Estado de Minas - Em foco","description":"Acompanhe as \u00faltimas not\u00edcias e fique bem informado sobre tudo o que acontece em Minas Gerais, Brasil e no mundo.","potentialAction":[{"@type":"SearchAction","target":{"@type":"EntryPoint","urlTemplate":"https:\/\/www.em.com.br\/emfoco\/?s={search_term_string}"},"query-input":{"@type":"PropertyValueSpecification","valueRequired":true,"valueName":"search_term_string"}}],"inLanguage":"pt-BR"},{"@type":"Person","@id":"https:\/\/www.em.com.br\/emfoco\/#\/schema\/person\/1c9ddeab18b98abeffef834667bcf08a","name":"Gabriel Martins","image":{"@type":"ImageObject","inLanguage":"pt-BR","@id":"https:\/\/www.em.com.br\/emfoco\/#\/schema\/person\/image\/","url":"https:\/\/secure.gravatar.com\/avatar\/f0f1e2efdfd88f1ad2cb08c5c2731e50?s=96&d=mm&r=g","contentUrl":"https:\/\/secure.gravatar.com\/avatar\/f0f1e2efdfd88f1ad2cb08c5c2731e50?s=96&d=mm&r=g","caption":"Gabriel Martins"},"sameAs":["https:\/\/www.em.com.br\/emfoco\/"],"url":"https:\/\/www.em.com.br\/emfoco\/author\/gabrielmartinsmyth\/"}]}},"_links":{"self":[{"href":"https:\/\/www.em.com.br\/emfoco\/wp-json\/wp\/v2\/posts\/140102","targetHints":{"allow":["GET"]}}],"collection":[{"href":"https:\/\/www.em.com.br\/emfoco\/wp-json\/wp\/v2\/posts"}],"about":[{"href":"https:\/\/www.em.com.br\/emfoco\/wp-json\/wp\/v2\/types\/post"}],"author":[{"embeddable":true,"href":"https:\/\/www.em.com.br\/emfoco\/wp-json\/wp\/v2\/users\/13"}],"replies":[{"embeddable":true,"href":"https:\/\/www.em.com.br\/emfoco\/wp-json\/wp\/v2\/comments?post=140102"}],"version-history":[{"count":1,"href":"https:\/\/www.em.com.br\/emfoco\/wp-json\/wp\/v2\/posts\/140102\/revisions"}],"predecessor-version":[{"id":140112,"href":"https:\/\/www.em.com.br\/emfoco\/wp-json\/wp\/v2\/posts\/140102\/revisions\/140112"}],"wp:featuredmedia":[{"embeddable":true,"href":"https:\/\/www.em.com.br\/emfoco\/wp-json\/wp\/v2\/media\/140111"}],"wp:attachment":[{"href":"https:\/\/www.em.com.br\/emfoco\/wp-json\/wp\/v2\/media?parent=140102"}],"wp:term":[{"taxonomy":"category","embeddable":true,"href":"https:\/\/www.em.com.br\/emfoco\/wp-json\/wp\/v2\/categories?post=140102"},{"taxonomy":"post_tag","embeddable":true,"href":"https:\/\/www.em.com.br\/emfoco\/wp-json\/wp\/v2\/tags?post=140102"}],"curies":[{"name":"wp","href":"https:\/\/api.w.org\/{rel}","templated":true}]}}