{"id":139826,"date":"2025-12-13T21:55:00","date_gmt":"2025-12-14T00:55:00","guid":{"rendered":"https:\/\/www.em.com.br\/emfoco\/?p=139826"},"modified":"2025-12-12T18:26:30","modified_gmt":"2025-12-12T21:26:30","slug":"saque-aniversario-do-fgts-perde-forca-e-pode-deixar-credito-mais-dificil-para-milhoes-de-brasileiros","status":"publish","type":"post","link":"https:\/\/www.em.com.br\/emfoco\/2025\/12\/13\/saque-aniversario-do-fgts-perde-forca-e-pode-deixar-credito-mais-dificil-para-milhoes-de-brasileiros\/","title":{"rendered":"Saque-anivers\u00e1rio do FGTS perde for\u00e7a e pode deixar cr\u00e9dito mais dif\u00edcil para milh\u00f5es de brasileiros"},"content":{"rendered":"\n<p>O saque-anivers\u00e1rio do <strong>FGTS<\/strong>, criado como alternativa de acesso ao saldo do fundo, passa por mudan\u00e7as que tendem a reduzir de forma significativa seu alcance entre os trabalhadores, ao mesmo tempo em que reacendem o debate entre preservar o patrim\u00f4nio do trabalhador e manter uma oferta de cr\u00e9dito mais acess\u00edvel.<\/p>\n\n\n\n<h2 class=\"wp-block-heading\">O que \u00e9 o saque-anivers\u00e1rio do FGTS e como funciona atualmente<\/h2>\n\n\n<div class=\"wp-block-image\">\n<figure class=\"aligncenter size-large\"><img loading=\"lazy\" decoding=\"async\" width=\"1024\" height=\"576\" src=\"https:\/\/www.em.com.br\/emfoco\/wp-content\/uploads\/2025\/06\/Bubble_speech_with_cut_out_phrase_fgts_in_the_paper-1024x576.jpg\" alt=\"Nova regra do FGTS exige o seu planejamento para evitar perdas\" class=\"wp-image-56493\" srcset=\"https:\/\/www.em.com.br\/emfoco\/wp-content\/uploads\/2025\/06\/Bubble_speech_with_cut_out_phrase_fgts_in_the_paper-1024x576.jpg 1024w, https:\/\/www.em.com.br\/emfoco\/wp-content\/uploads\/2025\/06\/Bubble_speech_with_cut_out_phrase_fgts_in_the_paper-300x169.jpg 300w, https:\/\/www.em.com.br\/emfoco\/wp-content\/uploads\/2025\/06\/Bubble_speech_with_cut_out_phrase_fgts_in_the_paper-768x432.jpg 768w, https:\/\/www.em.com.br\/emfoco\/wp-content\/uploads\/2025\/06\/Bubble_speech_with_cut_out_phrase_fgts_in_the_paper-750x422.jpg 750w, https:\/\/www.em.com.br\/emfoco\/wp-content\/uploads\/2025\/06\/Bubble_speech_with_cut_out_phrase_fgts_in_the_paper-1140x642.jpg 1140w, https:\/\/www.em.com.br\/emfoco\/wp-content\/uploads\/2025\/06\/Bubble_speech_with_cut_out_phrase_fgts_in_the_paper.jpg 1279w\" sizes=\"auto, (max-width: 1024px) 100vw, 1024px\" \/><figcaption class=\"wp-element-caption\">Saque-anivers\u00e1rio enfraquece e dificulta acesso ao cr\u00e9dito &#8211; Cr\u00e9ditos: depositphotos.com \/ fernandokazuo<\/figcaption><\/figure><\/div>\n\n\n<p>O <a href=\"http:\/\/www.caixa.gov.br\/beneficios-trabalhador\/fgts\/Paginas\/default.aspx\" target=\"_blank\" rel=\"noreferrer noopener\">saque-anivers\u00e1rio do <strong>FGTS<\/strong><\/a><strong> <\/strong>permite que o trabalhador retire, todos os anos, uma parte do saldo de suas contas ativas e inativas, no m\u00eas de anivers\u00e1rio ou em per\u00edodo pr\u00f3ximo. Quem opta por essa modalidade abre m\u00e3o do saque integral em caso de demiss\u00e3o sem justa causa, mantendo apenas o direito \u00e0 multa rescis\u00f3ria.<\/p>\n\n\n\n<p>Com a populariza\u00e7\u00e3o do modelo, surgiu a antecipa\u00e7\u00e3o do saque-anivers\u00e1rio, em que o banco adianta, de uma s\u00f3 vez, parcelas que seriam recebidas ano a ano. O pagamento \u00e9 garantido pelo pr\u00f3prio <strong>FGTS<\/strong>, o que reduz o risco para as institui\u00e7\u00f5es e, em teoria, possibilita juros menores que em outras linhas de cr\u00e9dito pessoais.<\/p>\n\n\n\n<h2 class=\"wp-block-heading\">Por que o saque-anivers\u00e1rio pode se tornar menos atrativo para os bancos<\/h2>\n\n\n\n<p>Associa\u00e7\u00f5es de bancos e financeiras projetam que, mantidas as mudan\u00e7as recentes, o acesso \u00e0 antecipa\u00e7\u00e3o pode cair para cerca de 5% do volume anterior, reduzindo a atratividade da opera\u00e7\u00e3o. Menos contratos e t\u00edquetes menores significam perda de escala e aumento relativo de custos administrativos.<\/p>\n\n\n\n<p>Os dados mostram que aproximadamente 74% dos contratantes da antecipa\u00e7\u00e3o estavam negativados, sem acesso a outras modalidades de cr\u00e9dito formal. Entre os 37 milh\u00f5es de trabalhadores que aderiram ao saque-anivers\u00e1rio, 26 milh\u00f5es contrataram antecipa\u00e7\u00e3o, e cerca de 9 milh\u00f5es estavam desempregados, usando o <strong>FGTS <\/strong>como \u00fanica forma de levantar recursos.<\/p>\n\n\n\n<h2 class=\"wp-block-heading\">Quem mais depende da antecipa\u00e7\u00e3o do FGTS para conseguir cr\u00e9dito<\/h2>\n\n\n\n<p>O uso da antecipa\u00e7\u00e3o se concentra em trabalhadores com restri\u00e7\u00e3o cadastral ou renda limitada, que costumam ter pedidos de cr\u00e9dito rejeitados em outros canais. Estimativas indicam que apenas cerca de 25% dos brasileiros com emprego formal t\u00eam solicita\u00e7\u00f5es de financiamento aprovadas pelos bancos, o que revela um mercado bastante seletivo.<\/p>\n\n\n\n<p>Nesse contexto, o <strong>FGTS <\/strong>\u00e9 usado como garantia de empr\u00e9stimo para quem n\u00e3o teria acesso a linhas tradicionais, pois os recursos s\u00e3o descontados diretamente do fundo. Apesar do custo financeiro, a taxa costuma ser inferior \u00e0 de produtos para negativados, como cr\u00e9dito pessoal sem garantia, o que torna essa op\u00e7\u00e3o mais competitiva para esse p\u00fablico.<\/p>\n\n\n\n<p>Leia mais: <a href=\"https:\/\/www.em.com.br\/emfoco\/2025\/12\/06\/veja-como-acessar-seu-fgts-pelo-aplicativo-e-evitar-filas-na-caixa\/\" target=\"_blank\" rel=\"noreferrer noopener\">Veja como acessar seu FGTS pelo aplicativo e evitar filas na Caixa<\/a><\/p>\n\n\n\n<h2 class=\"wp-block-heading\">Quais s\u00e3o as novas regras do saque-anivers\u00e1rio e da antecipa\u00e7\u00e3o<\/h2>\n\n\n\n<p>As regras atuais imp\u00f5em limites mais r\u00edgidos ao uso da antecipa\u00e7\u00e3o do saque-anivers\u00e1rio, reduzindo o valor total dispon\u00edvel para empr\u00e9stimo. Para os bancos, contratos de menor valor implicam menor receita por opera\u00e7\u00e3o, o que pode levar parte das institui\u00e7\u00f5es a reduzir ou abandonar essa linha de cr\u00e9dito.<\/p>\n\n\n\n<p>Entre as principais mudan\u00e7as anunciadas, destacam-se as seguintes limita\u00e7\u00f5es operacionais impostas aos trabalhadores que optarem pela antecipa\u00e7\u00e3o:<\/p>\n\n\n\n<ul class=\"wp-block-list\">\n<li>Autoriza\u00e7\u00e3o de apenas uma opera\u00e7\u00e3o de antecipa\u00e7\u00e3o por ano para cada benefici\u00e1rio.<\/li>\n\n\n\n<li>Car\u00eancia m\u00ednima de 90 dias ap\u00f3s a ades\u00e3o ao saque-anivers\u00e1rio para contratar a antecipa\u00e7\u00e3o.<\/li>\n\n\n\n<li>Possibilidade de antecipar no m\u00e1ximo cinco parcelas anuais entre novembro de 2025 e outubro de 2026.<\/li>\n\n\n\n<li>A partir de novembro de 2026, limite de tr\u00eas parcelas anuais por opera\u00e7\u00e3o.<\/li>\n\n\n\n<li>Cada parcela antecipada deve ficar entre R$ 100 e R$ 500.<\/li>\n<\/ul>\n\n\n\n<h2 class=\"wp-block-heading\">Qual \u00e9 a justificativa do governo para endurecer as regras<\/h2>\n\n\n<div class=\"wp-block-image\">\n<figure class=\"aligncenter size-large\"><img loading=\"lazy\" decoding=\"async\" width=\"1024\" height=\"576\" src=\"https:\/\/www.em.com.br\/emfoco\/wp-content\/uploads\/2025\/12\/imagem_2025-11-23_061625192-e1764693899269-1024x576.png\" alt=\"Como economizar para um fundo de emerg\u00eancia mesmo com pouco dinheiro\" class=\"wp-image-134565\" srcset=\"https:\/\/www.em.com.br\/emfoco\/wp-content\/uploads\/2025\/12\/imagem_2025-11-23_061625192-e1764693899269-1024x576.png 1024w, https:\/\/www.em.com.br\/emfoco\/wp-content\/uploads\/2025\/12\/imagem_2025-11-23_061625192-e1764693899269-300x169.png 300w, https:\/\/www.em.com.br\/emfoco\/wp-content\/uploads\/2025\/12\/imagem_2025-11-23_061625192-e1764693899269-768x432.png 768w, https:\/\/www.em.com.br\/emfoco\/wp-content\/uploads\/2025\/12\/imagem_2025-11-23_061625192-e1764693899269-750x422.png 750w, https:\/\/www.em.com.br\/emfoco\/wp-content\/uploads\/2025\/12\/imagem_2025-11-23_061625192-e1764693899269-1140x641.png 1140w, https:\/\/www.em.com.br\/emfoco\/wp-content\/uploads\/2025\/12\/imagem_2025-11-23_061625192-e1764693899269.png 1280w\" sizes=\"auto, (max-width: 1024px) 100vw, 1024px\" \/><figcaption class=\"wp-element-caption\">Saque-anivers\u00e1rio enfraquece e dificulta acesso ao cr\u00e9dito<\/figcaption><\/figure><\/div>\n\n\n<p>O governo federal argumenta que \u00e9 preciso preservar o objetivo original do <strong>FGTS<\/strong>, criado como reserva de seguran\u00e7a para demiss\u00e3o sem justa causa, doen\u00e7as graves, aposentadoria ou compra da casa pr\u00f3pria. A ampla utiliza\u00e7\u00e3o do saldo como garantia de cr\u00e9dito poderia comprometer essa fun\u00e7\u00e3o protetiva e aumentar a vulnerabilidade em situa\u00e7\u00f5es de crise.<\/p>\n\n\n\n<p>Ao restringir a antecipa\u00e7\u00e3o, a inten\u00e7\u00e3o \u00e9 manter no <strong>FGTS <\/strong>uma base de recursos suficiente para assegurar renda em momentos de emerg\u00eancia. A equipe econ\u00f4mica teme que a antecipa\u00e7\u00e3o em massa deixe muitos trabalhadores sem saldo dispon\u00edvel em demiss\u00f5es ou tratamentos de sa\u00fade, pressionando ainda mais a rede de prote\u00e7\u00e3o social.<\/p>\n\n\n\n<p>Leia mais: <a href=\"https:\/\/www.em.com.br\/emfoco\/2025\/11\/26\/veja-quando-voce-pode-sacar-o-fgts-e-como-solicitar-direto-pelo-celular\/\" target=\"_blank\" rel=\"noreferrer noopener\">Veja quando voc\u00ea pode sacar o FGTS e como solicitar direto pelo celular<\/a><\/p>\n\n\n\n<h2 class=\"wp-block-heading\">Como o trabalhador pode avaliar se o saque-anivers\u00e1rio ainda compensa<\/h2>\n\n\n\n<p>Com as novas regras, a decis\u00e3o de aderir ao saque-anivers\u00e1rio exige an\u00e1lise mais cuidadosa e planejamento financeiro. \u00c9 importante avaliar estabilidade no emprego, n\u00edvel de endividamento, custo do cr\u00e9dito e a real necessidade de recursos, considerando que a modalidade reduz o acesso ao saque integral em caso de demiss\u00e3o.<\/p>\n\n\n\n<p>Para organizar essa avalia\u00e7\u00e3o, o trabalhador pode refletir sobre alguns pontos pr\u00e1ticos antes de optar pela modalidade ou pela antecipa\u00e7\u00e3o:<\/p>\n\n\n\n<ol class=\"wp-block-list\">\n<li><strong>Estabilidade no emprego:<\/strong> setores com alta rotatividade aumentam o risco de falta do saque integral.<\/li>\n\n\n\n<li><strong>Endividamento atual:<\/strong> muitos compromissos podem tornar o <strong>FGTS <\/strong>a \u00fanica reserva dispon\u00edvel.<\/li>\n\n\n\n<li><strong>Custo do cr\u00e9dito:<\/strong> comparar a taxa da antecipa\u00e7\u00e3o com outras alternativas acess\u00edveis.<\/li>\n\n\n\n<li><strong>Urg\u00eancia da despesa:<\/strong> evitar antecipar m\u00faltiplas parcelas para gastos n\u00e3o essenciais.<\/li>\n<\/ol>\n","protected":false},"excerpt":{"rendered":"<p>O saque-anivers\u00e1rio do FGTS, criado como alternativa de acesso ao saldo do fundo, passa por mudan\u00e7as que tendem a reduzir de forma significativa seu alcance entre os trabalhadores, ao mesmo tempo em que reacendem o debate entre preservar o patrim\u00f4nio do trabalhador e manter uma oferta de cr\u00e9dito mais acess\u00edvel. O que \u00e9 o saque-anivers\u00e1rio [&hellip;]<\/p>\n","protected":false},"author":20,"featured_media":56495,"comment_status":"open","ping_status":"open","sticky":false,"template":"","format":"standard","meta":{"jnews-multi-image_gallery":[],"jnews_single_post":{"format":"standard"},"jnews_primary_category":[],"jnews_social_meta":[],"jnews_override_counter":[],"footnotes":""},"categories":[28,1],"tags":[862,1036,9787],"class_list":["post-139826","post","type-post","status-publish","format-standard","has-post-thumbnail","hentry","category-economia","category-noticias","tag-credito","tag-fgts","tag-saque-aniversario-2"],"yoast_head":"<!-- This site is optimized with the Yoast SEO plugin v23.8 - https:\/\/yoast.com\/wordpress\/plugins\/seo\/ -->\n<title>Saque-anivers\u00e1rio do FGTS perde for\u00e7a e pode deixar cr\u00e9dito mais dif\u00edcil para milh\u00f5es de brasileiros - Estado de Minas - Em foco<\/title>\n<meta name=\"description\" content=\"Saque-anivers\u00e1rio do FGTS perde for\u00e7a e pode dificultar cr\u00e9dito para milh\u00f5es de brasileiros, afetando acesso a empr\u00e9stimos e planejamento financeiro.\" \/>\n<meta name=\"robots\" content=\"index, follow, max-snippet:-1, max-image-preview:large, max-video-preview:-1\" \/>\n<link rel=\"canonical\" href=\"https:\/\/www.em.com.br\/emfoco\/2025\/12\/13\/saque-aniversario-do-fgts-perde-forca-e-pode-deixar-credito-mais-dificil-para-milhoes-de-brasileiros\/\" \/>\n<meta property=\"og:locale\" content=\"pt_BR\" \/>\n<meta property=\"og:type\" content=\"article\" \/>\n<meta property=\"og:title\" content=\"Saque-anivers\u00e1rio do FGTS perde for\u00e7a e pode deixar cr\u00e9dito mais dif\u00edcil para milh\u00f5es de brasileiros - Estado de Minas - Em foco\" \/>\n<meta property=\"og:description\" content=\"Saque-anivers\u00e1rio do FGTS perde for\u00e7a e pode dificultar cr\u00e9dito para milh\u00f5es de brasileiros, afetando acesso a empr\u00e9stimos e planejamento financeiro.\" \/>\n<meta property=\"og:url\" content=\"https:\/\/www.em.com.br\/emfoco\/2025\/12\/13\/saque-aniversario-do-fgts-perde-forca-e-pode-deixar-credito-mais-dificil-para-milhoes-de-brasileiros\/\" \/>\n<meta property=\"og:site_name\" content=\"Estado de Minas - Em foco\" \/>\n<meta property=\"article:published_time\" content=\"2025-12-14T00:55:00+00:00\" \/>\n<meta property=\"article:modified_time\" content=\"2025-12-12T21:26:30+00:00\" \/>\n<meta property=\"og:image\" content=\"https:\/\/www.em.com.br\/emfoco\/wp-content\/uploads\/2025\/06\/FGTS_1749151209424.jpg\" \/>\n\t<meta property=\"og:image:width\" content=\"1280\" \/>\n\t<meta property=\"og:image:height\" content=\"720\" \/>\n\t<meta property=\"og:image:type\" content=\"image\/jpeg\" \/>\n<meta name=\"author\" content=\"Ingrid Diniz\" \/>\n<meta name=\"twitter:card\" content=\"summary_large_image\" \/>\n<meta name=\"twitter:label1\" content=\"Escrito por\" \/>\n\t<meta name=\"twitter:data1\" content=\"Ingrid Diniz\" \/>\n\t<meta name=\"twitter:label2\" content=\"Est. tempo de leitura\" \/>\n\t<meta name=\"twitter:data2\" content=\"6 minutos\" \/>\n<!-- \/ Yoast SEO plugin. -->","yoast_head_json":{"title":"Saque-anivers\u00e1rio do FGTS perde for\u00e7a e pode deixar cr\u00e9dito mais dif\u00edcil para milh\u00f5es de brasileiros - Estado de Minas - Em foco","description":"Saque-anivers\u00e1rio do FGTS perde for\u00e7a e pode dificultar cr\u00e9dito para milh\u00f5es de brasileiros, afetando acesso a empr\u00e9stimos e planejamento financeiro.","robots":{"index":"index","follow":"follow","max-snippet":"max-snippet:-1","max-image-preview":"max-image-preview:large","max-video-preview":"max-video-preview:-1"},"canonical":"https:\/\/www.em.com.br\/emfoco\/2025\/12\/13\/saque-aniversario-do-fgts-perde-forca-e-pode-deixar-credito-mais-dificil-para-milhoes-de-brasileiros\/","og_locale":"pt_BR","og_type":"article","og_title":"Saque-anivers\u00e1rio do FGTS perde for\u00e7a e pode deixar cr\u00e9dito mais dif\u00edcil para milh\u00f5es de brasileiros - Estado de Minas - Em foco","og_description":"Saque-anivers\u00e1rio do FGTS perde for\u00e7a e pode dificultar cr\u00e9dito para milh\u00f5es de brasileiros, afetando acesso a empr\u00e9stimos e planejamento financeiro.","og_url":"https:\/\/www.em.com.br\/emfoco\/2025\/12\/13\/saque-aniversario-do-fgts-perde-forca-e-pode-deixar-credito-mais-dificil-para-milhoes-de-brasileiros\/","og_site_name":"Estado de Minas - Em foco","article_published_time":"2025-12-14T00:55:00+00:00","article_modified_time":"2025-12-12T21:26:30+00:00","og_image":[{"width":1280,"height":720,"url":"https:\/\/www.em.com.br\/emfoco\/wp-content\/uploads\/2025\/06\/FGTS_1749151209424.jpg","type":"image\/jpeg"}],"author":"Ingrid Diniz","twitter_card":"summary_large_image","twitter_misc":{"Escrito por":"Ingrid Diniz","Est. tempo de leitura":"6 minutos"},"schema":{"@context":"https:\/\/schema.org","@graph":[{"@type":"WebPage","@id":"https:\/\/www.em.com.br\/emfoco\/2025\/12\/13\/saque-aniversario-do-fgts-perde-forca-e-pode-deixar-credito-mais-dificil-para-milhoes-de-brasileiros\/","url":"https:\/\/www.em.com.br\/emfoco\/2025\/12\/13\/saque-aniversario-do-fgts-perde-forca-e-pode-deixar-credito-mais-dificil-para-milhoes-de-brasileiros\/","name":"Saque-anivers\u00e1rio do FGTS perde for\u00e7a e pode deixar cr\u00e9dito mais dif\u00edcil para milh\u00f5es de brasileiros - Estado de Minas - Em foco","isPartOf":{"@id":"https:\/\/www.em.com.br\/emfoco\/#website"},"primaryImageOfPage":{"@id":"https:\/\/www.em.com.br\/emfoco\/2025\/12\/13\/saque-aniversario-do-fgts-perde-forca-e-pode-deixar-credito-mais-dificil-para-milhoes-de-brasileiros\/#primaryimage"},"image":{"@id":"https:\/\/www.em.com.br\/emfoco\/2025\/12\/13\/saque-aniversario-do-fgts-perde-forca-e-pode-deixar-credito-mais-dificil-para-milhoes-de-brasileiros\/#primaryimage"},"thumbnailUrl":"https:\/\/www.em.com.br\/emfoco\/wp-content\/uploads\/2025\/06\/FGTS_1749151209424.jpg","datePublished":"2025-12-14T00:55:00+00:00","dateModified":"2025-12-12T21:26:30+00:00","author":{"@id":"https:\/\/www.em.com.br\/emfoco\/#\/schema\/person\/649e610b4eb8fff87ff394e54fe17b2b"},"description":"Saque-anivers\u00e1rio do FGTS perde for\u00e7a e pode dificultar cr\u00e9dito para milh\u00f5es de brasileiros, afetando acesso a empr\u00e9stimos e planejamento financeiro.","breadcrumb":{"@id":"https:\/\/www.em.com.br\/emfoco\/2025\/12\/13\/saque-aniversario-do-fgts-perde-forca-e-pode-deixar-credito-mais-dificil-para-milhoes-de-brasileiros\/#breadcrumb"},"inLanguage":"pt-BR","potentialAction":[{"@type":"ReadAction","target":["https:\/\/www.em.com.br\/emfoco\/2025\/12\/13\/saque-aniversario-do-fgts-perde-forca-e-pode-deixar-credito-mais-dificil-para-milhoes-de-brasileiros\/"]}]},{"@type":"ImageObject","inLanguage":"pt-BR","@id":"https:\/\/www.em.com.br\/emfoco\/2025\/12\/13\/saque-aniversario-do-fgts-perde-forca-e-pode-deixar-credito-mais-dificil-para-milhoes-de-brasileiros\/#primaryimage","url":"https:\/\/www.em.com.br\/emfoco\/wp-content\/uploads\/2025\/06\/FGTS_1749151209424.jpg","contentUrl":"https:\/\/www.em.com.br\/emfoco\/wp-content\/uploads\/2025\/06\/FGTS_1749151209424.jpg","width":1280,"height":720,"caption":"Moradores de Manga t\u00eam direito a saque de at\u00e9 R$ 6.220 do FGTS - Cr\u00e9ditos: depositphotos.com \/ rafapress"},{"@type":"BreadcrumbList","@id":"https:\/\/www.em.com.br\/emfoco\/2025\/12\/13\/saque-aniversario-do-fgts-perde-forca-e-pode-deixar-credito-mais-dificil-para-milhoes-de-brasileiros\/#breadcrumb","itemListElement":[{"@type":"ListItem","position":1,"name":"In\u00edcio","item":"https:\/\/www.em.com.br\/emfoco\/"},{"@type":"ListItem","position":2,"name":"Saque-anivers\u00e1rio do FGTS perde for\u00e7a e pode deixar cr\u00e9dito mais dif\u00edcil para milh\u00f5es de brasileiros"}]},{"@type":"WebSite","@id":"https:\/\/www.em.com.br\/emfoco\/#website","url":"https:\/\/www.em.com.br\/emfoco\/","name":"Estado de Minas - Em foco","description":"Acompanhe as \u00faltimas not\u00edcias e fique bem informado sobre tudo o que acontece em Minas Gerais, Brasil e no mundo.","potentialAction":[{"@type":"SearchAction","target":{"@type":"EntryPoint","urlTemplate":"https:\/\/www.em.com.br\/emfoco\/?s={search_term_string}"},"query-input":{"@type":"PropertyValueSpecification","valueRequired":true,"valueName":"search_term_string"}}],"inLanguage":"pt-BR"},{"@type":"Person","@id":"https:\/\/www.em.com.br\/emfoco\/#\/schema\/person\/649e610b4eb8fff87ff394e54fe17b2b","name":"Ingrid Diniz","image":{"@type":"ImageObject","inLanguage":"pt-BR","@id":"https:\/\/www.em.com.br\/emfoco\/#\/schema\/person\/image\/","url":"https:\/\/secure.gravatar.com\/avatar\/a3baa1449ec5c39b4c42babc9d4f3951?s=96&d=mm&r=g","contentUrl":"https:\/\/secure.gravatar.com\/avatar\/a3baa1449ec5c39b4c42babc9d4f3951?s=96&d=mm&r=g","caption":"Ingrid Diniz"},"sameAs":["https:\/\/www.em.com.br\/"],"url":"https:\/\/www.em.com.br\/emfoco\/author\/ingridmyth\/"}]}},"_links":{"self":[{"href":"https:\/\/www.em.com.br\/emfoco\/wp-json\/wp\/v2\/posts\/139826","targetHints":{"allow":["GET"]}}],"collection":[{"href":"https:\/\/www.em.com.br\/emfoco\/wp-json\/wp\/v2\/posts"}],"about":[{"href":"https:\/\/www.em.com.br\/emfoco\/wp-json\/wp\/v2\/types\/post"}],"author":[{"embeddable":true,"href":"https:\/\/www.em.com.br\/emfoco\/wp-json\/wp\/v2\/users\/20"}],"replies":[{"embeddable":true,"href":"https:\/\/www.em.com.br\/emfoco\/wp-json\/wp\/v2\/comments?post=139826"}],"version-history":[{"count":1,"href":"https:\/\/www.em.com.br\/emfoco\/wp-json\/wp\/v2\/posts\/139826\/revisions"}],"predecessor-version":[{"id":139886,"href":"https:\/\/www.em.com.br\/emfoco\/wp-json\/wp\/v2\/posts\/139826\/revisions\/139886"}],"wp:featuredmedia":[{"embeddable":true,"href":"https:\/\/www.em.com.br\/emfoco\/wp-json\/wp\/v2\/media\/56495"}],"wp:attachment":[{"href":"https:\/\/www.em.com.br\/emfoco\/wp-json\/wp\/v2\/media?parent=139826"}],"wp:term":[{"taxonomy":"category","embeddable":true,"href":"https:\/\/www.em.com.br\/emfoco\/wp-json\/wp\/v2\/categories?post=139826"},{"taxonomy":"post_tag","embeddable":true,"href":"https:\/\/www.em.com.br\/emfoco\/wp-json\/wp\/v2\/tags?post=139826"}],"curies":[{"name":"wp","href":"https:\/\/api.w.org\/{rel}","templated":true}]}}