{"id":139773,"date":"2025-12-13T11:45:00","date_gmt":"2025-12-13T14:45:00","guid":{"rendered":"https:\/\/www.em.com.br\/emfoco\/?p=139773"},"modified":"2025-12-12T16:30:16","modified_gmt":"2025-12-12T19:30:16","slug":"quer-acertar-no-natal-tv-4k-de-50-polegadas-vira-destaque-por-apenas-r-2-100","status":"publish","type":"post","link":"https:\/\/www.em.com.br\/emfoco\/2025\/12\/13\/quer-acertar-no-natal-tv-4k-de-50-polegadas-vira-destaque-por-apenas-r-2-100\/","title":{"rendered":"Quer acertar no Natal? TV 4K de 50 polegadas vira destaque por apenas R$ 2.100"},"content":{"rendered":"\n<p>Uma <strong>Smart TV Samsung 4K de 50 polegadas<\/strong> com painel QLED e recursos de intelig\u00eancia artificial passou a chamar aten\u00e7\u00e3o em 2025 por reunir imagem avan\u00e7ada, conectividade e pre\u00e7o promocional, atraindo quem planeja trocar de TV ou comprar um presente de fim de ano.<\/p>\n\n\n\n<h2 class=\"wp-block-heading\">O que a Smart TV Samsung 4K de 50 polegadas entrega na pr\u00e1tica<\/h2>\n\n\n<div class=\"wp-block-image\">\n<figure class=\"aligncenter size-large\"><img loading=\"lazy\" decoding=\"async\" width=\"1024\" height=\"576\" src=\"https:\/\/www.em.com.br\/emfoco\/wp-content\/uploads\/2025\/10\/tv-smart_1761137254381-1024x576.jpg\" alt=\"\" class=\"wp-image-121770\" srcset=\"https:\/\/www.em.com.br\/emfoco\/wp-content\/uploads\/2025\/10\/tv-smart_1761137254381-1024x576.jpg 1024w, https:\/\/www.em.com.br\/emfoco\/wp-content\/uploads\/2025\/10\/tv-smart_1761137254381-300x169.jpg 300w, https:\/\/www.em.com.br\/emfoco\/wp-content\/uploads\/2025\/10\/tv-smart_1761137254381-768x432.jpg 768w, https:\/\/www.em.com.br\/emfoco\/wp-content\/uploads\/2025\/10\/tv-smart_1761137254381-750x422.jpg 750w, https:\/\/www.em.com.br\/emfoco\/wp-content\/uploads\/2025\/10\/tv-smart_1761137254381-1140x641.jpg 1140w, https:\/\/www.em.com.br\/emfoco\/wp-content\/uploads\/2025\/10\/tv-smart_1761137254381.jpg 1280w\" sizes=\"auto, (max-width: 1024px) 100vw, 1024px\" \/><figcaption class=\"wp-element-caption\">TV 4K de 50\u2033 barata vira destaque no Natal &#8211; Cr\u00e9ditos: depositphotos.com \/ mproduction<\/figcaption><\/figure><\/div>\n\n\n<p>A <strong><a href=\"https:\/\/www.samsung.com\/br\/\" target=\"_blank\" rel=\"noreferrer noopener\">Smart TV Samsung Vision AI QLED Q7F<\/a><\/strong> oferece resolu\u00e7\u00e3o 4K, o que significa quatro vezes mais pixels que o <strong>Full HD<\/strong>. Esse ganho aparece principalmente em filmes, esportes e s\u00e9ries gravadas em alta defini\u00e7\u00e3o, enquanto conte\u00fados mais antigos dependem do processamento interno para melhorar a nitidez.<\/p>\n\n\n\n<p>O design com bordas finas cria sensa\u00e7\u00e3o de tela maior e facilita a integra\u00e7\u00e3o em diferentes ambientes. Para uma TV de 50 polegadas em 4K, a dist\u00e2ncia de visualiza\u00e7\u00e3o costuma variar entre 1,5 m e 2,5 m, dependendo do conforto visual e do tipo de conte\u00fado assistido.<\/p>\n\n\n\n<h2 class=\"wp-block-heading\">Como o painel QLED e o HDR influenciam a qualidade da imagem<\/h2>\n\n\n\n<p>O painel QLED utiliza pontos qu\u00e2nticos para ampliar a gama de cores, buscando tons mais vivos e consistentes. A certifica\u00e7\u00e3o Pantone refor\u00e7a a fidelidade crom\u00e1tica, algo relevante para quem consome filmes, s\u00e9ries e esportes com fotografia mais trabalhada.<\/p>\n\n\n\n<p>O suporte ao HDR10 ajuda a equilibrar brilho e contraste, especialmente em cenas claras e escuras. Em ambientes iluminados, o brilho elevado do QLED tende a reduzir reflexos, embora a posi\u00e7\u00e3o da TV e a ilumina\u00e7\u00e3o do c\u00f4modo continuem sendo fatores decisivos na experi\u00eancia final.<\/p>\n\n\n\n<h2 class=\"wp-block-heading\">Qual \u00e9 o papel da intelig\u00eancia artificial no processador Q4 AI<\/h2>\n\n\n\n<p>O processador <strong>Q4 AI<\/strong> \u00e9 respons\u00e1vel por aplicar algoritmos de intelig\u00eancia artificial para ajustar nitidez, cores e escalonamento de imagem em tempo real. Na pr\u00e1tica, ele tenta aproximar conte\u00fados de menor resolu\u00e7\u00e3o do padr\u00e3o 4K, sem alterar radicalmente o material original.<\/p>\n\n\n\n<p>Recursos como <strong>Color Booster Pro e Modo Game AI<\/strong> fazem parte desse pacote. A <strong>IA <\/strong>atua como um conjunto de ajustes autom\u00e1ticos, que podem ser regulados ou desativados pelo usu\u00e1rio, permitindo escolher entre uma imagem mais tratada ou mais neutra.<\/p>\n\n\n\n<p>Leia mais: <a href=\"https:\/\/www.em.com.br\/emfoco\/2025\/11\/01\/tablet-vs-notebook-entenda-qual-dispositivo-tem-melhor-custo-beneficio-no-estudo\/\" target=\"_blank\" rel=\"noreferrer noopener\">Tablet vs notebook, entenda qual dispositivo tem melhor custo-benef\u00edcio no estudo<\/a><\/p>\n\n\n\n<h2 class=\"wp-block-heading\">A Smart TV Samsung funciona bem para jogos e streaming?<\/h2>\n\n\n\n<p>A <strong>Vision AI QLED Q7F inclui o Gaming Hub<\/strong>, que re\u00fane servi\u00e7os de jogos em nuvem, como <strong>Xbox Cloud Gaming<\/strong>. Isso permite jogar sem console f\u00edsico, desde que a conex\u00e3o com a internet seja est\u00e1vel e r\u00e1pida.<\/p>\n\n\n\n<p>Al\u00e9m disso, a TV conta com tr\u00eas entradas <strong>HDMI, Wi-Fi 5 e Bluetooth 5.3<\/strong>, facilitando a conex\u00e3o de consoles, PCs, soundbars e controles. O Modo Game AI busca reduzir atrasos de resposta, embora jogadores mais exigentes ainda comparem a experi\u00eancia com monitores dedicados.<\/p>\n\n\n\n<h2 class=\"wp-block-heading\">Integra\u00e7\u00e3o com casa inteligente e sistema operacional<\/h2>\n\n\n<div class=\"wp-block-image\">\n<figure class=\"aligncenter size-large\"><img loading=\"lazy\" decoding=\"async\" width=\"1024\" height=\"576\" src=\"https:\/\/www.em.com.br\/emfoco\/wp-content\/uploads\/2025\/10\/tv_1761061072979-1024x576.jpg\" alt=\"Engenheiro ensina a proteger a TV e eletr\u00f4nicos de raios agora\" class=\"wp-image-120863\" srcset=\"https:\/\/www.em.com.br\/emfoco\/wp-content\/uploads\/2025\/10\/tv_1761061072979-1024x576.jpg 1024w, https:\/\/www.em.com.br\/emfoco\/wp-content\/uploads\/2025\/10\/tv_1761061072979-300x169.jpg 300w, https:\/\/www.em.com.br\/emfoco\/wp-content\/uploads\/2025\/10\/tv_1761061072979-768x432.jpg 768w, https:\/\/www.em.com.br\/emfoco\/wp-content\/uploads\/2025\/10\/tv_1761061072979-750x422.jpg 750w, https:\/\/www.em.com.br\/emfoco\/wp-content\/uploads\/2025\/10\/tv_1761061072979-1140x641.jpg 1140w, https:\/\/www.em.com.br\/emfoco\/wp-content\/uploads\/2025\/10\/tv_1761061072979.jpg 1280w\" sizes=\"auto, (max-width: 1024px) 100vw, 1024px\" \/><figcaption class=\"wp-element-caption\">TV 4K de 50\u2033 barata vira destaque no Natal &#8211; Cr\u00e9ditos: depositphotos.com \/ MingPhoto<\/figcaption><\/figure><\/div>\n\n\n<p>Rodando o sistema <strong>Tizen<\/strong>, a <strong>Smart TV<\/strong> oferece acesso a aplicativos populares de streaming e integra\u00e7\u00e3o com <strong>Alexa <\/strong>e <strong>Bixby<\/strong>. Comandos de voz permitem trocar conte\u00fados, ajustar volume e interagir com dispositivos compat\u00edveis de automa\u00e7\u00e3o residencial.<\/p>\n\n\n\n<p>Em casas conectadas, a TV pode funcionar como ponto central para visualizar c\u00e2meras, controlar ilumina\u00e7\u00e3o e acompanhar outros aparelhos inteligentes, ampliando seu uso al\u00e9m do entretenimento.<\/p>\n\n\n\n<p><strong>Principais recursos reunidos no modelo:<\/strong><\/p>\n\n\n\n<ul class=\"wp-block-list\">\n<li>Painel QLED 4K de 50\u201d com HDR10<\/li>\n\n\n\n<li>Processador Q4 AI com ajustes autom\u00e1ticos de imagem<\/li>\n\n\n\n<li>Gaming Hub para jogos em nuvem<\/li>\n\n\n\n<li>Sistema Tizen com assistentes de voz<\/li>\n\n\n\n<li>Wi-Fi 5, Bluetooth 5.3 e m\u00faltiplas entradas HDMI<\/li>\n<\/ul>\n\n\n\n<p>Leia mais: <a href=\"https:\/\/www.em.com.br\/emfoco\/2025\/03\/16\/celular-com-tres-telas-detector-de-deepfake-e-notebook-com-painel-solar-veja-as-novidades\/\" target=\"_blank\" rel=\"noreferrer noopener\">Celular com tr\u00eas telas, detector de deepfake e notebook com painel solar! Veja as novidades<\/a><\/p>\n\n\n\n<h2 class=\"wp-block-heading\">Pre\u00e7o, condi\u00e7\u00f5es de pagamento e posicionamento em 2025<\/h2>\n\n\n\n<p>Em promo\u00e7\u00f5es recentes, a <strong>Smart TV Samsung Vision AI QLED Q7F de 50 polegadas<\/strong> apareceu por cerca de R$ 2.099, abaixo do pre\u00e7o de lan\u00e7amento, que girava em torno de R$ 3.499. H\u00e1 ainda parcelamento sem juros, o que dilui o custo ao longo do tempo.<\/p>\n\n\n\n<p>O modelo acompanha o controle <strong>SolarCell<\/strong>, recarreg\u00e1vel por luz ambiente, reduzindo o uso de pilhas. No conjunto, a TV se posiciona como uma op\u00e7\u00e3o competitiva no segmento de 50 polegadas em 2025, especialmente para quem busca observar como recursos de intelig\u00eancia artificial e conectividade est\u00e3o sendo incorporados ao entretenimento dom\u00e9stico.<\/p>\n","protected":false},"excerpt":{"rendered":"<p>Uma Smart TV Samsung 4K de 50 polegadas com painel QLED e recursos de intelig\u00eancia artificial passou a chamar aten\u00e7\u00e3o em 2025 por reunir imagem avan\u00e7ada, conectividade e pre\u00e7o promocional, atraindo quem planeja trocar de TV ou comprar um presente de fim de ano. O que a Smart TV Samsung 4K de 50 polegadas entrega [&hellip;]<\/p>\n","protected":false},"author":20,"featured_media":139791,"comment_status":"open","ping_status":"open","sticky":false,"template":"","format":"standard","meta":{"jnews-multi-image_gallery":[],"jnews_single_post":{"format":"standard"},"jnews_primary_category":[],"jnews_social_meta":[],"jnews_override_counter":[],"footnotes":""},"categories":[28,1],"tags":[1292,14992,1509],"class_list":["post-139773","post","type-post","status-publish","format-standard","has-post-thumbnail","hentry","category-economia","category-noticias","tag-compra","tag-smart-tv","tag-televisao"],"yoast_head":"<!-- This site is optimized with the Yoast SEO plugin v23.8 - https:\/\/yoast.com\/wordpress\/plugins\/seo\/ -->\n<title>Quer acertar no Natal? TV 4K de 50 polegadas vira destaque por apenas R$ 2.100 - Estado de Minas - Em foco<\/title>\n<meta name=\"description\" content=\"TV 4K de 50 polegadas vira destaque no Natal por R$ 2.100, combinando tela grande, boa imagem e pre\u00e7o acess\u00edvel para presentear bem.\" \/>\n<meta name=\"robots\" content=\"index, follow, max-snippet:-1, max-image-preview:large, max-video-preview:-1\" \/>\n<link rel=\"canonical\" href=\"https:\/\/www.em.com.br\/emfoco\/2025\/12\/13\/quer-acertar-no-natal-tv-4k-de-50-polegadas-vira-destaque-por-apenas-r-2-100\/\" \/>\n<meta property=\"og:locale\" content=\"pt_BR\" \/>\n<meta property=\"og:type\" content=\"article\" \/>\n<meta property=\"og:title\" content=\"Quer acertar no Natal? TV 4K de 50 polegadas vira destaque por apenas R$ 2.100 - Estado de Minas - Em foco\" \/>\n<meta property=\"og:description\" content=\"TV 4K de 50 polegadas vira destaque no Natal por R$ 2.100, combinando tela grande, boa imagem e pre\u00e7o acess\u00edvel para presentear bem.\" \/>\n<meta property=\"og:url\" content=\"https:\/\/www.em.com.br\/emfoco\/2025\/12\/13\/quer-acertar-no-natal-tv-4k-de-50-polegadas-vira-destaque-por-apenas-r-2-100\/\" \/>\n<meta property=\"og:site_name\" content=\"Estado de Minas - Em foco\" \/>\n<meta property=\"article:published_time\" content=\"2025-12-13T14:45:00+00:00\" \/>\n<meta property=\"article:modified_time\" content=\"2025-12-12T19:30:16+00:00\" \/>\n<meta property=\"og:image\" content=\"https:\/\/www.em.com.br\/emfoco\/wp-content\/uploads\/2025\/12\/smart-tv_1764185939466.jpg\" \/>\n\t<meta property=\"og:image:width\" content=\"1280\" \/>\n\t<meta property=\"og:image:height\" content=\"720\" \/>\n\t<meta property=\"og:image:type\" content=\"image\/jpeg\" \/>\n<meta name=\"author\" content=\"Ingrid Diniz\" \/>\n<meta name=\"twitter:card\" content=\"summary_large_image\" \/>\n<meta name=\"twitter:label1\" content=\"Escrito por\" \/>\n\t<meta name=\"twitter:data1\" content=\"Ingrid Diniz\" \/>\n\t<meta name=\"twitter:label2\" content=\"Est. tempo de leitura\" \/>\n\t<meta name=\"twitter:data2\" content=\"5 minutos\" \/>\n<!-- \/ Yoast SEO plugin. -->","yoast_head_json":{"title":"Quer acertar no Natal? TV 4K de 50 polegadas vira destaque por apenas R$ 2.100 - Estado de Minas - Em foco","description":"TV 4K de 50 polegadas vira destaque no Natal por R$ 2.100, combinando tela grande, boa imagem e pre\u00e7o acess\u00edvel para presentear bem.","robots":{"index":"index","follow":"follow","max-snippet":"max-snippet:-1","max-image-preview":"max-image-preview:large","max-video-preview":"max-video-preview:-1"},"canonical":"https:\/\/www.em.com.br\/emfoco\/2025\/12\/13\/quer-acertar-no-natal-tv-4k-de-50-polegadas-vira-destaque-por-apenas-r-2-100\/","og_locale":"pt_BR","og_type":"article","og_title":"Quer acertar no Natal? TV 4K de 50 polegadas vira destaque por apenas R$ 2.100 - Estado de Minas - Em foco","og_description":"TV 4K de 50 polegadas vira destaque no Natal por R$ 2.100, combinando tela grande, boa imagem e pre\u00e7o acess\u00edvel para presentear bem.","og_url":"https:\/\/www.em.com.br\/emfoco\/2025\/12\/13\/quer-acertar-no-natal-tv-4k-de-50-polegadas-vira-destaque-por-apenas-r-2-100\/","og_site_name":"Estado de Minas - Em foco","article_published_time":"2025-12-13T14:45:00+00:00","article_modified_time":"2025-12-12T19:30:16+00:00","og_image":[{"width":1280,"height":720,"url":"https:\/\/www.em.com.br\/emfoco\/wp-content\/uploads\/2025\/12\/smart-tv_1764185939466.jpg","type":"image\/jpeg"}],"author":"Ingrid Diniz","twitter_card":"summary_large_image","twitter_misc":{"Escrito por":"Ingrid Diniz","Est. tempo de leitura":"5 minutos"},"schema":{"@context":"https:\/\/schema.org","@graph":[{"@type":"WebPage","@id":"https:\/\/www.em.com.br\/emfoco\/2025\/12\/13\/quer-acertar-no-natal-tv-4k-de-50-polegadas-vira-destaque-por-apenas-r-2-100\/","url":"https:\/\/www.em.com.br\/emfoco\/2025\/12\/13\/quer-acertar-no-natal-tv-4k-de-50-polegadas-vira-destaque-por-apenas-r-2-100\/","name":"Quer acertar no Natal? TV 4K de 50 polegadas vira destaque por apenas R$ 2.100 - Estado de Minas - Em foco","isPartOf":{"@id":"https:\/\/www.em.com.br\/emfoco\/#website"},"primaryImageOfPage":{"@id":"https:\/\/www.em.com.br\/emfoco\/2025\/12\/13\/quer-acertar-no-natal-tv-4k-de-50-polegadas-vira-destaque-por-apenas-r-2-100\/#primaryimage"},"image":{"@id":"https:\/\/www.em.com.br\/emfoco\/2025\/12\/13\/quer-acertar-no-natal-tv-4k-de-50-polegadas-vira-destaque-por-apenas-r-2-100\/#primaryimage"},"thumbnailUrl":"https:\/\/www.em.com.br\/emfoco\/wp-content\/uploads\/2025\/12\/smart-tv_1764185939466.jpg","datePublished":"2025-12-13T14:45:00+00:00","dateModified":"2025-12-12T19:30:16+00:00","author":{"@id":"https:\/\/www.em.com.br\/emfoco\/#\/schema\/person\/649e610b4eb8fff87ff394e54fe17b2b"},"description":"TV 4K de 50 polegadas vira destaque no Natal por R$ 2.100, combinando tela grande, boa imagem e pre\u00e7o acess\u00edvel para presentear bem.","breadcrumb":{"@id":"https:\/\/www.em.com.br\/emfoco\/2025\/12\/13\/quer-acertar-no-natal-tv-4k-de-50-polegadas-vira-destaque-por-apenas-r-2-100\/#breadcrumb"},"inLanguage":"pt-BR","potentialAction":[{"@type":"ReadAction","target":["https:\/\/www.em.com.br\/emfoco\/2025\/12\/13\/quer-acertar-no-natal-tv-4k-de-50-polegadas-vira-destaque-por-apenas-r-2-100\/"]}]},{"@type":"ImageObject","inLanguage":"pt-BR","@id":"https:\/\/www.em.com.br\/emfoco\/2025\/12\/13\/quer-acertar-no-natal-tv-4k-de-50-polegadas-vira-destaque-por-apenas-r-2-100\/#primaryimage","url":"https:\/\/www.em.com.br\/emfoco\/wp-content\/uploads\/2025\/12\/smart-tv_1764185939466.jpg","contentUrl":"https:\/\/www.em.com.br\/emfoco\/wp-content\/uploads\/2025\/12\/smart-tv_1764185939466.jpg","width":1280,"height":720,"caption":"TV 4K de 50\u2033 barata vira destaque no Natal - Cr\u00e9ditos: depositphotos.com \/ viperagp"},{"@type":"BreadcrumbList","@id":"https:\/\/www.em.com.br\/emfoco\/2025\/12\/13\/quer-acertar-no-natal-tv-4k-de-50-polegadas-vira-destaque-por-apenas-r-2-100\/#breadcrumb","itemListElement":[{"@type":"ListItem","position":1,"name":"In\u00edcio","item":"https:\/\/www.em.com.br\/emfoco\/"},{"@type":"ListItem","position":2,"name":"Quer acertar no Natal? TV 4K de 50 polegadas vira destaque por apenas R$ 2.100"}]},{"@type":"WebSite","@id":"https:\/\/www.em.com.br\/emfoco\/#website","url":"https:\/\/www.em.com.br\/emfoco\/","name":"Estado de Minas - Em foco","description":"Acompanhe as \u00faltimas not\u00edcias e fique bem informado sobre tudo o que acontece em Minas Gerais, Brasil e no mundo.","potentialAction":[{"@type":"SearchAction","target":{"@type":"EntryPoint","urlTemplate":"https:\/\/www.em.com.br\/emfoco\/?s={search_term_string}"},"query-input":{"@type":"PropertyValueSpecification","valueRequired":true,"valueName":"search_term_string"}}],"inLanguage":"pt-BR"},{"@type":"Person","@id":"https:\/\/www.em.com.br\/emfoco\/#\/schema\/person\/649e610b4eb8fff87ff394e54fe17b2b","name":"Ingrid Diniz","image":{"@type":"ImageObject","inLanguage":"pt-BR","@id":"https:\/\/www.em.com.br\/emfoco\/#\/schema\/person\/image\/","url":"https:\/\/secure.gravatar.com\/avatar\/a3baa1449ec5c39b4c42babc9d4f3951?s=96&d=mm&r=g","contentUrl":"https:\/\/secure.gravatar.com\/avatar\/a3baa1449ec5c39b4c42babc9d4f3951?s=96&d=mm&r=g","caption":"Ingrid Diniz"},"sameAs":["https:\/\/www.em.com.br\/"],"url":"https:\/\/www.em.com.br\/emfoco\/author\/ingridmyth\/"}]}},"_links":{"self":[{"href":"https:\/\/www.em.com.br\/emfoco\/wp-json\/wp\/v2\/posts\/139773","targetHints":{"allow":["GET"]}}],"collection":[{"href":"https:\/\/www.em.com.br\/emfoco\/wp-json\/wp\/v2\/posts"}],"about":[{"href":"https:\/\/www.em.com.br\/emfoco\/wp-json\/wp\/v2\/types\/post"}],"author":[{"embeddable":true,"href":"https:\/\/www.em.com.br\/emfoco\/wp-json\/wp\/v2\/users\/20"}],"replies":[{"embeddable":true,"href":"https:\/\/www.em.com.br\/emfoco\/wp-json\/wp\/v2\/comments?post=139773"}],"version-history":[{"count":1,"href":"https:\/\/www.em.com.br\/emfoco\/wp-json\/wp\/v2\/posts\/139773\/revisions"}],"predecessor-version":[{"id":139793,"href":"https:\/\/www.em.com.br\/emfoco\/wp-json\/wp\/v2\/posts\/139773\/revisions\/139793"}],"wp:featuredmedia":[{"embeddable":true,"href":"https:\/\/www.em.com.br\/emfoco\/wp-json\/wp\/v2\/media\/139791"}],"wp:attachment":[{"href":"https:\/\/www.em.com.br\/emfoco\/wp-json\/wp\/v2\/media?parent=139773"}],"wp:term":[{"taxonomy":"category","embeddable":true,"href":"https:\/\/www.em.com.br\/emfoco\/wp-json\/wp\/v2\/categories?post=139773"},{"taxonomy":"post_tag","embeddable":true,"href":"https:\/\/www.em.com.br\/emfoco\/wp-json\/wp\/v2\/tags?post=139773"}],"curies":[{"name":"wp","href":"https:\/\/api.w.org\/{rel}","templated":true}]}}