{"id":139765,"date":"2025-12-13T07:15:00","date_gmt":"2025-12-13T10:15:00","guid":{"rendered":"https:\/\/www.em.com.br\/emfoco\/?p=139765"},"modified":"2025-12-12T15:59:14","modified_gmt":"2025-12-12T18:59:14","slug":"mais-de-4-milhoes-de-familias-recebem-auxilio-gas-de-r-110-a-partir-desta-semana","status":"publish","type":"post","link":"https:\/\/www.em.com.br\/emfoco\/2025\/12\/13\/mais-de-4-milhoes-de-familias-recebem-auxilio-gas-de-r-110-a-partir-desta-semana\/","title":{"rendered":"Mais de 4 milh\u00f5es de fam\u00edlias recebem Aux\u00edlio G\u00e1s de R$ 110 a partir desta semana"},"content":{"rendered":"\n<p>O pagamento do <strong>Aux\u00edlio G\u00e1s<\/strong> no valor de <strong>R$ 110<\/strong> volta a ser repassado, a partir da \u00faltima quarta-feira, 10 de dezembro de 2025, para fam\u00edlias de todas as regi\u00f5es do Brasil, alcan\u00e7ando mais de 4,41 milh\u00f5es de lares em situa\u00e7\u00e3o de vulnerabilidade social, sob gest\u00e3o do <strong>MDS<\/strong>, que concentra as pol\u00edticas federais de transfer\u00eancia de renda e seguran\u00e7a alimentar.<\/p>\n\n\n\n<h2 class=\"wp-block-heading\">Como funciona o pagamento do Aux\u00edlio G\u00e1s<\/h2>\n\n\n<div class=\"wp-block-image\">\n<figure class=\"aligncenter size-large\"><img loading=\"lazy\" decoding=\"async\" width=\"1024\" height=\"576\" src=\"https:\/\/www.em.com.br\/emfoco\/wp-content\/uploads\/2025\/06\/pe-de-meia-dinheiro-1024x576.png\" alt=\"Aprenda o que pode ser deduzido no IR e como reduzir o valor a pagar legalmente\" class=\"wp-image-67048\" srcset=\"https:\/\/www.em.com.br\/emfoco\/wp-content\/uploads\/2025\/06\/pe-de-meia-dinheiro-1024x576.png 1024w, https:\/\/www.em.com.br\/emfoco\/wp-content\/uploads\/2025\/06\/pe-de-meia-dinheiro-300x169.png 300w, https:\/\/www.em.com.br\/emfoco\/wp-content\/uploads\/2025\/06\/pe-de-meia-dinheiro-768x432.png 768w, https:\/\/www.em.com.br\/emfoco\/wp-content\/uploads\/2025\/06\/pe-de-meia-dinheiro-750x422.png 750w, https:\/\/www.em.com.br\/emfoco\/wp-content\/uploads\/2025\/06\/pe-de-meia-dinheiro-1140x641.png 1140w, https:\/\/www.em.com.br\/emfoco\/wp-content\/uploads\/2025\/06\/pe-de-meia-dinheiro.png 1280w\" sizes=\"auto, (max-width: 1024px) 100vw, 1024px\" \/><figcaption class=\"wp-element-caption\">Aux\u00edlio G\u00e1s de R$ 110 come\u00e7a a ser pago nesta semana &#8211; Cr\u00e9ditos: depositphotos.com \/ IgorVetushko e depositphotos.com \/ brenosaturnino<\/figcaption><\/figure><\/div>\n\n\n<p>O <strong>Aux\u00edlio G\u00e1s<\/strong> \u00e9 pago a cada dois meses para fam\u00edlias registradas no Cadastro \u00danico (Cad\u00danico) que atendem aos crit\u00e9rios de renda definidos pelo governo federal. A libera\u00e7\u00e3o segue o <strong>N\u00famero de Identifica\u00e7\u00e3o Social (NIS)<\/strong> do respons\u00e1vel familiar, obedecendo a um calend\u00e1rio escalonado em dias \u00fateis, de acordo com o final do NIS.<\/p>\n\n\n\n<p>Quem possui NIS com final 1 recebe no primeiro dia do calend\u00e1rio; NIS com final 2, no segundo dia, e assim sucessivamente, at\u00e9 o NIS final 0, que recebe at\u00e9 23 de dezembro de 2025. O recurso \u00e9 creditado em conta social ou canais j\u00e1 utilizados pelo Bolsa Fam\u00edlia, permitindo uso por cart\u00e3o, aplicativos ou saques presenciais.<\/p>\n\n\n\n<h2 class=\"wp-block-heading\">Como \u00e9 calculado o valor do benef\u00edcio do Aux\u00edlio G\u00e1s<\/h2>\n\n\n\n<p>O valor de <strong>R$ 110<\/strong> \u00e9 calculado com base na m\u00e9dia nacional do pre\u00e7o do botij\u00e3o de 13 kg, apurada periodicamente pela <strong>Ag\u00eancia Nacional do Petr\u00f3leo, G\u00e1s Natural e Biocombust\u00edveis<\/strong> (ANP). Essa metodologia mant\u00e9m o benef\u00edcio alinhado \u00e0s varia\u00e7\u00f5es de mercado, reduzindo defasagens entre o valor pago e o custo real do g\u00e1s de cozinha.<\/p>\n\n\n\n<p>Neste ciclo, o governo federal informa que o investimento total destinado ao Aux\u00edlio G\u00e1s \u00e9 de aproximadamente <strong>R$ 485,87 milh\u00f5es<\/strong>. O repasse \u00e9 bimestral e ocorre em conformidade com o calend\u00e1rio do Programa Bolsa Fam\u00edlia, facilitando a organiza\u00e7\u00e3o das fam\u00edlias e do sistema de pagamentos em todo o pa\u00eds.<\/p>\n\n\n\n<h2 class=\"wp-block-heading\">Qual \u00e9 o alcance do Aux\u00edlio G\u00e1s nas regi\u00f5es do pa\u00eds<\/h2>\n\n\n\n<p>A distribui\u00e7\u00e3o do <strong>Aux\u00edlio G\u00e1s<\/strong> revela diferen\u00e7as entre as regi\u00f5es brasileiras, refletindo o perfil socioecon\u00f4mico de cada \u00e1rea. O <strong>Nordeste<\/strong> concentra o maior n\u00famero de fam\u00edlias contempladas, ultrapassando 2,12 milh\u00f5es de lares atendidos em 1.794 munic\u00edpios, com mais de R$ 233,43 milh\u00f5es em recursos.<\/p>\n\n\n\n<p>Confira a seguir a distribui\u00e7\u00e3o aproximada do n\u00famero de fam\u00edlias beneficiadas e dos valores destinados a cada regi\u00e3o, evidenciando a capilaridade nacional do programa e a prioriza\u00e7\u00e3o das \u00e1reas com maior vulnerabilidade social:<\/p>\n\n\n\n<ul class=\"wp-block-list\">\n<li><strong>Nordeste:<\/strong> 2,12 milh\u00f5es de fam\u00edlias \u2013 mais de R$ 233,43 milh\u00f5es<\/li>\n\n\n\n<li><strong>Sudeste:<\/strong> mais de 1,37 milh\u00e3o de fam\u00edlias \u2013 acima de R$ 151,03 milh\u00f5es<\/li>\n\n\n\n<li><strong>Norte:<\/strong> cerca de 462,11 mil fam\u00edlias \u2013 mais de R$ 50,83 milh\u00f5es<\/li>\n\n\n\n<li><strong>Sul:<\/strong> mais de 286,3 mil fam\u00edlias \u2013 mais de R$ 31,49 milh\u00f5es<\/li>\n\n\n\n<li><strong>Centro-Oeste:<\/strong> mais de 173,4 mil fam\u00edlias \u2013 cerca de R$ 19,07 milh\u00f5es<\/li>\n<\/ul>\n\n\n\n<h2 class=\"wp-block-heading\">O que \u00e9 o Programa G\u00e1s do Povo e qual a rela\u00e7\u00e3o com o Aux\u00edlio G\u00e1s<\/h2>\n\n\n\n<p>Al\u00e9m do <strong>Aux\u00edlio G\u00e1s<\/strong>, o governo federal est\u00e1 implementando o <strong>Programa G\u00e1s do Povo<\/strong>, voltado \u00e0 recarga gratuita do botij\u00e3o de g\u00e1s de 13 kg em revendas credenciadas. Enquanto o <strong>Aux\u00edlio G\u00e1s<\/strong> transfere dinheiro para a compra do produto, o G\u00e1s do Povo oferece a recarga direta, reduzindo o desembolso das fam\u00edlias de baixa renda.<\/p>\n\n\n\n<p>A previs\u00e3o \u00e9 que o G\u00e1s do Povo alcance <strong>mais de 15 milh\u00f5es de fam\u00edlias<\/strong>, cerca de 50 milh\u00f5es de pessoas, aproximadamente o triplo do p\u00fablico atual do <strong>Aux\u00edlio G\u00e1s<\/strong>. As duas a\u00e7\u00f5es priorizam fam\u00edlias inscritas no <strong>Cad\u00danico<\/strong>, combinando transfer\u00eancia de renda e recarga gratuita para ampliar o acesso regular ao GLP.<\/p>\n\n\n\n<p>Leia mais: <a href=\"https:\/\/www.em.com.br\/emfoco\/2025\/12\/07\/passo-a-passo-para-atualizar-o-cadunico-em-2025-e-recuperar-beneficios-suspensos-sem-perder-prazos\/\" target=\"_blank\" rel=\"noreferrer noopener\">Passo a passo para atualizar o Cad\u00danico em 2025 e recuperar benef\u00edcios suspensos sem perder prazos<\/a><\/p>\n\n\n\n<h2 class=\"wp-block-heading\">Como \u00e9 feito o processo de sele\u00e7\u00e3o e repasse dos benef\u00edcios<\/h2>\n\n\n<div class=\"wp-block-image\">\n<figure class=\"aligncenter size-large\"><img loading=\"lazy\" decoding=\"async\" width=\"1024\" height=\"576\" src=\"https:\/\/www.em.com.br\/emfoco\/wp-content\/uploads\/2025\/12\/imagem_2025-11-22_214451569-e1764622866573-1024x576.png\" alt=\"Como interpretar alertas da Defesa Civil e saber o que fazer em cada risco\" class=\"wp-image-134248\" srcset=\"https:\/\/www.em.com.br\/emfoco\/wp-content\/uploads\/2025\/12\/imagem_2025-11-22_214451569-e1764622866573-1024x576.png 1024w, https:\/\/www.em.com.br\/emfoco\/wp-content\/uploads\/2025\/12\/imagem_2025-11-22_214451569-e1764622866573-300x169.png 300w, https:\/\/www.em.com.br\/emfoco\/wp-content\/uploads\/2025\/12\/imagem_2025-11-22_214451569-e1764622866573-768x432.png 768w, https:\/\/www.em.com.br\/emfoco\/wp-content\/uploads\/2025\/12\/imagem_2025-11-22_214451569-e1764622866573-750x422.png 750w, https:\/\/www.em.com.br\/emfoco\/wp-content\/uploads\/2025\/12\/imagem_2025-11-22_214451569-e1764622866573-1140x641.png 1140w, https:\/\/www.em.com.br\/emfoco\/wp-content\/uploads\/2025\/12\/imagem_2025-11-22_214451569-e1764622866573.png 1280w\" sizes=\"auto, (max-width: 1024px) 100vw, 1024px\" \/><figcaption class=\"wp-element-caption\">Aux\u00edlio G\u00e1s de R$ 110 come\u00e7a a ser pago nesta semana<\/figcaption><\/figure><\/div>\n\n\n<p>Para garantir que os benef\u00edcios cheguem ao p\u00fablico certo, o governo segue etapas de identifica\u00e7\u00e3o, defini\u00e7\u00e3o de crit\u00e9rios e monitoramento cont\u00ednuo. Esse processo ajuda a manter o foco nas fam\u00edlias em maior situa\u00e7\u00e3o de vulnerabilidade, com fiscaliza\u00e7\u00e3o e ajustes peri\u00f3dicos no p\u00fablico-alvo.<\/p>\n\n\n\n<ol class=\"wp-block-list\">\n<li>Identifica\u00e7\u00e3o das fam\u00edlias no <strong><a href=\"https:\/\/www.gov.br\/pt-br\/servicos\/consultar-dados-do-cadastro-unico-cadunico\" target=\"_blank\" rel=\"noreferrer noopener\">Cad\u00danico <\/a><\/strong>com perfil de renda compat\u00edvel.<\/li>\n\n\n\n<li>Defini\u00e7\u00e3o do valor ou recarga com base em crit\u00e9rios nacionais.<\/li>\n\n\n\n<li>Repasse via programa de transfer\u00eancia (Aux\u00edlio G\u00e1s) ou recarga em revendas (G\u00e1s do Povo).<\/li>\n\n\n\n<li>Acompanhamento peri\u00f3dico para ajustar valores e p\u00fablico-alvo.<\/li>\n<\/ol>\n\n\n\n<p>Leia mais: <a href=\"https:\/\/www.em.com.br\/emfoco\/2025\/12\/04\/um-detalhe-no-cadunico-quase-fez-esse-casal-perder-o-beneficio-social\/\" target=\"_blank\" rel=\"noreferrer noopener\">Um detalhe no Cad\u00danico quase fez esse casal perder o benef\u00edcio social<\/a><\/p>\n\n\n\n<h2 class=\"wp-block-heading\">Por que o Aux\u00edlio G\u00e1s \u00e9 importante para fam\u00edlias de baixa renda<\/h2>\n\n\n\n<p>O custo do <strong>g\u00e1s de cozinha<\/strong> representa parcela relevante do or\u00e7amento de fam\u00edlias com baixa renda, muitas vezes competindo com despesas como alimenta\u00e7\u00e3o, transporte e contas b\u00e1sicas. Sem apoio, alguns domic\u00edlios podem recorrer a alternativas perigosas, como lenha em ambientes fechados ou materiais inflam\u00e1veis inadequados.<\/p>\n\n\n\n<p>Ao direcionar recursos para a compra ou recarga do botij\u00e3o de 13 kg, o governo busca garantir seguran\u00e7a energ\u00e9tica m\u00ednima para cozinhar e manter a rotina dom\u00e9stica. O <strong>Aux\u00edlio G\u00e1s e o G\u00e1s do Povo<\/strong> se somam a outras pol\u00edticas de transfer\u00eancia de renda, compondo uma rede de prote\u00e7\u00e3o social voltada a reduzir vulnerabilidades e assegurar mais dignidade \u00e0s fam\u00edlias cadastradas.<\/p>\n","protected":false},"excerpt":{"rendered":"<p>O pagamento do Aux\u00edlio G\u00e1s no valor de R$ 110 volta a ser repassado, a partir da \u00faltima quarta-feira, 10 de dezembro de 2025, para fam\u00edlias de todas as regi\u00f5es do Brasil, alcan\u00e7ando mais de 4,41 milh\u00f5es de lares em situa\u00e7\u00e3o de vulnerabilidade social, sob gest\u00e3o do MDS, que concentra as pol\u00edticas federais de transfer\u00eancia [&hellip;]<\/p>\n","protected":false},"author":20,"featured_media":121414,"comment_status":"open","ping_status":"open","sticky":false,"template":"","format":"standard","meta":{"jnews-multi-image_gallery":[],"jnews_single_post":{"format":"standard"},"jnews_primary_category":[],"jnews_social_meta":[],"jnews_override_counter":[],"footnotes":""},"categories":[28,1],"tags":[301,12850,345],"class_list":["post-139765","post","type-post","status-publish","format-standard","has-post-thumbnail","hentry","category-economia","category-noticias","tag-auxilio-gas","tag-cadunico-2","tag-nis"],"yoast_head":"<!-- This site is optimized with the Yoast SEO plugin v23.8 - https:\/\/yoast.com\/wordpress\/plugins\/seo\/ -->\n<title>Mais de 4 milh\u00f5es de fam\u00edlias recebem Aux\u00edlio G\u00e1s de R$ 110 a partir desta semana - Estado de Minas - Em foco<\/title>\n<meta name=\"description\" content=\"Mais de 4 milh\u00f5es de fam\u00edlias recebem Aux\u00edlio G\u00e1s de R$ 110 a partir desta semana, refor\u00e7ando renda e ajudando no custo do g\u00e1s de cozinha.\" \/>\n<meta name=\"robots\" content=\"index, follow, max-snippet:-1, max-image-preview:large, max-video-preview:-1\" \/>\n<link rel=\"canonical\" href=\"https:\/\/www.em.com.br\/emfoco\/2025\/12\/13\/mais-de-4-milhoes-de-familias-recebem-auxilio-gas-de-r-110-a-partir-desta-semana\/\" \/>\n<meta property=\"og:locale\" content=\"pt_BR\" \/>\n<meta property=\"og:type\" content=\"article\" \/>\n<meta property=\"og:title\" content=\"Mais de 4 milh\u00f5es de fam\u00edlias recebem Aux\u00edlio G\u00e1s de R$ 110 a partir desta semana - Estado de Minas - Em foco\" \/>\n<meta property=\"og:description\" content=\"Mais de 4 milh\u00f5es de fam\u00edlias recebem Aux\u00edlio G\u00e1s de R$ 110 a partir desta semana, refor\u00e7ando renda e ajudando no custo do g\u00e1s de cozinha.\" \/>\n<meta property=\"og:url\" content=\"https:\/\/www.em.com.br\/emfoco\/2025\/12\/13\/mais-de-4-milhoes-de-familias-recebem-auxilio-gas-de-r-110-a-partir-desta-semana\/\" \/>\n<meta property=\"og:site_name\" content=\"Estado de Minas - Em foco\" \/>\n<meta property=\"article:published_time\" content=\"2025-12-13T10:15:00+00:00\" \/>\n<meta property=\"article:modified_time\" content=\"2025-12-12T18:59:14+00:00\" \/>\n<meta property=\"og:image\" content=\"https:\/\/www.em.com.br\/emfoco\/wp-content\/uploads\/2025\/10\/gas-de-cozinha_1761107678151.jpg\" \/>\n\t<meta property=\"og:image:width\" content=\"1280\" \/>\n\t<meta property=\"og:image:height\" content=\"720\" \/>\n\t<meta property=\"og:image:type\" content=\"image\/jpeg\" \/>\n<meta name=\"author\" content=\"Ingrid Diniz\" \/>\n<meta name=\"twitter:card\" content=\"summary_large_image\" \/>\n<meta name=\"twitter:label1\" content=\"Escrito por\" \/>\n\t<meta name=\"twitter:data1\" content=\"Ingrid Diniz\" \/>\n\t<meta name=\"twitter:label2\" content=\"Est. tempo de leitura\" \/>\n\t<meta name=\"twitter:data2\" content=\"6 minutos\" \/>\n<!-- \/ Yoast SEO plugin. -->","yoast_head_json":{"title":"Mais de 4 milh\u00f5es de fam\u00edlias recebem Aux\u00edlio G\u00e1s de R$ 110 a partir desta semana - Estado de Minas - Em foco","description":"Mais de 4 milh\u00f5es de fam\u00edlias recebem Aux\u00edlio G\u00e1s de R$ 110 a partir desta semana, refor\u00e7ando renda e ajudando no custo do g\u00e1s de cozinha.","robots":{"index":"index","follow":"follow","max-snippet":"max-snippet:-1","max-image-preview":"max-image-preview:large","max-video-preview":"max-video-preview:-1"},"canonical":"https:\/\/www.em.com.br\/emfoco\/2025\/12\/13\/mais-de-4-milhoes-de-familias-recebem-auxilio-gas-de-r-110-a-partir-desta-semana\/","og_locale":"pt_BR","og_type":"article","og_title":"Mais de 4 milh\u00f5es de fam\u00edlias recebem Aux\u00edlio G\u00e1s de R$ 110 a partir desta semana - Estado de Minas - Em foco","og_description":"Mais de 4 milh\u00f5es de fam\u00edlias recebem Aux\u00edlio G\u00e1s de R$ 110 a partir desta semana, refor\u00e7ando renda e ajudando no custo do g\u00e1s de cozinha.","og_url":"https:\/\/www.em.com.br\/emfoco\/2025\/12\/13\/mais-de-4-milhoes-de-familias-recebem-auxilio-gas-de-r-110-a-partir-desta-semana\/","og_site_name":"Estado de Minas - Em foco","article_published_time":"2025-12-13T10:15:00+00:00","article_modified_time":"2025-12-12T18:59:14+00:00","og_image":[{"width":1280,"height":720,"url":"https:\/\/www.em.com.br\/emfoco\/wp-content\/uploads\/2025\/10\/gas-de-cozinha_1761107678151.jpg","type":"image\/jpeg"}],"author":"Ingrid Diniz","twitter_card":"summary_large_image","twitter_misc":{"Escrito por":"Ingrid Diniz","Est. tempo de leitura":"6 minutos"},"schema":{"@context":"https:\/\/schema.org","@graph":[{"@type":"WebPage","@id":"https:\/\/www.em.com.br\/emfoco\/2025\/12\/13\/mais-de-4-milhoes-de-familias-recebem-auxilio-gas-de-r-110-a-partir-desta-semana\/","url":"https:\/\/www.em.com.br\/emfoco\/2025\/12\/13\/mais-de-4-milhoes-de-familias-recebem-auxilio-gas-de-r-110-a-partir-desta-semana\/","name":"Mais de 4 milh\u00f5es de fam\u00edlias recebem Aux\u00edlio G\u00e1s de R$ 110 a partir desta semana - Estado de Minas - Em foco","isPartOf":{"@id":"https:\/\/www.em.com.br\/emfoco\/#website"},"primaryImageOfPage":{"@id":"https:\/\/www.em.com.br\/emfoco\/2025\/12\/13\/mais-de-4-milhoes-de-familias-recebem-auxilio-gas-de-r-110-a-partir-desta-semana\/#primaryimage"},"image":{"@id":"https:\/\/www.em.com.br\/emfoco\/2025\/12\/13\/mais-de-4-milhoes-de-familias-recebem-auxilio-gas-de-r-110-a-partir-desta-semana\/#primaryimage"},"thumbnailUrl":"https:\/\/www.em.com.br\/emfoco\/wp-content\/uploads\/2025\/10\/gas-de-cozinha_1761107678151.jpg","datePublished":"2025-12-13T10:15:00+00:00","dateModified":"2025-12-12T18:59:14+00:00","author":{"@id":"https:\/\/www.em.com.br\/emfoco\/#\/schema\/person\/649e610b4eb8fff87ff394e54fe17b2b"},"description":"Mais de 4 milh\u00f5es de fam\u00edlias recebem Aux\u00edlio G\u00e1s de R$ 110 a partir desta semana, refor\u00e7ando renda e ajudando no custo do g\u00e1s de cozinha.","breadcrumb":{"@id":"https:\/\/www.em.com.br\/emfoco\/2025\/12\/13\/mais-de-4-milhoes-de-familias-recebem-auxilio-gas-de-r-110-a-partir-desta-semana\/#breadcrumb"},"inLanguage":"pt-BR","potentialAction":[{"@type":"ReadAction","target":["https:\/\/www.em.com.br\/emfoco\/2025\/12\/13\/mais-de-4-milhoes-de-familias-recebem-auxilio-gas-de-r-110-a-partir-desta-semana\/"]}]},{"@type":"ImageObject","inLanguage":"pt-BR","@id":"https:\/\/www.em.com.br\/emfoco\/2025\/12\/13\/mais-de-4-milhoes-de-familias-recebem-auxilio-gas-de-r-110-a-partir-desta-semana\/#primaryimage","url":"https:\/\/www.em.com.br\/emfoco\/wp-content\/uploads\/2025\/10\/gas-de-cozinha_1761107678151.jpg","contentUrl":"https:\/\/www.em.com.br\/emfoco\/wp-content\/uploads\/2025\/10\/gas-de-cozinha_1761107678151.jpg","width":1280,"height":720,"caption":"Aux\u00edlio G\u00e1s de R$ 110 come\u00e7a a ser pago nesta semana - Cr\u00e9ditos: depositphotos.com \/ hamikus"},{"@type":"BreadcrumbList","@id":"https:\/\/www.em.com.br\/emfoco\/2025\/12\/13\/mais-de-4-milhoes-de-familias-recebem-auxilio-gas-de-r-110-a-partir-desta-semana\/#breadcrumb","itemListElement":[{"@type":"ListItem","position":1,"name":"In\u00edcio","item":"https:\/\/www.em.com.br\/emfoco\/"},{"@type":"ListItem","position":2,"name":"Mais de 4 milh\u00f5es de fam\u00edlias recebem Aux\u00edlio G\u00e1s de R$ 110 a partir desta semana"}]},{"@type":"WebSite","@id":"https:\/\/www.em.com.br\/emfoco\/#website","url":"https:\/\/www.em.com.br\/emfoco\/","name":"Estado de Minas - Em foco","description":"Acompanhe as \u00faltimas not\u00edcias e fique bem informado sobre tudo o que acontece em Minas Gerais, Brasil e no mundo.","potentialAction":[{"@type":"SearchAction","target":{"@type":"EntryPoint","urlTemplate":"https:\/\/www.em.com.br\/emfoco\/?s={search_term_string}"},"query-input":{"@type":"PropertyValueSpecification","valueRequired":true,"valueName":"search_term_string"}}],"inLanguage":"pt-BR"},{"@type":"Person","@id":"https:\/\/www.em.com.br\/emfoco\/#\/schema\/person\/649e610b4eb8fff87ff394e54fe17b2b","name":"Ingrid Diniz","image":{"@type":"ImageObject","inLanguage":"pt-BR","@id":"https:\/\/www.em.com.br\/emfoco\/#\/schema\/person\/image\/","url":"https:\/\/secure.gravatar.com\/avatar\/a3baa1449ec5c39b4c42babc9d4f3951?s=96&d=mm&r=g","contentUrl":"https:\/\/secure.gravatar.com\/avatar\/a3baa1449ec5c39b4c42babc9d4f3951?s=96&d=mm&r=g","caption":"Ingrid Diniz"},"sameAs":["https:\/\/www.em.com.br\/"],"url":"https:\/\/www.em.com.br\/emfoco\/author\/ingridmyth\/"}]}},"_links":{"self":[{"href":"https:\/\/www.em.com.br\/emfoco\/wp-json\/wp\/v2\/posts\/139765","targetHints":{"allow":["GET"]}}],"collection":[{"href":"https:\/\/www.em.com.br\/emfoco\/wp-json\/wp\/v2\/posts"}],"about":[{"href":"https:\/\/www.em.com.br\/emfoco\/wp-json\/wp\/v2\/types\/post"}],"author":[{"embeddable":true,"href":"https:\/\/www.em.com.br\/emfoco\/wp-json\/wp\/v2\/users\/20"}],"replies":[{"embeddable":true,"href":"https:\/\/www.em.com.br\/emfoco\/wp-json\/wp\/v2\/comments?post=139765"}],"version-history":[{"count":1,"href":"https:\/\/www.em.com.br\/emfoco\/wp-json\/wp\/v2\/posts\/139765\/revisions"}],"predecessor-version":[{"id":139785,"href":"https:\/\/www.em.com.br\/emfoco\/wp-json\/wp\/v2\/posts\/139765\/revisions\/139785"}],"wp:featuredmedia":[{"embeddable":true,"href":"https:\/\/www.em.com.br\/emfoco\/wp-json\/wp\/v2\/media\/121414"}],"wp:attachment":[{"href":"https:\/\/www.em.com.br\/emfoco\/wp-json\/wp\/v2\/media?parent=139765"}],"wp:term":[{"taxonomy":"category","embeddable":true,"href":"https:\/\/www.em.com.br\/emfoco\/wp-json\/wp\/v2\/categories?post=139765"},{"taxonomy":"post_tag","embeddable":true,"href":"https:\/\/www.em.com.br\/emfoco\/wp-json\/wp\/v2\/tags?post=139765"}],"curies":[{"name":"wp","href":"https:\/\/api.w.org\/{rel}","templated":true}]}}