{"id":139737,"date":"2025-12-14T07:35:00","date_gmt":"2025-12-14T10:35:00","guid":{"rendered":"https:\/\/www.em.com.br\/emfoco\/?p=139737"},"modified":"2025-12-12T20:41:05","modified_gmt":"2025-12-12T23:41:05","slug":"este-bolo-de-maca-sem-farinha-e-sem-acucar-feito-no-liquidificador-e-ideal-para-emagrecer","status":"publish","type":"post","link":"https:\/\/www.em.com.br\/emfoco\/2025\/12\/14\/este-bolo-de-maca-sem-farinha-e-sem-acucar-feito-no-liquidificador-e-ideal-para-emagrecer\/","title":{"rendered":"Este bolo de ma\u00e7\u00e3 sem farinha e sem a\u00e7\u00facar feito no liquidificador\u00a0\u00e9 ideal para emagrecer"},"content":{"rendered":"\n<p>O interesse por\u00a0<strong>alimenta\u00e7\u00e3o saud\u00e1vel<\/strong>\u00a0cresce ano ap\u00f3s ano, impulsionado pela busca por controle de peso, preven\u00e7\u00e3o de doen\u00e7as cr\u00f4nicas e mais energia no dia a dia. Em 2025, comer melhor deixou de ser s\u00f3 \u201cmoda\u201d e virou uma meta concreta, presente em consultas m\u00e9dicas, conversas com amigos e nas redes sociais, com receitas pr\u00e1ticas e adapta\u00e7\u00f5es de doces tradicionais para vers\u00f5es mais equilibradas, como o famoso bolo de ma\u00e7\u00e3 saud\u00e1vel.<\/p>\n\n\n\n<h2 class=\"wp-block-heading\">O que \u00e9 alimenta\u00e7\u00e3o saud\u00e1vel na pr\u00e1tica do dia a dia<\/h2>\n\n\n\n<p>Ter uma&nbsp;<strong>alimenta\u00e7\u00e3o saud\u00e1vel<\/strong>&nbsp;significa montar pratos com boas fontes de prote\u00ednas, carboidratos de qualidade, gorduras boas, fibras, vitaminas e minerais, em quantidades equilibradas. A prioridade \u00e9 dar espa\u00e7o a alimentos in natura ou minimamente processados, como frutas, verduras, legumes, gr\u00e3os integrais, castanhas e leguminosas, sem precisar seguir dietas extremas.<\/p>\n\n\n\n<p>Quando essa base \u00e9 respeitada, fica mais f\u00e1cil manter saciedade, regular a glicemia e ter energia constante ao longo do dia. Assim, o padr\u00e3o alimentar se torna mais est\u00e1vel, compat\u00edvel com a rotina, o or\u00e7amento e as prefer\u00eancias individuais, contribuindo para o peso adequado e o bem-estar f\u00edsico e mental.<\/p>\n\n\n\n<blockquote class=\"instagram-media\" data-instgrm-captioned data-instgrm-permalink=\"https:\/\/www.instagram.com\/p\/CnIpOTtO5XH\/?utm_source=ig_embed&amp;utm_campaign=loading\" data-instgrm-version=\"14\" style=\" background:#FFF; border:0; border-radius:3px; box-shadow:0 0 1px 0 rgba(0,0,0,0.5),0 1px 10px 0 rgba(0,0,0,0.15); margin: 1px; max-width:540px; min-width:326px; padding:0; width:99.375%; width:-webkit-calc(100% - 2px); width:calc(100% - 2px);\"><div style=\"padding:16px;\"> <a href=\"https:\/\/www.instagram.com\/p\/CnIpOTtO5XH\/?utm_source=ig_embed&amp;utm_campaign=loading\" style=\" background:#FFFFFF; line-height:0; padding:0 0; text-align:center; text-decoration:none; width:100%;\" target=\"_blank\"> <div style=\" display: flex; flex-direction: row; align-items: center;\"> <div style=\"background-color: #F4F4F4; border-radius: 50%; flex-grow: 0; height: 40px; margin-right: 14px; width: 40px;\"><\/div> <div style=\"display: flex; flex-direction: column; flex-grow: 1; justify-content: center;\"> <div style=\" background-color: #F4F4F4; border-radius: 4px; flex-grow: 0; height: 14px; margin-bottom: 6px; width: 100px;\"><\/div> <div style=\" background-color: #F4F4F4; border-radius: 4px; flex-grow: 0; height: 14px; width: 60px;\"><\/div><\/div><\/div><div style=\"padding: 19% 0;\"><\/div> <div style=\"display:block; height:50px; margin:0 auto 12px; width:50px;\"><svg width=\"50px\" height=\"50px\" viewBox=\"0 0 60 60\" version=\"1.1\" xmlns=\"https:\/\/www.w3.org\/2000\/svg\" xmlns:xlink=\"https:\/\/www.w3.org\/1999\/xlink\"><g stroke=\"none\" stroke-width=\"1\" fill=\"none\" fill-rule=\"evenodd\"><g transform=\"translate(-511.000000, -20.000000)\" fill=\"#000000\"><g><path d=\"M556.869,30.41 C554.814,30.41 553.148,32.076 553.148,34.131 C553.148,36.186 554.814,37.852 556.869,37.852 C558.924,37.852 560.59,36.186 560.59,34.131 C560.59,32.076 558.924,30.41 556.869,30.41 M541,60.657 C535.114,60.657 530.342,55.887 530.342,50 C530.342,44.114 535.114,39.342 541,39.342 C546.887,39.342 551.658,44.114 551.658,50 C551.658,55.887 546.887,60.657 541,60.657 M541,33.886 C532.1,33.886 524.886,41.1 524.886,50 C524.886,58.899 532.1,66.113 541,66.113 C549.9,66.113 557.115,58.899 557.115,50 C557.115,41.1 549.9,33.886 541,33.886 M565.378,62.101 C565.244,65.022 564.756,66.606 564.346,67.663 C563.803,69.06 563.154,70.057 562.106,71.106 C561.058,72.155 560.06,72.803 558.662,73.347 C557.607,73.757 556.021,74.244 553.102,74.378 C549.944,74.521 548.997,74.552 541,74.552 C533.003,74.552 532.056,74.521 528.898,74.378 C525.979,74.244 524.393,73.757 523.338,73.347 C521.94,72.803 520.942,72.155 519.894,71.106 C518.846,70.057 518.197,69.06 517.654,67.663 C517.244,66.606 516.755,65.022 516.623,62.101 C516.479,58.943 516.448,57.996 516.448,50 C516.448,42.003 516.479,41.056 516.623,37.899 C516.755,34.978 517.244,33.391 517.654,32.338 C518.197,30.938 518.846,29.942 519.894,28.894 C520.942,27.846 521.94,27.196 523.338,26.654 C524.393,26.244 525.979,25.756 528.898,25.623 C532.057,25.479 533.004,25.448 541,25.448 C548.997,25.448 549.943,25.479 553.102,25.623 C556.021,25.756 557.607,26.244 558.662,26.654 C560.06,27.196 561.058,27.846 562.106,28.894 C563.154,29.942 563.803,30.938 564.346,32.338 C564.756,33.391 565.244,34.978 565.378,37.899 C565.522,41.056 565.552,42.003 565.552,50 C565.552,57.996 565.522,58.943 565.378,62.101 M570.82,37.631 C570.674,34.438 570.167,32.258 569.425,30.349 C568.659,28.377 567.633,26.702 565.965,25.035 C564.297,23.368 562.623,22.342 560.652,21.575 C558.743,20.834 556.562,20.326 553.369,20.18 C550.169,20.033 549.148,20 541,20 C532.853,20 531.831,20.033 528.631,20.18 C525.438,20.326 523.257,20.834 521.349,21.575 C519.376,22.342 517.703,23.368 516.035,25.035 C514.368,26.702 513.342,28.377 512.574,30.349 C511.834,32.258 511.326,34.438 511.181,37.631 C511.035,40.831 511,41.851 511,50 C511,58.147 511.035,59.17 511.181,62.369 C511.326,65.562 511.834,67.743 512.574,69.651 C513.342,71.625 514.368,73.296 516.035,74.965 C517.703,76.634 519.376,77.658 521.349,78.425 C523.257,79.167 525.438,79.673 528.631,79.82 C531.831,79.965 532.853,80.001 541,80.001 C549.148,80.001 550.169,79.965 553.369,79.82 C556.562,79.673 558.743,79.167 560.652,78.425 C562.623,77.658 564.297,76.634 565.965,74.965 C567.633,73.296 568.659,71.625 569.425,69.651 C570.167,67.743 570.674,65.562 570.82,62.369 C570.966,59.17 571,58.147 571,50 C571,41.851 570.966,40.831 570.82,37.631\"><\/path><\/g><\/g><\/g><\/svg><\/div><div style=\"padding-top: 8px;\"> <div style=\" color:#3897f0; font-family:Arial,sans-serif; font-size:14px; font-style:normal; font-weight:550; line-height:18px;\">Ver essa foto no Instagram<\/div><\/div><div style=\"padding: 12.5% 0;\"><\/div> <div style=\"display: flex; flex-direction: row; margin-bottom: 14px; align-items: center;\"><div> <div style=\"background-color: #F4F4F4; border-radius: 50%; height: 12.5px; width: 12.5px; transform: translateX(0px) translateY(7px);\"><\/div> <div style=\"background-color: #F4F4F4; height: 12.5px; transform: rotate(-45deg) translateX(3px) translateY(1px); width: 12.5px; flex-grow: 0; margin-right: 14px; margin-left: 2px;\"><\/div> <div style=\"background-color: #F4F4F4; border-radius: 50%; height: 12.5px; width: 12.5px; transform: translateX(9px) translateY(-18px);\"><\/div><\/div><div style=\"margin-left: 8px;\"> <div style=\" background-color: #F4F4F4; border-radius: 50%; flex-grow: 0; height: 20px; width: 20px;\"><\/div> <div style=\" width: 0; height: 0; border-top: 2px solid transparent; border-left: 6px solid #f4f4f4; border-bottom: 2px solid transparent; transform: translateX(16px) translateY(-4px) rotate(30deg)\"><\/div><\/div><div style=\"margin-left: auto;\"> <div style=\" width: 0px; border-top: 8px solid #F4F4F4; border-right: 8px solid transparent; transform: translateY(16px);\"><\/div> <div style=\" background-color: #F4F4F4; flex-grow: 0; height: 12px; width: 16px; transform: translateY(-4px);\"><\/div> <div style=\" width: 0; height: 0; border-top: 8px solid #F4F4F4; border-left: 8px solid transparent; transform: translateY(-4px) translateX(8px);\"><\/div><\/div><\/div> <div style=\"display: flex; flex-direction: column; flex-grow: 1; justify-content: center; margin-bottom: 24px;\"> <div style=\" background-color: #F4F4F4; border-radius: 4px; flex-grow: 0; height: 14px; margin-bottom: 6px; width: 224px;\"><\/div> <div style=\" background-color: #F4F4F4; border-radius: 4px; flex-grow: 0; height: 14px; width: 144px;\"><\/div><\/div><\/a><p style=\" color:#c9c8cd; font-family:Arial,sans-serif; font-size:14px; line-height:17px; margin-bottom:0; margin-top:8px; overflow:hidden; padding:8px 0 7px; text-align:center; text-overflow:ellipsis; white-space:nowrap;\"><a href=\"https:\/\/www.instagram.com\/p\/CnIpOTtO5XH\/?utm_source=ig_embed&amp;utm_campaign=loading\" style=\" color:#c9c8cd; font-family:Arial,sans-serif; font-size:14px; font-style:normal; font-weight:normal; line-height:17px; text-decoration:none;\" target=\"_blank\">Um post compartilhado por Lucilia Diniz (@luciliadiniz)<\/a><\/p><\/div><\/blockquote>\n<script async src=\"\/\/www.instagram.com\/embed.js\"><\/script>\n\n\n\n<h2 class=\"wp-block-heading\">Como receitas com aveia e frutas tornam os doces mais equilibrados<\/h2>\n\n\n\n<p>Entre as adapta\u00e7\u00f5es em alta, destacam-se bolos, p\u00e3es e pudins que trocam farinhas refinadas e a\u00e7\u00facar por&nbsp;<strong>aveia, frutas frescas e ovos<\/strong>. Essas prepara\u00e7\u00f5es permitem manter o h\u00e1bito de consumir doces ou lanches de forno, mas com mais fibras, prote\u00ednas e gorduras boas, reduzindo a depend\u00eancia de produtos industrializados cheios de a\u00e7\u00facares e aditivos.<\/p>\n\n\n\n<p>Ao ajustar ingredientes e por\u00e7\u00f5es, o paladar continua satisfeito, enquanto o impacto na glicemia e no excesso de calorias tende a diminuir. Isso ajuda quem busca emagrecer, controlar compuls\u00f5es por doces ou apenas melhorar a qualidade geral da alimenta\u00e7\u00e3o, sem abrir m\u00e3o do prazer \u00e0 mesa.<\/p>\n\n\n\n<h2 class=\"wp-block-heading\">Como o bolo de ma\u00e7\u00e3 saud\u00e1vel contribui para a dieta<\/h2>\n\n\n\n<p>O\u00a0<strong>bolo de ma\u00e7\u00e3 saud\u00e1vel<\/strong>\u00a0\u00e9 um exemplo de doce que foge do padr\u00e3o tradicional carregado em farinha branca e a\u00e7\u00facar refinado. Com ma\u00e7\u00e3, aveia, ovos, pouco \u00f3leo e ado\u00e7ante ou <a href=\"https:\/\/www.tuasaude.com\/stevia\/\" target=\"_blank\" rel=\"noreferrer noopener\">stevia<\/a>, ganha-se uma receita mais rica em fibras, prote\u00ednas e gorduras insaturadas, favorecendo saciedade e digest\u00e3o mais lenta.<\/p>\n\n\n\n<p>Al\u00e9m de saboroso, ele pode entrar no caf\u00e9 da manh\u00e3, lanche da tarde ou como sobremesa equilibrada, desde que consumido com modera\u00e7\u00e3o. Para quem gosta de variar, \u00e9 poss\u00edvel acrescentar canela, noz-moscada ou mesmo algumas nozes picadas, mantendo o foco em ingredientes simples e naturais.<\/p>\n\n\n\n<p>Al\u00e9m de saboroso, ele pode entrar no caf\u00e9 da manh\u00e3, lanche da tarde ou como sobremesa equilibrada, desde que consumido com modera\u00e7\u00e3o. Para entender melhor seus benef\u00edcios, veja como esses ingredientes se destacam na rotina alimentar:<\/p>\n\n\n\n<ul class=\"wp-block-list\">\n<li><strong>Mais fibras<\/strong>: ajudam no funcionamento intestinal e prolongam a sensa\u00e7\u00e3o de saciedade.<\/li>\n\n\n\n<li><strong>Menos a\u00e7\u00facar refinado<\/strong>: reduz picos intensos de glicose no sangue.<\/li>\n\n\n\n<li><strong>Prote\u00ednas de boa qualidade<\/strong>: contribuem para manuten\u00e7\u00e3o da massa magra.<\/li>\n\n\n\n<li><strong>Gorduras saud\u00e1veis<\/strong>: participam da produ\u00e7\u00e3o de horm\u00f4nios e da absor\u00e7\u00e3o de vitaminas.<\/li>\n<\/ul>\n\n\n\n<figure class=\"wp-block-image size-large\"><img loading=\"lazy\" decoding=\"async\" width=\"1024\" height=\"576\" src=\"https:\/\/www.em.com.br\/emfoco\/wp-content\/uploads\/2025\/12\/bolo-de-maca_1765583024685-1024x576.jpg\" alt=\"O doce queridinho que est\u00e1 ajudando muita gente a comer melhor - Cr\u00e9ditos: depositphotos.com \/ chinchy\" class=\"wp-image-139945\" srcset=\"https:\/\/www.em.com.br\/emfoco\/wp-content\/uploads\/2025\/12\/bolo-de-maca_1765583024685-1024x576.jpg 1024w, https:\/\/www.em.com.br\/emfoco\/wp-content\/uploads\/2025\/12\/bolo-de-maca_1765583024685-300x169.jpg 300w, https:\/\/www.em.com.br\/emfoco\/wp-content\/uploads\/2025\/12\/bolo-de-maca_1765583024685-768x432.jpg 768w, https:\/\/www.em.com.br\/emfoco\/wp-content\/uploads\/2025\/12\/bolo-de-maca_1765583024685-750x422.jpg 750w, https:\/\/www.em.com.br\/emfoco\/wp-content\/uploads\/2025\/12\/bolo-de-maca_1765583024685-1140x641.jpg 1140w, https:\/\/www.em.com.br\/emfoco\/wp-content\/uploads\/2025\/12\/bolo-de-maca_1765583024685.jpg 1280w\" sizes=\"auto, (max-width: 1024px) 100vw, 1024px\" \/><figcaption class=\"wp-element-caption\">O doce queridinho que est\u00e1 ajudando muita gente a comer melhor &#8211; Cr\u00e9ditos: depositphotos.com \/ chinchy<\/figcaption><\/figure>\n\n\n\n<h2 class=\"wp-block-heading\">Como manter uma alimenta\u00e7\u00e3o saud\u00e1vel de forma simples<\/h2>\n\n\n\n<p>Manter uma<a href=\"https:\/\/www.em.com.br\/emfoco\/2025\/06\/15\/veja-por-que-sua-alimentacao-saudavel-nao-esta-funcionando\/\" target=\"_blank\" rel=\"noreferrer noopener\">\u00a0<strong>alimenta\u00e7\u00e3o saud\u00e1vel<\/strong>\u00a0<\/a>n\u00e3o depende de regras complexas, e sim de pequenas estrat\u00e9gias aplicadas na rotina. Planejar as refei\u00e7\u00f5es e as compras da semana ajuda a evitar decis\u00f5es por impulso e reduz a chance de recorrer a produtos ultraprocessados, especialmente em dias mais corridos.<\/p>\n\n\n\n<p>Organizar lanches intermedi\u00e1rios, como frutas, iogurte natural, castanhas ou um bolo de ma\u00e7\u00e3 com aveia, evita longos per\u00edodos em jejum e exageros nas refei\u00e7\u00f5es principais. Preparar legumes assados, gr\u00e3os cozidos e bases prontas na geladeira torna muito mais f\u00e1cil montar pratos r\u00e1pidos, coloridos e nutritivos diariamente.<\/p>\n\n\n\n<h2 class=\"wp-block-heading\">Alimenta\u00e7\u00e3o saud\u00e1vel exige restri\u00e7\u00e3o total ou pode ser flex\u00edvel<\/h2>\n\n\n\n<p>Alimenta\u00e7\u00e3o saud\u00e1vel n\u00e3o \u00e9 sin\u00f4nimo de proibi\u00e7\u00e3o eterna de doces, p\u00e3es e pratos t\u00edpicos, e sim de equil\u00edbrio e consci\u00eancia nas escolhas. Adaptar receitas, como pudins com fruta e aveia, permite manter o prazer \u00e0 mesa enquanto se ajustam ingredientes e por\u00e7\u00f5es, respeitando necessidades individuais, rotina e n\u00edvel de atividade f\u00edsica.<\/p>\n\n\n\n<p>O momento de mudar \u00e9 agora: comece hoje fazendo ao menos uma troca inteligente no seu dia, seja preparando um bolo  de ma\u00e7\u00e3 saud\u00e1vel em casa ou organizando lanches mais naturais. Se poss\u00edvel, busque apoio de um nutricionista para personalizar o plano e n\u00e3o adie mais o cuidado com a sua sa\u00fade \u2014 cada refei\u00e7\u00e3o \u00e9 uma chance real de transformar seu futuro.<\/p>\n\n\n\n<p><\/p>\n","protected":false},"excerpt":{"rendered":"<p>O interesse por\u00a0alimenta\u00e7\u00e3o saud\u00e1vel\u00a0cresce ano ap\u00f3s ano, impulsionado pela busca por controle de peso, preven\u00e7\u00e3o de doen\u00e7as cr\u00f4nicas e mais energia no dia a dia. Em 2025, comer melhor deixou de ser s\u00f3 \u201cmoda\u201d e virou uma meta concreta, presente em consultas m\u00e9dicas, conversas com amigos e nas redes sociais, com receitas pr\u00e1ticas e adapta\u00e7\u00f5es [&hellip;]<\/p>\n","protected":false},"author":11,"featured_media":139944,"comment_status":"open","ping_status":"open","sticky":false,"template":"","format":"standard","meta":{"jnews-multi-image_gallery":[],"jnews_single_post":{"format":"standard"},"jnews_primary_category":[],"jnews_social_meta":[],"jnews_override_counter":[],"footnotes":""},"categories":[8819,1],"tags":[2904,16073,8072,20645],"class_list":["post-139737","post","type-post","status-publish","format-standard","has-post-thumbnail","hentry","category-curiosidades","category-noticias","tag-alimentacao","tag-maca-2","tag-pudim","tag-saudavel-2"],"yoast_head":"<!-- This site is optimized with the Yoast SEO plugin v23.8 - https:\/\/yoast.com\/wordpress\/plugins\/seo\/ -->\n<title>Este bolo de ma\u00e7\u00e3 sem farinha e sem a\u00e7\u00facar feito no liquidificador\u00a0\u00e9 ideal para emagrecer - Estado de Minas - Em foco<\/title>\n<meta name=\"description\" content=\"Esse pudim de ma\u00e7\u00e3 est\u00e1 conquistando quem quer comer melhor sem abrir m\u00e3o do doce. Leve, nutritivo e perfeito para o dia a dia.\" \/>\n<meta name=\"robots\" content=\"index, follow, max-snippet:-1, max-image-preview:large, max-video-preview:-1\" \/>\n<link rel=\"canonical\" href=\"https:\/\/www.em.com.br\/emfoco\/2025\/12\/14\/este-bolo-de-maca-sem-farinha-e-sem-acucar-feito-no-liquidificador-e-ideal-para-emagrecer\/\" \/>\n<meta property=\"og:locale\" content=\"pt_BR\" \/>\n<meta property=\"og:type\" content=\"article\" \/>\n<meta property=\"og:title\" content=\"Este bolo de ma\u00e7\u00e3 sem farinha e sem a\u00e7\u00facar feito no liquidificador\u00a0\u00e9 ideal para emagrecer - Estado de Minas - Em foco\" \/>\n<meta property=\"og:description\" content=\"Esse pudim de ma\u00e7\u00e3 est\u00e1 conquistando quem quer comer melhor sem abrir m\u00e3o do doce. Leve, nutritivo e perfeito para o dia a dia.\" \/>\n<meta property=\"og:url\" content=\"https:\/\/www.em.com.br\/emfoco\/2025\/12\/14\/este-bolo-de-maca-sem-farinha-e-sem-acucar-feito-no-liquidificador-e-ideal-para-emagrecer\/\" \/>\n<meta property=\"og:site_name\" content=\"Estado de Minas - Em foco\" \/>\n<meta property=\"article:published_time\" content=\"2025-12-14T10:35:00+00:00\" \/>\n<meta property=\"article:modified_time\" content=\"2025-12-12T23:41:05+00:00\" \/>\n<meta property=\"og:image\" content=\"https:\/\/www.em.com.br\/emfoco\/wp-content\/uploads\/2025\/12\/Gemini_Generated_Image_vmjiq0vmjiq0vmji-1.png\" \/>\n\t<meta property=\"og:image:width\" content=\"1280\" \/>\n\t<meta property=\"og:image:height\" content=\"720\" \/>\n\t<meta property=\"og:image:type\" content=\"image\/png\" \/>\n<meta name=\"author\" content=\"Andre\u0301 Rangel\u00a0\" \/>\n<meta name=\"twitter:card\" content=\"summary_large_image\" \/>\n<meta name=\"twitter:label1\" content=\"Escrito por\" \/>\n\t<meta name=\"twitter:data1\" content=\"Andre\u0301 Rangel\u00a0\" \/>\n\t<meta name=\"twitter:label2\" content=\"Est. tempo de leitura\" \/>\n\t<meta name=\"twitter:data2\" content=\"5 minutos\" \/>\n<!-- \/ Yoast SEO plugin. -->","yoast_head_json":{"title":"Este bolo de ma\u00e7\u00e3 sem farinha e sem a\u00e7\u00facar feito no liquidificador\u00a0\u00e9 ideal para emagrecer - Estado de Minas - Em foco","description":"Esse pudim de ma\u00e7\u00e3 est\u00e1 conquistando quem quer comer melhor sem abrir m\u00e3o do doce. Leve, nutritivo e perfeito para o dia a dia.","robots":{"index":"index","follow":"follow","max-snippet":"max-snippet:-1","max-image-preview":"max-image-preview:large","max-video-preview":"max-video-preview:-1"},"canonical":"https:\/\/www.em.com.br\/emfoco\/2025\/12\/14\/este-bolo-de-maca-sem-farinha-e-sem-acucar-feito-no-liquidificador-e-ideal-para-emagrecer\/","og_locale":"pt_BR","og_type":"article","og_title":"Este bolo de ma\u00e7\u00e3 sem farinha e sem a\u00e7\u00facar feito no liquidificador\u00a0\u00e9 ideal para emagrecer - Estado de Minas - Em foco","og_description":"Esse pudim de ma\u00e7\u00e3 est\u00e1 conquistando quem quer comer melhor sem abrir m\u00e3o do doce. Leve, nutritivo e perfeito para o dia a dia.","og_url":"https:\/\/www.em.com.br\/emfoco\/2025\/12\/14\/este-bolo-de-maca-sem-farinha-e-sem-acucar-feito-no-liquidificador-e-ideal-para-emagrecer\/","og_site_name":"Estado de Minas - Em foco","article_published_time":"2025-12-14T10:35:00+00:00","article_modified_time":"2025-12-12T23:41:05+00:00","og_image":[{"width":1280,"height":720,"url":"https:\/\/www.em.com.br\/emfoco\/wp-content\/uploads\/2025\/12\/Gemini_Generated_Image_vmjiq0vmjiq0vmji-1.png","type":"image\/png"}],"author":"Andre\u0301 Rangel\u00a0","twitter_card":"summary_large_image","twitter_misc":{"Escrito por":"Andre\u0301 Rangel\u00a0","Est. tempo de leitura":"5 minutos"},"schema":{"@context":"https:\/\/schema.org","@graph":[{"@type":"WebPage","@id":"https:\/\/www.em.com.br\/emfoco\/2025\/12\/14\/este-bolo-de-maca-sem-farinha-e-sem-acucar-feito-no-liquidificador-e-ideal-para-emagrecer\/","url":"https:\/\/www.em.com.br\/emfoco\/2025\/12\/14\/este-bolo-de-maca-sem-farinha-e-sem-acucar-feito-no-liquidificador-e-ideal-para-emagrecer\/","name":"Este bolo de ma\u00e7\u00e3 sem farinha e sem a\u00e7\u00facar feito no liquidificador\u00a0\u00e9 ideal para emagrecer - Estado de Minas - Em foco","isPartOf":{"@id":"https:\/\/www.em.com.br\/emfoco\/#website"},"primaryImageOfPage":{"@id":"https:\/\/www.em.com.br\/emfoco\/2025\/12\/14\/este-bolo-de-maca-sem-farinha-e-sem-acucar-feito-no-liquidificador-e-ideal-para-emagrecer\/#primaryimage"},"image":{"@id":"https:\/\/www.em.com.br\/emfoco\/2025\/12\/14\/este-bolo-de-maca-sem-farinha-e-sem-acucar-feito-no-liquidificador-e-ideal-para-emagrecer\/#primaryimage"},"thumbnailUrl":"https:\/\/www.em.com.br\/emfoco\/wp-content\/uploads\/2025\/12\/Gemini_Generated_Image_vmjiq0vmjiq0vmji-1.png","datePublished":"2025-12-14T10:35:00+00:00","dateModified":"2025-12-12T23:41:05+00:00","author":{"@id":"https:\/\/www.em.com.br\/emfoco\/#\/schema\/person\/60eda09c1fedf0d6891f4cef4b60b8b8"},"description":"Esse pudim de ma\u00e7\u00e3 est\u00e1 conquistando quem quer comer melhor sem abrir m\u00e3o do doce. Leve, nutritivo e perfeito para o dia a dia.","breadcrumb":{"@id":"https:\/\/www.em.com.br\/emfoco\/2025\/12\/14\/este-bolo-de-maca-sem-farinha-e-sem-acucar-feito-no-liquidificador-e-ideal-para-emagrecer\/#breadcrumb"},"inLanguage":"pt-BR","potentialAction":[{"@type":"ReadAction","target":["https:\/\/www.em.com.br\/emfoco\/2025\/12\/14\/este-bolo-de-maca-sem-farinha-e-sem-acucar-feito-no-liquidificador-e-ideal-para-emagrecer\/"]}]},{"@type":"ImageObject","inLanguage":"pt-BR","@id":"https:\/\/www.em.com.br\/emfoco\/2025\/12\/14\/este-bolo-de-maca-sem-farinha-e-sem-acucar-feito-no-liquidificador-e-ideal-para-emagrecer\/#primaryimage","url":"https:\/\/www.em.com.br\/emfoco\/wp-content\/uploads\/2025\/12\/Gemini_Generated_Image_vmjiq0vmjiq0vmji-1.png","contentUrl":"https:\/\/www.em.com.br\/emfoco\/wp-content\/uploads\/2025\/12\/Gemini_Generated_Image_vmjiq0vmjiq0vmji-1.png","width":1280,"height":720,"caption":"O doce queridinho que est\u00e1 ajudando muita gente a comer melhor"},{"@type":"BreadcrumbList","@id":"https:\/\/www.em.com.br\/emfoco\/2025\/12\/14\/este-bolo-de-maca-sem-farinha-e-sem-acucar-feito-no-liquidificador-e-ideal-para-emagrecer\/#breadcrumb","itemListElement":[{"@type":"ListItem","position":1,"name":"In\u00edcio","item":"https:\/\/www.em.com.br\/emfoco\/"},{"@type":"ListItem","position":2,"name":"Este bolo de ma\u00e7\u00e3 sem farinha e sem a\u00e7\u00facar feito no liquidificador\u00a0\u00e9 ideal para emagrecer"}]},{"@type":"WebSite","@id":"https:\/\/www.em.com.br\/emfoco\/#website","url":"https:\/\/www.em.com.br\/emfoco\/","name":"Estado de Minas - Em foco","description":"Acompanhe as \u00faltimas not\u00edcias e fique bem informado sobre tudo o que acontece em Minas Gerais, Brasil e no mundo.","potentialAction":[{"@type":"SearchAction","target":{"@type":"EntryPoint","urlTemplate":"https:\/\/www.em.com.br\/emfoco\/?s={search_term_string}"},"query-input":{"@type":"PropertyValueSpecification","valueRequired":true,"valueName":"search_term_string"}}],"inLanguage":"pt-BR"},{"@type":"Person","@id":"https:\/\/www.em.com.br\/emfoco\/#\/schema\/person\/60eda09c1fedf0d6891f4cef4b60b8b8","name":"Andre\u0301 Rangel\u00a0","image":{"@type":"ImageObject","inLanguage":"pt-BR","@id":"https:\/\/www.em.com.br\/emfoco\/#\/schema\/person\/image\/","url":"https:\/\/secure.gravatar.com\/avatar\/6234dc814c77c8ef6d8bba622c787efc?s=96&d=mm&r=g","contentUrl":"https:\/\/secure.gravatar.com\/avatar\/6234dc814c77c8ef6d8bba622c787efc?s=96&d=mm&r=g","caption":"Andre\u0301 Rangel\u00a0"},"url":"https:\/\/www.em.com.br\/emfoco\/author\/luizmyth\/"}]}},"_links":{"self":[{"href":"https:\/\/www.em.com.br\/emfoco\/wp-json\/wp\/v2\/posts\/139737","targetHints":{"allow":["GET"]}}],"collection":[{"href":"https:\/\/www.em.com.br\/emfoco\/wp-json\/wp\/v2\/posts"}],"about":[{"href":"https:\/\/www.em.com.br\/emfoco\/wp-json\/wp\/v2\/types\/post"}],"author":[{"embeddable":true,"href":"https:\/\/www.em.com.br\/emfoco\/wp-json\/wp\/v2\/users\/11"}],"replies":[{"embeddable":true,"href":"https:\/\/www.em.com.br\/emfoco\/wp-json\/wp\/v2\/comments?post=139737"}],"version-history":[{"count":4,"href":"https:\/\/www.em.com.br\/emfoco\/wp-json\/wp\/v2\/posts\/139737\/revisions"}],"predecessor-version":[{"id":139947,"href":"https:\/\/www.em.com.br\/emfoco\/wp-json\/wp\/v2\/posts\/139737\/revisions\/139947"}],"wp:featuredmedia":[{"embeddable":true,"href":"https:\/\/www.em.com.br\/emfoco\/wp-json\/wp\/v2\/media\/139944"}],"wp:attachment":[{"href":"https:\/\/www.em.com.br\/emfoco\/wp-json\/wp\/v2\/media?parent=139737"}],"wp:term":[{"taxonomy":"category","embeddable":true,"href":"https:\/\/www.em.com.br\/emfoco\/wp-json\/wp\/v2\/categories?post=139737"},{"taxonomy":"post_tag","embeddable":true,"href":"https:\/\/www.em.com.br\/emfoco\/wp-json\/wp\/v2\/tags?post=139737"}],"curies":[{"name":"wp","href":"https:\/\/api.w.org\/{rel}","templated":true}]}}