{"id":139731,"date":"2025-12-13T12:15:00","date_gmt":"2025-12-13T15:15:00","guid":{"rendered":"https:\/\/www.em.com.br\/emfoco\/?p=139731"},"modified":"2025-12-12T20:32:04","modified_gmt":"2025-12-12T23:32:04","slug":"como-preparar-uma-torre-de-panquecas-a-receita-saborosa-fresca-e-colorida-para-o-natal","status":"publish","type":"post","link":"https:\/\/www.em.com.br\/emfoco\/2025\/12\/13\/como-preparar-uma-torre-de-panquecas-a-receita-saborosa-fresca-e-colorida-para-o-natal\/","title":{"rendered":"Como preparar uma torre de panquecas: a receita saborosa, fresca e colorida para o Natal"},"content":{"rendered":"\n<p>A torre de panquecas salgadas \u00e9 um cl\u00e1ssico das ceias de fim de ano, perfeita para quem busca um prato frio, bonito, econ\u00f4mico e r\u00e1pido de preparar, que funciona bem tanto como entrada quanto como prato leve em dias quentes.<\/p>\n\n\n\n<h2 class=\"wp-block-heading\">Como fazer massa de panqueca simples para torre<\/h2>\n\n\n\n<p>A base da torre de panquecas \u00e9 uma massa fina, flex\u00edvel e de sabor neutro, que combina com diversos recheios frios e ingredientes simples da despensa. O ponto certo \u00e9 uma massa mais l\u00edquida, que escorra f\u00e1cil pela frigideira e forme discos finos e uniformes.<\/p>\n\n\n\n<p>Uma receita b\u00e1sica de massa de panqueca salgada pode ser feita com:<\/p>\n\n\n\n<ul class=\"wp-block-list\">\n<li><strong>2 ovos<\/strong><\/li>\n\n\n\n<li><strong>220 g de farinha de trigo<\/strong>&nbsp;(cerca de 1 x\u00edcara e meia bem cheia)<\/li>\n\n\n\n<li><strong>1\/2 colher de ch\u00e1 de sal<\/strong><\/li>\n\n\n\n<li><strong>500 ml de leite<\/strong><\/li>\n<\/ul>\n\n\n\n<p>O preparo segue um passo a passo simples: bater os ovos com o sal, adicionar o leite, juntar a farinha aos poucos e misturar at\u00e9 ficar liso, sem grumos. Deixe a massa descansar na geladeira por cerca de 20 minutos, depois prepare discos finos em frigideira antiaderente untada, dourando dos dois lados.<\/p>\n\n\n\n<figure class=\"wp-block-image size-large\"><img loading=\"lazy\" decoding=\"async\" width=\"1024\" height=\"576\" src=\"https:\/\/www.em.com.br\/emfoco\/wp-content\/uploads\/2025\/12\/Gemini_Generated_Image_expv1dexpv1dexpv-1-1024x576.png\" alt=\"O toque que deixa a torre de panquecas firme e irresist\u00edvel\" class=\"wp-image-139906\" srcset=\"https:\/\/www.em.com.br\/emfoco\/wp-content\/uploads\/2025\/12\/Gemini_Generated_Image_expv1dexpv1dexpv-1-1024x576.png 1024w, https:\/\/www.em.com.br\/emfoco\/wp-content\/uploads\/2025\/12\/Gemini_Generated_Image_expv1dexpv1dexpv-1-300x169.png 300w, https:\/\/www.em.com.br\/emfoco\/wp-content\/uploads\/2025\/12\/Gemini_Generated_Image_expv1dexpv1dexpv-1-768x432.png 768w, https:\/\/www.em.com.br\/emfoco\/wp-content\/uploads\/2025\/12\/Gemini_Generated_Image_expv1dexpv1dexpv-1-750x422.png 750w, https:\/\/www.em.com.br\/emfoco\/wp-content\/uploads\/2025\/12\/Gemini_Generated_Image_expv1dexpv1dexpv-1-1140x641.png 1140w, https:\/\/www.em.com.br\/emfoco\/wp-content\/uploads\/2025\/12\/Gemini_Generated_Image_expv1dexpv1dexpv-1.png 1280w\" sizes=\"auto, (max-width: 1024px) 100vw, 1024px\" \/><figcaption class=\"wp-element-caption\">O toque que deixa a torre de panquecas firme e irresist\u00edvel<\/figcaption><\/figure>\n\n\n\n<p>Repita o processo at\u00e9 formar uma pilha de<a href=\"https:\/\/www.youtube.com\/watch?v=7zrbc1U-jqg\" target=\"_blank\" rel=\"noreferrer noopener\"> panquecas finas<\/a>, prontas para receber os recheios da torre. Se quiser adiantar o trabalho, as panquecas podem ser refrigeradas, bem embaladas, por at\u00e9 2 dias antes da montagem.<\/p>\n\n\n\n<h2 class=\"wp-block-heading\">Como montar uma torre de panquecas para o Natal<\/h2>\n\n\n\n<p>A montagem da torre de panquecas segue a l\u00f3gica de um \u201cbolo salgado\u201d em camadas, com visual festivo e estruturado. A ordem dos ingredientes influencia tanto no sabor quanto na estabilidade, por isso vale planejar bem cada camada.<\/p>\n\n\n\n<p>Uma vers\u00e3o tradicional de torre salgada pode levar:<\/p>\n\n\n\n<ul class=\"wp-block-list\">\n<li>10 panquecas prontas e frias<\/li>\n\n\n\n<li>3 colheres de sopa de maionese<\/li>\n\n\n\n<li>3 colheres de sopa de queijo cremoso<\/li>\n\n\n\n<li>100 g de presunto fatiado<\/li>\n\n\n\n<li>100 g de queijo em fatias<\/li>\n\n\n\n<li>Folhas de alface bem lavadas e secas<\/li>\n\n\n\n<li>1 avocado ou 1\/2 a 1 unidade de abacate maduro<\/li>\n\n\n\n<li>1 tomate pequeno em rodelas finas<\/li>\n\n\n\n<li>2 ovos cozidos e ralados<\/li>\n\n\n\n<li>Sal, pimenta e um pouco de azeite para temperar<\/li>\n<\/ul>\n\n\n\n<p>Prepare um creme com <a href=\"https:\/\/www.em.com.br\/emfoco\/2025\/11\/20\/com-um-abacate-e-ovo-cozido-aprenda-a-fazer-essa-maionese-na-versao-caseira-super-saudavel\/\" target=\"_blank\" rel=\"noreferrer noopener\">maionese <\/a>e queijo cremoso, temperado com sal, pimenta e azeite, e reserve os ovos cozidos e ralados. Monte alternando panqueca, creme, presunto, queijo, folhas de alface, ovo ralado, abacate amassado e tomate em rodelas, repetindo a sequ\u00eancia at\u00e9 alcan\u00e7ar a altura desejada.<\/p>\n\n\n\n<p>Para um visual ainda mais natalino, cubra a lateral da torre com uma fina camada do creme de maionese e queijo e decore com ervas frescas, como salsinha e cebolinha, criando o efeito de um bolo salgado festivo e chamativo.<\/p>\n\n\n\n<h2 class=\"wp-block-heading\">Quais varia\u00e7\u00f5es de recheio funcionam bem na torre de panquecas<\/h2>\n\n\n\n<p>A torre de panquecas natalina \u00e9 altamente vers\u00e1til e pode ser adaptada ao or\u00e7amento, \u00e0s prefer\u00eancias dos convidados ou a restri\u00e7\u00f5es alimentares. Trocas simples de prote\u00edna, cremes e legumes j\u00e1 transformam completamente o resultado final.<\/p>\n\n\n\n<p>Entre as varia\u00e7\u00f5es poss\u00edveis para a torre de panquecas salgada, destacam-se:<\/p>\n\n\n\n<style>\n.tabela-preparos {\n  width: 100%;\n  border-collapse: collapse;\n  font-family: Arial, sans-serif;\n  color: #000;\n}\n\n.tabela-preparos th {\n  background-color: #4db6ac; \/* verde suave *\/\n  color: #000;\n  padding: 12px;\n  text-align: left;\n  border: 2px solid #0d47a1; \/* azul escuro *\/\n}\n\n.tabela-preparos td {\n  background-color: #bbdefb; \/* azul claro *\/\n  padding: 12px;\n  border: 1px solid #0d47a1; \/* azul *\/\n}\n<\/style>\n\n<table class=\"tabela-preparos\">\n  <tr>\n    <th>Vers\u00e3o<\/th>\n    <th>Descri\u00e7\u00e3o<\/th>\n  <\/tr>\n\n  <tr>\n    <td>Vers\u00e3o com frango<\/td>\n    <td>Frango cozido e desfiado misturado a maionese, milho, ervilhas e ervas frescas.<\/td>\n  <\/tr>\n\n  <tr>\n    <td>Op\u00e7\u00e3o com atum<\/td>\n    <td>Atum em lata escorrido, combinado com creme e legumes picados como cenoura, cebola roxa e sals\u00e3o.<\/td>\n  <\/tr>\n\n  <tr>\n    <td>Vers\u00e3o mais leve<\/td>\n    <td>Menos maionese, uso de iogurte natural no lugar de parte do creme e inclus\u00e3o de mais folhas verdes.<\/td>\n  <\/tr>\n\n  <tr>\n    <td>Toque vegetal<\/td>\n    <td>Cenoura ralada, milho, pepino, piment\u00e3o, beterraba ralada e outros legumes crus ou levemente cozidos.<\/td>\n  <\/tr>\n<\/table>\n\n\n\n\n<h2 class=\"wp-block-heading\">Como servir e refrigerar a torre de panquecas nas festas<\/h2>\n\n\n\n<p>Depois de montada, a torre de panquecas deve ir \u00e0 geladeira por pelo menos 30 minutos para firmar as camadas, facilitar o corte e manter a seguran\u00e7a dos alimentos. O ideal \u00e9 servir bem fria, principalmente em ceias realizadas em dias quentes.<\/p>\n\n\n\n<p>A decora\u00e7\u00e3o final pode incluir ovo ralado, azeitonas, tiras de piment\u00e3o, tomates-cereja e pequenos rolinhos de queijo, compondo uma mesa colorida, pr\u00e1tica e que combina com outros frios, saladas e pratos principais.<\/p>\n\n\n\n<h2 class=\"wp-block-heading\">Por que apostar na torre de panquecas neste fim de ano<\/h2>\n\n\n\n<p>A torre de panquecas \u00e9 uma forma simples e impressionante de alimentar bem muita gente, sem ficar horas na cozinha e sem gastar demais. Ela equilibra sabor, praticidade e visual, e ainda permite aproveitar o que voc\u00ea j\u00e1 tem em casa.<\/p>\n\n\n\n<p>N\u00e3o deixe para decidir o card\u00e1pio na \u00faltima hora: escolha sua combina\u00e7\u00e3o favorita agora, organize os ingredientes e teste a receita antes da ceia. Assim, voc\u00ea garante uma torre de panquecas perfeita, que vai arrancar elogios e marcar o seu Natal e Ano-Novo de um jeito especial.<\/p>\n\n\n\n<p><\/p>\n","protected":false},"excerpt":{"rendered":"<p>A torre de panquecas salgadas \u00e9 um cl\u00e1ssico das ceias de fim de ano, perfeita para quem busca um prato frio, bonito, econ\u00f4mico e r\u00e1pido de preparar, que funciona bem tanto como entrada quanto como prato leve em dias quentes. Como fazer massa de panqueca simples para torre A base da torre de panquecas \u00e9 [&hellip;]<\/p>\n","protected":false},"author":11,"featured_media":139903,"comment_status":"open","ping_status":"open","sticky":false,"template":"","format":"standard","meta":{"jnews-multi-image_gallery":[],"jnews_single_post":{"format":"standard"},"jnews_primary_category":[],"jnews_social_meta":[],"jnews_override_counter":[],"footnotes":""},"categories":[8819,1],"tags":[743,8031,20643],"class_list":["post-139731","post","type-post","status-publish","format-standard","has-post-thumbnail","hentry","category-curiosidades","category-noticias","tag-natal","tag-recheio","tag-torre-de-panquecas"],"yoast_head":"<!-- This site is optimized with the Yoast SEO plugin v23.8 - https:\/\/yoast.com\/wordpress\/plugins\/seo\/ -->\n<title>Como preparar uma torre de panquecas: a receita saborosa, fresca e colorida para o Natal - Estado de Minas - Em foco<\/title>\n<meta name=\"description\" content=\"A torre de panquecas virou queridinha das ceias por ser fria, leve e econ\u00f4mica. O visual e a praticidade impressionam convidados.\" \/>\n<meta name=\"robots\" content=\"index, follow, max-snippet:-1, max-image-preview:large, max-video-preview:-1\" \/>\n<link rel=\"canonical\" href=\"https:\/\/www.em.com.br\/emfoco\/2025\/12\/13\/como-preparar-uma-torre-de-panquecas-a-receita-saborosa-fresca-e-colorida-para-o-natal\/\" \/>\n<meta property=\"og:locale\" content=\"pt_BR\" \/>\n<meta property=\"og:type\" content=\"article\" \/>\n<meta property=\"og:title\" content=\"Como preparar uma torre de panquecas: a receita saborosa, fresca e colorida para o Natal - Estado de Minas - Em foco\" \/>\n<meta property=\"og:description\" content=\"A torre de panquecas virou queridinha das ceias por ser fria, leve e econ\u00f4mica. O visual e a praticidade impressionam convidados.\" \/>\n<meta property=\"og:url\" content=\"https:\/\/www.em.com.br\/emfoco\/2025\/12\/13\/como-preparar-uma-torre-de-panquecas-a-receita-saborosa-fresca-e-colorida-para-o-natal\/\" \/>\n<meta property=\"og:site_name\" content=\"Estado de Minas - Em foco\" \/>\n<meta property=\"article:published_time\" content=\"2025-12-13T15:15:00+00:00\" \/>\n<meta property=\"article:modified_time\" content=\"2025-12-12T23:32:04+00:00\" \/>\n<meta property=\"og:image\" content=\"https:\/\/www.em.com.br\/emfoco\/wp-content\/uploads\/2025\/12\/Gemini_Generated_Image_dllrmfdllrmfdllr-1.png\" \/>\n\t<meta property=\"og:image:width\" content=\"1280\" \/>\n\t<meta property=\"og:image:height\" content=\"720\" \/>\n\t<meta property=\"og:image:type\" content=\"image\/png\" \/>\n<meta name=\"author\" content=\"Andre\u0301 Rangel\u00a0\" \/>\n<meta name=\"twitter:card\" content=\"summary_large_image\" \/>\n<meta name=\"twitter:label1\" content=\"Escrito por\" \/>\n\t<meta name=\"twitter:data1\" content=\"Andre\u0301 Rangel\u00a0\" \/>\n\t<meta name=\"twitter:label2\" content=\"Est. tempo de leitura\" \/>\n\t<meta name=\"twitter:data2\" content=\"5 minutos\" \/>\n<!-- \/ Yoast SEO plugin. -->","yoast_head_json":{"title":"Como preparar uma torre de panquecas: a receita saborosa, fresca e colorida para o Natal - Estado de Minas - Em foco","description":"A torre de panquecas virou queridinha das ceias por ser fria, leve e econ\u00f4mica. O visual e a praticidade impressionam convidados.","robots":{"index":"index","follow":"follow","max-snippet":"max-snippet:-1","max-image-preview":"max-image-preview:large","max-video-preview":"max-video-preview:-1"},"canonical":"https:\/\/www.em.com.br\/emfoco\/2025\/12\/13\/como-preparar-uma-torre-de-panquecas-a-receita-saborosa-fresca-e-colorida-para-o-natal\/","og_locale":"pt_BR","og_type":"article","og_title":"Como preparar uma torre de panquecas: a receita saborosa, fresca e colorida para o Natal - Estado de Minas - Em foco","og_description":"A torre de panquecas virou queridinha das ceias por ser fria, leve e econ\u00f4mica. O visual e a praticidade impressionam convidados.","og_url":"https:\/\/www.em.com.br\/emfoco\/2025\/12\/13\/como-preparar-uma-torre-de-panquecas-a-receita-saborosa-fresca-e-colorida-para-o-natal\/","og_site_name":"Estado de Minas - Em foco","article_published_time":"2025-12-13T15:15:00+00:00","article_modified_time":"2025-12-12T23:32:04+00:00","og_image":[{"width":1280,"height":720,"url":"https:\/\/www.em.com.br\/emfoco\/wp-content\/uploads\/2025\/12\/Gemini_Generated_Image_dllrmfdllrmfdllr-1.png","type":"image\/png"}],"author":"Andre\u0301 Rangel\u00a0","twitter_card":"summary_large_image","twitter_misc":{"Escrito por":"Andre\u0301 Rangel\u00a0","Est. tempo de leitura":"5 minutos"},"schema":{"@context":"https:\/\/schema.org","@graph":[{"@type":"WebPage","@id":"https:\/\/www.em.com.br\/emfoco\/2025\/12\/13\/como-preparar-uma-torre-de-panquecas-a-receita-saborosa-fresca-e-colorida-para-o-natal\/","url":"https:\/\/www.em.com.br\/emfoco\/2025\/12\/13\/como-preparar-uma-torre-de-panquecas-a-receita-saborosa-fresca-e-colorida-para-o-natal\/","name":"Como preparar uma torre de panquecas: a receita saborosa, fresca e colorida para o Natal - Estado de Minas - Em foco","isPartOf":{"@id":"https:\/\/www.em.com.br\/emfoco\/#website"},"primaryImageOfPage":{"@id":"https:\/\/www.em.com.br\/emfoco\/2025\/12\/13\/como-preparar-uma-torre-de-panquecas-a-receita-saborosa-fresca-e-colorida-para-o-natal\/#primaryimage"},"image":{"@id":"https:\/\/www.em.com.br\/emfoco\/2025\/12\/13\/como-preparar-uma-torre-de-panquecas-a-receita-saborosa-fresca-e-colorida-para-o-natal\/#primaryimage"},"thumbnailUrl":"https:\/\/www.em.com.br\/emfoco\/wp-content\/uploads\/2025\/12\/Gemini_Generated_Image_dllrmfdllrmfdllr-1.png","datePublished":"2025-12-13T15:15:00+00:00","dateModified":"2025-12-12T23:32:04+00:00","author":{"@id":"https:\/\/www.em.com.br\/emfoco\/#\/schema\/person\/60eda09c1fedf0d6891f4cef4b60b8b8"},"description":"A torre de panquecas virou queridinha das ceias por ser fria, leve e econ\u00f4mica. O visual e a praticidade impressionam convidados.","breadcrumb":{"@id":"https:\/\/www.em.com.br\/emfoco\/2025\/12\/13\/como-preparar-uma-torre-de-panquecas-a-receita-saborosa-fresca-e-colorida-para-o-natal\/#breadcrumb"},"inLanguage":"pt-BR","potentialAction":[{"@type":"ReadAction","target":["https:\/\/www.em.com.br\/emfoco\/2025\/12\/13\/como-preparar-uma-torre-de-panquecas-a-receita-saborosa-fresca-e-colorida-para-o-natal\/"]}]},{"@type":"ImageObject","inLanguage":"pt-BR","@id":"https:\/\/www.em.com.br\/emfoco\/2025\/12\/13\/como-preparar-uma-torre-de-panquecas-a-receita-saborosa-fresca-e-colorida-para-o-natal\/#primaryimage","url":"https:\/\/www.em.com.br\/emfoco\/wp-content\/uploads\/2025\/12\/Gemini_Generated_Image_dllrmfdllrmfdllr-1.png","contentUrl":"https:\/\/www.em.com.br\/emfoco\/wp-content\/uploads\/2025\/12\/Gemini_Generated_Image_dllrmfdllrmfdllr-1.png","width":1280,"height":720,"caption":"O toque que deixa a torre de panquecas firme e irresist\u00edvel"},{"@type":"BreadcrumbList","@id":"https:\/\/www.em.com.br\/emfoco\/2025\/12\/13\/como-preparar-uma-torre-de-panquecas-a-receita-saborosa-fresca-e-colorida-para-o-natal\/#breadcrumb","itemListElement":[{"@type":"ListItem","position":1,"name":"In\u00edcio","item":"https:\/\/www.em.com.br\/emfoco\/"},{"@type":"ListItem","position":2,"name":"Como preparar uma torre de panquecas: a receita saborosa, fresca e colorida para o Natal"}]},{"@type":"WebSite","@id":"https:\/\/www.em.com.br\/emfoco\/#website","url":"https:\/\/www.em.com.br\/emfoco\/","name":"Estado de Minas - Em foco","description":"Acompanhe as \u00faltimas not\u00edcias e fique bem informado sobre tudo o que acontece em Minas Gerais, Brasil e no mundo.","potentialAction":[{"@type":"SearchAction","target":{"@type":"EntryPoint","urlTemplate":"https:\/\/www.em.com.br\/emfoco\/?s={search_term_string}"},"query-input":{"@type":"PropertyValueSpecification","valueRequired":true,"valueName":"search_term_string"}}],"inLanguage":"pt-BR"},{"@type":"Person","@id":"https:\/\/www.em.com.br\/emfoco\/#\/schema\/person\/60eda09c1fedf0d6891f4cef4b60b8b8","name":"Andre\u0301 Rangel\u00a0","image":{"@type":"ImageObject","inLanguage":"pt-BR","@id":"https:\/\/www.em.com.br\/emfoco\/#\/schema\/person\/image\/","url":"https:\/\/secure.gravatar.com\/avatar\/6234dc814c77c8ef6d8bba622c787efc?s=96&d=mm&r=g","contentUrl":"https:\/\/secure.gravatar.com\/avatar\/6234dc814c77c8ef6d8bba622c787efc?s=96&d=mm&r=g","caption":"Andre\u0301 Rangel\u00a0"},"url":"https:\/\/www.em.com.br\/emfoco\/author\/luizmyth\/"}]}},"_links":{"self":[{"href":"https:\/\/www.em.com.br\/emfoco\/wp-json\/wp\/v2\/posts\/139731","targetHints":{"allow":["GET"]}}],"collection":[{"href":"https:\/\/www.em.com.br\/emfoco\/wp-json\/wp\/v2\/posts"}],"about":[{"href":"https:\/\/www.em.com.br\/emfoco\/wp-json\/wp\/v2\/types\/post"}],"author":[{"embeddable":true,"href":"https:\/\/www.em.com.br\/emfoco\/wp-json\/wp\/v2\/users\/11"}],"replies":[{"embeddable":true,"href":"https:\/\/www.em.com.br\/emfoco\/wp-json\/wp\/v2\/comments?post=139731"}],"version-history":[{"count":5,"href":"https:\/\/www.em.com.br\/emfoco\/wp-json\/wp\/v2\/posts\/139731\/revisions"}],"predecessor-version":[{"id":139934,"href":"https:\/\/www.em.com.br\/emfoco\/wp-json\/wp\/v2\/posts\/139731\/revisions\/139934"}],"wp:featuredmedia":[{"embeddable":true,"href":"https:\/\/www.em.com.br\/emfoco\/wp-json\/wp\/v2\/media\/139903"}],"wp:attachment":[{"href":"https:\/\/www.em.com.br\/emfoco\/wp-json\/wp\/v2\/media?parent=139731"}],"wp:term":[{"taxonomy":"category","embeddable":true,"href":"https:\/\/www.em.com.br\/emfoco\/wp-json\/wp\/v2\/categories?post=139731"},{"taxonomy":"post_tag","embeddable":true,"href":"https:\/\/www.em.com.br\/emfoco\/wp-json\/wp\/v2\/tags?post=139731"}],"curies":[{"name":"wp","href":"https:\/\/api.w.org\/{rel}","templated":true}]}}