{"id":139488,"date":"2025-12-15T15:45:00","date_gmt":"2025-12-15T18:45:00","guid":{"rendered":"https:\/\/www.em.com.br\/emfoco\/?p=139488"},"modified":"2025-12-12T01:18:49","modified_gmt":"2025-12-12T04:18:49","slug":"plantas-que-estimulam-foco-e-produtividade-em-ambientes-de-trabalho-e-estudo","status":"publish","type":"post","link":"https:\/\/www.em.com.br\/emfoco\/2025\/12\/15\/plantas-que-estimulam-foco-e-produtividade-em-ambientes-de-trabalho-e-estudo\/","title":{"rendered":"Plantas que estimulam foco e produtividade em ambientes de trabalho e estudo"},"content":{"rendered":"\n<p>Com mais pessoas estudando ou trabalhando em casa, manter aten\u00e7\u00e3o virou um desafio di\u00e1rio. Algumas <strong>esp\u00e9cies que ajudam a melhorar a concentra\u00e7\u00e3o e foco<\/strong> transformam o ambiente ao reduzir distra\u00e7\u00f5es, estimular clareza mental e criar frescor que mant\u00e9m o c\u00e9rebro ativo.<\/p>\n\n\n\n<h2 class=\"wp-block-heading\">Por que plantas influenciam foco e produtividade?<\/h2>\n\n\n\n<p>Algumas esp\u00e9cies liberam <strong>compostos arom\u00e1ticos naturais<\/strong> ou criam pequenas varia\u00e7\u00f5es no ar que estimulam o sistema nervoso. Esses microest\u00edmulos sensoriais ajudam o c\u00e9rebro a permanecer alerta, favorecendo racioc\u00ednio cont\u00ednuo durante tarefas longas e repetitivas.<\/p>\n\n\n\n<p>Al\u00e9m do efeito qu\u00edmico, o contato visual com o verde gera sensa\u00e7\u00e3o de <strong>equil\u00edbrio ambiental<\/strong>, reduzindo ansiedade e tens\u00e3o mental. Esse conjunto torna o espa\u00e7o mais confort\u00e1vel, o que contribui para ciclos de concentra\u00e7\u00e3o mais est\u00e1veis ao longo do dia.<\/p>\n\n\n\n<figure class=\"wp-block-image size-large\"><img loading=\"lazy\" decoding=\"async\" width=\"1024\" height=\"576\" src=\"https:\/\/www.em.com.br\/emfoco\/wp-content\/uploads\/2025\/12\/Produtividade_1765513082826-1024x576.jpg\" alt=\"Plantas que estimulam foco e produtividade em ambientes de trabalho e estudo\" class=\"wp-image-139492\" srcset=\"https:\/\/www.em.com.br\/emfoco\/wp-content\/uploads\/2025\/12\/Produtividade_1765513082826-1024x576.jpg 1024w, https:\/\/www.em.com.br\/emfoco\/wp-content\/uploads\/2025\/12\/Produtividade_1765513082826-300x169.jpg 300w, https:\/\/www.em.com.br\/emfoco\/wp-content\/uploads\/2025\/12\/Produtividade_1765513082826-768x432.jpg 768w, https:\/\/www.em.com.br\/emfoco\/wp-content\/uploads\/2025\/12\/Produtividade_1765513082826-750x422.jpg 750w, https:\/\/www.em.com.br\/emfoco\/wp-content\/uploads\/2025\/12\/Produtividade_1765513082826-1140x641.jpg 1140w, https:\/\/www.em.com.br\/emfoco\/wp-content\/uploads\/2025\/12\/Produtividade_1765513082826.jpg 1280w\" sizes=\"auto, (max-width: 1024px) 100vw, 1024px\" \/><figcaption class=\"wp-element-caption\">Est\u00edmulos naturais do verde reduzem distra\u00e7\u00f5es e tens\u00e3o mental &#8211; Cr\u00e9ditos: depositphotos.com \/ evgenyataman<\/figcaption><\/figure>\n\n\n\n<h2 class=\"wp-block-heading\">Quais esp\u00e9cies realmente favorecem foco e produtividade?<\/h2>\n\n\n\n<p>Entre as plantas mais indicadas para estudo ou trabalho, algumas se destacam por aroma, resist\u00eancia e impacto direto no conforto mental. Cada uma atua de forma espec\u00edfica no ambiente, como voc\u00ea pode ver a seguir.<\/p>\n\n\n\n<ul class=\"wp-block-list\">\n<li><strong>Alecrim<\/strong>: estimula aten\u00e7\u00e3o e mem\u00f3ria por meio de \u00f3leos essenciais naturais.<\/li>\n\n\n\n<li><strong>Hortel\u00e3<\/strong>: refresca o ambiente e reduz sensa\u00e7\u00e3o de cansa\u00e7o mental.<\/li>\n\n\n\n<li><strong>Lavanda<\/strong>: acalma a mente em pequenas quantidades, sem induzir sono.<\/li>\n\n\n\n<li><strong>Espada-de-S\u00e3o-Jorge<\/strong>: melhora a qualidade do ar interno, inclusive \u00e0 noite.<\/li>\n\n\n\n<li><strong>Jiboia<\/strong>: reduz sensa\u00e7\u00e3o de ar pesado e ajuda no conforto respirat\u00f3rio.<\/li>\n<\/ul>\n\n\n\n<p><em>Leia mais: <strong><a href=\"https:\/\/www.em.com.br\/emfoco\/2025\/12\/11\/aprenda-a-cuidar-dessa-planta-que-parece-um-passaro-e-deixe-sua-casa-mais-elegante\/\" target=\"_blank\" rel=\"noreferrer noopener\">Aprenda a cuidar dessa planta que parece um p\u00e1ssaro e deixe sua casa mais elegante<\/a><\/strong><\/em><\/p>\n\n\n\n<h2 class=\"wp-block-heading\">Como cada planta atua no foco di\u00e1rio?<\/h2>\n\n\n\n<p>O <strong>alecrim<\/strong> libera \u00f3leos essenciais que ativam \u00e1reas ligadas \u00e0 mem\u00f3ria e aten\u00e7\u00e3o, funcionando bem pr\u00f3ximo \u00e0 mesa. A <strong>hortel\u00e3<\/strong> desperta a mente com aroma fresco, ideal para ambientes quentes ou abafados.<\/p>\n\n\n\n<p>A <strong>lavanda<\/strong>, quando usada com modera\u00e7\u00e3o, reduz ansiedade leve e organiza pensamentos. J\u00e1 a <strong>espada-de-S\u00e3o-Jorge<\/strong> oxigena o espa\u00e7o, enquanto a <strong>jiboia<\/strong> mant\u00e9m leve umidade e reduz desconfortos comuns.<\/p>\n\n\n\n<p>A seguir separamos uma dica especial compartilhada pelo canal <strong><a href=\"https:\/\/www.tiktok.com\/@dragabrieladeutsch\" target=\"_blank\" rel=\"noreferrer noopener\"><strong>dragabrieladeutsch<\/strong><\/a><\/strong> sobre uma planta pouco conhecida que \u00e9 perfeita para turbinar o foco e a produtividade no dia a dia:<\/p>\n\n\n\n<blockquote class=\"tiktok-embed\" cite=\"https:\/\/www.tiktok.com\/@dragabrieladeutsch\/video\/7530014304557403397\" data-video-id=\"7530014304557403397\" style=\"max-width: 605px;min-width: 325px;\" > <section> <a target=\"_blank\" title=\"@dragabrieladeutsch\" href=\"https:\/\/www.tiktok.com\/@dragabrieladeutsch?refer=embed\">@dragabrieladeutsch<\/a> Foco, mem\u00f3ria e serenidade: tudo isso com um s\u00f3 fitoter\u00e1pico? A resposta est\u00e1 na Bacopa monnieri, uma planta milenar da medicina ayurv\u00e9dica que hoje tem respaldo da ci\u00eancia moderna. Os bacos\u00eddeos presentes na planta atravessam a barreira hematoencef\u00e1lica e estimulam a acetilcolina (neurotransmissor da mem\u00f3ria) e o BDNF \u2014 que ajuda o c\u00e9rebro a formar novos neur\u00f4nios. \ud83d\udcda Um estudo cl\u00ednico (Peth-Nui et al., 2012) mostrou: \u2728 +13% de velocidade em aten\u00e7\u00e3o visual \u2728 Aumento significativo da mem\u00f3ria de trabalho \u2728 E zero eventos adversos graves Al\u00e9m da mem\u00f3ria, ela tamb\u00e9m pode reduzir ansiedade leve, melhorar o humor e apoiar casos de TDAH e envelhecimento cognitivo. \u26a0 Mas lembre-se: n\u00e3o \u00e9 pra todo mundo. Gestantes, lactantes e quem usa betabloqueador devem evitar sem orienta\u00e7\u00e3o. Salva esse v\u00eddeo e compartilha com quem vive esquecendo at\u00e9 onde deixou a chave. <a title=\"farmacia\" target=\"_blank\" href=\"https:\/\/www.tiktok.com\/tag\/farmacia?refer=embed\">#farmacia<\/a> <a title=\"fitoterapia\" target=\"_blank\" href=\"https:\/\/www.tiktok.com\/tag\/fitoterapia?refer=embed\">#fitoterapia<\/a> <a title=\"receitacaseira\" target=\"_blank\" href=\"https:\/\/www.tiktok.com\/tag\/receitacaseira?refer=embed\">#receitacaseira<\/a> <a title=\"saudavel\" target=\"_blank\" href=\"https:\/\/www.tiktok.com\/tag\/saudavel?refer=embed\">#saudavel<\/a> <a target=\"_blank\" title=\"\u266c som original - Gabriela Deutsch\" href=\"https:\/\/www.tiktok.com\/music\/som-original-7530014310173969157?refer=embed\">\u266c som original &#8211; Gabriela Deutsch<\/a> <\/section> <\/blockquote> <script async src=\"https:\/\/www.tiktok.com\/embed.js\"><\/script>\n\n\n\n<h2 class=\"wp-block-heading\">Quais cuidados tornam essas plantas aliadas do foco?<\/h2>\n\n\n\n<p>Para que essas esp\u00e9cies realmente ajudem na concentra\u00e7\u00e3o, alguns cuidados simples fazem diferen\u00e7a no dia a dia. Ajustes no posicionamento e na manuten\u00e7\u00e3o evitam excessos e garantem benef\u00edcios constantes, como nos pontos abaixo.<\/p>\n\n\n\n<ul class=\"wp-block-list\">\n<li><strong>Posicionamento adequado<\/strong>: evite bloquear ventila\u00e7\u00e3o e n\u00e3o coloque aromas fortes sobre a mesa.<\/li>\n\n\n\n<li><strong>Rega moderada<\/strong>: mantenha o solo \u00famido sem encharcar para evitar odores.<\/li>\n\n\n\n<li><strong>Tamanho do vaso<\/strong>: prefira vasos m\u00e9dios que n\u00e3o ocupem espa\u00e7o \u00fatil.<\/li>\n<\/ul>\n\n\n\n<p>Plantas n\u00e3o substituem descanso ou organiza\u00e7\u00e3o, mas atuam como <strong>apoio sensorial e ambiental<\/strong>. Escolher as esp\u00e9cies certas transforma o espa\u00e7o em um ambiente mais produtivo, agrad\u00e1vel e prop\u00edcio ao foco di\u00e1rio.<\/p>\n","protected":false},"excerpt":{"rendered":"<p>Com mais pessoas estudando ou trabalhando em casa, manter aten\u00e7\u00e3o virou um desafio di\u00e1rio. Algumas esp\u00e9cies que ajudam a melhorar a concentra\u00e7\u00e3o e foco transformam o ambiente ao reduzir distra\u00e7\u00f5es, estimular clareza mental e criar frescor que mant\u00e9m o c\u00e9rebro ativo. Por que plantas influenciam foco e produtividade? Algumas esp\u00e9cies liberam compostos arom\u00e1ticos naturais ou [&hellip;]<\/p>\n","protected":false},"author":13,"featured_media":139491,"comment_status":"open","ping_status":"open","sticky":false,"template":"","format":"standard","meta":{"jnews-multi-image_gallery":[],"jnews_single_post":{"format":"standard"},"jnews_primary_category":[],"jnews_social_meta":[],"jnews_override_counter":[],"footnotes":""},"categories":[8819],"tags":[7665,3358,20539],"class_list":["post-139488","post","type-post","status-publish","format-standard","has-post-thumbnail","hentry","category-curiosidades","tag-concentracao","tag-jardinagem","tag-plantas-para-o-trabalho"],"yoast_head":"<!-- This site is optimized with the Yoast SEO plugin v23.8 - https:\/\/yoast.com\/wordpress\/plugins\/seo\/ -->\n<title>Plantas que estimulam foco e produtividade em ambientes de trabalho e estudo - Estado de Minas - Em foco<\/title>\n<meta name=\"description\" content=\"Aumente sua produtividade com plantas como lavanda e jiboia, que reduzem ansiedade e melhoram a concentra\u00e7\u00e3o durante tarefas longas.\" \/>\n<meta name=\"robots\" content=\"index, follow, max-snippet:-1, max-image-preview:large, max-video-preview:-1\" \/>\n<link rel=\"canonical\" href=\"https:\/\/www.em.com.br\/emfoco\/2025\/12\/15\/plantas-que-estimulam-foco-e-produtividade-em-ambientes-de-trabalho-e-estudo\/\" \/>\n<meta property=\"og:locale\" content=\"pt_BR\" \/>\n<meta property=\"og:type\" content=\"article\" \/>\n<meta property=\"og:title\" content=\"Plantas que estimulam foco e produtividade em ambientes de trabalho e estudo - Estado de Minas - Em foco\" \/>\n<meta property=\"og:description\" content=\"Aumente sua produtividade com plantas como lavanda e jiboia, que reduzem ansiedade e melhoram a concentra\u00e7\u00e3o durante tarefas longas.\" \/>\n<meta property=\"og:url\" content=\"https:\/\/www.em.com.br\/emfoco\/2025\/12\/15\/plantas-que-estimulam-foco-e-produtividade-em-ambientes-de-trabalho-e-estudo\/\" \/>\n<meta property=\"og:site_name\" content=\"Estado de Minas - Em foco\" \/>\n<meta property=\"article:published_time\" content=\"2025-12-15T18:45:00+00:00\" \/>\n<meta property=\"article:modified_time\" content=\"2025-12-12T04:18:49+00:00\" \/>\n<meta property=\"og:image\" content=\"https:\/\/www.em.com.br\/emfoco\/wp-content\/uploads\/2025\/12\/IA-IMG-155.jpg\" \/>\n\t<meta property=\"og:image:width\" content=\"1280\" \/>\n\t<meta property=\"og:image:height\" content=\"720\" \/>\n\t<meta property=\"og:image:type\" content=\"image\/jpeg\" \/>\n<meta name=\"author\" content=\"Gabriel Martins\" \/>\n<meta name=\"twitter:card\" content=\"summary_large_image\" \/>\n<meta name=\"twitter:label1\" content=\"Escrito por\" \/>\n\t<meta name=\"twitter:data1\" content=\"Gabriel Martins\" \/>\n\t<meta name=\"twitter:label2\" content=\"Est. tempo de leitura\" \/>\n\t<meta name=\"twitter:data2\" content=\"3 minutos\" \/>\n<!-- \/ Yoast SEO plugin. -->","yoast_head_json":{"title":"Plantas que estimulam foco e produtividade em ambientes de trabalho e estudo - Estado de Minas - Em foco","description":"Aumente sua produtividade com plantas como lavanda e jiboia, que reduzem ansiedade e melhoram a concentra\u00e7\u00e3o durante tarefas longas.","robots":{"index":"index","follow":"follow","max-snippet":"max-snippet:-1","max-image-preview":"max-image-preview:large","max-video-preview":"max-video-preview:-1"},"canonical":"https:\/\/www.em.com.br\/emfoco\/2025\/12\/15\/plantas-que-estimulam-foco-e-produtividade-em-ambientes-de-trabalho-e-estudo\/","og_locale":"pt_BR","og_type":"article","og_title":"Plantas que estimulam foco e produtividade em ambientes de trabalho e estudo - Estado de Minas - Em foco","og_description":"Aumente sua produtividade com plantas como lavanda e jiboia, que reduzem ansiedade e melhoram a concentra\u00e7\u00e3o durante tarefas longas.","og_url":"https:\/\/www.em.com.br\/emfoco\/2025\/12\/15\/plantas-que-estimulam-foco-e-produtividade-em-ambientes-de-trabalho-e-estudo\/","og_site_name":"Estado de Minas - Em foco","article_published_time":"2025-12-15T18:45:00+00:00","article_modified_time":"2025-12-12T04:18:49+00:00","og_image":[{"width":1280,"height":720,"url":"https:\/\/www.em.com.br\/emfoco\/wp-content\/uploads\/2025\/12\/IA-IMG-155.jpg","type":"image\/jpeg"}],"author":"Gabriel Martins","twitter_card":"summary_large_image","twitter_misc":{"Escrito por":"Gabriel Martins","Est. tempo de leitura":"3 minutos"},"schema":{"@context":"https:\/\/schema.org","@graph":[{"@type":"WebPage","@id":"https:\/\/www.em.com.br\/emfoco\/2025\/12\/15\/plantas-que-estimulam-foco-e-produtividade-em-ambientes-de-trabalho-e-estudo\/","url":"https:\/\/www.em.com.br\/emfoco\/2025\/12\/15\/plantas-que-estimulam-foco-e-produtividade-em-ambientes-de-trabalho-e-estudo\/","name":"Plantas que estimulam foco e produtividade em ambientes de trabalho e estudo - Estado de Minas - Em foco","isPartOf":{"@id":"https:\/\/www.em.com.br\/emfoco\/#website"},"primaryImageOfPage":{"@id":"https:\/\/www.em.com.br\/emfoco\/2025\/12\/15\/plantas-que-estimulam-foco-e-produtividade-em-ambientes-de-trabalho-e-estudo\/#primaryimage"},"image":{"@id":"https:\/\/www.em.com.br\/emfoco\/2025\/12\/15\/plantas-que-estimulam-foco-e-produtividade-em-ambientes-de-trabalho-e-estudo\/#primaryimage"},"thumbnailUrl":"https:\/\/www.em.com.br\/emfoco\/wp-content\/uploads\/2025\/12\/IA-IMG-155.jpg","datePublished":"2025-12-15T18:45:00+00:00","dateModified":"2025-12-12T04:18:49+00:00","author":{"@id":"https:\/\/www.em.com.br\/emfoco\/#\/schema\/person\/1c9ddeab18b98abeffef834667bcf08a"},"description":"Aumente sua produtividade com plantas como lavanda e jiboia, que reduzem ansiedade e melhoram a concentra\u00e7\u00e3o durante tarefas longas.","breadcrumb":{"@id":"https:\/\/www.em.com.br\/emfoco\/2025\/12\/15\/plantas-que-estimulam-foco-e-produtividade-em-ambientes-de-trabalho-e-estudo\/#breadcrumb"},"inLanguage":"pt-BR","potentialAction":[{"@type":"ReadAction","target":["https:\/\/www.em.com.br\/emfoco\/2025\/12\/15\/plantas-que-estimulam-foco-e-produtividade-em-ambientes-de-trabalho-e-estudo\/"]}]},{"@type":"ImageObject","inLanguage":"pt-BR","@id":"https:\/\/www.em.com.br\/emfoco\/2025\/12\/15\/plantas-que-estimulam-foco-e-produtividade-em-ambientes-de-trabalho-e-estudo\/#primaryimage","url":"https:\/\/www.em.com.br\/emfoco\/wp-content\/uploads\/2025\/12\/IA-IMG-155.jpg","contentUrl":"https:\/\/www.em.com.br\/emfoco\/wp-content\/uploads\/2025\/12\/IA-IMG-155.jpg","width":1280,"height":720,"caption":"Plantas certas ajudam o c\u00e9rebro a manter foco di\u00e1rio"},{"@type":"BreadcrumbList","@id":"https:\/\/www.em.com.br\/emfoco\/2025\/12\/15\/plantas-que-estimulam-foco-e-produtividade-em-ambientes-de-trabalho-e-estudo\/#breadcrumb","itemListElement":[{"@type":"ListItem","position":1,"name":"In\u00edcio","item":"https:\/\/www.em.com.br\/emfoco\/"},{"@type":"ListItem","position":2,"name":"Plantas que estimulam foco e produtividade em ambientes de trabalho e estudo"}]},{"@type":"WebSite","@id":"https:\/\/www.em.com.br\/emfoco\/#website","url":"https:\/\/www.em.com.br\/emfoco\/","name":"Estado de Minas - Em foco","description":"Acompanhe as \u00faltimas not\u00edcias e fique bem informado sobre tudo o que acontece em Minas Gerais, Brasil e no mundo.","potentialAction":[{"@type":"SearchAction","target":{"@type":"EntryPoint","urlTemplate":"https:\/\/www.em.com.br\/emfoco\/?s={search_term_string}"},"query-input":{"@type":"PropertyValueSpecification","valueRequired":true,"valueName":"search_term_string"}}],"inLanguage":"pt-BR"},{"@type":"Person","@id":"https:\/\/www.em.com.br\/emfoco\/#\/schema\/person\/1c9ddeab18b98abeffef834667bcf08a","name":"Gabriel Martins","image":{"@type":"ImageObject","inLanguage":"pt-BR","@id":"https:\/\/www.em.com.br\/emfoco\/#\/schema\/person\/image\/","url":"https:\/\/secure.gravatar.com\/avatar\/f0f1e2efdfd88f1ad2cb08c5c2731e50?s=96&d=mm&r=g","contentUrl":"https:\/\/secure.gravatar.com\/avatar\/f0f1e2efdfd88f1ad2cb08c5c2731e50?s=96&d=mm&r=g","caption":"Gabriel Martins"},"sameAs":["https:\/\/www.em.com.br\/emfoco\/"],"url":"https:\/\/www.em.com.br\/emfoco\/author\/gabrielmartinsmyth\/"}]}},"_links":{"self":[{"href":"https:\/\/www.em.com.br\/emfoco\/wp-json\/wp\/v2\/posts\/139488","targetHints":{"allow":["GET"]}}],"collection":[{"href":"https:\/\/www.em.com.br\/emfoco\/wp-json\/wp\/v2\/posts"}],"about":[{"href":"https:\/\/www.em.com.br\/emfoco\/wp-json\/wp\/v2\/types\/post"}],"author":[{"embeddable":true,"href":"https:\/\/www.em.com.br\/emfoco\/wp-json\/wp\/v2\/users\/13"}],"replies":[{"embeddable":true,"href":"https:\/\/www.em.com.br\/emfoco\/wp-json\/wp\/v2\/comments?post=139488"}],"version-history":[{"count":1,"href":"https:\/\/www.em.com.br\/emfoco\/wp-json\/wp\/v2\/posts\/139488\/revisions"}],"predecessor-version":[{"id":139493,"href":"https:\/\/www.em.com.br\/emfoco\/wp-json\/wp\/v2\/posts\/139488\/revisions\/139493"}],"wp:featuredmedia":[{"embeddable":true,"href":"https:\/\/www.em.com.br\/emfoco\/wp-json\/wp\/v2\/media\/139491"}],"wp:attachment":[{"href":"https:\/\/www.em.com.br\/emfoco\/wp-json\/wp\/v2\/media?parent=139488"}],"wp:term":[{"taxonomy":"category","embeddable":true,"href":"https:\/\/www.em.com.br\/emfoco\/wp-json\/wp\/v2\/categories?post=139488"},{"taxonomy":"post_tag","embeddable":true,"href":"https:\/\/www.em.com.br\/emfoco\/wp-json\/wp\/v2\/tags?post=139488"}],"curies":[{"name":"wp","href":"https:\/\/api.w.org\/{rel}","templated":true}]}}