{"id":139445,"date":"2025-12-16T21:35:00","date_gmt":"2025-12-17T00:35:00","guid":{"rendered":"https:\/\/www.em.com.br\/emfoco\/?p=139445"},"modified":"2025-12-15T20:00:23","modified_gmt":"2025-12-15T23:00:23","slug":"a-melhor-planta-para-vaso-que-voce-deve-plantar-em-dezembro-para-ter-flores-na-sua-varanda-durante-todo-o-verao","status":"publish","type":"post","link":"https:\/\/www.em.com.br\/emfoco\/2025\/12\/16\/a-melhor-planta-para-vaso-que-voce-deve-plantar-em-dezembro-para-ter-flores-na-sua-varanda-durante-todo-o-verao\/","title":{"rendered":"A melhor planta para vaso que voc\u00ea deve plantar em dezembro para ter flores na sua varanda durante todo o ver\u00e3o"},"content":{"rendered":"\n<p>Dezembro marca o in\u00edcio do ver\u00e3o intenso e, com ele, uma chance perfeita para transformar varandas e sacadas em pequenos jardins coloridos. Nesse per\u00edodo, o calor e a luz solar forte favorecem o cultivo de flores em vasos, e uma esp\u00e9cie em especial se destaca pela combina\u00e7\u00e3o de cores vibrantes, perfume suave e desenvolvimento r\u00e1pido: a <strong>z\u00ednia<\/strong>, capaz de deixar qualquer balc\u00e3o mais vivo at\u00e9 o fim da esta\u00e7\u00e3o quente.<\/p>\n\n\n\n<h2 class=\"wp-block-heading\">Por que a z\u00ednia \u00e9 ideal para o balc\u00e3o em dezembro<\/h2>\n\n\n\n<p>A <strong>z\u00ednia<\/strong>, tamb\u00e9m chamada de <strong>flor de papel<\/strong> ou<strong> rosa m\u00edstica<\/strong>, \u00e9 origin\u00e1ria do <strong>M\u00e9xico <\/strong>e se desenvolve muito bem em altas temperaturas e sol direto. Em regi\u00f5es com ver\u00f5es longos, como grande parte da <strong>Am\u00e9rica Latina<\/strong>, ela encontra o cen\u00e1rio perfeito para crescer r\u00e1pido e produzir flores cont\u00ednuas de dezembro at\u00e9 o fim do ver\u00e3o.<\/p>\n\n\n\n<p>As p\u00e9talas com textura que lembra papel encerado, somadas ao perfume discreto, tornam a z\u00ednia \u00f3tima para vasos decorativos e jardineiras de varanda. Em muitos casos, um \u00fanico vaso bem nutrido j\u00e1 \u00e9 suficiente para destacar um canto inteiro do balc\u00e3o com cores que v\u00e3o do branco ao roxo intenso.<\/p>\n\n\n\n<p>Selecionamos o v\u00eddeo do canal do <a href=\"https:\/\/www.youtube.com\/@SpagnholPlantas1\/shorts\" target=\"_blank\" rel=\"noreferrer noopener\">Spagnho Plantas <\/a>que possui 1,65 milh\u00f5es de inscritos e fala sobre a z\u00ednia, uma flor que atrai borboletas:<\/p>\n\n\n\n<iframe loading=\"lazy\" width=\"337\" height=\"599\" src=\"https:\/\/www.youtube.com\/embed\/JeQxd8OdwEA\" title=\"Conhe\u00e7a a Zinia, uma flor que atrai borboletas\" frameborder=\"0\" allow=\"accelerometer; autoplay; clipboard-write; encrypted-media; gyroscope; picture-in-picture; web-share\" referrerpolicy=\"strict-origin-when-cross-origin\" allowfullscreen><\/iframe>\n\n\n\n<h2 class=\"wp-block-heading\">Como cultivar z\u00ednia em vaso no balc\u00e3o<\/h2>\n\n\n\n<p>O cultivo de z\u00ednia em vaso \u00e9 simples mesmo para iniciantes, seja usando mudas prontas ou sementes. Em dezembro, o calor favorece a germina\u00e7\u00e3o, tornando essa \u00e9poca especialmente interessante para semear em casa e acompanhar o desenvolvimento desde o come\u00e7o.<\/p>\n\n\n\n<p>Para quem optar pelo plantio por sementes, vale seguir um passo a passo b\u00e1sico para garantir um bom in\u00edcio de crescimento:<\/p>\n\n\n\n<ol class=\"wp-block-list\">\n<li>Preencher o recipiente com um substrato leve e bem aerado.<\/li>\n\n\n\n<li>Abrir pequenos orif\u00edcios com cerca de 1 cm de profundidade.<\/li>\n\n\n\n<li>Colocar 1 ou 2 sementes em cada cavidade.<\/li>\n\n\n\n<li>Cobrir levemente com terra e umedecer com rega suave.<\/li>\n\n\n\n<li>Manter o vaso em local claro e regar levemente at\u00e9 surgirem os primeiros brotos.<\/li>\n<\/ol>\n\n\n\n<h2 class=\"wp-block-heading\">Quais cuidados di\u00e1rios manter com a z\u00ednia em vaso<\/h2>\n\n\n\n<p>Depois que as mudas se estabelecem, a z\u00ednia passa a exigir apenas manuten\u00e7\u00e3o b\u00e1sica, com regas moderadas e aten\u00e7\u00e3o ao <a href=\"https:\/\/www.em.com.br\/emfoco\/2025\/12\/11\/as-especies-rusticas-que-florescem-lindamente-mesmo-em-solos-pouco-ferteis\/\" target=\"_blank\" rel=\"noreferrer noopener\">solo<\/a>. O ideal \u00e9 regar a cada dois ou tr\u00eas dias, evitando tanto o encharcamento, que favorece fungos, quanto o ressecamento excessivo, que deixa as folhas murchas.<\/p>\n\n\n\n<p>Al\u00e9m da rega correta, alguns cuidados simples ajudam a manter a flora\u00e7\u00e3o intensa por v\u00e1rios meses seguidos:<\/p>\n\n\n\n<ul class=\"wp-block-list\">\n<li>Aplicar adubo espec\u00edfico para flores a cada 20 ou 25 dias no ver\u00e3o.<\/li>\n\n\n\n<li>Preferir f\u00f3rmulas equilibradas em nitrog\u00eanio, f\u00f3sforo e pot\u00e1ssio.<\/li>\n\n\n\n<li>Retirar flores secas regularmente (desponte) para estimular novos bot\u00f5es.<\/li>\n\n\n\n<li>Observar folhas e caule para detectar fungos ou pragas logo no in\u00edcio.<\/li>\n<\/ul>\n\n\n\n<div style=\"font-family: Arial, sans-serif; max-width: 1100px; margin: 0 auto; background: #ffffff; padding: 10px; border-radius: 16px; border: 1px solid #9fd3b5;\">\n\n  <div style=\"background: #e9f6ee; padding: 8px; border-radius: 12px; border: 1px solid #b7e0c7; text-align: center; margin-bottom: 15px;\">\n    <h2 style=\"margin: 0; color: #2f7d52; font-size: 18px;\">\n      \ud83c\udf31 Cuidados essenciais para flores mais fortes\n    <\/h2>\n  <\/div>\n\n  <table style=\"width: 100%; border-collapse: collapse;\">\n    <thead>\n      <tr>\n        <th style=\"background: #e1f2e8; padding: 10px; border: 1px solid #b7e0c7; font-size: 14px; color: #2f7d52; width: 25%;\">\n          Etapa\n        <\/th>\n        <th style=\"background: #e1f2e8; padding: 10px; border: 1px solid #b7e0c7; font-size: 14px; color: #2f7d52;\">\n          Orienta\u00e7\u00e3o pr\u00e1tica\n        <\/th>\n      <\/tr>\n    <\/thead>\n\n    <tbody>\n\n      <tr style=\"vertical-align: middle; border-bottom: 1px solid #d6efe2;\">\n        <td style=\"padding: 10px; text-align: center; border-right: 1px solid #b7e0c7;\">\n          <div style=\"background: #d2eddf; padding: 6px 12px; border-radius: 14px; display: inline-block; color: #256a45; font-weight: bold; font-size: 13px;\">\n            1. Aduba\u00e7\u00e3o regular\n          <\/div>\n        <\/td>\n        <td style=\"padding: 10px; color: #333; font-size: 13px; line-height: 1.5;\">\n          Aplicar <strong>adubo espec\u00edfico para flores<\/strong> a cada 20 ou 25 dias durante o ver\u00e3o, respeitando a dosagem indicada pelo fabricante.\n        <\/td>\n      <\/tr>\n\n      <tr style=\"vertical-align: middle; border-bottom: 1px solid #d6efe2;\">\n        <td style=\"padding: 10px; text-align: center; border-right: 1px solid #b7e0c7;\">\n          <div style=\"background: #d2eddf; padding: 6px 12px; border-radius: 14px; display: inline-block; color: #256a45; font-weight: bold; font-size: 13px;\">\n            2. Escolha do fertilizante\n          <\/div>\n        <\/td>\n        <td style=\"padding: 10px; color: #333; font-size: 13px; line-height: 1.5;\">\n          Dar prefer\u00eancia a f\u00f3rmulas <strong>equilibradas em nitrog\u00eanio, f\u00f3sforo e pot\u00e1ssio<\/strong>, garantindo crescimento saud\u00e1vel e flora\u00e7\u00e3o cont\u00ednua.\n        <\/td>\n      <\/tr>\n\n      <tr style=\"vertical-align: middle; border-bottom: 1px solid #d6efe2;\">\n        <td style=\"padding: 10px; text-align: center; border-right: 1px solid #b7e0c7;\">\n          <div style=\"background: #d2eddf; padding: 6px 12px; border-radius: 14px; display: inline-block; color: #256a45; font-weight: bold; font-size: 13px;\">\n            3. Desponte das flores\n          <\/div>\n        <\/td>\n        <td style=\"padding: 10px; color: #333; font-size: 13px; line-height: 1.5;\">\n          Retirar <strong>flores secas ou murchas<\/strong> com frequ\u00eancia para estimular o surgimento de novos bot\u00f5es florais.\n        <\/td>\n      <\/tr>\n\n      <tr style=\"vertical-align: middle;\">\n        <td style=\"padding: 10px; text-align: center; border-right: 1px solid #b7e0c7;\">\n          <div style=\"background: #d2eddf; padding: 6px 12px; border-radius: 14px; display: inline-block; color: #256a45; font-weight: bold; font-size: 13px;\">\n            4. Monitoramento da planta\n          <\/div>\n        <\/td>\n        <td style=\"padding: 10px; color: #333; font-size: 13px; line-height: 1.5;\">\n          Observar <strong>folhas e caule<\/strong> regularmente para identificar fungos ou pragas logo no in\u00edcio e evitar danos maiores.\n        <\/td>\n      <\/tr>\n\n    <\/tbody>\n  <\/table>\n<\/div>\n\n\n\n\n\n<h2 class=\"wp-block-heading\">Como adaptar a z\u00ednia a diferentes tipos de varanda<\/h2>\n\n\n\n<p>Em varandas ensolaradas, a z\u00ednia se adapta com facilidade, desde que o vaso tenha boa drenagem e o local n\u00e3o seja dominado por ventos muito fortes. Em sacadas sombreadas, ela tende a produzir menos flores e alongar demais os caules, prejudicando a apar\u00eancia geral do vaso ao longo do ver\u00e3o.<\/p>\n\n\n\n<p>Para criar uma composi\u00e7\u00e3o mais rica, a z\u00ednia pode ser combinada com outras flores de ver\u00e3o que apreciam sol pleno, desde que cada esp\u00e9cie tenha espa\u00e7o adequado. Assim, o balc\u00e3o ganha variedade de cores e alturas, mantendo a z\u00ednia como protagonista at\u00e9 o come\u00e7o do outono.<\/p>\n\n\n\n<h2 class=\"wp-block-heading\">Como aproveitar ao m\u00e1ximo a z\u00ednia no ver\u00e3o<\/h2>\n\n\n\n<p>Com planejamento simples, aten\u00e7\u00e3o ao sol, regas moderadas e aduba\u00e7\u00e3o peri\u00f3dica, a z\u00ednia se consolida como uma das escolhas mais pr\u00e1ticas para encher o balc\u00e3o de cor e perfume durante todo o ver\u00e3o. Um \u00fanico vaso bem cuidado pode transformar a vista da casa at\u00e9 mar\u00e7o ou abril, criando um ponto fixo de destaque na paisagem di\u00e1ria.<\/p>\n\n\n\n<p>N\u00e3o espere o ver\u00e3o passar olhando para uma varanda sem gra\u00e7a: separe um vaso, prepare o substrato e plante suas z\u00ednias ainda hoje. Cada dia de sol conta para ver os primeiros bot\u00f5es abrindo, e come\u00e7ar agora \u00e9 garantir um balc\u00e3o florido justamente no auge da esta\u00e7\u00e3o.<\/p>\n\n\n\n<p><\/p>\n","protected":false},"excerpt":{"rendered":"<p>Dezembro marca o in\u00edcio do ver\u00e3o intenso e, com ele, uma chance perfeita para transformar varandas e sacadas em pequenos jardins coloridos. Nesse per\u00edodo, o calor e a luz solar forte favorecem o cultivo de flores em vasos, e uma esp\u00e9cie em especial se destaca pela combina\u00e7\u00e3o de cores vibrantes, perfume suave e desenvolvimento r\u00e1pido: [&hellip;]<\/p>\n","protected":false},"author":11,"featured_media":141020,"comment_status":"open","ping_status":"open","sticky":false,"template":"","format":"standard","meta":{"jnews-multi-image_gallery":[],"jnews_single_post":{"format":"standard"},"jnews_primary_category":[],"jnews_social_meta":[],"jnews_override_counter":[],"footnotes":""},"categories":[8819,1],"tags":[20770,3357,5025,1827,20771],"class_list":["post-139445","post","type-post","status-publish","format-standard","has-post-thumbnail","hentry","category-curiosidades","category-noticias","tag-como-cultivar-em-vaso","tag-flores","tag-varanda","tag-verao","tag-zinia"],"yoast_head":"<!-- This site is optimized with the Yoast SEO plugin v23.8 - https:\/\/yoast.com\/wordpress\/plugins\/seo\/ -->\n<title>A melhor planta para vaso que voc\u00ea deve plantar em dezembro para ter flores na sua varanda durante todo o ver\u00e3o - Estado de Minas - Em foco<\/title>\n<meta name=\"description\" content=\"Ideal para dezembro, a z\u00ednia floresce com poucos cuidados e muito sol. Um vaso de z\u00ednia bem cuidado transforma qualquer balc\u00e3o no ver\u00e3o.\" \/>\n<meta name=\"robots\" content=\"index, follow, max-snippet:-1, max-image-preview:large, max-video-preview:-1\" \/>\n<link rel=\"canonical\" href=\"https:\/\/www.em.com.br\/emfoco\/2025\/12\/16\/a-melhor-planta-para-vaso-que-voce-deve-plantar-em-dezembro-para-ter-flores-na-sua-varanda-durante-todo-o-verao\/\" \/>\n<meta property=\"og:locale\" content=\"pt_BR\" \/>\n<meta property=\"og:type\" content=\"article\" \/>\n<meta property=\"og:title\" content=\"A melhor planta para vaso que voc\u00ea deve plantar em dezembro para ter flores na sua varanda durante todo o ver\u00e3o - Estado de Minas - Em foco\" \/>\n<meta property=\"og:description\" content=\"Ideal para dezembro, a z\u00ednia floresce com poucos cuidados e muito sol. Um vaso de z\u00ednia bem cuidado transforma qualquer balc\u00e3o no ver\u00e3o.\" \/>\n<meta property=\"og:url\" content=\"https:\/\/www.em.com.br\/emfoco\/2025\/12\/16\/a-melhor-planta-para-vaso-que-voce-deve-plantar-em-dezembro-para-ter-flores-na-sua-varanda-durante-todo-o-verao\/\" \/>\n<meta property=\"og:site_name\" content=\"Estado de Minas - Em foco\" \/>\n<meta property=\"article:published_time\" content=\"2025-12-17T00:35:00+00:00\" \/>\n<meta property=\"article:modified_time\" content=\"2025-12-15T23:00:23+00:00\" \/>\n<meta property=\"og:image\" content=\"https:\/\/www.em.com.br\/emfoco\/wp-content\/uploads\/2025\/12\/Gemini_Generated_Image_moldqdmoldqdmold-1.png\" \/>\n\t<meta property=\"og:image:width\" content=\"1280\" \/>\n\t<meta property=\"og:image:height\" content=\"720\" \/>\n\t<meta property=\"og:image:type\" content=\"image\/png\" \/>\n<meta name=\"author\" content=\"Andre\u0301 Rangel\u00a0\" \/>\n<meta name=\"twitter:card\" content=\"summary_large_image\" \/>\n<meta name=\"twitter:label1\" content=\"Escrito por\" \/>\n\t<meta name=\"twitter:data1\" content=\"Andre\u0301 Rangel\u00a0\" \/>\n\t<meta name=\"twitter:label2\" content=\"Est. tempo de leitura\" \/>\n\t<meta name=\"twitter:data2\" content=\"5 minutos\" \/>\n<!-- \/ Yoast SEO plugin. -->","yoast_head_json":{"title":"A melhor planta para vaso que voc\u00ea deve plantar em dezembro para ter flores na sua varanda durante todo o ver\u00e3o - Estado de Minas - Em foco","description":"Ideal para dezembro, a z\u00ednia floresce com poucos cuidados e muito sol. Um vaso de z\u00ednia bem cuidado transforma qualquer balc\u00e3o no ver\u00e3o.","robots":{"index":"index","follow":"follow","max-snippet":"max-snippet:-1","max-image-preview":"max-image-preview:large","max-video-preview":"max-video-preview:-1"},"canonical":"https:\/\/www.em.com.br\/emfoco\/2025\/12\/16\/a-melhor-planta-para-vaso-que-voce-deve-plantar-em-dezembro-para-ter-flores-na-sua-varanda-durante-todo-o-verao\/","og_locale":"pt_BR","og_type":"article","og_title":"A melhor planta para vaso que voc\u00ea deve plantar em dezembro para ter flores na sua varanda durante todo o ver\u00e3o - Estado de Minas - Em foco","og_description":"Ideal para dezembro, a z\u00ednia floresce com poucos cuidados e muito sol. Um vaso de z\u00ednia bem cuidado transforma qualquer balc\u00e3o no ver\u00e3o.","og_url":"https:\/\/www.em.com.br\/emfoco\/2025\/12\/16\/a-melhor-planta-para-vaso-que-voce-deve-plantar-em-dezembro-para-ter-flores-na-sua-varanda-durante-todo-o-verao\/","og_site_name":"Estado de Minas - Em foco","article_published_time":"2025-12-17T00:35:00+00:00","article_modified_time":"2025-12-15T23:00:23+00:00","og_image":[{"width":1280,"height":720,"url":"https:\/\/www.em.com.br\/emfoco\/wp-content\/uploads\/2025\/12\/Gemini_Generated_Image_moldqdmoldqdmold-1.png","type":"image\/png"}],"author":"Andre\u0301 Rangel\u00a0","twitter_card":"summary_large_image","twitter_misc":{"Escrito por":"Andre\u0301 Rangel\u00a0","Est. tempo de leitura":"5 minutos"},"schema":{"@context":"https:\/\/schema.org","@graph":[{"@type":"WebPage","@id":"https:\/\/www.em.com.br\/emfoco\/2025\/12\/16\/a-melhor-planta-para-vaso-que-voce-deve-plantar-em-dezembro-para-ter-flores-na-sua-varanda-durante-todo-o-verao\/","url":"https:\/\/www.em.com.br\/emfoco\/2025\/12\/16\/a-melhor-planta-para-vaso-que-voce-deve-plantar-em-dezembro-para-ter-flores-na-sua-varanda-durante-todo-o-verao\/","name":"A melhor planta para vaso que voc\u00ea deve plantar em dezembro para ter flores na sua varanda durante todo o ver\u00e3o - Estado de Minas - Em foco","isPartOf":{"@id":"https:\/\/www.em.com.br\/emfoco\/#website"},"primaryImageOfPage":{"@id":"https:\/\/www.em.com.br\/emfoco\/2025\/12\/16\/a-melhor-planta-para-vaso-que-voce-deve-plantar-em-dezembro-para-ter-flores-na-sua-varanda-durante-todo-o-verao\/#primaryimage"},"image":{"@id":"https:\/\/www.em.com.br\/emfoco\/2025\/12\/16\/a-melhor-planta-para-vaso-que-voce-deve-plantar-em-dezembro-para-ter-flores-na-sua-varanda-durante-todo-o-verao\/#primaryimage"},"thumbnailUrl":"https:\/\/www.em.com.br\/emfoco\/wp-content\/uploads\/2025\/12\/Gemini_Generated_Image_moldqdmoldqdmold-1.png","datePublished":"2025-12-17T00:35:00+00:00","dateModified":"2025-12-15T23:00:23+00:00","author":{"@id":"https:\/\/www.em.com.br\/emfoco\/#\/schema\/person\/60eda09c1fedf0d6891f4cef4b60b8b8"},"description":"Ideal para dezembro, a z\u00ednia floresce com poucos cuidados e muito sol. Um vaso de z\u00ednia bem cuidado transforma qualquer balc\u00e3o no ver\u00e3o.","breadcrumb":{"@id":"https:\/\/www.em.com.br\/emfoco\/2025\/12\/16\/a-melhor-planta-para-vaso-que-voce-deve-plantar-em-dezembro-para-ter-flores-na-sua-varanda-durante-todo-o-verao\/#breadcrumb"},"inLanguage":"pt-BR","potentialAction":[{"@type":"ReadAction","target":["https:\/\/www.em.com.br\/emfoco\/2025\/12\/16\/a-melhor-planta-para-vaso-que-voce-deve-plantar-em-dezembro-para-ter-flores-na-sua-varanda-durante-todo-o-verao\/"]}]},{"@type":"ImageObject","inLanguage":"pt-BR","@id":"https:\/\/www.em.com.br\/emfoco\/2025\/12\/16\/a-melhor-planta-para-vaso-que-voce-deve-plantar-em-dezembro-para-ter-flores-na-sua-varanda-durante-todo-o-verao\/#primaryimage","url":"https:\/\/www.em.com.br\/emfoco\/wp-content\/uploads\/2025\/12\/Gemini_Generated_Image_moldqdmoldqdmold-1.png","contentUrl":"https:\/\/www.em.com.br\/emfoco\/wp-content\/uploads\/2025\/12\/Gemini_Generated_Image_moldqdmoldqdmold-1.png","width":1280,"height":720,"caption":"Flores resistentes dominam varandas em dezembro"},{"@type":"BreadcrumbList","@id":"https:\/\/www.em.com.br\/emfoco\/2025\/12\/16\/a-melhor-planta-para-vaso-que-voce-deve-plantar-em-dezembro-para-ter-flores-na-sua-varanda-durante-todo-o-verao\/#breadcrumb","itemListElement":[{"@type":"ListItem","position":1,"name":"In\u00edcio","item":"https:\/\/www.em.com.br\/emfoco\/"},{"@type":"ListItem","position":2,"name":"A melhor planta para vaso que voc\u00ea deve plantar em dezembro para ter flores na sua varanda durante todo o ver\u00e3o"}]},{"@type":"WebSite","@id":"https:\/\/www.em.com.br\/emfoco\/#website","url":"https:\/\/www.em.com.br\/emfoco\/","name":"Estado de Minas - Em foco","description":"Acompanhe as \u00faltimas not\u00edcias e fique bem informado sobre tudo o que acontece em Minas Gerais, Brasil e no mundo.","potentialAction":[{"@type":"SearchAction","target":{"@type":"EntryPoint","urlTemplate":"https:\/\/www.em.com.br\/emfoco\/?s={search_term_string}"},"query-input":{"@type":"PropertyValueSpecification","valueRequired":true,"valueName":"search_term_string"}}],"inLanguage":"pt-BR"},{"@type":"Person","@id":"https:\/\/www.em.com.br\/emfoco\/#\/schema\/person\/60eda09c1fedf0d6891f4cef4b60b8b8","name":"Andre\u0301 Rangel\u00a0","image":{"@type":"ImageObject","inLanguage":"pt-BR","@id":"https:\/\/www.em.com.br\/emfoco\/#\/schema\/person\/image\/","url":"https:\/\/secure.gravatar.com\/avatar\/6234dc814c77c8ef6d8bba622c787efc?s=96&d=mm&r=g","contentUrl":"https:\/\/secure.gravatar.com\/avatar\/6234dc814c77c8ef6d8bba622c787efc?s=96&d=mm&r=g","caption":"Andre\u0301 Rangel\u00a0"},"url":"https:\/\/www.em.com.br\/emfoco\/author\/luizmyth\/"}]}},"_links":{"self":[{"href":"https:\/\/www.em.com.br\/emfoco\/wp-json\/wp\/v2\/posts\/139445","targetHints":{"allow":["GET"]}}],"collection":[{"href":"https:\/\/www.em.com.br\/emfoco\/wp-json\/wp\/v2\/posts"}],"about":[{"href":"https:\/\/www.em.com.br\/emfoco\/wp-json\/wp\/v2\/types\/post"}],"author":[{"embeddable":true,"href":"https:\/\/www.em.com.br\/emfoco\/wp-json\/wp\/v2\/users\/11"}],"replies":[{"embeddable":true,"href":"https:\/\/www.em.com.br\/emfoco\/wp-json\/wp\/v2\/comments?post=139445"}],"version-history":[{"count":6,"href":"https:\/\/www.em.com.br\/emfoco\/wp-json\/wp\/v2\/posts\/139445\/revisions"}],"predecessor-version":[{"id":141021,"href":"https:\/\/www.em.com.br\/emfoco\/wp-json\/wp\/v2\/posts\/139445\/revisions\/141021"}],"wp:featuredmedia":[{"embeddable":true,"href":"https:\/\/www.em.com.br\/emfoco\/wp-json\/wp\/v2\/media\/141020"}],"wp:attachment":[{"href":"https:\/\/www.em.com.br\/emfoco\/wp-json\/wp\/v2\/media?parent=139445"}],"wp:term":[{"taxonomy":"category","embeddable":true,"href":"https:\/\/www.em.com.br\/emfoco\/wp-json\/wp\/v2\/categories?post=139445"},{"taxonomy":"post_tag","embeddable":true,"href":"https:\/\/www.em.com.br\/emfoco\/wp-json\/wp\/v2\/tags?post=139445"}],"curies":[{"name":"wp","href":"https:\/\/api.w.org\/{rel}","templated":true}]}}