{"id":139418,"date":"2025-12-14T20:15:00","date_gmt":"2025-12-14T23:15:00","guid":{"rendered":"https:\/\/www.em.com.br\/emfoco\/?p=139418"},"modified":"2025-12-12T20:49:15","modified_gmt":"2025-12-12T23:49:15","slug":"transforme-a-varanda-em-um-mini-refugio-verde-gastando-menos-de-r-250","status":"publish","type":"post","link":"https:\/\/www.em.com.br\/emfoco\/2025\/12\/14\/transforme-a-varanda-em-um-mini-refugio-verde-gastando-menos-de-r-250\/","title":{"rendered":"Transforme a varanda em um mini ref\u00fagio verde gastando menos de R$ 250"},"content":{"rendered":"\n<p>Transformar uma varanda simples em um ref\u00fagio verde gastando pouco \u00e9 totalmente poss\u00edvel, mesmo em apartamentos pequenos. Com criatividade, reaproveitamento de materiais e escolhas certeiras de plantas, d\u00e1 para montar um cantinho aconchegante por at\u00e9 R$ 250, sem reforma, sem quebra-quebra e com foco em bem-estar e praticidade no dia a dia.<\/p>\n\n\n\n<h2 class=\"wp-block-heading\">Como planejar a varanda gastando at\u00e9 R$ 250<\/h2>\n\n\n\n<p>O primeiro passo \u00e9 decidir o prop\u00f3sito da varanda: relaxar, ler, meditar, cuidar de plantas ou misturar tudo isso em um espa\u00e7o multiuso. A partir dessa defini\u00e7\u00e3o, fica mais f\u00e1cil distribuir o or\u00e7amento entre estrutura, plantas, vasos, ilumina\u00e7\u00e3o e pequenos detalhes decorativos.<\/p>\n\n\n\n<p>Uma boa estrat\u00e9gia \u00e9 separar um valor para um jardim vertical econ\u00f4mico, outro para plantas f\u00e1ceis de manter e o restante para almofadas, tapete simples e luzes. Priorize produtos de segunda m\u00e3o, materiais reaproveitados e itens DIY, comprando em feiras de bairro, lojas populares e mercados de rua.<\/p>\n\n\n\n<figure class=\"wp-block-image size-large\"><img loading=\"lazy\" decoding=\"async\" width=\"1024\" height=\"576\" src=\"https:\/\/www.em.com.br\/emfoco\/wp-content\/uploads\/2025\/12\/Gemini_Generated_Image_k2ygg0k2ygg0k2yg-1-1024x576.png\" alt=\"Plantas e luz criam varanda acolhedora gastando pouco\" class=\"wp-image-139654\" srcset=\"https:\/\/www.em.com.br\/emfoco\/wp-content\/uploads\/2025\/12\/Gemini_Generated_Image_k2ygg0k2ygg0k2yg-1-1024x576.png 1024w, https:\/\/www.em.com.br\/emfoco\/wp-content\/uploads\/2025\/12\/Gemini_Generated_Image_k2ygg0k2ygg0k2yg-1-300x169.png 300w, https:\/\/www.em.com.br\/emfoco\/wp-content\/uploads\/2025\/12\/Gemini_Generated_Image_k2ygg0k2ygg0k2yg-1-768x432.png 768w, https:\/\/www.em.com.br\/emfoco\/wp-content\/uploads\/2025\/12\/Gemini_Generated_Image_k2ygg0k2ygg0k2yg-1-750x422.png 750w, https:\/\/www.em.com.br\/emfoco\/wp-content\/uploads\/2025\/12\/Gemini_Generated_Image_k2ygg0k2ygg0k2yg-1-1140x641.png 1140w, https:\/\/www.em.com.br\/emfoco\/wp-content\/uploads\/2025\/12\/Gemini_Generated_Image_k2ygg0k2ygg0k2yg-1.png 1280w\" sizes=\"auto, (max-width: 1024px) 100vw, 1024px\" \/><figcaption class=\"wp-element-caption\">Plantas e luz criam varanda acolhedora gastando pouco<\/figcaption><\/figure>\n\n\n\n<h2 class=\"wp-block-heading\">Como usar jardim vertical e m\u00f3veis reaproveitados<\/h2>\n\n\n\n<p>Para aproveitar cada cent\u00edmetro, o jardim vertical \u00e9 um grande aliado, usando pallets, ripas de madeira ou suportes de macram\u00ea para fixar vasos na parede. Muitos pallets podem ser conseguidos gratuitamente em com\u00e9rcios locais, bastando lixar e aplicar tinta ou verniz para um acabamento mais bonito e dur\u00e1vel.<\/p>\n\n\n\n<p>Nos m\u00f3veis reaproveitados, vale transformar cadeiras antigas, caixotes de feira e pallets em assentos e mesas de apoio, complementando com tecidos simples e almofadas confort\u00e1veis. Uma estrutura b\u00e1sica pode ser montada com poucos itens adaptados ao que voc\u00ea j\u00e1 tem em casa, reduzindo muito o custo final.<\/p>\n\n\n\n<ul class=\"wp-block-list\">\n<li>1 pallet ou 2 caixotes empilhados como banco ou mesa de centro;<\/li>\n\n\n\n<li>Uma cadeira j\u00e1 existente, renovada com nova almofada;<\/li>\n\n\n\n<li>Uma mesinha lateral antiga, apenas pintada para harmonizar com o espa\u00e7o.<\/li>\n<\/ul>\n\n\n\n<h2 class=\"wp-block-heading\">Quais plantas escolher para um ref\u00fagio verde barato<\/h2>\n\n\n\n<p>A escolha das plantas deve equilibrar beleza, resist\u00eancia e facilidade de cuidado, respeitando a quantidade de sol da varanda. Em feiras e hortos populares, \u00e9 poss\u00edvel encontrar esp\u00e9cies acess\u00edveis, como hortel\u00e3, alecrim, manjeric\u00e3o, salsinha, suculentas, cactos, samambaias e jib\u00f3ias.<\/p>\n\n\n\n<p>Para montar o conjunto de vasos sem gastar muito, use op\u00e7\u00f5es leves e recicladas, sempre com drenagem adequada. Uma divis\u00e3o simples de or\u00e7amento pode ajudar: at\u00e9 R$ 80 em plantas variadas, at\u00e9 R$ 60 em vasos e materiais de drenagem, e o restante em ilumina\u00e7\u00e3o e pequenos ajustes decorativos.<\/p>\n\n\n\n<h2 class=\"wp-block-heading\">Como usar ilumina\u00e7\u00e3o e tecidos para criar aconchego<\/h2>\n\n\n\n<p>A ilumina\u00e7\u00e3o \u00e9 respons\u00e1vel por boa parte da sensa\u00e7\u00e3o de acolhimento, principalmente \u00e0 noite. Cord\u00f5es de luzes LED, lanternas de papel, potes de vidro com velas LED e lumin\u00e1rias simples mudam o clima sem exigir grandes instala\u00e7\u00f5es ou consumo alto de energia.<\/p>\n\n\n\n<p>Tecidos reaproveitados entram como refor\u00e7o visual e de conforto, escondendo imperfei\u00e7\u00f5es e aquecendo o ambiente. Len\u00e7\u00f3is podem virar capas de almofada, sobras de tecido se transformam em trilhos de mesa, e um tapete barato ajuda a definir a \u00e1rea, enquanto quadros, prateleiras pequenas e at\u00e9 um espelho ampliam e iluminam a varanda.<\/p>\n\n\n\n<p>Abaixo o v\u00eddeo do canal da<a href=\"https:\/\/www.youtube.com\/@patriciafantinguerra\" target=\"_blank\" rel=\"noreferrer noopener\"> Pati Fantin <\/a>fala sobre como deixar a casa aconchegante usando a psicologia do design:<\/p>\n\n\n\n<figure class=\"wp-block-embed is-type-video is-provider-youtube wp-block-embed-youtube wp-embed-aspect-16-9 wp-has-aspect-ratio\"><div class=\"wp-block-embed__wrapper\">\n<div class=\"jeg_video_container jeg_video_content\"><iframe loading=\"lazy\" title=\"9 Dicas para Tornar a Casa Aconchegante Usando Psicologia do Design\" width=\"500\" height=\"281\" src=\"https:\/\/www.youtube.com\/embed\/GPWkuJ8uu2M?feature=oembed\" frameborder=\"0\" allow=\"accelerometer; autoplay; clipboard-write; encrypted-media; gyroscope; picture-in-picture; web-share\" referrerpolicy=\"strict-origin-when-cross-origin\" allowfullscreen><\/iframe><\/div>\n<\/div><\/figure>\n\n\n\n<h2 class=\"wp-block-heading\">Como economizar mais e concluir o projeto da varanda agora<\/h2>\n\n\n\n<p>Para manter tudo dentro do limite de R$ 250, troque mudas com vizinhos, amigos ou familiares e aproveite esp\u00e9cies que se multiplicam por estacas ou divis\u00e3o de touceiras. Antes de comprar qualquer coisa, fa\u00e7a um invent\u00e1rio do que j\u00e1 tem em casa e pode ser reformado: vasos antigos, bancos esquecidos, tecidos guardados e objetos decorativos podem ganhar nova fun\u00e7\u00e3o na varanda.<\/p>\n\n\n\n<p>N\u00e3o adie esse projeto: em um \u00fanico fim de semana voc\u00ea consegue transformar uma varanda esquecida em um ref\u00fagio verde que muda sua rotina, seu humor e a forma como voc\u00ea usa a casa. Comece hoje planejando o espa\u00e7o, separando materiais e definindo o or\u00e7amento, e d\u00ea o primeiro passo para criar seu cantinho de descanso e conex\u00e3o com a natureza agora mesmo.<\/p>\n","protected":false},"excerpt":{"rendered":"<p>Transformar uma varanda simples em um ref\u00fagio verde gastando pouco \u00e9 totalmente poss\u00edvel, mesmo em apartamentos pequenos. Com criatividade, reaproveitamento de materiais e escolhas certeiras de plantas, d\u00e1 para montar um cantinho aconchegante por at\u00e9 R$ 250, sem reforma, sem quebra-quebra e com foco em bem-estar e praticidade no dia a dia. Como planejar a [&hellip;]<\/p>\n","protected":false},"author":11,"featured_media":139656,"comment_status":"open","ping_status":"open","sticky":false,"template":"","format":"standard","meta":{"jnews-multi-image_gallery":[],"jnews_single_post":{"format":"standard"},"jnews_primary_category":[],"jnews_social_meta":[],"jnews_override_counter":[],"footnotes":""},"categories":[8819,1],"tags":[15753,5115,3324,5025],"class_list":["post-139418","post","type-post","status-publish","format-standard","has-post-thumbnail","hentry","category-curiosidades","category-noticias","tag-aconchego","tag-diy","tag-plantas","tag-varanda"],"yoast_head":"<!-- This site is optimized with the Yoast SEO plugin v23.8 - https:\/\/yoast.com\/wordpress\/plugins\/seo\/ -->\n<title>Transforme a varanda em um mini ref\u00fagio verde gastando menos de R$ 250 - Estado de Minas - Em foco<\/title>\n<meta name=\"description\" content=\"Com at\u00e9 R$ 250 d\u00e1 para montar uma varanda verde com pallets, plantas f\u00e1ceis, luzes e reaproveitamento, criando aconchego imediato.\" \/>\n<meta name=\"robots\" content=\"index, follow, max-snippet:-1, max-image-preview:large, max-video-preview:-1\" \/>\n<link rel=\"canonical\" href=\"https:\/\/www.em.com.br\/emfoco\/2025\/12\/14\/transforme-a-varanda-em-um-mini-refugio-verde-gastando-menos-de-r-250\/\" \/>\n<meta property=\"og:locale\" content=\"pt_BR\" \/>\n<meta property=\"og:type\" content=\"article\" \/>\n<meta property=\"og:title\" content=\"Transforme a varanda em um mini ref\u00fagio verde gastando menos de R$ 250 - Estado de Minas - Em foco\" \/>\n<meta property=\"og:description\" content=\"Com at\u00e9 R$ 250 d\u00e1 para montar uma varanda verde com pallets, plantas f\u00e1ceis, luzes e reaproveitamento, criando aconchego imediato.\" \/>\n<meta property=\"og:url\" content=\"https:\/\/www.em.com.br\/emfoco\/2025\/12\/14\/transforme-a-varanda-em-um-mini-refugio-verde-gastando-menos-de-r-250\/\" \/>\n<meta property=\"og:site_name\" content=\"Estado de Minas - Em foco\" \/>\n<meta property=\"article:published_time\" content=\"2025-12-14T23:15:00+00:00\" \/>\n<meta property=\"article:modified_time\" content=\"2025-12-12T23:49:15+00:00\" \/>\n<meta property=\"og:image\" content=\"https:\/\/www.em.com.br\/emfoco\/wp-content\/uploads\/2025\/12\/Gemini_Generated_Image_o9ue9io9ue9io9ue-1.png\" \/>\n\t<meta property=\"og:image:width\" content=\"1280\" \/>\n\t<meta property=\"og:image:height\" content=\"720\" \/>\n\t<meta property=\"og:image:type\" content=\"image\/png\" \/>\n<meta name=\"author\" content=\"Andre\u0301 Rangel\u00a0\" \/>\n<meta name=\"twitter:card\" content=\"summary_large_image\" \/>\n<meta name=\"twitter:label1\" content=\"Escrito por\" \/>\n\t<meta name=\"twitter:data1\" content=\"Andre\u0301 Rangel\u00a0\" \/>\n\t<meta name=\"twitter:label2\" content=\"Est. tempo de leitura\" \/>\n\t<meta name=\"twitter:data2\" content=\"4 minutos\" \/>\n<!-- \/ Yoast SEO plugin. -->","yoast_head_json":{"title":"Transforme a varanda em um mini ref\u00fagio verde gastando menos de R$ 250 - Estado de Minas - Em foco","description":"Com at\u00e9 R$ 250 d\u00e1 para montar uma varanda verde com pallets, plantas f\u00e1ceis, luzes e reaproveitamento, criando aconchego imediato.","robots":{"index":"index","follow":"follow","max-snippet":"max-snippet:-1","max-image-preview":"max-image-preview:large","max-video-preview":"max-video-preview:-1"},"canonical":"https:\/\/www.em.com.br\/emfoco\/2025\/12\/14\/transforme-a-varanda-em-um-mini-refugio-verde-gastando-menos-de-r-250\/","og_locale":"pt_BR","og_type":"article","og_title":"Transforme a varanda em um mini ref\u00fagio verde gastando menos de R$ 250 - Estado de Minas - Em foco","og_description":"Com at\u00e9 R$ 250 d\u00e1 para montar uma varanda verde com pallets, plantas f\u00e1ceis, luzes e reaproveitamento, criando aconchego imediato.","og_url":"https:\/\/www.em.com.br\/emfoco\/2025\/12\/14\/transforme-a-varanda-em-um-mini-refugio-verde-gastando-menos-de-r-250\/","og_site_name":"Estado de Minas - Em foco","article_published_time":"2025-12-14T23:15:00+00:00","article_modified_time":"2025-12-12T23:49:15+00:00","og_image":[{"width":1280,"height":720,"url":"https:\/\/www.em.com.br\/emfoco\/wp-content\/uploads\/2025\/12\/Gemini_Generated_Image_o9ue9io9ue9io9ue-1.png","type":"image\/png"}],"author":"Andre\u0301 Rangel\u00a0","twitter_card":"summary_large_image","twitter_misc":{"Escrito por":"Andre\u0301 Rangel\u00a0","Est. tempo de leitura":"4 minutos"},"schema":{"@context":"https:\/\/schema.org","@graph":[{"@type":"WebPage","@id":"https:\/\/www.em.com.br\/emfoco\/2025\/12\/14\/transforme-a-varanda-em-um-mini-refugio-verde-gastando-menos-de-r-250\/","url":"https:\/\/www.em.com.br\/emfoco\/2025\/12\/14\/transforme-a-varanda-em-um-mini-refugio-verde-gastando-menos-de-r-250\/","name":"Transforme a varanda em um mini ref\u00fagio verde gastando menos de R$ 250 - Estado de Minas - Em foco","isPartOf":{"@id":"https:\/\/www.em.com.br\/emfoco\/#website"},"primaryImageOfPage":{"@id":"https:\/\/www.em.com.br\/emfoco\/2025\/12\/14\/transforme-a-varanda-em-um-mini-refugio-verde-gastando-menos-de-r-250\/#primaryimage"},"image":{"@id":"https:\/\/www.em.com.br\/emfoco\/2025\/12\/14\/transforme-a-varanda-em-um-mini-refugio-verde-gastando-menos-de-r-250\/#primaryimage"},"thumbnailUrl":"https:\/\/www.em.com.br\/emfoco\/wp-content\/uploads\/2025\/12\/Gemini_Generated_Image_o9ue9io9ue9io9ue-1.png","datePublished":"2025-12-14T23:15:00+00:00","dateModified":"2025-12-12T23:49:15+00:00","author":{"@id":"https:\/\/www.em.com.br\/emfoco\/#\/schema\/person\/60eda09c1fedf0d6891f4cef4b60b8b8"},"description":"Com at\u00e9 R$ 250 d\u00e1 para montar uma varanda verde com pallets, plantas f\u00e1ceis, luzes e reaproveitamento, criando aconchego imediato.","breadcrumb":{"@id":"https:\/\/www.em.com.br\/emfoco\/2025\/12\/14\/transforme-a-varanda-em-um-mini-refugio-verde-gastando-menos-de-r-250\/#breadcrumb"},"inLanguage":"pt-BR","potentialAction":[{"@type":"ReadAction","target":["https:\/\/www.em.com.br\/emfoco\/2025\/12\/14\/transforme-a-varanda-em-um-mini-refugio-verde-gastando-menos-de-r-250\/"]}]},{"@type":"ImageObject","inLanguage":"pt-BR","@id":"https:\/\/www.em.com.br\/emfoco\/2025\/12\/14\/transforme-a-varanda-em-um-mini-refugio-verde-gastando-menos-de-r-250\/#primaryimage","url":"https:\/\/www.em.com.br\/emfoco\/wp-content\/uploads\/2025\/12\/Gemini_Generated_Image_o9ue9io9ue9io9ue-1.png","contentUrl":"https:\/\/www.em.com.br\/emfoco\/wp-content\/uploads\/2025\/12\/Gemini_Generated_Image_o9ue9io9ue9io9ue-1.png","width":1280,"height":720,"caption":"Plantas e luz criam varanda acolhedora gastando pouco"},{"@type":"BreadcrumbList","@id":"https:\/\/www.em.com.br\/emfoco\/2025\/12\/14\/transforme-a-varanda-em-um-mini-refugio-verde-gastando-menos-de-r-250\/#breadcrumb","itemListElement":[{"@type":"ListItem","position":1,"name":"In\u00edcio","item":"https:\/\/www.em.com.br\/emfoco\/"},{"@type":"ListItem","position":2,"name":"Transforme a varanda em um mini ref\u00fagio verde gastando menos de R$ 250"}]},{"@type":"WebSite","@id":"https:\/\/www.em.com.br\/emfoco\/#website","url":"https:\/\/www.em.com.br\/emfoco\/","name":"Estado de Minas - Em foco","description":"Acompanhe as \u00faltimas not\u00edcias e fique bem informado sobre tudo o que acontece em Minas Gerais, Brasil e no mundo.","potentialAction":[{"@type":"SearchAction","target":{"@type":"EntryPoint","urlTemplate":"https:\/\/www.em.com.br\/emfoco\/?s={search_term_string}"},"query-input":{"@type":"PropertyValueSpecification","valueRequired":true,"valueName":"search_term_string"}}],"inLanguage":"pt-BR"},{"@type":"Person","@id":"https:\/\/www.em.com.br\/emfoco\/#\/schema\/person\/60eda09c1fedf0d6891f4cef4b60b8b8","name":"Andre\u0301 Rangel\u00a0","image":{"@type":"ImageObject","inLanguage":"pt-BR","@id":"https:\/\/www.em.com.br\/emfoco\/#\/schema\/person\/image\/","url":"https:\/\/secure.gravatar.com\/avatar\/6234dc814c77c8ef6d8bba622c787efc?s=96&d=mm&r=g","contentUrl":"https:\/\/secure.gravatar.com\/avatar\/6234dc814c77c8ef6d8bba622c787efc?s=96&d=mm&r=g","caption":"Andre\u0301 Rangel\u00a0"},"url":"https:\/\/www.em.com.br\/emfoco\/author\/luizmyth\/"}]}},"_links":{"self":[{"href":"https:\/\/www.em.com.br\/emfoco\/wp-json\/wp\/v2\/posts\/139418","targetHints":{"allow":["GET"]}}],"collection":[{"href":"https:\/\/www.em.com.br\/emfoco\/wp-json\/wp\/v2\/posts"}],"about":[{"href":"https:\/\/www.em.com.br\/emfoco\/wp-json\/wp\/v2\/types\/post"}],"author":[{"embeddable":true,"href":"https:\/\/www.em.com.br\/emfoco\/wp-json\/wp\/v2\/users\/11"}],"replies":[{"embeddable":true,"href":"https:\/\/www.em.com.br\/emfoco\/wp-json\/wp\/v2\/comments?post=139418"}],"version-history":[{"count":4,"href":"https:\/\/www.em.com.br\/emfoco\/wp-json\/wp\/v2\/posts\/139418\/revisions"}],"predecessor-version":[{"id":139661,"href":"https:\/\/www.em.com.br\/emfoco\/wp-json\/wp\/v2\/posts\/139418\/revisions\/139661"}],"wp:featuredmedia":[{"embeddable":true,"href":"https:\/\/www.em.com.br\/emfoco\/wp-json\/wp\/v2\/media\/139656"}],"wp:attachment":[{"href":"https:\/\/www.em.com.br\/emfoco\/wp-json\/wp\/v2\/media?parent=139418"}],"wp:term":[{"taxonomy":"category","embeddable":true,"href":"https:\/\/www.em.com.br\/emfoco\/wp-json\/wp\/v2\/categories?post=139418"},{"taxonomy":"post_tag","embeddable":true,"href":"https:\/\/www.em.com.br\/emfoco\/wp-json\/wp\/v2\/tags?post=139418"}],"curies":[{"name":"wp","href":"https:\/\/api.w.org\/{rel}","templated":true}]}}