{"id":139415,"date":"2025-12-14T16:45:00","date_gmt":"2025-12-14T19:45:00","guid":{"rendered":"https:\/\/www.em.com.br\/emfoco\/?p=139415"},"modified":"2025-12-12T20:47:46","modified_gmt":"2025-12-12T23:47:46","slug":"transforme-seu-banheiro-com-menos-de-r-400-e-deixe-o-espaco-com-cara-de-spa","status":"publish","type":"post","link":"https:\/\/www.em.com.br\/emfoco\/2025\/12\/14\/transforme-seu-banheiro-com-menos-de-r-400-e-deixe-o-espaco-com-cara-de-spa\/","title":{"rendered":"Transforme seu banheiro com menos de R$ 400 e deixe o espa\u00e7o com cara de spa"},"content":{"rendered":"\n<p>Transformar o banheiro em um espa\u00e7o com clima de spa, gastando pouco, virou um jeito pr\u00e1tico de ter mais descanso dentro de casa. Com escolhas certeiras de ilumina\u00e7\u00e3o, aromas, t\u00eaxteis e organiza\u00e7\u00e3o, d\u00e1 para criar uma atmosfera de bem-estar com or\u00e7amento enxuto, sem reformas ou grandes mudan\u00e7as na estrutura, mantendo o investimento total abaixo de&nbsp;<strong>R$ 400<\/strong>.<\/p>\n\n\n\n<h2 class=\"wp-block-heading\">O que \u00e9 um banheiro com cara de spa e por que ele faz tanta diferen\u00e7a<\/h2>\n\n\n\n<p>O conceito de&nbsp;<strong>banheiro com cara de spa<\/strong>&nbsp;foca em um ambiente sensorial, organizado e acolhedor, sem fugir do limite de gastos. Em vez de trocar revestimentos ou bancadas, a aten\u00e7\u00e3o se volta para elementos remov\u00edveis, como toalhas, tapetes, velas, difusores, plantas e pontos de luz.<\/p>\n\n\n\n<p>Definir um estilo predominante, como um visual clean de hotel ou algo mais natural com madeira e plantas, ajuda a direcionar as compras. Cores neutras em branco, bege ou cinza claro refor\u00e7am a ideia de limpeza, amplitude e relaxamento, facilitando a combina\u00e7\u00e3o com cestos, bandejas e detalhes decorativos.<\/p>\n\n\n\n<p>Este v\u00eddeo mostra como transformar seu banheiro em um spa sem obras:<\/p>\n\n\n\n<figure class=\"wp-block-embed is-type-video is-provider-youtube wp-block-embed-youtube wp-embed-aspect-16-9 wp-has-aspect-ratio\"><div class=\"wp-block-embed__wrapper\">\n<div class=\"jeg_video_container jeg_video_content\"><iframe loading=\"lazy\" title=\"Um Banheiro Pequeno que virou um SPA | #ObraSuite21 EP 04\" width=\"500\" height=\"281\" src=\"https:\/\/www.youtube.com\/embed\/0e8HoQ6docQ?feature=oembed\" frameborder=\"0\" allow=\"accelerometer; autoplay; clipboard-write; encrypted-media; gyroscope; picture-in-picture; web-share\" referrerpolicy=\"strict-origin-when-cross-origin\" allowfullscreen><\/iframe><\/div>\n<\/div><\/figure>\n\n\n\n<h2 class=\"wp-block-heading\">Quais elementos sensoriais n\u00e3o podem faltar em um banheiro spa<\/h2>\n\n\n\n<p>Para criar um&nbsp;<strong>banheiro spa<\/strong>&nbsp;com or\u00e7amento reduzido, vale trabalhar vis\u00e3o, olfato e tato. Plantas que gostam de umidade, como samambaias, jiboias ou l\u00edrios-da-paz, trazem frescor visual e conex\u00e3o com a natureza, seja em prateleiras, suportes ou vasos de ch\u00e3o.<\/p>\n\n\n\n<p>Os aromas tamb\u00e9m s\u00e3o protagonistas: velas arom\u00e1ticas, difusores e \u00f3leos essenciais com lavanda, eucalipto, capim-lim\u00e3o ou baunilha ajudam a marcar o banho como uma pausa na rotina. Para organizar esses itens e refor\u00e7ar o clima de spa, alguns elementos simples fazem diferen\u00e7a:<\/p>\n\n\n\n<ul class=\"wp-block-list\">\n<li><strong>Plantas:<\/strong>&nbsp;esp\u00e9cies que gostam de umidade e luz indireta;<\/li>\n\n\n\n<li><strong>Velas arom\u00e1ticas:<\/strong>&nbsp;modelos em vidro ou lata, com fragr\u00e2ncias suaves;<\/li>\n\n\n\n<li><strong>Difusores de varetas:<\/strong>&nbsp;mant\u00eam o aroma constante sem precisar acender nada;<\/li>\n\n\n\n<li><strong>Pedras decorativas:<\/strong>&nbsp;complementam vasos ou bandejas e refor\u00e7am o clima de spa.<\/li>\n<\/ul>\n\n\n\n<h2 class=\"wp-block-heading\">Como deixar o banheiro mais confort\u00e1vel apenas com t\u00eaxteis<\/h2>\n\n\n\n<p>O conforto t\u00e1til \u00e9 um dos pontos que mais transformam o ambiente em um ref\u00fagio. Toalhas felpudas, tapetes macios e um roup\u00e3o \u00e0 m\u00e3o mudam a sensa\u00e7\u00e3o ao sair do banho, mesmo com or\u00e7amento reduzido. Um conjunto de toalhas em algod\u00e3o, com boa gramatura e em cores claras, remete diretamente aos spas profissionais.<\/p>\n\n\n\n<p>O tapete, de prefer\u00eancia espesso e antiderrapante, cria um ponto de aconchego e seguran\u00e7a para os p\u00e9s. Reservar um gancho para o&nbsp;<strong>roup\u00e3o pendurado<\/strong>&nbsp;e manter um pequeno jogo de t\u00eaxteis exclusivo para o \u201cmomento spa\u201d ajuda a diferenciar o ritual de autocuidado da rotina corrida do dia a dia.<\/p>\n\n\n\n<p>Assista a este v\u00eddeo para ver a aplica\u00e7\u00e3o de plantas e pedras no banheiro:<\/p>\n\n\n\n<figure class=\"wp-block-embed is-type-video is-provider-youtube wp-block-embed-youtube wp-embed-aspect-16-9 wp-has-aspect-ratio\"><div class=\"wp-block-embed__wrapper\">\n<div class=\"jeg_video_container jeg_video_content\"><iframe loading=\"lazy\" title=\"Como transformar o banheiro em um spa com Karla Amadori\" width=\"500\" height=\"281\" src=\"https:\/\/www.youtube.com\/embed\/FX4TDz2mp94?feature=oembed\" frameborder=\"0\" allow=\"accelerometer; autoplay; clipboard-write; encrypted-media; gyroscope; picture-in-picture; web-share\" referrerpolicy=\"strict-origin-when-cross-origin\" allowfullscreen><\/iframe><\/div>\n<\/div><\/figure>\n\n\n\n<h2 class=\"wp-block-heading\">Como organiza\u00e7\u00e3o e ilumina\u00e7\u00e3o transformam o clima do banheiro<\/h2>\n\n\n\n<p>A organiza\u00e7\u00e3o visual impacta diretamente a sensa\u00e7\u00e3o de descanso. Em um&nbsp;<strong>banheiro com cara de spa<\/strong>, bancadas cheias de frascos d\u00e3o lugar a cestos, prateleiras e bandejas, que agrupam produtos de higiene e skincare. Cestos de bambu, vime ou tecido guardam rolos de papel, toalhas extras e itens de uso eventual, deixando tudo mais leve e uniforme.<\/p>\n\n\n\n<p>Na ilumina\u00e7\u00e3o, priorizar l\u00e2mpadas de luz quente, entre 2700K e 3000K, cria um clima acolhedor, diferente da luz branca fria. Pontos de luz indireta em espelhos, nichos ou sob prateleiras refor\u00e7am o efeito de relaxamento, enquanto o minimalismo na bancada mant\u00e9m apenas o essencial \u00e0 vista, evitando polui\u00e7\u00e3o visual.<\/p>\n\n\n\n<h2 class=\"wp-block-heading\">Como manter o clima de spa no dia a dia sem estourar o or\u00e7amento<\/h2>\n\n\n\n<p>Depois de montar o&nbsp;<strong>banheiro com cara de spa<\/strong>&nbsp;dentro do or\u00e7amento de at\u00e9 R$ 400, a manuten\u00e7\u00e3o depende mais de h\u00e1bito do que de novos gastos. Manter o espa\u00e7o organizado, trocar toalhas com frequ\u00eancia, usar velas e ess\u00eancias apenas em momentos espec\u00edficos e at\u00e9 incluir uma playlist calma no celular garante a continuidade da experi\u00eancia.<\/p>\n\n\n\n<p>N\u00e3o espere \u201csobrar tempo\u201d para criar seu ref\u00fagio dom\u00e9stico: comece hoje com um item por vez, ajustando luz, aromas e t\u00eaxteis dentro da sua realidade. Cada pequena mudan\u00e7a torna o banheiro um espa\u00e7o de pausa e autocuidado, e adiar essa transforma\u00e7\u00e3o \u00e9 adiar tamb\u00e9m o seu descanso di\u00e1rio.<\/p>\n\n\n\n<p><\/p>\n","protected":false},"excerpt":{"rendered":"<p>Transformar o banheiro em um espa\u00e7o com clima de spa, gastando pouco, virou um jeito pr\u00e1tico de ter mais descanso dentro de casa. Com escolhas certeiras de ilumina\u00e7\u00e3o, aromas, t\u00eaxteis e organiza\u00e7\u00e3o, d\u00e1 para criar uma atmosfera de bem-estar com or\u00e7amento enxuto, sem reformas ou grandes mudan\u00e7as na estrutura, mantendo o investimento total abaixo de&nbsp;R$ [&hellip;]<\/p>\n","protected":false},"author":11,"featured_media":139652,"comment_status":"open","ping_status":"open","sticky":false,"template":"","format":"standard","meta":{"jnews-multi-image_gallery":[],"jnews_single_post":{"format":"standard"},"jnews_primary_category":[],"jnews_social_meta":[],"jnews_override_counter":[],"footnotes":""},"categories":[8819,1],"tags":[10013,20593,3324,1167],"class_list":["post-139415","post","type-post","status-publish","format-standard","has-post-thumbnail","hentry","category-curiosidades","category-noticias","tag-banheiro","tag-banheiro-com-clima-de-spa","tag-plantas","tag-spa"],"yoast_head":"<!-- This site is optimized with the Yoast SEO plugin v23.8 - https:\/\/yoast.com\/wordpress\/plugins\/seo\/ -->\n<title>Transforme seu banheiro com menos de R$ 400 e deixe o espa\u00e7o com cara de spa - Estado de Minas - Em foco<\/title>\n<meta name=\"description\" content=\"Um banheiro com clima de spa melhora o descanso e cabe no or\u00e7amento, usando plantas, aromas e organiza\u00e7\u00e3o.\" \/>\n<meta name=\"robots\" content=\"index, follow, max-snippet:-1, max-image-preview:large, max-video-preview:-1\" \/>\n<link rel=\"canonical\" href=\"https:\/\/www.em.com.br\/emfoco\/2025\/12\/14\/transforme-seu-banheiro-com-menos-de-r-400-e-deixe-o-espaco-com-cara-de-spa\/\" \/>\n<meta property=\"og:locale\" content=\"pt_BR\" \/>\n<meta property=\"og:type\" content=\"article\" \/>\n<meta property=\"og:title\" content=\"Transforme seu banheiro com menos de R$ 400 e deixe o espa\u00e7o com cara de spa - Estado de Minas - Em foco\" \/>\n<meta property=\"og:description\" content=\"Um banheiro com clima de spa melhora o descanso e cabe no or\u00e7amento, usando plantas, aromas e organiza\u00e7\u00e3o.\" \/>\n<meta property=\"og:url\" content=\"https:\/\/www.em.com.br\/emfoco\/2025\/12\/14\/transforme-seu-banheiro-com-menos-de-r-400-e-deixe-o-espaco-com-cara-de-spa\/\" \/>\n<meta property=\"og:site_name\" content=\"Estado de Minas - Em foco\" \/>\n<meta property=\"article:published_time\" content=\"2025-12-14T19:45:00+00:00\" \/>\n<meta property=\"article:modified_time\" content=\"2025-12-12T23:47:46+00:00\" \/>\n<meta property=\"og:image\" content=\"https:\/\/www.em.com.br\/emfoco\/wp-content\/uploads\/2025\/12\/mosaico_1765559438397.jpg\" \/>\n\t<meta property=\"og:image:width\" content=\"1280\" \/>\n\t<meta property=\"og:image:height\" content=\"720\" \/>\n\t<meta property=\"og:image:type\" content=\"image\/jpeg\" \/>\n<meta name=\"author\" content=\"Andre\u0301 Rangel\u00a0\" \/>\n<meta name=\"twitter:card\" content=\"summary_large_image\" \/>\n<meta name=\"twitter:label1\" content=\"Escrito por\" \/>\n\t<meta name=\"twitter:data1\" content=\"Andre\u0301 Rangel\u00a0\" \/>\n\t<meta name=\"twitter:label2\" content=\"Est. tempo de leitura\" \/>\n\t<meta name=\"twitter:data2\" content=\"4 minutos\" \/>\n<!-- \/ Yoast SEO plugin. -->","yoast_head_json":{"title":"Transforme seu banheiro com menos de R$ 400 e deixe o espa\u00e7o com cara de spa - Estado de Minas - Em foco","description":"Um banheiro com clima de spa melhora o descanso e cabe no or\u00e7amento, usando plantas, aromas e organiza\u00e7\u00e3o.","robots":{"index":"index","follow":"follow","max-snippet":"max-snippet:-1","max-image-preview":"max-image-preview:large","max-video-preview":"max-video-preview:-1"},"canonical":"https:\/\/www.em.com.br\/emfoco\/2025\/12\/14\/transforme-seu-banheiro-com-menos-de-r-400-e-deixe-o-espaco-com-cara-de-spa\/","og_locale":"pt_BR","og_type":"article","og_title":"Transforme seu banheiro com menos de R$ 400 e deixe o espa\u00e7o com cara de spa - Estado de Minas - Em foco","og_description":"Um banheiro com clima de spa melhora o descanso e cabe no or\u00e7amento, usando plantas, aromas e organiza\u00e7\u00e3o.","og_url":"https:\/\/www.em.com.br\/emfoco\/2025\/12\/14\/transforme-seu-banheiro-com-menos-de-r-400-e-deixe-o-espaco-com-cara-de-spa\/","og_site_name":"Estado de Minas - Em foco","article_published_time":"2025-12-14T19:45:00+00:00","article_modified_time":"2025-12-12T23:47:46+00:00","og_image":[{"width":1280,"height":720,"url":"https:\/\/www.em.com.br\/emfoco\/wp-content\/uploads\/2025\/12\/mosaico_1765559438397.jpg","type":"image\/jpeg"}],"author":"Andre\u0301 Rangel\u00a0","twitter_card":"summary_large_image","twitter_misc":{"Escrito por":"Andre\u0301 Rangel\u00a0","Est. tempo de leitura":"4 minutos"},"schema":{"@context":"https:\/\/schema.org","@graph":[{"@type":"WebPage","@id":"https:\/\/www.em.com.br\/emfoco\/2025\/12\/14\/transforme-seu-banheiro-com-menos-de-r-400-e-deixe-o-espaco-com-cara-de-spa\/","url":"https:\/\/www.em.com.br\/emfoco\/2025\/12\/14\/transforme-seu-banheiro-com-menos-de-r-400-e-deixe-o-espaco-com-cara-de-spa\/","name":"Transforme seu banheiro com menos de R$ 400 e deixe o espa\u00e7o com cara de spa - Estado de Minas - Em foco","isPartOf":{"@id":"https:\/\/www.em.com.br\/emfoco\/#website"},"primaryImageOfPage":{"@id":"https:\/\/www.em.com.br\/emfoco\/2025\/12\/14\/transforme-seu-banheiro-com-menos-de-r-400-e-deixe-o-espaco-com-cara-de-spa\/#primaryimage"},"image":{"@id":"https:\/\/www.em.com.br\/emfoco\/2025\/12\/14\/transforme-seu-banheiro-com-menos-de-r-400-e-deixe-o-espaco-com-cara-de-spa\/#primaryimage"},"thumbnailUrl":"https:\/\/www.em.com.br\/emfoco\/wp-content\/uploads\/2025\/12\/mosaico_1765559438397.jpg","datePublished":"2025-12-14T19:45:00+00:00","dateModified":"2025-12-12T23:47:46+00:00","author":{"@id":"https:\/\/www.em.com.br\/emfoco\/#\/schema\/person\/60eda09c1fedf0d6891f4cef4b60b8b8"},"description":"Um banheiro com clima de spa melhora o descanso e cabe no or\u00e7amento, usando plantas, aromas e organiza\u00e7\u00e3o.","breadcrumb":{"@id":"https:\/\/www.em.com.br\/emfoco\/2025\/12\/14\/transforme-seu-banheiro-com-menos-de-r-400-e-deixe-o-espaco-com-cara-de-spa\/#breadcrumb"},"inLanguage":"pt-BR","potentialAction":[{"@type":"ReadAction","target":["https:\/\/www.em.com.br\/emfoco\/2025\/12\/14\/transforme-seu-banheiro-com-menos-de-r-400-e-deixe-o-espaco-com-cara-de-spa\/"]}]},{"@type":"ImageObject","inLanguage":"pt-BR","@id":"https:\/\/www.em.com.br\/emfoco\/2025\/12\/14\/transforme-seu-banheiro-com-menos-de-r-400-e-deixe-o-espaco-com-cara-de-spa\/#primaryimage","url":"https:\/\/www.em.com.br\/emfoco\/wp-content\/uploads\/2025\/12\/mosaico_1765559438397.jpg","contentUrl":"https:\/\/www.em.com.br\/emfoco\/wp-content\/uploads\/2025\/12\/mosaico_1765559438397.jpg","width":1280,"height":720,"caption":"O segredo que transforma o banho em momento de paz"},{"@type":"BreadcrumbList","@id":"https:\/\/www.em.com.br\/emfoco\/2025\/12\/14\/transforme-seu-banheiro-com-menos-de-r-400-e-deixe-o-espaco-com-cara-de-spa\/#breadcrumb","itemListElement":[{"@type":"ListItem","position":1,"name":"In\u00edcio","item":"https:\/\/www.em.com.br\/emfoco\/"},{"@type":"ListItem","position":2,"name":"Transforme seu banheiro com menos de R$ 400 e deixe o espa\u00e7o com cara de spa"}]},{"@type":"WebSite","@id":"https:\/\/www.em.com.br\/emfoco\/#website","url":"https:\/\/www.em.com.br\/emfoco\/","name":"Estado de Minas - Em foco","description":"Acompanhe as \u00faltimas not\u00edcias e fique bem informado sobre tudo o que acontece em Minas Gerais, Brasil e no mundo.","potentialAction":[{"@type":"SearchAction","target":{"@type":"EntryPoint","urlTemplate":"https:\/\/www.em.com.br\/emfoco\/?s={search_term_string}"},"query-input":{"@type":"PropertyValueSpecification","valueRequired":true,"valueName":"search_term_string"}}],"inLanguage":"pt-BR"},{"@type":"Person","@id":"https:\/\/www.em.com.br\/emfoco\/#\/schema\/person\/60eda09c1fedf0d6891f4cef4b60b8b8","name":"Andre\u0301 Rangel\u00a0","image":{"@type":"ImageObject","inLanguage":"pt-BR","@id":"https:\/\/www.em.com.br\/emfoco\/#\/schema\/person\/image\/","url":"https:\/\/secure.gravatar.com\/avatar\/6234dc814c77c8ef6d8bba622c787efc?s=96&d=mm&r=g","contentUrl":"https:\/\/secure.gravatar.com\/avatar\/6234dc814c77c8ef6d8bba622c787efc?s=96&d=mm&r=g","caption":"Andre\u0301 Rangel\u00a0"},"url":"https:\/\/www.em.com.br\/emfoco\/author\/luizmyth\/"}]}},"_links":{"self":[{"href":"https:\/\/www.em.com.br\/emfoco\/wp-json\/wp\/v2\/posts\/139415","targetHints":{"allow":["GET"]}}],"collection":[{"href":"https:\/\/www.em.com.br\/emfoco\/wp-json\/wp\/v2\/posts"}],"about":[{"href":"https:\/\/www.em.com.br\/emfoco\/wp-json\/wp\/v2\/types\/post"}],"author":[{"embeddable":true,"href":"https:\/\/www.em.com.br\/emfoco\/wp-json\/wp\/v2\/users\/11"}],"replies":[{"embeddable":true,"href":"https:\/\/www.em.com.br\/emfoco\/wp-json\/wp\/v2\/comments?post=139415"}],"version-history":[{"count":3,"href":"https:\/\/www.em.com.br\/emfoco\/wp-json\/wp\/v2\/posts\/139415\/revisions"}],"predecessor-version":[{"id":139634,"href":"https:\/\/www.em.com.br\/emfoco\/wp-json\/wp\/v2\/posts\/139415\/revisions\/139634"}],"wp:featuredmedia":[{"embeddable":true,"href":"https:\/\/www.em.com.br\/emfoco\/wp-json\/wp\/v2\/media\/139652"}],"wp:attachment":[{"href":"https:\/\/www.em.com.br\/emfoco\/wp-json\/wp\/v2\/media?parent=139415"}],"wp:term":[{"taxonomy":"category","embeddable":true,"href":"https:\/\/www.em.com.br\/emfoco\/wp-json\/wp\/v2\/categories?post=139415"},{"taxonomy":"post_tag","embeddable":true,"href":"https:\/\/www.em.com.br\/emfoco\/wp-json\/wp\/v2\/tags?post=139415"}],"curies":[{"name":"wp","href":"https:\/\/api.w.org\/{rel}","templated":true}]}}