{"id":13938,"date":"2025-02-06T16:40:00","date_gmt":"2025-02-06T19:40:00","guid":{"rendered":"https:\/\/www.em.com.br\/emfoco\/?p=13938"},"modified":"2025-02-01T14:10:23","modified_gmt":"2025-02-01T17:10:23","slug":"inadimplencia-no-ipva-saiba-o-que-fazer-agora","status":"publish","type":"post","link":"https:\/\/www.em.com.br\/emfoco\/2025\/02\/06\/inadimplencia-no-ipva-saiba-o-que-fazer-agora\/","title":{"rendered":"Inadimpl\u00eancia no IPVA? Saiba o que fazer agora!"},"content":{"rendered":"\n<p>O <strong>Imposto sobre a Propriedade de Ve\u00edculos Automotores<\/strong> (IPVA) \u00e9 uma obriga\u00e7\u00e3o fiscal que recai sobre os propriet\u00e1rios de ve\u00edculos em diversos estados do <strong>Brasil<\/strong>, incluindo <strong>S\u00e3o Paulo<\/strong>. O imposto tem como finalidade arrecadar fundos destinados \u00e0 manuten\u00e7\u00e3o das vias p\u00fablicas e est\u00e1 sujeito a vencimento anual. No estado de S\u00e3o Paulo, a inadimpl\u00eancia neste tributo tem gerado uma consider\u00e1vel soma de d\u00edvidas protestadas, revelando uma preocupa\u00e7\u00e3o crescente entre os propriet\u00e1rios de ve\u00edculos e as institui\u00e7\u00f5es governamentais.<\/p>\n\n\n\n<p>Desde que a <strong><a href=\"https:\/\/www.portal.pge.sp.gov.br\/\" target=\"_blank\" rel=\"noreferrer noopener\">Procuradoria Geral do Estado de S\u00e3o Paulo<\/a><\/strong> (PGE) come\u00e7ou a encaminhar os devedores aos cart\u00f3rios em 2012, houve um aumento significativo no n\u00famero de protestos relacionados ao IPVA. Essas a\u00e7\u00f5es n\u00e3o s\u00f3 impactam diretamente os indiv\u00edduos ao restringir seu acesso ao cr\u00e9dito, como tamb\u00e9m refletem na economia estadual, que deixa de receber valores substanciais devido \u00e0 inadimpl\u00eancia.<\/p>\n\n\n\n<h2 class=\"wp-block-heading\">Quais s\u00e3o as consequ\u00eancias do n\u00e3o pagamento do IPVA?<\/h2>\n\n\n\n<p>A falta de quita\u00e7\u00e3o do IPVA pode colocar os propriet\u00e1rios em uma situa\u00e7\u00e3o delicada, com repercuss\u00f5es financeiras significativas. Al\u00e9m de ter seu nome protestado em cart\u00f3rio, o devedor pode enfrentar restri\u00e7\u00f5es de cr\u00e9dito que dificultam a realiza\u00e7\u00e3o de financiamentos e outras transa\u00e7\u00f5es econ\u00f4micas. Adicionalmente, a inclus\u00e3o do d\u00e9bito na d\u00edvida ativa do Estado pode resultar em medidas legais mais severas para recupera\u00e7\u00e3o dos valores, como a\u00e7\u00f5es judiciais.<\/p>\n\n\n\n<figure class=\"wp-block-image size-large\"><img loading=\"lazy\" decoding=\"async\" width=\"1024\" height=\"576\" src=\"https:\/\/www.em.com.br\/emfoco\/wp-content\/uploads\/2024\/12\/ipva_1735337394455-1024x576.jpg\" alt=\"Conhe\u00e7a as regras e benef\u00edcios da isen\u00e7\u00e3o do IPVA em seu estado!\" class=\"wp-image-7169\" srcset=\"https:\/\/www.em.com.br\/emfoco\/wp-content\/uploads\/2024\/12\/ipva_1735337394455-1024x576.jpg 1024w, https:\/\/www.em.com.br\/emfoco\/wp-content\/uploads\/2024\/12\/ipva_1735337394455-300x169.jpg 300w, https:\/\/www.em.com.br\/emfoco\/wp-content\/uploads\/2024\/12\/ipva_1735337394455-768x432.jpg 768w, https:\/\/www.em.com.br\/emfoco\/wp-content\/uploads\/2024\/12\/ipva_1735337394455-750x422.jpg 750w, https:\/\/www.em.com.br\/emfoco\/wp-content\/uploads\/2024\/12\/ipva_1735337394455-1140x641.jpg 1140w, https:\/\/www.em.com.br\/emfoco\/wp-content\/uploads\/2024\/12\/ipva_1735337394455.jpg 1280w\" sizes=\"auto, (max-width: 1024px) 100vw, 1024px\" \/><figcaption class=\"wp-element-caption\">Imagem Ilustrativa de IPVA &#8211; Cr\u00e9ditos: depositphotos.com \/ rmcarvalhobsb<\/figcaption><\/figure>\n\n\n\n<h2 class=\"wp-block-heading\">Como regularizar uma d\u00edvida de IPVA protestada?<\/h2>\n\n\n\n<p>A regulariza\u00e7\u00e3o de uma d\u00edvida de IPVA protestada em S\u00e3o Paulo pode ser feita de maneira pr\u00e1tica e r\u00e1pida. Os contribuintes t\u00eam a op\u00e7\u00e3o de acessar o site dos <strong>Cart\u00f3rios de Protesto do Estado de S\u00e3o Paulo<\/strong>, onde \u00e9 poss\u00edvel consultar gratuitamente os protestos associados ao CPF ou CNPJ. O site fornece instru\u00e7\u00f5es detalhadas sobre como efetuar o pagamento das d\u00edvidas e taxas cartor\u00e1rias, utilizando m\u00e9todos como Pix ou boleto banc\u00e1rio. Ap\u00f3s o pagamento, o nome do devedor \u00e9 removido do cart\u00f3rio em at\u00e9 cinco dias \u00fateis.<\/p>\n\n\n\n<h2 class=\"wp-block-heading\">Recurso AVISE-ME! Pode ajudar os devedores?<\/h2>\n\n\n\n<p>Para auxiliar na preven\u00e7\u00e3o de protestos, o servi\u00e7o <strong>AVISE-ME!<\/strong> \u00e9 uma ferramenta importante que notifica os contribuintes de <strong><a href=\"https:\/\/www.em.com.br\/emfoco\/2025\/01\/03\/voce-precisa-conhecer-a-cidade-que-brilha-no-ranking-mundial-de-gastronomia\/\" target=\"_blank\" rel=\"noreferrer noopener\">S\u00e3o Paulo<\/a><\/strong> sobre d\u00edvidas eletr\u00f4nicas associadas ao seu <strong>CPF ou CNPJ<\/strong>. Ao ser alertado com anteced\u00eancia, o devedor pode tomar as medidas necess\u00e1rias para regularizar a situa\u00e7\u00e3o fiscal, evitando assim o protesto formal. As notifica\u00e7\u00f5es s\u00e3o enviadas de forma autom\u00e1tica e gratuita via SMS ou e-mail, disponibilizando um meio eficaz para gerenciar poss\u00edveis pend\u00eancias.<\/p>\n\n\n\n<h2 class=\"wp-block-heading\">Impactos econ\u00f4micos dos protestos de IPVA no estado!<\/h2>\n\n\n\n<p>O protesto de d\u00edvidas relacionadas ao IPVA \u00e9 uma pr\u00e1tica que, segundo as autoridades, tem se mostrado eficaz para a recupera\u00e7\u00e3o de valores devidos. No entanto, o aumento das d\u00edvidas protestadas tamb\u00e9m levanta quest\u00f5es sobre a capacidade dos contribuintes de cumprir com suas obriga\u00e7\u00f5es fiscais. Os montantes n\u00e3o arrecadados podem comprometer os planos de investimentos em infraestrutura, evidenciando a necessidade de medidas que incentivem o pagamento regular do imposto. Uma abordagem balanceada, que combine educa\u00e7\u00e3o fiscal e facilidades para o pagamento, pode ser crucial para estimular a conformidade sem penalizar excessivamente os propriet\u00e1rios de ve\u00edculos.<\/p>\n","protected":false},"excerpt":{"rendered":"<p>O Imposto sobre a Propriedade de Ve\u00edculos Automotores (IPVA) \u00e9 uma obriga\u00e7\u00e3o fiscal que recai sobre os propriet\u00e1rios de ve\u00edculos em diversos estados do Brasil, incluindo S\u00e3o Paulo. O imposto tem como finalidade arrecadar fundos destinados \u00e0 manuten\u00e7\u00e3o das vias p\u00fablicas e est\u00e1 sujeito a vencimento anual. No estado de S\u00e3o Paulo, a inadimpl\u00eancia neste [&hellip;]<\/p>\n","protected":false},"author":5,"featured_media":13940,"comment_status":"open","ping_status":"open","sticky":false,"template":"","format":"standard","meta":{"jnews-multi-image_gallery":[],"jnews_single_post":{"format":"standard"},"jnews_primary_category":[],"jnews_social_meta":[],"jnews_override_counter":[],"footnotes":""},"categories":[27,28,1],"tags":[3218,762,2718],"class_list":["post-13938","post","type-post","status-publish","format-standard","has-post-thumbnail","hentry","category-carros","category-economia","category-noticias","tag-imposto-de-veiculos-automotores","tag-ipva","tag-ipva-2025"],"yoast_head":"<!-- This site is optimized with the Yoast SEO plugin v23.8 - https:\/\/yoast.com\/wordpress\/plugins\/seo\/ -->\n<title>Inadimpl\u00eancia no IPVA? Saiba o que fazer agora! - Estado de Minas - Em foco<\/title>\n<meta name=\"description\" content=\"IPVA protestado em SP? Veja como consultar d\u00edvidas, evitar restri\u00e7\u00f5es de cr\u00e9dito e quitar pend\u00eancias com facilidade.\" \/>\n<meta name=\"robots\" content=\"index, follow, max-snippet:-1, max-image-preview:large, max-video-preview:-1\" \/>\n<link rel=\"canonical\" href=\"https:\/\/www.em.com.br\/emfoco\/2025\/02\/06\/inadimplencia-no-ipva-saiba-o-que-fazer-agora\/\" \/>\n<meta property=\"og:locale\" content=\"pt_BR\" \/>\n<meta property=\"og:type\" content=\"article\" \/>\n<meta property=\"og:title\" content=\"Inadimpl\u00eancia no IPVA? Saiba o que fazer agora! - Estado de Minas - Em foco\" \/>\n<meta property=\"og:description\" content=\"IPVA protestado em SP? Veja como consultar d\u00edvidas, evitar restri\u00e7\u00f5es de cr\u00e9dito e quitar pend\u00eancias com facilidade.\" \/>\n<meta property=\"og:url\" content=\"https:\/\/www.em.com.br\/emfoco\/2025\/02\/06\/inadimplencia-no-ipva-saiba-o-que-fazer-agora\/\" \/>\n<meta property=\"og:site_name\" content=\"Estado de Minas - Em foco\" \/>\n<meta property=\"article:published_time\" content=\"2025-02-06T19:40:00+00:00\" \/>\n<meta property=\"article:modified_time\" content=\"2025-02-01T17:10:23+00:00\" \/>\n<meta property=\"og:image\" content=\"https:\/\/www.em.com.br\/emfoco\/wp-content\/uploads\/2025\/01\/desespero_1737974983663.jpg\" \/>\n\t<meta property=\"og:image:width\" content=\"1280\" \/>\n\t<meta property=\"og:image:height\" content=\"720\" \/>\n\t<meta property=\"og:image:type\" content=\"image\/jpeg\" \/>\n<meta name=\"author\" content=\"N\u00fabia Rangel\" \/>\n<meta name=\"twitter:card\" content=\"summary_large_image\" \/>\n<meta name=\"twitter:label1\" content=\"Escrito por\" \/>\n\t<meta name=\"twitter:data1\" content=\"N\u00fabia Rangel\" \/>\n\t<meta name=\"twitter:label2\" content=\"Est. tempo de leitura\" \/>\n\t<meta name=\"twitter:data2\" content=\"4 minutos\" \/>\n<!-- \/ Yoast SEO plugin. -->","yoast_head_json":{"title":"Inadimpl\u00eancia no IPVA? Saiba o que fazer agora! - Estado de Minas - Em foco","description":"IPVA protestado em SP? Veja como consultar d\u00edvidas, evitar restri\u00e7\u00f5es de cr\u00e9dito e quitar pend\u00eancias com facilidade.","robots":{"index":"index","follow":"follow","max-snippet":"max-snippet:-1","max-image-preview":"max-image-preview:large","max-video-preview":"max-video-preview:-1"},"canonical":"https:\/\/www.em.com.br\/emfoco\/2025\/02\/06\/inadimplencia-no-ipva-saiba-o-que-fazer-agora\/","og_locale":"pt_BR","og_type":"article","og_title":"Inadimpl\u00eancia no IPVA? Saiba o que fazer agora! - Estado de Minas - Em foco","og_description":"IPVA protestado em SP? Veja como consultar d\u00edvidas, evitar restri\u00e7\u00f5es de cr\u00e9dito e quitar pend\u00eancias com facilidade.","og_url":"https:\/\/www.em.com.br\/emfoco\/2025\/02\/06\/inadimplencia-no-ipva-saiba-o-que-fazer-agora\/","og_site_name":"Estado de Minas - Em foco","article_published_time":"2025-02-06T19:40:00+00:00","article_modified_time":"2025-02-01T17:10:23+00:00","og_image":[{"width":1280,"height":720,"url":"https:\/\/www.em.com.br\/emfoco\/wp-content\/uploads\/2025\/01\/desespero_1737974983663.jpg","type":"image\/jpeg"}],"author":"N\u00fabia Rangel","twitter_card":"summary_large_image","twitter_misc":{"Escrito por":"N\u00fabia Rangel","Est. tempo de leitura":"4 minutos"},"schema":{"@context":"https:\/\/schema.org","@graph":[{"@type":"WebPage","@id":"https:\/\/www.em.com.br\/emfoco\/2025\/02\/06\/inadimplencia-no-ipva-saiba-o-que-fazer-agora\/","url":"https:\/\/www.em.com.br\/emfoco\/2025\/02\/06\/inadimplencia-no-ipva-saiba-o-que-fazer-agora\/","name":"Inadimpl\u00eancia no IPVA? Saiba o que fazer agora! - Estado de Minas - Em foco","isPartOf":{"@id":"https:\/\/www.em.com.br\/emfoco\/#website"},"primaryImageOfPage":{"@id":"https:\/\/www.em.com.br\/emfoco\/2025\/02\/06\/inadimplencia-no-ipva-saiba-o-que-fazer-agora\/#primaryimage"},"image":{"@id":"https:\/\/www.em.com.br\/emfoco\/2025\/02\/06\/inadimplencia-no-ipva-saiba-o-que-fazer-agora\/#primaryimage"},"thumbnailUrl":"https:\/\/www.em.com.br\/emfoco\/wp-content\/uploads\/2025\/01\/desespero_1737974983663.jpg","datePublished":"2025-02-06T19:40:00+00:00","dateModified":"2025-02-01T17:10:23+00:00","author":{"@id":"https:\/\/www.em.com.br\/emfoco\/#\/schema\/person\/524437ef54f8a5d32591b143307f2e20"},"description":"IPVA protestado em SP? Veja como consultar d\u00edvidas, evitar restri\u00e7\u00f5es de cr\u00e9dito e quitar pend\u00eancias com facilidade.","breadcrumb":{"@id":"https:\/\/www.em.com.br\/emfoco\/2025\/02\/06\/inadimplencia-no-ipva-saiba-o-que-fazer-agora\/#breadcrumb"},"inLanguage":"pt-BR","potentialAction":[{"@type":"ReadAction","target":["https:\/\/www.em.com.br\/emfoco\/2025\/02\/06\/inadimplencia-no-ipva-saiba-o-que-fazer-agora\/"]}]},{"@type":"ImageObject","inLanguage":"pt-BR","@id":"https:\/\/www.em.com.br\/emfoco\/2025\/02\/06\/inadimplencia-no-ipva-saiba-o-que-fazer-agora\/#primaryimage","url":"https:\/\/www.em.com.br\/emfoco\/wp-content\/uploads\/2025\/01\/desespero_1737974983663.jpg","contentUrl":"https:\/\/www.em.com.br\/emfoco\/wp-content\/uploads\/2025\/01\/desespero_1737974983663.jpg","width":1280,"height":720,"caption":"Imagem Ilustrativa de Desespero - Cr\u00e9ditos: depositphotos.com \/ IgorVetushko"},{"@type":"BreadcrumbList","@id":"https:\/\/www.em.com.br\/emfoco\/2025\/02\/06\/inadimplencia-no-ipva-saiba-o-que-fazer-agora\/#breadcrumb","itemListElement":[{"@type":"ListItem","position":1,"name":"In\u00edcio","item":"https:\/\/www.em.com.br\/emfoco\/"},{"@type":"ListItem","position":2,"name":"Inadimpl\u00eancia no IPVA? Saiba o que fazer agora!"}]},{"@type":"WebSite","@id":"https:\/\/www.em.com.br\/emfoco\/#website","url":"https:\/\/www.em.com.br\/emfoco\/","name":"Estado de Minas - Em foco","description":"Acompanhe as \u00faltimas not\u00edcias e fique bem informado sobre tudo o que acontece em Minas Gerais, Brasil e no mundo.","potentialAction":[{"@type":"SearchAction","target":{"@type":"EntryPoint","urlTemplate":"https:\/\/www.em.com.br\/emfoco\/?s={search_term_string}"},"query-input":{"@type":"PropertyValueSpecification","valueRequired":true,"valueName":"search_term_string"}}],"inLanguage":"pt-BR"},{"@type":"Person","@id":"https:\/\/www.em.com.br\/emfoco\/#\/schema\/person\/524437ef54f8a5d32591b143307f2e20","name":"N\u00fabia Rangel","image":{"@type":"ImageObject","inLanguage":"pt-BR","@id":"https:\/\/www.em.com.br\/emfoco\/#\/schema\/person\/image\/","url":"https:\/\/secure.gravatar.com\/avatar\/47cff2827a5ba23c37e8068c86817ea4?s=96&d=mm&r=g","contentUrl":"https:\/\/secure.gravatar.com\/avatar\/47cff2827a5ba23c37e8068c86817ea4?s=96&d=mm&r=g","caption":"N\u00fabia Rangel"},"sameAs":["https:\/\/www.em.com.br\/emfoco\/"],"url":"https:\/\/www.em.com.br\/emfoco\/author\/nubiamyth\/"}]}},"_links":{"self":[{"href":"https:\/\/www.em.com.br\/emfoco\/wp-json\/wp\/v2\/posts\/13938","targetHints":{"allow":["GET"]}}],"collection":[{"href":"https:\/\/www.em.com.br\/emfoco\/wp-json\/wp\/v2\/posts"}],"about":[{"href":"https:\/\/www.em.com.br\/emfoco\/wp-json\/wp\/v2\/types\/post"}],"author":[{"embeddable":true,"href":"https:\/\/www.em.com.br\/emfoco\/wp-json\/wp\/v2\/users\/5"}],"replies":[{"embeddable":true,"href":"https:\/\/www.em.com.br\/emfoco\/wp-json\/wp\/v2\/comments?post=13938"}],"version-history":[{"count":3,"href":"https:\/\/www.em.com.br\/emfoco\/wp-json\/wp\/v2\/posts\/13938\/revisions"}],"predecessor-version":[{"id":15991,"href":"https:\/\/www.em.com.br\/emfoco\/wp-json\/wp\/v2\/posts\/13938\/revisions\/15991"}],"wp:featuredmedia":[{"embeddable":true,"href":"https:\/\/www.em.com.br\/emfoco\/wp-json\/wp\/v2\/media\/13940"}],"wp:attachment":[{"href":"https:\/\/www.em.com.br\/emfoco\/wp-json\/wp\/v2\/media?parent=13938"}],"wp:term":[{"taxonomy":"category","embeddable":true,"href":"https:\/\/www.em.com.br\/emfoco\/wp-json\/wp\/v2\/categories?post=13938"},{"taxonomy":"post_tag","embeddable":true,"href":"https:\/\/www.em.com.br\/emfoco\/wp-json\/wp\/v2\/tags?post=13938"}],"curies":[{"name":"wp","href":"https:\/\/api.w.org\/{rel}","templated":true}]}}