{"id":139361,"date":"2025-12-13T11:00:00","date_gmt":"2025-12-13T14:00:00","guid":{"rendered":"https:\/\/www.em.com.br\/emfoco\/?p=139361"},"modified":"2025-12-13T09:32:50","modified_gmt":"2025-12-13T12:32:50","slug":"tribunal-confirma-decisao-e-mulher-de-61-anos-ganha-uma-pensao-vitalicia-de-1-400-apos-24-anos-de-incapacidade-para-o-trabalho-dedicando-se-a-familia","status":"publish","type":"post","link":"https:\/\/www.em.com.br\/emfoco\/2025\/12\/13\/tribunal-confirma-decisao-e-mulher-de-61-anos-ganha-uma-pensao-vitalicia-de-1-400-apos-24-anos-de-incapacidade-para-o-trabalho-dedicando-se-a-familia\/","title":{"rendered":"Tribunal confirma decis\u00e3o e mulher de 61 anos ganha uma pens\u00e3o vital\u00edcia de 1.400 ap\u00f3s 24 anos de incapacidade para o trabalho, dedicando-se \u00e0 fam\u00edlia"},"content":{"rendered":"\n<p>O recente entendimento do <strong>Tribunal Supremo espanhol <\/strong>sobre a pens\u00e3o compensat\u00f3ria vital\u00edcia reacendeu o debate sobre o impacto financeiro de casamentos longos em que um dos c\u00f4njuges abandona a carreira para se dedicar exclusivamente \u00e0 fam\u00edlia, mostrando como essa escolha, muitas vezes conjunta, pode comprometer de forma quase irrevers\u00edvel a autonomia econ\u00f4mica de quem ficou em casa.<\/p>\n\n\n\n<h2 class=\"wp-block-heading\">O que \u00e9 a pens\u00e3o compensat\u00f3ria e qual seu objetivo na pr\u00e1tica<\/h2>\n\n\n\n<p>A pens\u00e3o compensat\u00f3ria \u00e9 uma presta\u00e7\u00e3o econ\u00f4mica do direito de fam\u00edlia espanhol que protege o c\u00f4njuge que, ap\u00f3s o div\u00f3rcio ou separa\u00e7\u00e3o, sofre um desequil\u00edbrio relevante em rela\u00e7\u00e3o ao padr\u00e3o de vida mantido durante o casamento. Ela busca corrigir o impacto de decis\u00f5es conjugais que afetaram a trajet\u00f3ria profissional de apenas um dos parceiros.<\/p>\n\n\n\n<p>Esse desequil\u00edbrio costuma surgir quando uma das partes renuncia \u00e0 pr\u00f3pria carreira para apoiar a trajet\u00f3ria profissional do outro, cuidar dos filhos ou assumir sozinha as tarefas dom\u00e9sticas. Na pr\u00e1tica, a pens\u00e3o funciona como uma rede de seguran\u00e7a para quem perdeu capacidade de gerar renda em condi\u00e7\u00f5es de igualdade.<\/p>\n\n\n\n<figure class=\"wp-block-image size-large\"><img loading=\"lazy\" decoding=\"async\" width=\"1024\" height=\"576\" src=\"https:\/\/www.em.com.br\/emfoco\/wp-content\/uploads\/2025\/12\/Gemini_Generated_Image_8sjtm08sjtm08sjt-1-1024x576.png\" alt=\"Ela largou a carreira pela fam\u00edlia e a Justi\u00e7a reconheceu o custo\" class=\"wp-image-140144\" srcset=\"https:\/\/www.em.com.br\/emfoco\/wp-content\/uploads\/2025\/12\/Gemini_Generated_Image_8sjtm08sjtm08sjt-1-1024x576.png 1024w, https:\/\/www.em.com.br\/emfoco\/wp-content\/uploads\/2025\/12\/Gemini_Generated_Image_8sjtm08sjtm08sjt-1-300x169.png 300w, https:\/\/www.em.com.br\/emfoco\/wp-content\/uploads\/2025\/12\/Gemini_Generated_Image_8sjtm08sjtm08sjt-1-768x432.png 768w, https:\/\/www.em.com.br\/emfoco\/wp-content\/uploads\/2025\/12\/Gemini_Generated_Image_8sjtm08sjtm08sjt-1-750x422.png 750w, https:\/\/www.em.com.br\/emfoco\/wp-content\/uploads\/2025\/12\/Gemini_Generated_Image_8sjtm08sjtm08sjt-1-1140x641.png 1140w, https:\/\/www.em.com.br\/emfoco\/wp-content\/uploads\/2025\/12\/Gemini_Generated_Image_8sjtm08sjtm08sjt-1.png 1280w\" sizes=\"auto, (max-width: 1024px) 100vw, 1024px\" \/><figcaption class=\"wp-element-caption\">Ela largou a carreira pela fam\u00edlia e a Justi\u00e7a reconheceu o custo<\/figcaption><\/figure>\n\n\n\n<h2 class=\"wp-block-heading\">Quais crit\u00e9rios os tribunais consideram ao avaliar o desequil\u00edbrio econ\u00f4mico<\/h2>\n\n\n\n<p>Ao examinar pedidos de pens\u00e3o compensat\u00f3ria, os tribunais analisam se h\u00e1 um desequil\u00edbrio econ\u00f4mico estrutural entre os ex-c\u00f4njuges, considerando n\u00e3o s\u00f3 o momento do div\u00f3rcio, mas todo o hist\u00f3rico de vida em comum. A finalidade n\u00e3o \u00e9 premiar nem castigar, e sim compensar desigualdades criadas pelo pr\u00f3prio modelo de divis\u00e3o de tarefas escolhido pelo casal.<\/p>\n\n\n\n<p>Para isso, os ju\u00edzes observam diversos fatores objetivos e subjetivos, que ajudam a projetar as reais condi\u00e7\u00f5es de autonomia financeira futura de cada um:<\/p>\n\n\n\n<ul class=\"wp-block-list\">\n<li><strong>dura\u00e7\u00e3o do casamento<\/strong>&nbsp;e da conviv\u00eancia;<\/li>\n\n\n\n<li><strong>idade<\/strong>&nbsp;de quem solicita a pens\u00e3o;<\/li>\n\n\n\n<li><strong>forma\u00e7\u00e3o profissional<\/strong>&nbsp;e experi\u00eancia pr\u00e9via;<\/li>\n\n\n\n<li>tempo de afastamento do mercado de trabalho;<\/li>\n\n\n\n<li>n\u00edvel de renda e patrim\u00f4nio de cada c\u00f4njuge;<\/li>\n\n\n\n<li>eventuais problemas de sa\u00fade ou limita\u00e7\u00f5es;<\/li>\n\n\n\n<li>possibilidades reais de reinser\u00e7\u00e3o no mercado de trabalho em prazo razo\u00e1vel.<\/li>\n<\/ul>\n\n\n\n<h2 class=\"wp-block-heading\">Por que o Tribunal Supremo manteve a pens\u00e3o compensat\u00f3ria vital\u00edcia<\/h2>\n\n\n\n<p>No caso analisado, o casamento durou 33 anos, e a esposa deixou o trabalho como auxiliar administrativa, passando 24 anos dedicada exclusivamente ao lar. Isso permitiu ao marido consolidar uma carreira com renda l\u00edquida superior a 6.000 euros mensais, enquanto ela se afastava progressivamente do mercado de trabalho.<\/p>\n\n\n\n<p>Ap\u00f3s a separa\u00e7\u00e3o, em 2014, ele continuou transferindo quantias entre 4.000 e 6.000 euros, mantendo a depend\u00eancia econ\u00f4mica da ex-esposa, que n\u00e3o se recolocou profissionalmente. Diante da idade dela (61 anos) e do longo afastamento do mercado, o Tribunal Supremo concluiu que n\u00e3o era realista exigir que recuperasse autonomia financeira em prazo previs\u00edvel, justificando a pens\u00e3o vital\u00edcia.<\/p>\n\n\n\n<figure class=\"wp-block-image\"><img decoding=\"async\" src=\"https:\/\/www.em.com.br\/emfoco\/wp-content\/uploads\/2025\/12\/Gemini_Generated_Image_rpk8l7rpk8l7rpk8-1-1024x576.png\" alt=\"\"\/><figcaption class=\"wp-element-caption\">A lei est\u00e1 mudando como a Justi\u00e7a<\/figcaption><\/figure>\n\n\n\n<h2 class=\"wp-block-heading\">Como a venda da casa influenciou na redu\u00e7\u00e3o do valor mensal<\/h2>\n\n\n\n<p>Embora o Tribunal Supremo tenha confirmado o car\u00e1ter vital\u00edcio da pens\u00e3o compensat\u00f3ria, o valor foi ajustado. A inst\u00e2ncia anterior havia fixado 2.000 euros mensais, mas o Supremo reduziu a pens\u00e3o para 1.400 euros, levando em conta um elemento patrimonial relevante: a venda do im\u00f3vel familiar totalmente quitado.<\/p>\n\n\n\n<p>O chal\u00e9, avaliado em cerca de 390.500 euros, ser\u00e1 dividido entre as partes, garantindo \u00e0 ex-esposa aproximadamente 195.250 euros. Para os ju\u00edzes, esse montante permite adquirir uma moradia mais modesta e manter alguma liquidez, de modo que a pens\u00e3o vital\u00edcia compensa o sacrif\u00edcio profissional, mas em valor compat\u00edvel com o patrim\u00f4nio recebido na partilha.<\/p>\n\n\n\n<h2 class=\"wp-block-heading\">Qual \u00e9 o impacto dessa decis\u00e3o e por que voc\u00ea n\u00e3o pode ignor\u00e1-la<\/h2>\n\n\n\n<p>Essa decis\u00e3o refor\u00e7a que o trabalho dom\u00e9stico e o cuidado da fam\u00edlia t\u00eam peso jur\u00eddico real na constru\u00e7\u00e3o do patrim\u00f4nio comum e na carreira do outro c\u00f4njuge, sobretudo em casamentos longos e pr\u00f3ximos da idade de aposentadoria. Tamb\u00e9m mostra que o valor da pens\u00e3o compensat\u00f3ria pode ser ajustado conforme os bens partilhados, como im\u00f3veis e aplica\u00e7\u00f5es financeiras.<\/p>\n\n\n\n<p>Se voc\u00ea est\u00e1 em um relacionamento em que h\u00e1 ren\u00fancia de carreira ou enfrenta um div\u00f3rcio com forte depend\u00eancia econ\u00f4mica, n\u00e3o adie sua prote\u00e7\u00e3o: busque orienta\u00e7\u00e3o jur\u00eddica especializada agora, revise seu planejamento financeiro e tome decis\u00f5es informadas imediatamente, antes que a separa\u00e7\u00e3o se converta em vulnerabilidade irrevers\u00edvel e perda concreta de dignidade no futuro.<\/p>\n","protected":false},"excerpt":{"rendered":"<p>O recente entendimento do Tribunal Supremo espanhol sobre a pens\u00e3o compensat\u00f3ria vital\u00edcia reacendeu o debate sobre o impacto financeiro de casamentos longos em que um dos c\u00f4njuges abandona a carreira para se dedicar exclusivamente \u00e0 fam\u00edlia, mostrando como essa escolha, muitas vezes conjunta, pode comprometer de forma quase irrevers\u00edvel a autonomia econ\u00f4mica de quem ficou [&hellip;]<\/p>\n","protected":false},"author":11,"featured_media":140145,"comment_status":"open","ping_status":"open","sticky":false,"template":"","format":"standard","meta":{"jnews-multi-image_gallery":[],"jnews_single_post":{"format":"standard"},"jnews_primary_category":[],"jnews_social_meta":[],"jnews_override_counter":[],"footnotes":""},"categories":[28,1],"tags":[6291,18537,1689,1334,1115],"class_list":["post-139361","post","type-post","status-publish","format-standard","has-post-thumbnail","hentry","category-economia","category-noticias","tag-casamento","tag-direito","tag-divorcio","tag-justica","tag-pensao"],"yoast_head":"<!-- This site is optimized with the Yoast SEO plugin v23.8 - https:\/\/yoast.com\/wordpress\/plugins\/seo\/ -->\n<title>Tribunal confirma decis\u00e3o e mulher de 61 anos ganha uma pens\u00e3o vital\u00edcia de 1.400 ap\u00f3s 24 anos de incapacidade para o trabalho, dedicando-se \u00e0 fam\u00edlia - Estado de Minas - Em foco<\/title>\n<meta name=\"description\" content=\"Decis\u00e3o refor\u00e7a que trabalho dom\u00e9stico gera direito financeiro ap\u00f3s o div\u00f3rcio. Saiba quando a pens\u00e3o vital\u00edcia \u00e9 mantida.\" \/>\n<meta name=\"robots\" content=\"index, follow, max-snippet:-1, max-image-preview:large, max-video-preview:-1\" \/>\n<link rel=\"canonical\" href=\"https:\/\/www.em.com.br\/emfoco\/2025\/12\/13\/tribunal-confirma-decisao-e-mulher-de-61-anos-ganha-uma-pensao-vitalicia-de-1-400-apos-24-anos-de-incapacidade-para-o-trabalho-dedicando-se-a-familia\/\" \/>\n<meta property=\"og:locale\" content=\"pt_BR\" \/>\n<meta property=\"og:type\" content=\"article\" \/>\n<meta property=\"og:title\" content=\"Tribunal confirma decis\u00e3o e mulher de 61 anos ganha uma pens\u00e3o vital\u00edcia de 1.400 ap\u00f3s 24 anos de incapacidade para o trabalho, dedicando-se \u00e0 fam\u00edlia - Estado de Minas - Em foco\" \/>\n<meta property=\"og:description\" content=\"Decis\u00e3o refor\u00e7a que trabalho dom\u00e9stico gera direito financeiro ap\u00f3s o div\u00f3rcio. Saiba quando a pens\u00e3o vital\u00edcia \u00e9 mantida.\" \/>\n<meta property=\"og:url\" content=\"https:\/\/www.em.com.br\/emfoco\/2025\/12\/13\/tribunal-confirma-decisao-e-mulher-de-61-anos-ganha-uma-pensao-vitalicia-de-1-400-apos-24-anos-de-incapacidade-para-o-trabalho-dedicando-se-a-familia\/\" \/>\n<meta property=\"og:site_name\" content=\"Estado de Minas - Em foco\" \/>\n<meta property=\"article:published_time\" content=\"2025-12-13T14:00:00+00:00\" \/>\n<meta property=\"article:modified_time\" content=\"2025-12-13T12:32:50+00:00\" \/>\n<meta property=\"og:image\" content=\"https:\/\/www.em.com.br\/emfoco\/wp-content\/uploads\/2025\/12\/Gemini_Generated_Image_2mbrq62mbrq62mbr-1.png\" \/>\n\t<meta property=\"og:image:width\" content=\"1280\" \/>\n\t<meta property=\"og:image:height\" content=\"720\" \/>\n\t<meta property=\"og:image:type\" content=\"image\/png\" \/>\n<meta name=\"author\" content=\"Andre\u0301 Rangel\u00a0\" \/>\n<meta name=\"twitter:card\" content=\"summary_large_image\" \/>\n<meta name=\"twitter:label1\" content=\"Escrito por\" \/>\n\t<meta name=\"twitter:data1\" content=\"Andre\u0301 Rangel\u00a0\" \/>\n\t<meta name=\"twitter:label2\" content=\"Est. tempo de leitura\" \/>\n\t<meta name=\"twitter:data2\" content=\"5 minutos\" \/>\n<!-- \/ Yoast SEO plugin. -->","yoast_head_json":{"title":"Tribunal confirma decis\u00e3o e mulher de 61 anos ganha uma pens\u00e3o vital\u00edcia de 1.400 ap\u00f3s 24 anos de incapacidade para o trabalho, dedicando-se \u00e0 fam\u00edlia - Estado de Minas - Em foco","description":"Decis\u00e3o refor\u00e7a que trabalho dom\u00e9stico gera direito financeiro ap\u00f3s o div\u00f3rcio. Saiba quando a pens\u00e3o vital\u00edcia \u00e9 mantida.","robots":{"index":"index","follow":"follow","max-snippet":"max-snippet:-1","max-image-preview":"max-image-preview:large","max-video-preview":"max-video-preview:-1"},"canonical":"https:\/\/www.em.com.br\/emfoco\/2025\/12\/13\/tribunal-confirma-decisao-e-mulher-de-61-anos-ganha-uma-pensao-vitalicia-de-1-400-apos-24-anos-de-incapacidade-para-o-trabalho-dedicando-se-a-familia\/","og_locale":"pt_BR","og_type":"article","og_title":"Tribunal confirma decis\u00e3o e mulher de 61 anos ganha uma pens\u00e3o vital\u00edcia de 1.400 ap\u00f3s 24 anos de incapacidade para o trabalho, dedicando-se \u00e0 fam\u00edlia - Estado de Minas - Em foco","og_description":"Decis\u00e3o refor\u00e7a que trabalho dom\u00e9stico gera direito financeiro ap\u00f3s o div\u00f3rcio. Saiba quando a pens\u00e3o vital\u00edcia \u00e9 mantida.","og_url":"https:\/\/www.em.com.br\/emfoco\/2025\/12\/13\/tribunal-confirma-decisao-e-mulher-de-61-anos-ganha-uma-pensao-vitalicia-de-1-400-apos-24-anos-de-incapacidade-para-o-trabalho-dedicando-se-a-familia\/","og_site_name":"Estado de Minas - Em foco","article_published_time":"2025-12-13T14:00:00+00:00","article_modified_time":"2025-12-13T12:32:50+00:00","og_image":[{"width":1280,"height":720,"url":"https:\/\/www.em.com.br\/emfoco\/wp-content\/uploads\/2025\/12\/Gemini_Generated_Image_2mbrq62mbrq62mbr-1.png","type":"image\/png"}],"author":"Andre\u0301 Rangel\u00a0","twitter_card":"summary_large_image","twitter_misc":{"Escrito por":"Andre\u0301 Rangel\u00a0","Est. tempo de leitura":"5 minutos"},"schema":{"@context":"https:\/\/schema.org","@graph":[{"@type":"WebPage","@id":"https:\/\/www.em.com.br\/emfoco\/2025\/12\/13\/tribunal-confirma-decisao-e-mulher-de-61-anos-ganha-uma-pensao-vitalicia-de-1-400-apos-24-anos-de-incapacidade-para-o-trabalho-dedicando-se-a-familia\/","url":"https:\/\/www.em.com.br\/emfoco\/2025\/12\/13\/tribunal-confirma-decisao-e-mulher-de-61-anos-ganha-uma-pensao-vitalicia-de-1-400-apos-24-anos-de-incapacidade-para-o-trabalho-dedicando-se-a-familia\/","name":"Tribunal confirma decis\u00e3o e mulher de 61 anos ganha uma pens\u00e3o vital\u00edcia de 1.400 ap\u00f3s 24 anos de incapacidade para o trabalho, dedicando-se \u00e0 fam\u00edlia - Estado de Minas - Em foco","isPartOf":{"@id":"https:\/\/www.em.com.br\/emfoco\/#website"},"primaryImageOfPage":{"@id":"https:\/\/www.em.com.br\/emfoco\/2025\/12\/13\/tribunal-confirma-decisao-e-mulher-de-61-anos-ganha-uma-pensao-vitalicia-de-1-400-apos-24-anos-de-incapacidade-para-o-trabalho-dedicando-se-a-familia\/#primaryimage"},"image":{"@id":"https:\/\/www.em.com.br\/emfoco\/2025\/12\/13\/tribunal-confirma-decisao-e-mulher-de-61-anos-ganha-uma-pensao-vitalicia-de-1-400-apos-24-anos-de-incapacidade-para-o-trabalho-dedicando-se-a-familia\/#primaryimage"},"thumbnailUrl":"https:\/\/www.em.com.br\/emfoco\/wp-content\/uploads\/2025\/12\/Gemini_Generated_Image_2mbrq62mbrq62mbr-1.png","datePublished":"2025-12-13T14:00:00+00:00","dateModified":"2025-12-13T12:32:50+00:00","author":{"@id":"https:\/\/www.em.com.br\/emfoco\/#\/schema\/person\/60eda09c1fedf0d6891f4cef4b60b8b8"},"description":"Decis\u00e3o refor\u00e7a que trabalho dom\u00e9stico gera direito financeiro ap\u00f3s o div\u00f3rcio. Saiba quando a pens\u00e3o vital\u00edcia \u00e9 mantida.","breadcrumb":{"@id":"https:\/\/www.em.com.br\/emfoco\/2025\/12\/13\/tribunal-confirma-decisao-e-mulher-de-61-anos-ganha-uma-pensao-vitalicia-de-1-400-apos-24-anos-de-incapacidade-para-o-trabalho-dedicando-se-a-familia\/#breadcrumb"},"inLanguage":"pt-BR","potentialAction":[{"@type":"ReadAction","target":["https:\/\/www.em.com.br\/emfoco\/2025\/12\/13\/tribunal-confirma-decisao-e-mulher-de-61-anos-ganha-uma-pensao-vitalicia-de-1-400-apos-24-anos-de-incapacidade-para-o-trabalho-dedicando-se-a-familia\/"]}]},{"@type":"ImageObject","inLanguage":"pt-BR","@id":"https:\/\/www.em.com.br\/emfoco\/2025\/12\/13\/tribunal-confirma-decisao-e-mulher-de-61-anos-ganha-uma-pensao-vitalicia-de-1-400-apos-24-anos-de-incapacidade-para-o-trabalho-dedicando-se-a-familia\/#primaryimage","url":"https:\/\/www.em.com.br\/emfoco\/wp-content\/uploads\/2025\/12\/Gemini_Generated_Image_2mbrq62mbrq62mbr-1.png","contentUrl":"https:\/\/www.em.com.br\/emfoco\/wp-content\/uploads\/2025\/12\/Gemini_Generated_Image_2mbrq62mbrq62mbr-1.png","width":1280,"height":720,"caption":"Ela largou a carreira pela fam\u00edlia e a Justi\u00e7a reconheceu o custo"},{"@type":"BreadcrumbList","@id":"https:\/\/www.em.com.br\/emfoco\/2025\/12\/13\/tribunal-confirma-decisao-e-mulher-de-61-anos-ganha-uma-pensao-vitalicia-de-1-400-apos-24-anos-de-incapacidade-para-o-trabalho-dedicando-se-a-familia\/#breadcrumb","itemListElement":[{"@type":"ListItem","position":1,"name":"In\u00edcio","item":"https:\/\/www.em.com.br\/emfoco\/"},{"@type":"ListItem","position":2,"name":"Tribunal confirma decis\u00e3o e mulher de 61 anos ganha uma pens\u00e3o vital\u00edcia de 1.400 ap\u00f3s 24 anos de incapacidade para o trabalho, dedicando-se \u00e0 fam\u00edlia"}]},{"@type":"WebSite","@id":"https:\/\/www.em.com.br\/emfoco\/#website","url":"https:\/\/www.em.com.br\/emfoco\/","name":"Estado de Minas - Em foco","description":"Acompanhe as \u00faltimas not\u00edcias e fique bem informado sobre tudo o que acontece em Minas Gerais, Brasil e no mundo.","potentialAction":[{"@type":"SearchAction","target":{"@type":"EntryPoint","urlTemplate":"https:\/\/www.em.com.br\/emfoco\/?s={search_term_string}"},"query-input":{"@type":"PropertyValueSpecification","valueRequired":true,"valueName":"search_term_string"}}],"inLanguage":"pt-BR"},{"@type":"Person","@id":"https:\/\/www.em.com.br\/emfoco\/#\/schema\/person\/60eda09c1fedf0d6891f4cef4b60b8b8","name":"Andre\u0301 Rangel\u00a0","image":{"@type":"ImageObject","inLanguage":"pt-BR","@id":"https:\/\/www.em.com.br\/emfoco\/#\/schema\/person\/image\/","url":"https:\/\/secure.gravatar.com\/avatar\/6234dc814c77c8ef6d8bba622c787efc?s=96&d=mm&r=g","contentUrl":"https:\/\/secure.gravatar.com\/avatar\/6234dc814c77c8ef6d8bba622c787efc?s=96&d=mm&r=g","caption":"Andre\u0301 Rangel\u00a0"},"url":"https:\/\/www.em.com.br\/emfoco\/author\/luizmyth\/"}]}},"_links":{"self":[{"href":"https:\/\/www.em.com.br\/emfoco\/wp-json\/wp\/v2\/posts\/139361","targetHints":{"allow":["GET"]}}],"collection":[{"href":"https:\/\/www.em.com.br\/emfoco\/wp-json\/wp\/v2\/posts"}],"about":[{"href":"https:\/\/www.em.com.br\/emfoco\/wp-json\/wp\/v2\/types\/post"}],"author":[{"embeddable":true,"href":"https:\/\/www.em.com.br\/emfoco\/wp-json\/wp\/v2\/users\/11"}],"replies":[{"embeddable":true,"href":"https:\/\/www.em.com.br\/emfoco\/wp-json\/wp\/v2\/comments?post=139361"}],"version-history":[{"count":2,"href":"https:\/\/www.em.com.br\/emfoco\/wp-json\/wp\/v2\/posts\/139361\/revisions"}],"predecessor-version":[{"id":140152,"href":"https:\/\/www.em.com.br\/emfoco\/wp-json\/wp\/v2\/posts\/139361\/revisions\/140152"}],"wp:featuredmedia":[{"embeddable":true,"href":"https:\/\/www.em.com.br\/emfoco\/wp-json\/wp\/v2\/media\/140145"}],"wp:attachment":[{"href":"https:\/\/www.em.com.br\/emfoco\/wp-json\/wp\/v2\/media?parent=139361"}],"wp:term":[{"taxonomy":"category","embeddable":true,"href":"https:\/\/www.em.com.br\/emfoco\/wp-json\/wp\/v2\/categories?post=139361"},{"taxonomy":"post_tag","embeddable":true,"href":"https:\/\/www.em.com.br\/emfoco\/wp-json\/wp\/v2\/tags?post=139361"}],"curies":[{"name":"wp","href":"https:\/\/api.w.org\/{rel}","templated":true}]}}