{"id":13935,"date":"2025-02-06T16:20:00","date_gmt":"2025-02-06T19:20:00","guid":{"rendered":"https:\/\/www.em.com.br\/emfoco\/?p=13935"},"modified":"2025-02-01T14:06:36","modified_gmt":"2025-02-01T17:06:36","slug":"transforme-suas-compras-em-beneficios","status":"publish","type":"post","link":"https:\/\/www.em.com.br\/emfoco\/2025\/02\/06\/transforme-suas-compras-em-beneficios\/","title":{"rendered":"Transforme suas compras em benef\u00edcios!"},"content":{"rendered":"\n<p>A <strong><a href=\"https:\/\/portal.fazenda.sp.gov.br\/servicos\/nfp\" target=\"_blank\" rel=\"noreferrer noopener\">Nota Fiscal Paulista<\/a><\/strong> \u00e9 uma iniciativa do governo de S\u00e3o Paulo que visa promover a responsabilidade fiscal e recompensar os consumidores. O projeto incentiva a inclus\u00e3o do<strong> CPF<\/strong> nas notas fiscais, transformando as compras em benef\u00edcios adicionais. Trata-se de uma estrat\u00e9gia que busca aumentar a transpar\u00eancia nas transa\u00e7\u00f5es comerciais e reduzir a sonega\u00e7\u00e3o fiscal.<\/p>\n\n\n\n<p>O programa n\u00e3o apenas melhora a rela\u00e7\u00e3o entre o Estado e os cidad\u00e3os, mas tamb\u00e9m torna o sistema tribut\u00e1rio mais claro e acess\u00edvel para todos os envolvidos. A ades\u00e3o ao programa \u00e9 simples e altamente vantajosa para os consumidores paulistas.<\/p>\n\n\n\n<h2 class=\"wp-block-heading\">Funcionamento e participa\u00e7\u00e3o<\/h2>\n\n\n\n<p>Para participar da <strong>Nota Fiscal Paulista<\/strong>, o consumidor deve solicitar a inclus\u00e3o do seu <strong><a href=\"https:\/\/www.em.com.br\/emfoco\/2025\/01\/02\/por-que-colocar-o-cpf-na-nota-saiba-como-isso-te-beneficia\/\" target=\"_blank\" rel=\"noreferrer noopener\">CPF <\/a><\/strong>no documento fiscal ao realizar uma compra. Esta a\u00e7\u00e3o permite que o consumidor acumule cr\u00e9ditos que podem ser utilizados posteriormente, al\u00e9m de dar acesso a sorteios mensais promovidos pelo governo estadual.<\/p>\n\n\n\n<p>A verifica\u00e7\u00e3o dos cr\u00e9ditos acumulados e a situa\u00e7\u00e3o nos sorteios podem ser realizadas por meio da plataforma online disponibilizada pelo programa. Esse sistema simplifica a administra\u00e7\u00e3o dos benef\u00edcios, permitindo que os consumidores acompanhem facilmente suas recompensas.<\/p>\n\n\n\n<figure class=\"wp-block-image size-large\"><img loading=\"lazy\" decoding=\"async\" width=\"1024\" height=\"576\" src=\"https:\/\/www.em.com.br\/emfoco\/wp-content\/uploads\/2024\/12\/cpf_1735336911493-1024x576.jpg\" alt=\"Por que colocar o CPF na nota? Saiba como isso te beneficia!\" class=\"wp-image-7165\" srcset=\"https:\/\/www.em.com.br\/emfoco\/wp-content\/uploads\/2024\/12\/cpf_1735336911493-1024x576.jpg 1024w, https:\/\/www.em.com.br\/emfoco\/wp-content\/uploads\/2024\/12\/cpf_1735336911493-300x169.jpg 300w, https:\/\/www.em.com.br\/emfoco\/wp-content\/uploads\/2024\/12\/cpf_1735336911493-768x432.jpg 768w, https:\/\/www.em.com.br\/emfoco\/wp-content\/uploads\/2024\/12\/cpf_1735336911493-750x422.jpg 750w, https:\/\/www.em.com.br\/emfoco\/wp-content\/uploads\/2024\/12\/cpf_1735336911493-1140x641.jpg 1140w, https:\/\/www.em.com.br\/emfoco\/wp-content\/uploads\/2024\/12\/cpf_1735336911493.jpg 1280w\" sizes=\"auto, (max-width: 1024px) 100vw, 1024px\" \/><figcaption class=\"wp-element-caption\">Imagem Ilustrativa de CPF &#8211; Cr\u00e9ditos: depositphotos.com \/ Mehaniq<\/figcaption><\/figure>\n\n\n\n<h2 class=\"wp-block-heading\">Vantagens para os consumidores e a sociedade<\/h2>\n\n\n\n<p>Ao participar da Nota Fiscal Paulista, os consumidores t\u00eam a oportunidade de receber <strong>cr\u00e9ditos financeiros<\/strong>, que podem ser resgatados ou utilizados para abater impostos, como o <strong>IPVA<\/strong>. Al\u00e9m disso, o programa oferece uma via para que os consumidores contribuam com entidades sociais, por meio da doa\u00e7\u00e3o dos cr\u00e9ditos adquiridos.<\/p>\n\n\n\n<p>A iniciativa tamb\u00e9m tem um impacto positivo na sociedade como um todo, pois parte dos recursos gerados \u00e9 destinada a projetos sociais, ampliando o alcance das a\u00e7\u00f5es nas \u00e1reas de sa\u00fade, cultura e educa\u00e7\u00e3o.<\/p>\n\n\n\n<h2 class=\"wp-block-heading\">Diversidade de uso dos cr\u00e9ditos<\/h2>\n\n\n\n<p>Os cr\u00e9ditos obtidos atrav\u00e9s da Nota Fiscal Paulista podem ser aplicados de diferentes modos, conferindo ao consumidor liberdade de escolha. Dentre as op\u00e7\u00f5es mais comuns, podemos destacar:<\/p>\n\n\n\n<ul class=\"wp-block-list\">\n<li>Transfer\u00eancia para contas banc\u00e1rias.<\/li>\n\n\n\n<li>Redu\u00e7\u00e3o ou quita\u00e7\u00e3o do IPVA do ve\u00edculo.<\/li>\n\n\n\n<li>Doa\u00e7\u00e3o para institui\u00e7\u00f5es beneficentes cadastradas.<\/li>\n<\/ul>\n\n\n\n<p>Essas op\u00e7\u00f5es tornam a utiliza\u00e7\u00e3o dos cr\u00e9ditos mais flex\u00edvel e adapt\u00e1vel \u00e0s necessidades individuais dos participantes, incentivando um uso consciente dos recursos.<\/p>\n\n\n\n<h2 class=\"wp-block-heading\">Impacto nacional e expans\u00e3o<\/h2>\n\n\n\n<p>Motivados pelos resultados positivos da Nota Fiscal Paulista, diversos estados brasileiros lan\u00e7aram programas similares. Essas iniciativas buscam aumentar a <strong>participa\u00e7\u00e3o cidad\u00e3o<\/strong> na fiscaliza\u00e7\u00e3o tribut\u00e1ria, recompensando financeiramente os consumidores por sua colabora\u00e7\u00e3o.<\/p>\n\n\n\n<p>Ao expandir esse modelo para outras regi\u00f5es, o pa\u00eds caminha em dire\u00e7\u00e3o a uma maior justi\u00e7a fiscal, com pr\u00e1ticas que incentivam a transpar\u00eancia e a responsabilidade no cumprimento das obriga\u00e7\u00f5es tribut\u00e1rias, criando benef\u00edcios tanto para a popula\u00e7\u00e3o quanto para a administra\u00e7\u00e3o p\u00fablica.<\/p>\n","protected":false},"excerpt":{"rendered":"<p>A Nota Fiscal Paulista \u00e9 uma iniciativa do governo de S\u00e3o Paulo que visa promover a responsabilidade fiscal e recompensar os consumidores. O projeto incentiva a inclus\u00e3o do CPF nas notas fiscais, transformando as compras em benef\u00edcios adicionais. Trata-se de uma estrat\u00e9gia que busca aumentar a transpar\u00eancia nas transa\u00e7\u00f5es comerciais e reduzir a sonega\u00e7\u00e3o fiscal. [&hellip;]<\/p>\n","protected":false},"author":5,"featured_media":9062,"comment_status":"open","ping_status":"open","sticky":false,"template":"","format":"standard","meta":{"jnews-multi-image_gallery":[],"jnews_single_post":{"format":"standard"},"jnews_primary_category":[],"jnews_social_meta":[],"jnews_override_counter":[],"footnotes":""},"categories":[28,1],"tags":[848,398,3134,2588],"class_list":["post-13935","post","type-post","status-publish","format-standard","has-post-thumbnail","hentry","category-economia","category-noticias","tag-cpf","tag-cpf-na-nota","tag-cpf-na-nota-fiscal","tag-programa-cpf-na-nota"],"yoast_head":"<!-- This site is optimized with the Yoast SEO plugin v23.8 - https:\/\/yoast.com\/wordpress\/plugins\/seo\/ -->\n<title>Transforme suas compras em benef\u00edcios! - Estado de Minas - Em foco<\/title>\n<meta name=\"description\" content=\"Entenda como a Nota Fiscal Paulista funciona e aproveite os benef\u00edcios, como cr\u00e9ditos financeiros e sorteios mensais.\" \/>\n<meta name=\"robots\" content=\"index, follow, max-snippet:-1, max-image-preview:large, max-video-preview:-1\" \/>\n<link rel=\"canonical\" href=\"https:\/\/www.em.com.br\/emfoco\/2025\/02\/06\/transforme-suas-compras-em-beneficios\/\" \/>\n<meta property=\"og:locale\" content=\"pt_BR\" \/>\n<meta property=\"og:type\" content=\"article\" \/>\n<meta property=\"og:title\" content=\"Transforme suas compras em benef\u00edcios! - Estado de Minas - Em foco\" \/>\n<meta property=\"og:description\" content=\"Entenda como a Nota Fiscal Paulista funciona e aproveite os benef\u00edcios, como cr\u00e9ditos financeiros e sorteios mensais.\" \/>\n<meta property=\"og:url\" content=\"https:\/\/www.em.com.br\/emfoco\/2025\/02\/06\/transforme-suas-compras-em-beneficios\/\" \/>\n<meta property=\"og:site_name\" content=\"Estado de Minas - Em foco\" \/>\n<meta property=\"article:published_time\" content=\"2025-02-06T19:20:00+00:00\" \/>\n<meta property=\"article:modified_time\" content=\"2025-02-01T17:06:36+00:00\" \/>\n<meta property=\"og:image\" content=\"https:\/\/www.em.com.br\/emfoco\/wp-content\/uploads\/2025\/01\/compras_1736268237246.jpg\" \/>\n\t<meta property=\"og:image:width\" content=\"1280\" \/>\n\t<meta property=\"og:image:height\" content=\"720\" \/>\n\t<meta property=\"og:image:type\" content=\"image\/jpeg\" \/>\n<meta name=\"author\" content=\"N\u00fabia Rangel\" \/>\n<meta name=\"twitter:card\" content=\"summary_large_image\" \/>\n<meta name=\"twitter:label1\" content=\"Escrito por\" \/>\n\t<meta name=\"twitter:data1\" content=\"N\u00fabia Rangel\" \/>\n\t<meta name=\"twitter:label2\" content=\"Est. tempo de leitura\" \/>\n\t<meta name=\"twitter:data2\" content=\"3 minutos\" \/>\n<!-- \/ Yoast SEO plugin. -->","yoast_head_json":{"title":"Transforme suas compras em benef\u00edcios! - Estado de Minas - Em foco","description":"Entenda como a Nota Fiscal Paulista funciona e aproveite os benef\u00edcios, como cr\u00e9ditos financeiros e sorteios mensais.","robots":{"index":"index","follow":"follow","max-snippet":"max-snippet:-1","max-image-preview":"max-image-preview:large","max-video-preview":"max-video-preview:-1"},"canonical":"https:\/\/www.em.com.br\/emfoco\/2025\/02\/06\/transforme-suas-compras-em-beneficios\/","og_locale":"pt_BR","og_type":"article","og_title":"Transforme suas compras em benef\u00edcios! - Estado de Minas - Em foco","og_description":"Entenda como a Nota Fiscal Paulista funciona e aproveite os benef\u00edcios, como cr\u00e9ditos financeiros e sorteios mensais.","og_url":"https:\/\/www.em.com.br\/emfoco\/2025\/02\/06\/transforme-suas-compras-em-beneficios\/","og_site_name":"Estado de Minas - Em foco","article_published_time":"2025-02-06T19:20:00+00:00","article_modified_time":"2025-02-01T17:06:36+00:00","og_image":[{"width":1280,"height":720,"url":"https:\/\/www.em.com.br\/emfoco\/wp-content\/uploads\/2025\/01\/compras_1736268237246.jpg","type":"image\/jpeg"}],"author":"N\u00fabia Rangel","twitter_card":"summary_large_image","twitter_misc":{"Escrito por":"N\u00fabia Rangel","Est. tempo de leitura":"3 minutos"},"schema":{"@context":"https:\/\/schema.org","@graph":[{"@type":"WebPage","@id":"https:\/\/www.em.com.br\/emfoco\/2025\/02\/06\/transforme-suas-compras-em-beneficios\/","url":"https:\/\/www.em.com.br\/emfoco\/2025\/02\/06\/transforme-suas-compras-em-beneficios\/","name":"Transforme suas compras em benef\u00edcios! - Estado de Minas - Em foco","isPartOf":{"@id":"https:\/\/www.em.com.br\/emfoco\/#website"},"primaryImageOfPage":{"@id":"https:\/\/www.em.com.br\/emfoco\/2025\/02\/06\/transforme-suas-compras-em-beneficios\/#primaryimage"},"image":{"@id":"https:\/\/www.em.com.br\/emfoco\/2025\/02\/06\/transforme-suas-compras-em-beneficios\/#primaryimage"},"thumbnailUrl":"https:\/\/www.em.com.br\/emfoco\/wp-content\/uploads\/2025\/01\/compras_1736268237246.jpg","datePublished":"2025-02-06T19:20:00+00:00","dateModified":"2025-02-01T17:06:36+00:00","author":{"@id":"https:\/\/www.em.com.br\/emfoco\/#\/schema\/person\/524437ef54f8a5d32591b143307f2e20"},"description":"Entenda como a Nota Fiscal Paulista funciona e aproveite os benef\u00edcios, como cr\u00e9ditos financeiros e sorteios mensais.","breadcrumb":{"@id":"https:\/\/www.em.com.br\/emfoco\/2025\/02\/06\/transforme-suas-compras-em-beneficios\/#breadcrumb"},"inLanguage":"pt-BR","potentialAction":[{"@type":"ReadAction","target":["https:\/\/www.em.com.br\/emfoco\/2025\/02\/06\/transforme-suas-compras-em-beneficios\/"]}]},{"@type":"ImageObject","inLanguage":"pt-BR","@id":"https:\/\/www.em.com.br\/emfoco\/2025\/02\/06\/transforme-suas-compras-em-beneficios\/#primaryimage","url":"https:\/\/www.em.com.br\/emfoco\/wp-content\/uploads\/2025\/01\/compras_1736268237246.jpg","contentUrl":"https:\/\/www.em.com.br\/emfoco\/wp-content\/uploads\/2025\/01\/compras_1736268237246.jpg","width":1280,"height":720,"caption":"Imagem Ilustrativa de Compras - Cr\u00e9ditos: depositphotos.com \/ IgorVetushko"},{"@type":"BreadcrumbList","@id":"https:\/\/www.em.com.br\/emfoco\/2025\/02\/06\/transforme-suas-compras-em-beneficios\/#breadcrumb","itemListElement":[{"@type":"ListItem","position":1,"name":"In\u00edcio","item":"https:\/\/www.em.com.br\/emfoco\/"},{"@type":"ListItem","position":2,"name":"Transforme suas compras em benef\u00edcios!"}]},{"@type":"WebSite","@id":"https:\/\/www.em.com.br\/emfoco\/#website","url":"https:\/\/www.em.com.br\/emfoco\/","name":"Estado de Minas - Em foco","description":"Acompanhe as \u00faltimas not\u00edcias e fique bem informado sobre tudo o que acontece em Minas Gerais, Brasil e no mundo.","potentialAction":[{"@type":"SearchAction","target":{"@type":"EntryPoint","urlTemplate":"https:\/\/www.em.com.br\/emfoco\/?s={search_term_string}"},"query-input":{"@type":"PropertyValueSpecification","valueRequired":true,"valueName":"search_term_string"}}],"inLanguage":"pt-BR"},{"@type":"Person","@id":"https:\/\/www.em.com.br\/emfoco\/#\/schema\/person\/524437ef54f8a5d32591b143307f2e20","name":"N\u00fabia Rangel","image":{"@type":"ImageObject","inLanguage":"pt-BR","@id":"https:\/\/www.em.com.br\/emfoco\/#\/schema\/person\/image\/","url":"https:\/\/secure.gravatar.com\/avatar\/47cff2827a5ba23c37e8068c86817ea4?s=96&d=mm&r=g","contentUrl":"https:\/\/secure.gravatar.com\/avatar\/47cff2827a5ba23c37e8068c86817ea4?s=96&d=mm&r=g","caption":"N\u00fabia Rangel"},"sameAs":["https:\/\/www.em.com.br\/emfoco\/"],"url":"https:\/\/www.em.com.br\/emfoco\/author\/nubiamyth\/"}]}},"_links":{"self":[{"href":"https:\/\/www.em.com.br\/emfoco\/wp-json\/wp\/v2\/posts\/13935","targetHints":{"allow":["GET"]}}],"collection":[{"href":"https:\/\/www.em.com.br\/emfoco\/wp-json\/wp\/v2\/posts"}],"about":[{"href":"https:\/\/www.em.com.br\/emfoco\/wp-json\/wp\/v2\/types\/post"}],"author":[{"embeddable":true,"href":"https:\/\/www.em.com.br\/emfoco\/wp-json\/wp\/v2\/users\/5"}],"replies":[{"embeddable":true,"href":"https:\/\/www.em.com.br\/emfoco\/wp-json\/wp\/v2\/comments?post=13935"}],"version-history":[{"count":3,"href":"https:\/\/www.em.com.br\/emfoco\/wp-json\/wp\/v2\/posts\/13935\/revisions"}],"predecessor-version":[{"id":15989,"href":"https:\/\/www.em.com.br\/emfoco\/wp-json\/wp\/v2\/posts\/13935\/revisions\/15989"}],"wp:featuredmedia":[{"embeddable":true,"href":"https:\/\/www.em.com.br\/emfoco\/wp-json\/wp\/v2\/media\/9062"}],"wp:attachment":[{"href":"https:\/\/www.em.com.br\/emfoco\/wp-json\/wp\/v2\/media?parent=13935"}],"wp:term":[{"taxonomy":"category","embeddable":true,"href":"https:\/\/www.em.com.br\/emfoco\/wp-json\/wp\/v2\/categories?post=13935"},{"taxonomy":"post_tag","embeddable":true,"href":"https:\/\/www.em.com.br\/emfoco\/wp-json\/wp\/v2\/tags?post=13935"}],"curies":[{"name":"wp","href":"https:\/\/api.w.org\/{rel}","templated":true}]}}