{"id":139307,"date":"2025-12-13T19:25:00","date_gmt":"2025-12-13T22:25:00","guid":{"rendered":"https:\/\/www.em.com.br\/emfoco\/?p=139307"},"modified":"2025-12-12T20:38:29","modified_gmt":"2025-12-12T23:38:29","slug":"prefeitura-multa-morador-em-r-15-400-por-usar-terreno-como-estacionamento-clandestino","status":"publish","type":"post","link":"https:\/\/www.em.com.br\/emfoco\/2025\/12\/13\/prefeitura-multa-morador-em-r-15-400-por-usar-terreno-como-estacionamento-clandestino\/","title":{"rendered":"Prefeitura multa morador em R$ 15.400 por usar terreno como estacionamento clandestino"},"content":{"rendered":"\n<p>Em um bairro movimentado de Belo Horizonte, o aumento de carros nas ruas levou muitos moradores a buscar alternativas para estacionar. Entre eles estava&nbsp;<strong>Rog\u00e9rio Almeida<\/strong>, 42 anos, que decidiu transformar seu terreno de esquina em estacionamento pago, sem registro formal e sem autoriza\u00e7\u00e3o da Prefeitura, o que parecia ser uma solu\u00e7\u00e3o r\u00e1pida para o desemprego, mas acabou resultando em uma multa de&nbsp;<strong>R$ 15.400,00<\/strong>&nbsp;e em um alerta duro sobre os riscos e custos reais de atuar na informalidade.<\/p>\n\n\n\n<h2 class=\"wp-block-heading\">Como surgiu o estacionamento clandestino de Rog\u00e9rio em Belo Horizonte<\/h2>\n\n\n\n<p>Rog\u00e9rio herdou de seus pais um lote de aproximadamente 360 m\u00b2, em uma via de grande circula\u00e7\u00e3o, e viu no terreno uma chance de renda ap\u00f3s perder o emprego em 2023. Sem buscar orienta\u00e7\u00e3o jur\u00eddica ou administrativa, passou a cobrar uma di\u00e1ria em dinheiro, controlar as placas em um caderno e receber entre 10 e 20 ve\u00edculos por dia, totalmente na informalidade.<\/p>\n\n\n\n<figure class=\"wp-block-image size-large\"><img loading=\"lazy\" decoding=\"async\" width=\"1024\" height=\"576\" src=\"https:\/\/www.em.com.br\/emfoco\/wp-content\/uploads\/2025\/12\/Gemini_Generated_Image_v9jjrvv9jjrvv9jj-1-1024x576.png\" alt=\"Terreno vira estacionamento clandestino e multa assusta morador\" class=\"wp-image-139552\" srcset=\"https:\/\/www.em.com.br\/emfoco\/wp-content\/uploads\/2025\/12\/Gemini_Generated_Image_v9jjrvv9jjrvv9jj-1-1024x576.png 1024w, https:\/\/www.em.com.br\/emfoco\/wp-content\/uploads\/2025\/12\/Gemini_Generated_Image_v9jjrvv9jjrvv9jj-1-300x169.png 300w, https:\/\/www.em.com.br\/emfoco\/wp-content\/uploads\/2025\/12\/Gemini_Generated_Image_v9jjrvv9jjrvv9jj-1-768x432.png 768w, https:\/\/www.em.com.br\/emfoco\/wp-content\/uploads\/2025\/12\/Gemini_Generated_Image_v9jjrvv9jjrvv9jj-1-750x422.png 750w, https:\/\/www.em.com.br\/emfoco\/wp-content\/uploads\/2025\/12\/Gemini_Generated_Image_v9jjrvv9jjrvv9jj-1-1140x641.png 1140w, https:\/\/www.em.com.br\/emfoco\/wp-content\/uploads\/2025\/12\/Gemini_Generated_Image_v9jjrvv9jjrvv9jj-1.png 1280w\" sizes=\"auto, (max-width: 1024px) 100vw, 1024px\" \/><figcaption class=\"wp-element-caption\">Terreno vira estacionamento clandestino e multa assusta morador<\/figcaption><\/figure>\n\n\n\n<p>Com o tempo, vizinhos notaram o fluxo constante de carros, a movimenta\u00e7\u00e3o de dinheiro e a aus\u00eancia de identifica\u00e7\u00e3o oficial de estacionamento. A situa\u00e7\u00e3o chamou a aten\u00e7\u00e3o da fiscaliza\u00e7\u00e3o da\u00a0<strong><a href=\"https:\/\/prefeitura.pbh.gov.br\/\" target=\"_blank\" rel=\"noreferrer noopener\">Prefeitura de Belo Horizonte<\/a><\/strong>, que apurou o uso irregular do im\u00f3vel e caracterizou o local como um\u00a0<strong>estacionamento clandestino<\/strong>, em desacordo com as normas municipais e com o zoneamento vigente.<\/p>\n\n\n\n<h2 class=\"wp-block-heading\">Quais s\u00e3o as principais normas municipais que regulam estacionamentos em Belo Horizonte<\/h2>\n\n\n\n<p>O funcionamento de estacionamentos privados em Belo Horizonte \u00e9 disciplinado por normas de&nbsp;<strong>uso e ocupa\u00e7\u00e3o do solo<\/strong>, atividade econ\u00f4mica e posturas municipais. Para atuar regularmente, o respons\u00e1vel precisa de alvar\u00e1, respeito ao zoneamento e atendimento a regras de seguran\u00e7a, acessibilidade e circula\u00e7\u00e3o de ve\u00edculos, sob pena de multa e interdi\u00e7\u00e3o.<\/p>\n\n\n\n<p>Na pr\u00e1tica, a fiscaliza\u00e7\u00e3o se apoia em leis que delimitam o que \u00e9 permitido em cada zona da cidade e estabelecem san\u00e7\u00f5es para quem explora atividade sem licen\u00e7a. Entre os principais referenciais usados pela Prefeitura na hora de autuar est\u00e3o:<\/p>\n\n\n\n<style>\n.table-info {\n  width: 100%;\n  border-collapse: collapse;\n  font-family: Arial, sans-serif;\n  margin: 20px 0;\n}\n\n.table-info th {\n  background-color: #b5e8c8; \/* Verde suave *\/\n  color: #000;\n  padding: 12px;\n  text-align: left;\n  border: 1px solid #90c4a3;\n}\n\n.table-info td {\n  background-color: #d8e8ff; \/* Azul suave *\/\n  color: #000;\n  padding: 12px;\n  border: 1px solid #b2c7e6;\n}\n<\/style>\n\n<table class=\"table-info\">\n  <tr>\n    <th>Norma \/ Regulamenta\u00e7\u00e3o<\/th>\n    <th>Descri\u00e7\u00e3o<\/th>\n  <\/tr>\n\n  <tr>\n    <td>C\u00f3digo de Posturas de Belo Horizonte<\/td>\n    <td>Disciplina o uso de im\u00f3veis, atividades comerciais e presta\u00e7\u00e3o de servi\u00e7os no munic\u00edpio.<\/td>\n  <\/tr>\n\n  <tr>\n    <td>Lei de Uso e Ocupa\u00e7\u00e3o do Solo<\/td>\n    <td>Define se a atividade de estacionamento \u00e9 permitida ou restrita na regi\u00e3o desejada.<\/td>\n  <\/tr>\n\n  <tr>\n    <td>Alvar\u00e1 de Localiza\u00e7\u00e3o e Funcionamento<\/td>\n    <td>Normas obrigat\u00f3rias para autorizar o exerc\u00edcio de qualquer atividade econ\u00f4mica na cidade.<\/td>\n  <\/tr>\n\n  <tr>\n    <td>Regras de Seguran\u00e7a e Acessibilidade<\/td>\n    <td>Exig\u00eancias espec\u00edficas sobre seguran\u00e7a, acessibilidade e impacto no tr\u00e2nsito local.<\/td>\n  <\/tr>\n<\/table>\n\n\n\n\n<h2 class=\"wp-block-heading\">Por que a Prefeitura aplicou a multa de R$ 15.400,00 ao terreno de Rog\u00e9rio<\/h2>\n\n\n\n<p>A penalidade aplicada a Rog\u00e9rio decorreu do uso do terreno como estacionamento pago sem autoriza\u00e7\u00e3o municipal e em desacordo com o zoneamento da \u00e1rea. Ap\u00f3s den\u00fancia, fiscais constataram a explora\u00e7\u00e3o de atividade comercial sem alvar\u00e1, aus\u00eancia de medidas de seguran\u00e7a, inexist\u00eancia de seguro e impacto direto no tr\u00e2nsito, com filas de entrada e sa\u00edda de ve\u00edculos.<\/p>\n\n\n\n<p>A multa de&nbsp;<strong>R$ 15.400,00<\/strong>&nbsp;foi calculada com base nas tabelas oficiais da Prefeitura, que consideram gravidade da infra\u00e7\u00e3o, porte da atividade e reincid\u00eancia. O uso do lote como estacionamento clandestino em \u00e1rea sens\u00edvel de tr\u00e2nsito pesou negativamente, elevando o valor pelo risco ao ordenamento urbano e pela persist\u00eancia da conduta mesmo ap\u00f3s alertas informais da vizinhan\u00e7a.<\/p>\n\n\n\n<h2 class=\"wp-block-heading\">Como funciona a tabela de multas da Prefeitura de Belo Horizonte para uso irregular do solo<\/h2>\n\n\n\n<p>A Prefeitura de Belo Horizonte adota tabelas padronizadas que classificam infra\u00e7\u00f5es como leves, m\u00e9dias, graves ou grav\u00edssimas, com faixas de valores para cada tipo de conduta. Em estacionamentos clandestinos, avaliam-se tanto o exerc\u00edcio de atividade sem licen\u00e7a quanto os efeitos pr\u00e1ticos no entorno, incluindo risco a pedestres e congestionamentos.<\/p>\n\n\n\n<p>Em situa\u00e7\u00f5es de uso irregular do solo para estacionamento pago, s\u00e3o considerados fatores como tipo de infra\u00e7\u00e3o, natureza do <a href=\"https:\/\/www.em.com.br\/emfoco\/2025\/12\/08\/justica-confirma-quem-mantem-imovel-as-proprias-custas-paga-contas-de-luz-agua-e-investe-pode-usucapir-contra-parentes-que-nao-cuidam\/\" target=\"_blank\" rel=\"noreferrer noopener\">im\u00f3vel<\/a>, impacto no tr\u00e2nsito e eventual tentativa de regulariza\u00e7\u00e3o. A colabora\u00e7\u00e3o com a fiscaliza\u00e7\u00e3o pode atenuar a multa, mas a insist\u00eancia em manter a atividade costuma levar a valores mais altos, interdi\u00e7\u00e3o do local e at\u00e9 encaminhamentos ao Minist\u00e9rio P\u00fablico em casos mais graves.<\/p>\n\n\n\n<h2 class=\"wp-block-heading\">Como evitar multas e o que a hist\u00f3ria de Rog\u00e9rio ensina sobre estacionamentos clandestinos em Belo Horizonte<\/h2>\n\n\n\n<p>Antes de transformar um terreno em estacionamento, \u00e9 essencial checar se a atividade \u00e9 permitida naquele endere\u00e7o e quais licen\u00e7as s\u00e3o exigidas. A falta dessa consulta pr\u00e9via foi decisiva para que Rog\u00e9rio fosse autuado, mesmo agindo por necessidade financeira, refor\u00e7ando que boa-f\u00e9 n\u00e3o afasta responsabilidade administrativa.<\/p>\n\n\n\n<p>Se voc\u00ea pensa em aproveitar um lote para guardar ve\u00edculos ou j\u00e1 realiza alguma atividade econ\u00f4mica no im\u00f3vel, n\u00e3o espere a fiscaliza\u00e7\u00e3o bater \u00e0 sua porta. Procure imediatamente a Prefeitura, um profissional especializado ou assist\u00eancia jur\u00eddica e regularize a situa\u00e7\u00e3o agora: cada dia de irregularidade pode significar novas infra\u00e7\u00f5es, multas pesadas e at\u00e9 a perda do patrim\u00f4nio que voc\u00ea lutou para conquistar.<\/p>\n\n\n\n<p><\/p>\n","protected":false},"excerpt":{"rendered":"<p>Em um bairro movimentado de Belo Horizonte, o aumento de carros nas ruas levou muitos moradores a buscar alternativas para estacionar. Entre eles estava&nbsp;Rog\u00e9rio Almeida, 42 anos, que decidiu transformar seu terreno de esquina em estacionamento pago, sem registro formal e sem autoriza\u00e7\u00e3o da Prefeitura, o que parecia ser uma solu\u00e7\u00e3o r\u00e1pida para o desemprego, [&hellip;]<\/p>\n","protected":false},"author":11,"featured_media":139553,"comment_status":"open","ping_status":"open","sticky":false,"template":"","format":"standard","meta":{"jnews-multi-image_gallery":[],"jnews_single_post":{"format":"standard"},"jnews_primary_category":[],"jnews_social_meta":[],"jnews_override_counter":[],"footnotes":""},"categories":[28,1],"tags":[20572,3227,9442,16723],"class_list":["post-139307","post","type-post","status-publish","format-standard","has-post-thumbnail","hentry","category-economia","category-noticias","tag-alvara","tag-fiscalizacao","tag-multa","tag-terreno"],"yoast_head":"<!-- This site is optimized with the Yoast SEO plugin v23.8 - https:\/\/yoast.com\/wordpress\/plugins\/seo\/ -->\n<title>Prefeitura multa morador em R$ 15.400 por usar terreno como estacionamento clandestino - Estado de Minas - Em foco<\/title>\n<meta name=\"description\" content=\"Transformar um terreno em estacionamento sem licen\u00e7a pode gerar multa alta. A hist\u00f3ria de Rog\u00e9rio mostra como a informalidade pesa no bolso e traz riscos s\u00e9rios.\" \/>\n<meta name=\"robots\" content=\"index, follow, max-snippet:-1, max-image-preview:large, max-video-preview:-1\" \/>\n<link rel=\"canonical\" href=\"https:\/\/www.em.com.br\/emfoco\/2025\/12\/13\/prefeitura-multa-morador-em-r-15-400-por-usar-terreno-como-estacionamento-clandestino\/\" \/>\n<meta property=\"og:locale\" content=\"pt_BR\" \/>\n<meta property=\"og:type\" content=\"article\" \/>\n<meta property=\"og:title\" content=\"Prefeitura multa morador em R$ 15.400 por usar terreno como estacionamento clandestino - Estado de Minas - Em foco\" \/>\n<meta property=\"og:description\" content=\"Transformar um terreno em estacionamento sem licen\u00e7a pode gerar multa alta. A hist\u00f3ria de Rog\u00e9rio mostra como a informalidade pesa no bolso e traz riscos s\u00e9rios.\" \/>\n<meta property=\"og:url\" content=\"https:\/\/www.em.com.br\/emfoco\/2025\/12\/13\/prefeitura-multa-morador-em-r-15-400-por-usar-terreno-como-estacionamento-clandestino\/\" \/>\n<meta property=\"og:site_name\" content=\"Estado de Minas - Em foco\" \/>\n<meta property=\"article:published_time\" content=\"2025-12-13T22:25:00+00:00\" \/>\n<meta property=\"article:modified_time\" content=\"2025-12-12T23:38:29+00:00\" \/>\n<meta property=\"og:image\" content=\"https:\/\/www.em.com.br\/emfoco\/wp-content\/uploads\/2025\/12\/Gemini_Generated_Image_buhsxsbuhsxsbuhs-1.png\" \/>\n\t<meta property=\"og:image:width\" content=\"1280\" \/>\n\t<meta property=\"og:image:height\" content=\"720\" \/>\n\t<meta property=\"og:image:type\" content=\"image\/png\" \/>\n<meta name=\"author\" content=\"Andre\u0301 Rangel\u00a0\" \/>\n<meta name=\"twitter:card\" content=\"summary_large_image\" \/>\n<meta name=\"twitter:label1\" content=\"Escrito por\" \/>\n\t<meta name=\"twitter:data1\" content=\"Andre\u0301 Rangel\u00a0\" \/>\n\t<meta name=\"twitter:label2\" content=\"Est. tempo de leitura\" \/>\n\t<meta name=\"twitter:data2\" content=\"5 minutos\" \/>\n<!-- \/ Yoast SEO plugin. -->","yoast_head_json":{"title":"Prefeitura multa morador em R$ 15.400 por usar terreno como estacionamento clandestino - Estado de Minas - Em foco","description":"Transformar um terreno em estacionamento sem licen\u00e7a pode gerar multa alta. A hist\u00f3ria de Rog\u00e9rio mostra como a informalidade pesa no bolso e traz riscos s\u00e9rios.","robots":{"index":"index","follow":"follow","max-snippet":"max-snippet:-1","max-image-preview":"max-image-preview:large","max-video-preview":"max-video-preview:-1"},"canonical":"https:\/\/www.em.com.br\/emfoco\/2025\/12\/13\/prefeitura-multa-morador-em-r-15-400-por-usar-terreno-como-estacionamento-clandestino\/","og_locale":"pt_BR","og_type":"article","og_title":"Prefeitura multa morador em R$ 15.400 por usar terreno como estacionamento clandestino - Estado de Minas - Em foco","og_description":"Transformar um terreno em estacionamento sem licen\u00e7a pode gerar multa alta. A hist\u00f3ria de Rog\u00e9rio mostra como a informalidade pesa no bolso e traz riscos s\u00e9rios.","og_url":"https:\/\/www.em.com.br\/emfoco\/2025\/12\/13\/prefeitura-multa-morador-em-r-15-400-por-usar-terreno-como-estacionamento-clandestino\/","og_site_name":"Estado de Minas - Em foco","article_published_time":"2025-12-13T22:25:00+00:00","article_modified_time":"2025-12-12T23:38:29+00:00","og_image":[{"width":1280,"height":720,"url":"https:\/\/www.em.com.br\/emfoco\/wp-content\/uploads\/2025\/12\/Gemini_Generated_Image_buhsxsbuhsxsbuhs-1.png","type":"image\/png"}],"author":"Andre\u0301 Rangel\u00a0","twitter_card":"summary_large_image","twitter_misc":{"Escrito por":"Andre\u0301 Rangel\u00a0","Est. tempo de leitura":"5 minutos"},"schema":{"@context":"https:\/\/schema.org","@graph":[{"@type":"WebPage","@id":"https:\/\/www.em.com.br\/emfoco\/2025\/12\/13\/prefeitura-multa-morador-em-r-15-400-por-usar-terreno-como-estacionamento-clandestino\/","url":"https:\/\/www.em.com.br\/emfoco\/2025\/12\/13\/prefeitura-multa-morador-em-r-15-400-por-usar-terreno-como-estacionamento-clandestino\/","name":"Prefeitura multa morador em R$ 15.400 por usar terreno como estacionamento clandestino - Estado de Minas - Em foco","isPartOf":{"@id":"https:\/\/www.em.com.br\/emfoco\/#website"},"primaryImageOfPage":{"@id":"https:\/\/www.em.com.br\/emfoco\/2025\/12\/13\/prefeitura-multa-morador-em-r-15-400-por-usar-terreno-como-estacionamento-clandestino\/#primaryimage"},"image":{"@id":"https:\/\/www.em.com.br\/emfoco\/2025\/12\/13\/prefeitura-multa-morador-em-r-15-400-por-usar-terreno-como-estacionamento-clandestino\/#primaryimage"},"thumbnailUrl":"https:\/\/www.em.com.br\/emfoco\/wp-content\/uploads\/2025\/12\/Gemini_Generated_Image_buhsxsbuhsxsbuhs-1.png","datePublished":"2025-12-13T22:25:00+00:00","dateModified":"2025-12-12T23:38:29+00:00","author":{"@id":"https:\/\/www.em.com.br\/emfoco\/#\/schema\/person\/60eda09c1fedf0d6891f4cef4b60b8b8"},"description":"Transformar um terreno em estacionamento sem licen\u00e7a pode gerar multa alta. A hist\u00f3ria de Rog\u00e9rio mostra como a informalidade pesa no bolso e traz riscos s\u00e9rios.","breadcrumb":{"@id":"https:\/\/www.em.com.br\/emfoco\/2025\/12\/13\/prefeitura-multa-morador-em-r-15-400-por-usar-terreno-como-estacionamento-clandestino\/#breadcrumb"},"inLanguage":"pt-BR","potentialAction":[{"@type":"ReadAction","target":["https:\/\/www.em.com.br\/emfoco\/2025\/12\/13\/prefeitura-multa-morador-em-r-15-400-por-usar-terreno-como-estacionamento-clandestino\/"]}]},{"@type":"ImageObject","inLanguage":"pt-BR","@id":"https:\/\/www.em.com.br\/emfoco\/2025\/12\/13\/prefeitura-multa-morador-em-r-15-400-por-usar-terreno-como-estacionamento-clandestino\/#primaryimage","url":"https:\/\/www.em.com.br\/emfoco\/wp-content\/uploads\/2025\/12\/Gemini_Generated_Image_buhsxsbuhsxsbuhs-1.png","contentUrl":"https:\/\/www.em.com.br\/emfoco\/wp-content\/uploads\/2025\/12\/Gemini_Generated_Image_buhsxsbuhsxsbuhs-1.png","width":1280,"height":720,"caption":"O maior risco de abrir estacionamento sem nenhuma licen\u00e7a"},{"@type":"BreadcrumbList","@id":"https:\/\/www.em.com.br\/emfoco\/2025\/12\/13\/prefeitura-multa-morador-em-r-15-400-por-usar-terreno-como-estacionamento-clandestino\/#breadcrumb","itemListElement":[{"@type":"ListItem","position":1,"name":"In\u00edcio","item":"https:\/\/www.em.com.br\/emfoco\/"},{"@type":"ListItem","position":2,"name":"Prefeitura multa morador em R$ 15.400 por usar terreno como estacionamento clandestino"}]},{"@type":"WebSite","@id":"https:\/\/www.em.com.br\/emfoco\/#website","url":"https:\/\/www.em.com.br\/emfoco\/","name":"Estado de Minas - Em foco","description":"Acompanhe as \u00faltimas not\u00edcias e fique bem informado sobre tudo o que acontece em Minas Gerais, Brasil e no mundo.","potentialAction":[{"@type":"SearchAction","target":{"@type":"EntryPoint","urlTemplate":"https:\/\/www.em.com.br\/emfoco\/?s={search_term_string}"},"query-input":{"@type":"PropertyValueSpecification","valueRequired":true,"valueName":"search_term_string"}}],"inLanguage":"pt-BR"},{"@type":"Person","@id":"https:\/\/www.em.com.br\/emfoco\/#\/schema\/person\/60eda09c1fedf0d6891f4cef4b60b8b8","name":"Andre\u0301 Rangel\u00a0","image":{"@type":"ImageObject","inLanguage":"pt-BR","@id":"https:\/\/www.em.com.br\/emfoco\/#\/schema\/person\/image\/","url":"https:\/\/secure.gravatar.com\/avatar\/6234dc814c77c8ef6d8bba622c787efc?s=96&d=mm&r=g","contentUrl":"https:\/\/secure.gravatar.com\/avatar\/6234dc814c77c8ef6d8bba622c787efc?s=96&d=mm&r=g","caption":"Andre\u0301 Rangel\u00a0"},"url":"https:\/\/www.em.com.br\/emfoco\/author\/luizmyth\/"}]}},"_links":{"self":[{"href":"https:\/\/www.em.com.br\/emfoco\/wp-json\/wp\/v2\/posts\/139307","targetHints":{"allow":["GET"]}}],"collection":[{"href":"https:\/\/www.em.com.br\/emfoco\/wp-json\/wp\/v2\/posts"}],"about":[{"href":"https:\/\/www.em.com.br\/emfoco\/wp-json\/wp\/v2\/types\/post"}],"author":[{"embeddable":true,"href":"https:\/\/www.em.com.br\/emfoco\/wp-json\/wp\/v2\/users\/11"}],"replies":[{"embeddable":true,"href":"https:\/\/www.em.com.br\/emfoco\/wp-json\/wp\/v2\/comments?post=139307"}],"version-history":[{"count":3,"href":"https:\/\/www.em.com.br\/emfoco\/wp-json\/wp\/v2\/posts\/139307\/revisions"}],"predecessor-version":[{"id":139565,"href":"https:\/\/www.em.com.br\/emfoco\/wp-json\/wp\/v2\/posts\/139307\/revisions\/139565"}],"wp:featuredmedia":[{"embeddable":true,"href":"https:\/\/www.em.com.br\/emfoco\/wp-json\/wp\/v2\/media\/139553"}],"wp:attachment":[{"href":"https:\/\/www.em.com.br\/emfoco\/wp-json\/wp\/v2\/media?parent=139307"}],"wp:term":[{"taxonomy":"category","embeddable":true,"href":"https:\/\/www.em.com.br\/emfoco\/wp-json\/wp\/v2\/categories?post=139307"},{"taxonomy":"post_tag","embeddable":true,"href":"https:\/\/www.em.com.br\/emfoco\/wp-json\/wp\/v2\/tags?post=139307"}],"curies":[{"name":"wp","href":"https:\/\/api.w.org\/{rel}","templated":true}]}}