{"id":139292,"date":"2025-12-13T12:45:00","date_gmt":"2025-12-13T15:45:00","guid":{"rendered":"https:\/\/www.em.com.br\/emfoco\/?p=139292"},"modified":"2025-12-12T20:32:27","modified_gmt":"2025-12-12T23:32:27","slug":"homem-vende-carro-financiado-sem-quitar-divida-e-banco-bloqueia-conta-com-r-22-mil","status":"publish","type":"post","link":"https:\/\/www.em.com.br\/emfoco\/2025\/12\/13\/homem-vende-carro-financiado-sem-quitar-divida-e-banco-bloqueia-conta-com-r-22-mil\/","title":{"rendered":"Homem vende carro financiado sem quitar d\u00edvida e banco bloqueia conta com R$ 22 mil"},"content":{"rendered":"\n<p>Em uma cidade de m\u00e9dio porte no interior de S\u00e3o Paulo, o caso de&nbsp;<strong>Rog\u00e9rio Alves<\/strong>, t\u00e9cnico em inform\u00e1tica de&nbsp;<strong>38 anos<\/strong>, mostrou como a pressa para organizar as finan\u00e7as e vender um carro financiado sem aten\u00e7\u00e3o \u00e0s regras pode resultar em bloqueio de conta banc\u00e1ria, d\u00edvidas elevadas e poss\u00edvel responsabiliza\u00e7\u00e3o civil e criminal, servindo de alerta para quem pensa em \u201cse livrar\u201d rapidamente de um ve\u00edculo ainda alienado.<\/p>\n\n\n\n<h2 class=\"wp-block-heading\">Como come\u00e7ou a venda do carro financiado de Rog\u00e9rio<\/h2>\n\n\n\n<p>O contato de Rog\u00e9rio com a empresa ocorreu por meio de um an\u00fancio em rede social que prometia \u201csa\u00edda r\u00e1pida\u201d para quem quisesse vender carro financiado. A proposta era simples: ele entregaria o ve\u00edculo e assinaria um contrato de compra e venda, enquanto a intermediadora se responsabilizaria por quitar o financiamento junto ao banco.<\/p>\n\n\n\n<p>Confiando na promessa e pressionado por d\u00edvidas, Rog\u00e9rio entregou o carro e a documenta\u00e7\u00e3o \u00e0 empresa, assinou um contrato particular, recebeu parte do valor combinado e ouviu que, em poucos dias, o <a href=\"https:\/\/www.em.com.br\/emfoco\/2025\/11\/18\/novo-projeto-de-lei-impede-praticas-abusivas-contra-pessoas-acima-de-60-anos-em-emprestimos-e-financiamentos-garantindo-mais-seguranca\/\" target=\"_blank\" rel=\"noreferrer noopener\">financiamento <\/a>estaria quitado. Por\u00e9m, o banco nunca foi comunicado e o contrato permaneceu ativo em nome dele, que continuou sendo o devedor perante a institui\u00e7\u00e3o financeira.<\/p>\n\n\n\n<figure class=\"wp-block-image size-large\"><img loading=\"lazy\" decoding=\"async\" width=\"1024\" height=\"576\" src=\"https:\/\/www.em.com.br\/emfoco\/wp-content\/uploads\/2025\/12\/Gemini_Generated_Image_f8l2vlf8l2vlf8l2-1-1024x576.png\" alt=\"Bloqueio de conta assusta vendedor ap\u00f3s venda de carro financiado\" class=\"wp-image-139532\" srcset=\"https:\/\/www.em.com.br\/emfoco\/wp-content\/uploads\/2025\/12\/Gemini_Generated_Image_f8l2vlf8l2vlf8l2-1-1024x576.png 1024w, https:\/\/www.em.com.br\/emfoco\/wp-content\/uploads\/2025\/12\/Gemini_Generated_Image_f8l2vlf8l2vlf8l2-1-300x169.png 300w, https:\/\/www.em.com.br\/emfoco\/wp-content\/uploads\/2025\/12\/Gemini_Generated_Image_f8l2vlf8l2vlf8l2-1-768x432.png 768w, https:\/\/www.em.com.br\/emfoco\/wp-content\/uploads\/2025\/12\/Gemini_Generated_Image_f8l2vlf8l2vlf8l2-1-750x422.png 750w, https:\/\/www.em.com.br\/emfoco\/wp-content\/uploads\/2025\/12\/Gemini_Generated_Image_f8l2vlf8l2vlf8l2-1-1140x641.png 1140w, https:\/\/www.em.com.br\/emfoco\/wp-content\/uploads\/2025\/12\/Gemini_Generated_Image_f8l2vlf8l2vlf8l2-1.png 1280w\" sizes=\"auto, (max-width: 1024px) 100vw, 1024px\" \/><figcaption class=\"wp-element-caption\">Bloqueio de conta assusta vendedor ap\u00f3s venda de carro financiado<\/figcaption><\/figure>\n\n\n\n<h2 class=\"wp-block-heading\">Por que a conta banc\u00e1ria de Rog\u00e9rio foi bloqueada pelo banco<\/h2>\n\n\n\n<p>Meses ap\u00f3s a negocia\u00e7\u00e3o, as parcelas deixaram de ser pagas, a empresa desapareceu e o carro foi repassado a um terceiro. Diante da inadimpl\u00eancia, o banco iniciou medidas de cobran\u00e7a e recorreu ao Judici\u00e1rio para recuperar o cr\u00e9dito, j\u00e1 que o contrato de aliena\u00e7\u00e3o fiduci\u00e1ria seguia em aberto.<\/p>\n\n\n\n<p>Para garantir o pagamento da d\u00edvida, o juiz determinou, via sistema eletr\u00f4nico como o <a href=\"https:\/\/www.cnj.jus.br\/sistemas\/sisbajud\/\" target=\"_blank\" rel=\"noreferrer noopener\">SISBAJUD<\/a>, o bloqueio de cerca de\u00a0<strong>R$ 22 mil<\/strong>\u00a0na conta de Rog\u00e9rio. Mesmo sem o carro, ele continuava legalmente respons\u00e1vel pelo financiamento, pois o ve\u00edculo ainda estava vinculado ao banco como garantia.<\/p>\n\n\n\n<h2 class=\"wp-block-heading\">Qual \u00e9 a base legal para o bloqueio e a responsabilidade de Rog\u00e9rio<\/h2>\n\n\n\n<p>A situa\u00e7\u00e3o de Rog\u00e9rio est\u00e1 diretamente ligada ao contrato de financiamento com aliena\u00e7\u00e3o fiduci\u00e1ria, regulado pelo C\u00f3digo Civil e por normas espec\u00edficas, que estabelecem que o bem permanece em nome do credor at\u00e9 a quita\u00e7\u00e3o. Isso significa que o ve\u00edculo n\u00e3o pode ser livremente vendido sem a anu\u00eancia do banco ou a liquida\u00e7\u00e3o pr\u00e9via da d\u00edvida.<\/p>\n\n\n\n<p>Al\u00e9m da esfera contratual, podem surgir reflexos criminais se houver inten\u00e7\u00e3o de enganar terceiros ou se o bem for vendido como se estivesse livre de \u00f4nus. Nesses casos, o Minist\u00e9rio P\u00fablico pode analisar eventual enquadramento nos artigos&nbsp;<strong>171<\/strong>&nbsp;(estelionato) e&nbsp;<strong>168<\/strong>&nbsp;(apropria\u00e7\u00e3o ind\u00e9bita) do C\u00f3digo Penal, sem afastar o direito do banco de cobrar a d\u00edvida e buscar o bem.<\/p>\n\n\n\n<h2 class=\"wp-block-heading\">Quais cuidados poderiam ter evitado o bloqueio da conta de Rog\u00e9rio<\/h2>\n\n\n\n<p>No caso de Rog\u00e9rio, alguns cuidados pr\u00e1ticos teriam reduzido o risco do problema. Antes de negociar um ve\u00edculo financiado, \u00e9 fundamental envolver o banco e formalizar tudo de forma transparente, evitando contratos apenas particulares com empresas pouco conhecidas.<\/p>\n\n\n\n<p>Para diminuir as chances de cair em golpe ou ter o nome atrelado a d\u00edvidas de terceiros, \u00e9 importante observar alguns pontos b\u00e1sicos na negocia\u00e7\u00e3o:<\/p>\n\n\n\n<table style=\"width:100%; border-collapse:collapse;\">\n  <thead>\n    <tr style=\"background:#cfe3ff; color:#000;\">\n      <th style=\"padding:10px; border:1px solid #000;\">Recomenda\u00e7\u00e3o<\/th>\n      <th style=\"padding:10px; border:1px solid #000;\">Descri\u00e7\u00e3o<\/th>\n    <\/tr>\n  <\/thead>\n  <tbody>\n    <tr style=\"background:#e7f7e7;\">\n      <td style=\"padding:10px; border:1px solid #000;\">Consultar o banco<\/td>\n      <td style=\"padding:10px; border:1px solid #000;\">\n        Verifique saldo devedor, condi\u00e7\u00f5es de quita\u00e7\u00e3o antecipada e possibilidade de transferir a d\u00edvida ao comprador.\n      <\/td>\n    <\/tr>\n    <tr style=\"background:#cfe3ff;\">\n      <td style=\"padding:10px; border:1px solid #000;\">Pagamento direto ao banco<\/td>\n      <td style=\"padding:10px; border:1px solid #000;\">\n        Garanta que a quita\u00e7\u00e3o seja paga somente ao banco e sempre com comprovantes oficiais.\n      <\/td>\n    <\/tr>\n    <tr style=\"background:#e7f7e7;\">\n      <td style=\"padding:10px; border:1px solid #000;\">Verifica\u00e7\u00e3o da empresa intermediadora<\/td>\n      <td style=\"padding:10px; border:1px solid #000;\">\n        Pesquise CNPJ, hist\u00f3rico e reclama\u00e7\u00f5es antes de entregar o ve\u00edculo ou documentos.\n      <\/td>\n    <\/tr>\n    <tr style=\"background:#cfe3ff;\">\n      <td style=\"padding:10px; border:1px solid #000;\">Formaliza\u00e7\u00e3o da venda<\/td>\n      <td style=\"padding:10px; border:1px solid #000;\">\n        Use contratos detalhados, reconhecimento de firma e m\u00e1xima transpar\u00eancia entre vendedor e comprador.\n      <\/td>\n    <\/tr>\n  <\/tbody>\n<\/table>\n\n\n\n\n<h2 class=\"wp-block-heading\">Em que momento a situa\u00e7\u00e3o de Rog\u00e9rio pode ser considerada crime<\/h2>\n\n\n\n<p>A hist\u00f3ria de Rog\u00e9rio pode ser vista sob dois \u00e2ngulos: o de v\u00edtima de golpe ou o de agente que age com m\u00e1-f\u00e9. Quando o vendedor confia de boa-f\u00e9 que o financiamento ser\u00e1 quitado por terceiro, a responsabiliza\u00e7\u00e3o penal tende a recair sobre quem aplicou o golpe, n\u00e3o afastando, por\u00e9m, a responsabilidade civil do devedor perante o banco.<\/p>\n\n\n\n<p>Por outro lado, se o vendedor omite que o bem est\u00e1 alienado, promete quita\u00e7\u00e3o que sabe n\u00e3o ocorrer ou usa todo o valor sem qualquer tentativa de pagar a d\u00edvida, sua conduta pode ser enquadrada como estelionato ou apropria\u00e7\u00e3o ind\u00e9bita. Se voc\u00ea est\u00e1 em situa\u00e7\u00e3o parecida, n\u00e3o espere o bloqueio chegar: procure ajuda jur\u00eddica imediatamente, contate o banco hoje mesmo e aja r\u00e1pido para evitar um preju\u00edzo ainda maior e consequ\u00eancias penais irrevers\u00edveis.<\/p>\n","protected":false},"excerpt":{"rendered":"<p>Em uma cidade de m\u00e9dio porte no interior de S\u00e3o Paulo, o caso de&nbsp;Rog\u00e9rio Alves, t\u00e9cnico em inform\u00e1tica de&nbsp;38 anos, mostrou como a pressa para organizar as finan\u00e7as e vender um carro financiado sem aten\u00e7\u00e3o \u00e0s regras pode resultar em bloqueio de conta banc\u00e1ria, d\u00edvidas elevadas e poss\u00edvel responsabiliza\u00e7\u00e3o civil e criminal, servindo de alerta [&hellip;]<\/p>\n","protected":false},"author":11,"featured_media":139533,"comment_status":"open","ping_status":"open","sticky":false,"template":"","format":"standard","meta":{"jnews-multi-image_gallery":[],"jnews_single_post":{"format":"standard"},"jnews_primary_category":[],"jnews_social_meta":[],"jnews_override_counter":[],"footnotes":""},"categories":[28,1],"tags":[3003,818,20568,749],"class_list":["post-139292","post","type-post","status-publish","format-standard","has-post-thumbnail","hentry","category-economia","category-noticias","tag-banco","tag-carro","tag-carro-financiado","tag-golpe"],"yoast_head":"<!-- This site is optimized with the Yoast SEO plugin v23.8 - https:\/\/yoast.com\/wordpress\/plugins\/seo\/ -->\n<title>Homem vende carro financiado sem quitar d\u00edvida e banco bloqueia conta com R$ 22 mil - Estado de Minas - Em foco<\/title>\n<meta name=\"description\" content=\"A venda de um carro financiado deixou um homem com a conta bloqueada. O caso alerta para golpes que atingem quem busca sa\u00edda r\u00e1pida.\" \/>\n<meta name=\"robots\" content=\"index, follow, max-snippet:-1, max-image-preview:large, max-video-preview:-1\" \/>\n<link rel=\"canonical\" href=\"https:\/\/www.em.com.br\/emfoco\/2025\/12\/13\/homem-vende-carro-financiado-sem-quitar-divida-e-banco-bloqueia-conta-com-r-22-mil\/\" \/>\n<meta property=\"og:locale\" content=\"pt_BR\" \/>\n<meta property=\"og:type\" content=\"article\" \/>\n<meta property=\"og:title\" content=\"Homem vende carro financiado sem quitar d\u00edvida e banco bloqueia conta com R$ 22 mil - Estado de Minas - Em foco\" \/>\n<meta property=\"og:description\" content=\"A venda de um carro financiado deixou um homem com a conta bloqueada. O caso alerta para golpes que atingem quem busca sa\u00edda r\u00e1pida.\" \/>\n<meta property=\"og:url\" content=\"https:\/\/www.em.com.br\/emfoco\/2025\/12\/13\/homem-vende-carro-financiado-sem-quitar-divida-e-banco-bloqueia-conta-com-r-22-mil\/\" \/>\n<meta property=\"og:site_name\" content=\"Estado de Minas - Em foco\" \/>\n<meta property=\"article:published_time\" content=\"2025-12-13T15:45:00+00:00\" \/>\n<meta property=\"article:modified_time\" content=\"2025-12-12T23:32:27+00:00\" \/>\n<meta property=\"og:image\" content=\"https:\/\/www.em.com.br\/emfoco\/wp-content\/uploads\/2025\/12\/Gemini_Generated_Image_s0mtkss0mtkss0mt-1.png\" \/>\n\t<meta property=\"og:image:width\" content=\"1280\" \/>\n\t<meta property=\"og:image:height\" content=\"720\" \/>\n\t<meta property=\"og:image:type\" content=\"image\/png\" \/>\n<meta name=\"author\" content=\"Andre\u0301 Rangel\u00a0\" \/>\n<meta name=\"twitter:card\" content=\"summary_large_image\" \/>\n<meta name=\"twitter:label1\" content=\"Escrito por\" \/>\n\t<meta name=\"twitter:data1\" content=\"Andre\u0301 Rangel\u00a0\" \/>\n\t<meta name=\"twitter:label2\" content=\"Est. tempo de leitura\" \/>\n\t<meta name=\"twitter:data2\" content=\"5 minutos\" \/>\n<!-- \/ Yoast SEO plugin. -->","yoast_head_json":{"title":"Homem vende carro financiado sem quitar d\u00edvida e banco bloqueia conta com R$ 22 mil - Estado de Minas - Em foco","description":"A venda de um carro financiado deixou um homem com a conta bloqueada. O caso alerta para golpes que atingem quem busca sa\u00edda r\u00e1pida.","robots":{"index":"index","follow":"follow","max-snippet":"max-snippet:-1","max-image-preview":"max-image-preview:large","max-video-preview":"max-video-preview:-1"},"canonical":"https:\/\/www.em.com.br\/emfoco\/2025\/12\/13\/homem-vende-carro-financiado-sem-quitar-divida-e-banco-bloqueia-conta-com-r-22-mil\/","og_locale":"pt_BR","og_type":"article","og_title":"Homem vende carro financiado sem quitar d\u00edvida e banco bloqueia conta com R$ 22 mil - Estado de Minas - Em foco","og_description":"A venda de um carro financiado deixou um homem com a conta bloqueada. O caso alerta para golpes que atingem quem busca sa\u00edda r\u00e1pida.","og_url":"https:\/\/www.em.com.br\/emfoco\/2025\/12\/13\/homem-vende-carro-financiado-sem-quitar-divida-e-banco-bloqueia-conta-com-r-22-mil\/","og_site_name":"Estado de Minas - Em foco","article_published_time":"2025-12-13T15:45:00+00:00","article_modified_time":"2025-12-12T23:32:27+00:00","og_image":[{"width":1280,"height":720,"url":"https:\/\/www.em.com.br\/emfoco\/wp-content\/uploads\/2025\/12\/Gemini_Generated_Image_s0mtkss0mtkss0mt-1.png","type":"image\/png"}],"author":"Andre\u0301 Rangel\u00a0","twitter_card":"summary_large_image","twitter_misc":{"Escrito por":"Andre\u0301 Rangel\u00a0","Est. tempo de leitura":"5 minutos"},"schema":{"@context":"https:\/\/schema.org","@graph":[{"@type":"WebPage","@id":"https:\/\/www.em.com.br\/emfoco\/2025\/12\/13\/homem-vende-carro-financiado-sem-quitar-divida-e-banco-bloqueia-conta-com-r-22-mil\/","url":"https:\/\/www.em.com.br\/emfoco\/2025\/12\/13\/homem-vende-carro-financiado-sem-quitar-divida-e-banco-bloqueia-conta-com-r-22-mil\/","name":"Homem vende carro financiado sem quitar d\u00edvida e banco bloqueia conta com R$ 22 mil - Estado de Minas - Em foco","isPartOf":{"@id":"https:\/\/www.em.com.br\/emfoco\/#website"},"primaryImageOfPage":{"@id":"https:\/\/www.em.com.br\/emfoco\/2025\/12\/13\/homem-vende-carro-financiado-sem-quitar-divida-e-banco-bloqueia-conta-com-r-22-mil\/#primaryimage"},"image":{"@id":"https:\/\/www.em.com.br\/emfoco\/2025\/12\/13\/homem-vende-carro-financiado-sem-quitar-divida-e-banco-bloqueia-conta-com-r-22-mil\/#primaryimage"},"thumbnailUrl":"https:\/\/www.em.com.br\/emfoco\/wp-content\/uploads\/2025\/12\/Gemini_Generated_Image_s0mtkss0mtkss0mt-1.png","datePublished":"2025-12-13T15:45:00+00:00","dateModified":"2025-12-12T23:32:27+00:00","author":{"@id":"https:\/\/www.em.com.br\/emfoco\/#\/schema\/person\/60eda09c1fedf0d6891f4cef4b60b8b8"},"description":"A venda de um carro financiado deixou um homem com a conta bloqueada. O caso alerta para golpes que atingem quem busca sa\u00edda r\u00e1pida.","breadcrumb":{"@id":"https:\/\/www.em.com.br\/emfoco\/2025\/12\/13\/homem-vende-carro-financiado-sem-quitar-divida-e-banco-bloqueia-conta-com-r-22-mil\/#breadcrumb"},"inLanguage":"pt-BR","potentialAction":[{"@type":"ReadAction","target":["https:\/\/www.em.com.br\/emfoco\/2025\/12\/13\/homem-vende-carro-financiado-sem-quitar-divida-e-banco-bloqueia-conta-com-r-22-mil\/"]}]},{"@type":"ImageObject","inLanguage":"pt-BR","@id":"https:\/\/www.em.com.br\/emfoco\/2025\/12\/13\/homem-vende-carro-financiado-sem-quitar-divida-e-banco-bloqueia-conta-com-r-22-mil\/#primaryimage","url":"https:\/\/www.em.com.br\/emfoco\/wp-content\/uploads\/2025\/12\/Gemini_Generated_Image_s0mtkss0mtkss0mt-1.png","contentUrl":"https:\/\/www.em.com.br\/emfoco\/wp-content\/uploads\/2025\/12\/Gemini_Generated_Image_s0mtkss0mtkss0mt-1.png","width":1280,"height":720,"caption":"Um dep\u00f3sito inesperado pode chamar aten\u00e7\u00e3o do banco"},{"@type":"BreadcrumbList","@id":"https:\/\/www.em.com.br\/emfoco\/2025\/12\/13\/homem-vende-carro-financiado-sem-quitar-divida-e-banco-bloqueia-conta-com-r-22-mil\/#breadcrumb","itemListElement":[{"@type":"ListItem","position":1,"name":"In\u00edcio","item":"https:\/\/www.em.com.br\/emfoco\/"},{"@type":"ListItem","position":2,"name":"Homem vende carro financiado sem quitar d\u00edvida e banco bloqueia conta com R$ 22 mil"}]},{"@type":"WebSite","@id":"https:\/\/www.em.com.br\/emfoco\/#website","url":"https:\/\/www.em.com.br\/emfoco\/","name":"Estado de Minas - Em foco","description":"Acompanhe as \u00faltimas not\u00edcias e fique bem informado sobre tudo o que acontece em Minas Gerais, Brasil e no mundo.","potentialAction":[{"@type":"SearchAction","target":{"@type":"EntryPoint","urlTemplate":"https:\/\/www.em.com.br\/emfoco\/?s={search_term_string}"},"query-input":{"@type":"PropertyValueSpecification","valueRequired":true,"valueName":"search_term_string"}}],"inLanguage":"pt-BR"},{"@type":"Person","@id":"https:\/\/www.em.com.br\/emfoco\/#\/schema\/person\/60eda09c1fedf0d6891f4cef4b60b8b8","name":"Andre\u0301 Rangel\u00a0","image":{"@type":"ImageObject","inLanguage":"pt-BR","@id":"https:\/\/www.em.com.br\/emfoco\/#\/schema\/person\/image\/","url":"https:\/\/secure.gravatar.com\/avatar\/6234dc814c77c8ef6d8bba622c787efc?s=96&d=mm&r=g","contentUrl":"https:\/\/secure.gravatar.com\/avatar\/6234dc814c77c8ef6d8bba622c787efc?s=96&d=mm&r=g","caption":"Andre\u0301 Rangel\u00a0"},"url":"https:\/\/www.em.com.br\/emfoco\/author\/luizmyth\/"}]}},"_links":{"self":[{"href":"https:\/\/www.em.com.br\/emfoco\/wp-json\/wp\/v2\/posts\/139292","targetHints":{"allow":["GET"]}}],"collection":[{"href":"https:\/\/www.em.com.br\/emfoco\/wp-json\/wp\/v2\/posts"}],"about":[{"href":"https:\/\/www.em.com.br\/emfoco\/wp-json\/wp\/v2\/types\/post"}],"author":[{"embeddable":true,"href":"https:\/\/www.em.com.br\/emfoco\/wp-json\/wp\/v2\/users\/11"}],"replies":[{"embeddable":true,"href":"https:\/\/www.em.com.br\/emfoco\/wp-json\/wp\/v2\/comments?post=139292"}],"version-history":[{"count":3,"href":"https:\/\/www.em.com.br\/emfoco\/wp-json\/wp\/v2\/posts\/139292\/revisions"}],"predecessor-version":[{"id":139540,"href":"https:\/\/www.em.com.br\/emfoco\/wp-json\/wp\/v2\/posts\/139292\/revisions\/139540"}],"wp:featuredmedia":[{"embeddable":true,"href":"https:\/\/www.em.com.br\/emfoco\/wp-json\/wp\/v2\/media\/139533"}],"wp:attachment":[{"href":"https:\/\/www.em.com.br\/emfoco\/wp-json\/wp\/v2\/media?parent=139292"}],"wp:term":[{"taxonomy":"category","embeddable":true,"href":"https:\/\/www.em.com.br\/emfoco\/wp-json\/wp\/v2\/categories?post=139292"},{"taxonomy":"post_tag","embeddable":true,"href":"https:\/\/www.em.com.br\/emfoco\/wp-json\/wp\/v2\/tags?post=139292"}],"curies":[{"name":"wp","href":"https:\/\/api.w.org\/{rel}","templated":true}]}}