{"id":139268,"date":"2025-12-15T06:25:00","date_gmt":"2025-12-15T09:25:00","guid":{"rendered":"https:\/\/www.em.com.br\/emfoco\/?p=139268"},"modified":"2025-12-11T18:19:22","modified_gmt":"2025-12-11T21:19:22","slug":"tres-plantas-ideais-para-ambientes-sem-ventilacao-que-renovam-o-ar","status":"publish","type":"post","link":"https:\/\/www.em.com.br\/emfoco\/2025\/12\/15\/tres-plantas-ideais-para-ambientes-sem-ventilacao-que-renovam-o-ar\/","title":{"rendered":"Tr\u00eas plantas ideais para ambientes sem ventila\u00e7\u00e3o que renovam o ar"},"content":{"rendered":"\n<p>Quem vive em espa\u00e7os fechados costuma sentir o ar pesado, abafado e com odores acumulados. Algumas <strong>plantas purificadoras<\/strong> conseguem melhorar essa sensa\u00e7\u00e3o ao reduzir part\u00edculas e trazer frescor mesmo sem ventila\u00e7\u00e3o constante, tornando apartamentos e salas mais agrad\u00e1veis.<\/p>\n\n\n\n<h2 class=\"wp-block-heading\">Por que certas plantas melhoram tanto a sensa\u00e7\u00e3o de ar limpo em lugares fechados?<\/h2>\n\n\n\n<p>Essas esp\u00e9cies se destacam pela capacidade de sobreviver com pouca luz enquanto ajudam a renovar o ambiente. Por meio de processos como <strong>transpira\u00e7\u00e3o<\/strong> e libera\u00e7\u00e3o de oxig\u00eanio, elas suavizam o ar e deixam o espa\u00e7o menos seco, especialmente em locais com circula\u00e7\u00e3o reduzida.<\/p>\n\n\n\n<p>Elas tamb\u00e9m exigem cuidados simples e suportam condi\u00e7\u00f5es limitadas, tornando-se ideais para quem vive em apartamentos pequenos ou trabalha em escrit\u00f3rios com ar-condicionado. Assim, funcionam como complemento natural para tornar o ambiente mais leve.<\/p>\n\n\n\n<figure class=\"wp-block-image size-large\"><img loading=\"lazy\" decoding=\"async\" width=\"1024\" height=\"576\" src=\"https:\/\/www.em.com.br\/emfoco\/wp-content\/uploads\/2025\/12\/IA-IMG-1-116-1024x576.jpg\" alt=\"Tr\u00eas plantas ideais para ambientes sem ventila\u00e7\u00e3o que renovam o ar\" class=\"wp-image-139273\" srcset=\"https:\/\/www.em.com.br\/emfoco\/wp-content\/uploads\/2025\/12\/IA-IMG-1-116-1024x576.jpg 1024w, https:\/\/www.em.com.br\/emfoco\/wp-content\/uploads\/2025\/12\/IA-IMG-1-116-300x169.jpg 300w, https:\/\/www.em.com.br\/emfoco\/wp-content\/uploads\/2025\/12\/IA-IMG-1-116-768x432.jpg 768w, https:\/\/www.em.com.br\/emfoco\/wp-content\/uploads\/2025\/12\/IA-IMG-1-116-750x422.jpg 750w, https:\/\/www.em.com.br\/emfoco\/wp-content\/uploads\/2025\/12\/IA-IMG-1-116-1140x641.jpg 1140w, https:\/\/www.em.com.br\/emfoco\/wp-content\/uploads\/2025\/12\/IA-IMG-1-116.jpg 1280w\" sizes=\"auto, (max-width: 1024px) 100vw, 1024px\" \/><figcaption class=\"wp-element-caption\">Plantas de sombra aumentam umidade e suavizam naturalmente o ar<\/figcaption><\/figure>\n\n\n\n<h2 class=\"wp-block-heading\">Quais plantas s\u00e3o perfeitas para quem vive em espa\u00e7os sem ventila\u00e7\u00e3o?<\/h2>\n\n\n\n<p>Algumas esp\u00e9cies se desenvolvem muito bem em \u00e1reas de baixa luminosidade e trazem sensa\u00e7\u00e3o imediata de renova\u00e7\u00e3o. Cada uma delas contribui de forma diferente para melhorar a <strong>qualidade do ar<\/strong> e facilitar o cuidado di\u00e1rio. Entre as principais op\u00e7\u00f5es est\u00e3o as que voc\u00ea v\u00ea a seguir.<\/p>\n\n\n\n<ul class=\"wp-block-list\">\n<li><strong>Jiboia<\/strong>: tolera sombra, cresce r\u00e1pido e aumenta a umidade leve do ar.<\/li>\n\n\n\n<li><strong>L\u00edrio-da-paz<\/strong>: resistente, ret\u00e9m poeira e traz frescor pela transpira\u00e7\u00e3o intensa.<\/li>\n\n\n\n<li><strong>Espada-de-S\u00e3o-Jorge<\/strong>: libera oxig\u00eanio \u00e0 noite, ideal para quartos fechados.<\/li>\n<\/ul>\n\n\n\n<p><em>Leia mais: <strong><a href=\"https:\/\/www.em.com.br\/emfoco\/2025\/12\/11\/as-especies-brasileiras-que-funcionam-como-um-ima-natural-para-polinizadores\/\" target=\"_blank\" rel=\"noreferrer noopener\">As esp\u00e9cies brasileiras que funcionam como um im\u00e3 natural para polinizadores<\/a><\/strong><\/em><\/p>\n\n\n\n<h2 class=\"wp-block-heading\">Como essas plantas agem no ambiente e tornam espa\u00e7os fechados mais agrad\u00e1veis?<\/h2>\n\n\n\n<p>A jiboia se destaca pela adapta\u00e7\u00e3o a cantos escuros e pela manuten\u00e7\u00e3o da umidade, beneficiando apartamentos abafados. J\u00e1 o <strong>l\u00edrio-da-paz<\/strong> melhora a sensa\u00e7\u00e3o de limpeza gra\u00e7as \u00e0s folhas largas, que acumulam poeira e deixam o ambiente mais leve.<\/p>\n\n\n\n<p>A espada-de-S\u00e3o-Jorge continua liberando oxig\u00eanio mesmo \u00e0 noite, o que \u00e9 raro entre as plantas. Esse comportamento favorece sono melhor em quartos pequenos. Junto delas, a zamioculca refor\u00e7a frescor com m\u00ednima manuten\u00e7\u00e3o, ideal para rotinas corridas.<\/p>\n\n\n\n<p>Confira a seguir um v\u00eddeo compartilhado pelo canal <strong><a href=\"https:\/\/www.tiktok.com\/@einikolas\" target=\"_blank\" rel=\"noreferrer noopener\"><strong>einikolas<\/strong><\/a><\/strong> falando sobre a import\u00e2ncia da Jiboia e de sua incr\u00edvel capacidade de filtrar toxinas do ar.<\/p>\n\n\n\n<blockquote class=\"tiktok-embed\" cite=\"https:\/\/www.tiktok.com\/@einikolas\/video\/7523714517310721336\" data-video-id=\"7523714517310721336\" style=\"max-width: 605px;min-width: 325px;\" > <section> <a target=\"_blank\" title=\"@einikolas\" href=\"https:\/\/www.tiktok.com\/@einikolas?refer=embed\">@einikolas<\/a> Sim, a jiboia e outras plantas ajudam a purificar o ar e isso foi comprovado pela NASA em 1989. Em testes de 24h, algumas removeram at\u00e9 89% de poluentes como benzeno e formalde\u00eddo. Mas o segredo t\u00e1 na quantidade: n\u00e3o \u00e9 milagre, \u00e9 natureza. Fonte: NASA Clean Air Study \u2013 \u201cInterior Landscape Plants for Indoor Air Pollution Abatement\u201d (1989) <a title=\"plantas\" target=\"_blank\" href=\"https:\/\/www.tiktok.com\/tag\/plantas?refer=embed\">#plantas<\/a> <a title=\"nasa\" target=\"_blank\" href=\"https:\/\/www.tiktok.com\/tag\/nasa?refer=embed\">#nasa<\/a> <a title=\"jiboiaplanta\" target=\"_blank\" href=\"https:\/\/www.tiktok.com\/tag\/jiboiaplanta?refer=embed\">#jiboiaplanta<\/a> <a title=\"casa\" target=\"_blank\" href=\"https:\/\/www.tiktok.com\/tag\/casa?refer=embed\">#casa<\/a> <a title=\"epipremnumaureum\" target=\"_blank\" href=\"https:\/\/www.tiktok.com\/tag\/epipremnumaureum?refer=embed\">#epipremnumaureum<\/a> <a target=\"_blank\" title=\"\u266c Stories 2 - Danilo Stankovic\" href=\"https:\/\/www.tiktok.com\/music\/Stories-2-6777279827805390850?refer=embed\">\u266c Stories 2 &#8211; Danilo Stankovic<\/a> <\/section> <\/blockquote> <script async src=\"https:\/\/www.tiktok.com\/embed.js\"><\/script>\n\n\n\n<h2 class=\"wp-block-heading\">Quais cuidados simples garantem que essas plantas funcionem bem em \u00e1reas fechadas?<\/h2>\n\n\n\n<p>Essas esp\u00e9cies precisam de poucos cuidados para manter o ambiente mais fresco. Regras b\u00e1sicas de manuten\u00e7\u00e3o ajudam a evitar excesso de umidade e garantem que elas cres\u00e7am de forma uniforme mesmo com pouca luz. Entre as principais recomenda\u00e7\u00f5es est\u00e3o as que voc\u00ea v\u00ea a seguir.<\/p>\n\n\n\n<ul class=\"wp-block-list\">\n<li><strong>Regar moderadamente<\/strong> para evitar mofo em ambientes sem ventila\u00e7\u00e3o.<\/li>\n\n\n\n<li><strong>Evitar vento frio direto<\/strong> do ar-condicionado para n\u00e3o queimar as folhas.<\/li>\n\n\n\n<li><strong>Girar o vaso quinzenalmente<\/strong> para uniformizar o crescimento na baixa luz.<\/li>\n<\/ul>\n\n\n\n<h2 class=\"wp-block-heading\">Por que escolher as esp\u00e9cies certas transforma qualquer espa\u00e7o fechado?<\/h2>\n\n\n\n<p>A areca-bambu ameniza o ar seco e deixa o ambiente mais confort\u00e1vel, especialmente onde o <strong>ar-condicionado<\/strong> fica ligado por longos per\u00edodos. Combinada \u00e0s demais plantas, ela complementa a sensa\u00e7\u00e3o de frescor e torna o espa\u00e7o mais acolhedor.<\/p>\n\n\n\n<p>Embora n\u00e3o substituam ventila\u00e7\u00e3o ou limpeza, essas esp\u00e9cies s\u00e3o aliados naturais para melhorar a sensa\u00e7\u00e3o de ar limpo. Com escolhas certas e poucos cuidados, \u00e9 poss\u00edvel transformar qualquer ambiente fechado em um lugar mais vivo, fresco e aconchegante.<\/p>\n","protected":false},"excerpt":{"rendered":"<p>Quem vive em espa\u00e7os fechados costuma sentir o ar pesado, abafado e com odores acumulados. Algumas plantas purificadoras conseguem melhorar essa sensa\u00e7\u00e3o ao reduzir part\u00edculas e trazer frescor mesmo sem ventila\u00e7\u00e3o constante, tornando apartamentos e salas mais agrad\u00e1veis. Por que certas plantas melhoram tanto a sensa\u00e7\u00e3o de ar limpo em lugares fechados? Essas esp\u00e9cies se [&hellip;]<\/p>\n","protected":false},"author":13,"featured_media":139271,"comment_status":"open","ping_status":"open","sticky":false,"template":"","format":"standard","meta":{"jnews-multi-image_gallery":[],"jnews_single_post":{"format":"standard"},"jnews_primary_category":[],"jnews_social_meta":[],"jnews_override_counter":[],"footnotes":""},"categories":[8819],"tags":[3358,13139,9751],"class_list":["post-139268","post","type-post","status-publish","format-standard","has-post-thumbnail","hentry","category-curiosidades","tag-jardinagem","tag-jardinagem-para-iniciantes","tag-plantas-purificadoras"],"yoast_head":"<!-- This site is optimized with the Yoast SEO plugin v23.8 - https:\/\/yoast.com\/wordpress\/plugins\/seo\/ -->\n<title>Tr\u00eas plantas ideais para ambientes sem ventila\u00e7\u00e3o que renovam o ar - Estado de Minas - Em foco<\/title>\n<meta name=\"description\" content=\"Morar em local fechado n\u00e3o precisa ser sin\u00f4nimo de ar pesado. Veja as plantas que purificam, umidificam e renovam o ambiente com leveza.\" \/>\n<meta name=\"robots\" content=\"index, follow, max-snippet:-1, max-image-preview:large, max-video-preview:-1\" \/>\n<link rel=\"canonical\" href=\"https:\/\/www.em.com.br\/emfoco\/2025\/12\/15\/tres-plantas-ideais-para-ambientes-sem-ventilacao-que-renovam-o-ar\/\" \/>\n<meta property=\"og:locale\" content=\"pt_BR\" \/>\n<meta property=\"og:type\" content=\"article\" \/>\n<meta property=\"og:title\" content=\"Tr\u00eas plantas ideais para ambientes sem ventila\u00e7\u00e3o que renovam o ar - Estado de Minas - Em foco\" \/>\n<meta property=\"og:description\" content=\"Morar em local fechado n\u00e3o precisa ser sin\u00f4nimo de ar pesado. Veja as plantas que purificam, umidificam e renovam o ambiente com leveza.\" \/>\n<meta property=\"og:url\" content=\"https:\/\/www.em.com.br\/emfoco\/2025\/12\/15\/tres-plantas-ideais-para-ambientes-sem-ventilacao-que-renovam-o-ar\/\" \/>\n<meta property=\"og:site_name\" content=\"Estado de Minas - Em foco\" \/>\n<meta property=\"article:published_time\" content=\"2025-12-15T09:25:00+00:00\" \/>\n<meta property=\"article:modified_time\" content=\"2025-12-11T21:19:22+00:00\" \/>\n<meta property=\"og:image\" content=\"https:\/\/www.em.com.br\/emfoco\/wp-content\/uploads\/2025\/12\/IA-IMG-153.jpg\" \/>\n\t<meta property=\"og:image:width\" content=\"1280\" \/>\n\t<meta property=\"og:image:height\" content=\"720\" \/>\n\t<meta property=\"og:image:type\" content=\"image\/jpeg\" \/>\n<meta name=\"author\" content=\"Gabriel Martins\" \/>\n<meta name=\"twitter:card\" content=\"summary_large_image\" \/>\n<meta name=\"twitter:label1\" content=\"Escrito por\" \/>\n\t<meta name=\"twitter:data1\" content=\"Gabriel Martins\" \/>\n\t<meta name=\"twitter:label2\" content=\"Est. tempo de leitura\" \/>\n\t<meta name=\"twitter:data2\" content=\"4 minutos\" \/>\n<!-- \/ Yoast SEO plugin. -->","yoast_head_json":{"title":"Tr\u00eas plantas ideais para ambientes sem ventila\u00e7\u00e3o que renovam o ar - Estado de Minas - Em foco","description":"Morar em local fechado n\u00e3o precisa ser sin\u00f4nimo de ar pesado. Veja as plantas que purificam, umidificam e renovam o ambiente com leveza.","robots":{"index":"index","follow":"follow","max-snippet":"max-snippet:-1","max-image-preview":"max-image-preview:large","max-video-preview":"max-video-preview:-1"},"canonical":"https:\/\/www.em.com.br\/emfoco\/2025\/12\/15\/tres-plantas-ideais-para-ambientes-sem-ventilacao-que-renovam-o-ar\/","og_locale":"pt_BR","og_type":"article","og_title":"Tr\u00eas plantas ideais para ambientes sem ventila\u00e7\u00e3o que renovam o ar - Estado de Minas - Em foco","og_description":"Morar em local fechado n\u00e3o precisa ser sin\u00f4nimo de ar pesado. Veja as plantas que purificam, umidificam e renovam o ambiente com leveza.","og_url":"https:\/\/www.em.com.br\/emfoco\/2025\/12\/15\/tres-plantas-ideais-para-ambientes-sem-ventilacao-que-renovam-o-ar\/","og_site_name":"Estado de Minas - Em foco","article_published_time":"2025-12-15T09:25:00+00:00","article_modified_time":"2025-12-11T21:19:22+00:00","og_image":[{"width":1280,"height":720,"url":"https:\/\/www.em.com.br\/emfoco\/wp-content\/uploads\/2025\/12\/IA-IMG-153.jpg","type":"image\/jpeg"}],"author":"Gabriel Martins","twitter_card":"summary_large_image","twitter_misc":{"Escrito por":"Gabriel Martins","Est. tempo de leitura":"4 minutos"},"schema":{"@context":"https:\/\/schema.org","@graph":[{"@type":"WebPage","@id":"https:\/\/www.em.com.br\/emfoco\/2025\/12\/15\/tres-plantas-ideais-para-ambientes-sem-ventilacao-que-renovam-o-ar\/","url":"https:\/\/www.em.com.br\/emfoco\/2025\/12\/15\/tres-plantas-ideais-para-ambientes-sem-ventilacao-que-renovam-o-ar\/","name":"Tr\u00eas plantas ideais para ambientes sem ventila\u00e7\u00e3o que renovam o ar - Estado de Minas - Em foco","isPartOf":{"@id":"https:\/\/www.em.com.br\/emfoco\/#website"},"primaryImageOfPage":{"@id":"https:\/\/www.em.com.br\/emfoco\/2025\/12\/15\/tres-plantas-ideais-para-ambientes-sem-ventilacao-que-renovam-o-ar\/#primaryimage"},"image":{"@id":"https:\/\/www.em.com.br\/emfoco\/2025\/12\/15\/tres-plantas-ideais-para-ambientes-sem-ventilacao-que-renovam-o-ar\/#primaryimage"},"thumbnailUrl":"https:\/\/www.em.com.br\/emfoco\/wp-content\/uploads\/2025\/12\/IA-IMG-153.jpg","datePublished":"2025-12-15T09:25:00+00:00","dateModified":"2025-12-11T21:19:22+00:00","author":{"@id":"https:\/\/www.em.com.br\/emfoco\/#\/schema\/person\/1c9ddeab18b98abeffef834667bcf08a"},"description":"Morar em local fechado n\u00e3o precisa ser sin\u00f4nimo de ar pesado. Veja as plantas que purificam, umidificam e renovam o ambiente com leveza.","breadcrumb":{"@id":"https:\/\/www.em.com.br\/emfoco\/2025\/12\/15\/tres-plantas-ideais-para-ambientes-sem-ventilacao-que-renovam-o-ar\/#breadcrumb"},"inLanguage":"pt-BR","potentialAction":[{"@type":"ReadAction","target":["https:\/\/www.em.com.br\/emfoco\/2025\/12\/15\/tres-plantas-ideais-para-ambientes-sem-ventilacao-que-renovam-o-ar\/"]}]},{"@type":"ImageObject","inLanguage":"pt-BR","@id":"https:\/\/www.em.com.br\/emfoco\/2025\/12\/15\/tres-plantas-ideais-para-ambientes-sem-ventilacao-que-renovam-o-ar\/#primaryimage","url":"https:\/\/www.em.com.br\/emfoco\/wp-content\/uploads\/2025\/12\/IA-IMG-153.jpg","contentUrl":"https:\/\/www.em.com.br\/emfoco\/wp-content\/uploads\/2025\/12\/IA-IMG-153.jpg","width":1280,"height":720,"caption":"Plantas internas deixam ambientes fechados mais leves e agrad\u00e1veis"},{"@type":"BreadcrumbList","@id":"https:\/\/www.em.com.br\/emfoco\/2025\/12\/15\/tres-plantas-ideais-para-ambientes-sem-ventilacao-que-renovam-o-ar\/#breadcrumb","itemListElement":[{"@type":"ListItem","position":1,"name":"In\u00edcio","item":"https:\/\/www.em.com.br\/emfoco\/"},{"@type":"ListItem","position":2,"name":"Tr\u00eas plantas ideais para ambientes sem ventila\u00e7\u00e3o que renovam o ar"}]},{"@type":"WebSite","@id":"https:\/\/www.em.com.br\/emfoco\/#website","url":"https:\/\/www.em.com.br\/emfoco\/","name":"Estado de Minas - Em foco","description":"Acompanhe as \u00faltimas not\u00edcias e fique bem informado sobre tudo o que acontece em Minas Gerais, Brasil e no mundo.","potentialAction":[{"@type":"SearchAction","target":{"@type":"EntryPoint","urlTemplate":"https:\/\/www.em.com.br\/emfoco\/?s={search_term_string}"},"query-input":{"@type":"PropertyValueSpecification","valueRequired":true,"valueName":"search_term_string"}}],"inLanguage":"pt-BR"},{"@type":"Person","@id":"https:\/\/www.em.com.br\/emfoco\/#\/schema\/person\/1c9ddeab18b98abeffef834667bcf08a","name":"Gabriel Martins","image":{"@type":"ImageObject","inLanguage":"pt-BR","@id":"https:\/\/www.em.com.br\/emfoco\/#\/schema\/person\/image\/","url":"https:\/\/secure.gravatar.com\/avatar\/f0f1e2efdfd88f1ad2cb08c5c2731e50?s=96&d=mm&r=g","contentUrl":"https:\/\/secure.gravatar.com\/avatar\/f0f1e2efdfd88f1ad2cb08c5c2731e50?s=96&d=mm&r=g","caption":"Gabriel Martins"},"sameAs":["https:\/\/www.em.com.br\/emfoco\/"],"url":"https:\/\/www.em.com.br\/emfoco\/author\/gabrielmartinsmyth\/"}]}},"_links":{"self":[{"href":"https:\/\/www.em.com.br\/emfoco\/wp-json\/wp\/v2\/posts\/139268","targetHints":{"allow":["GET"]}}],"collection":[{"href":"https:\/\/www.em.com.br\/emfoco\/wp-json\/wp\/v2\/posts"}],"about":[{"href":"https:\/\/www.em.com.br\/emfoco\/wp-json\/wp\/v2\/types\/post"}],"author":[{"embeddable":true,"href":"https:\/\/www.em.com.br\/emfoco\/wp-json\/wp\/v2\/users\/13"}],"replies":[{"embeddable":true,"href":"https:\/\/www.em.com.br\/emfoco\/wp-json\/wp\/v2\/comments?post=139268"}],"version-history":[{"count":1,"href":"https:\/\/www.em.com.br\/emfoco\/wp-json\/wp\/v2\/posts\/139268\/revisions"}],"predecessor-version":[{"id":139274,"href":"https:\/\/www.em.com.br\/emfoco\/wp-json\/wp\/v2\/posts\/139268\/revisions\/139274"}],"wp:featuredmedia":[{"embeddable":true,"href":"https:\/\/www.em.com.br\/emfoco\/wp-json\/wp\/v2\/media\/139271"}],"wp:attachment":[{"href":"https:\/\/www.em.com.br\/emfoco\/wp-json\/wp\/v2\/media?parent=139268"}],"wp:term":[{"taxonomy":"category","embeddable":true,"href":"https:\/\/www.em.com.br\/emfoco\/wp-json\/wp\/v2\/categories?post=139268"},{"taxonomy":"post_tag","embeddable":true,"href":"https:\/\/www.em.com.br\/emfoco\/wp-json\/wp\/v2\/tags?post=139268"}],"curies":[{"name":"wp","href":"https:\/\/api.w.org\/{rel}","templated":true}]}}