{"id":139213,"date":"2025-12-14T07:45:00","date_gmt":"2025-12-14T10:45:00","guid":{"rendered":"https:\/\/www.em.com.br\/emfoco\/?p=139213"},"modified":"2025-12-11T18:01:07","modified_gmt":"2025-12-11T21:01:07","slug":"o-ritual-matinal-mais-eficaz-para-acalmar-a-mente-em-apenas-7-minutos","status":"publish","type":"post","link":"https:\/\/www.em.com.br\/emfoco\/2025\/12\/14\/o-ritual-matinal-mais-eficaz-para-acalmar-a-mente-em-apenas-7-minutos\/","title":{"rendered":"O ritual matinal mais eficaz para acalmar a mente em apenas 7 minutos"},"content":{"rendered":"\n<p>Em um per\u00edodo em que a ansiedade matinal parece autom\u00e1tica, psic\u00f3logos explicam que um simples <strong>ritual de 7 minutos<\/strong> ao acordar pode reorganizar o sistema nervoso, reduzir tens\u00f5es acumuladas e trazer mais clareza emocional para o dia, ajudando quem desperta com a mente acelerada.<\/p>\n\n\n\n<h2 class=\"wp-block-heading\">Por que um ritual t\u00e3o curto pela manh\u00e3 reduz tanto a ansiedade?<\/h2>\n\n\n\n<p>Cartilhas do <strong><a href=\"https:\/\/www.polbr.med.br\/ano20\/praticas_respiratorias.pdf\" target=\"_blank\" rel=\"noreferrer noopener\">Conselho Federal de Psicologia<\/a><\/strong> mostram que pr\u00e1ticas breves de respira\u00e7\u00e3o, aten\u00e7\u00e3o corporal e foco ajudam a diminuir a ativa\u00e7\u00e3o do sistema nervoso simp\u00e1tico. Essa combina\u00e7\u00e3o cria uma sensa\u00e7\u00e3o de controle logo ao despertar, suavizando o ciclo de tens\u00e3o autom\u00e1tica.<\/p>\n\n\n\n<p>Psic\u00f3logos destacam que, ao iniciar o dia com presen\u00e7a, o c\u00e9rebro interpreta o ambiente como seguro. Isso reduz impulsos ansiosos, melhora ritmo respirat\u00f3rio e prepara o corpo para decis\u00f5es mais conscientes, tornando a manh\u00e3 emocionalmente est\u00e1vel e menos reativa.<\/p>\n\n\n\n<figure class=\"wp-block-image size-large\"><img loading=\"lazy\" decoding=\"async\" width=\"1024\" height=\"576\" src=\"https:\/\/www.em.com.br\/emfoco\/wp-content\/uploads\/2025\/12\/Ritual-matinal_1765486813169-1024x576.jpg\" alt=\"O ritual matinal mais eficaz para acalmar a mente em apenas 7 minutos\" class=\"wp-image-139250\" srcset=\"https:\/\/www.em.com.br\/emfoco\/wp-content\/uploads\/2025\/12\/Ritual-matinal_1765486813169-1024x576.jpg 1024w, https:\/\/www.em.com.br\/emfoco\/wp-content\/uploads\/2025\/12\/Ritual-matinal_1765486813169-300x169.jpg 300w, https:\/\/www.em.com.br\/emfoco\/wp-content\/uploads\/2025\/12\/Ritual-matinal_1765486813169-768x432.jpg 768w, https:\/\/www.em.com.br\/emfoco\/wp-content\/uploads\/2025\/12\/Ritual-matinal_1765486813169-750x422.jpg 750w, https:\/\/www.em.com.br\/emfoco\/wp-content\/uploads\/2025\/12\/Ritual-matinal_1765486813169-1140x641.jpg 1140w, https:\/\/www.em.com.br\/emfoco\/wp-content\/uploads\/2025\/12\/Ritual-matinal_1765486813169.jpg 1280w\" sizes=\"auto, (max-width: 1024px) 100vw, 1024px\" \/><figcaption class=\"wp-element-caption\">Respira\u00e7\u00e3o guiada reduz ativa\u00e7\u00e3o simp\u00e1tica e estabelece sensa\u00e7\u00e3o inicial de seguran\u00e7a emocional &#8211; Cr\u00e9ditos: depositphotos.com \/ HayDmitriy<\/figcaption><\/figure>\n\n\n\n<h2 class=\"wp-block-heading\">Qual \u00e9 o passo a passo do ritual matinal de 7 minutos recomendado por psic\u00f3logos?<\/h2>\n\n\n\n<p>O ritual re\u00fane t\u00e9cnicas simples de respira\u00e7\u00e3o, aten\u00e7\u00e3o plena e organiza\u00e7\u00e3o mental, baseadas em orienta\u00e7\u00f5es do <strong>CFP<\/strong>. Cada etapa atua em uma camada emocional distinta, ajudando a regular mente e corpo antes das demandas do dia. Entre as principais etapas est\u00e3o as que voc\u00ea v\u00ea a seguir.<\/p>\n\n\n\n<ul class=\"wp-block-list\">\n<li><strong>2 minutos de respira\u00e7\u00e3o diafragm\u00e1tica:<\/strong> inspirar devagar, segurar um instante e soltar lentamente.<\/li>\n\n\n\n<li><strong>2 minutos de scan corporal:<\/strong> observar rosto, ombros e costas, relaxando tens\u00f5es conscientemente.<\/li>\n\n\n\n<li><strong>2 minutos de ancoragem:<\/strong> notar sons, temperatura e sensa\u00e7\u00e3o dos p\u00e9s no ch\u00e3o.<\/li>\n\n\n\n<li><strong>1 minuto de inten\u00e7\u00e3o do dia:<\/strong> escolher uma prioridade emocional ou pr\u00e1tica.<\/li>\n<\/ul>\n\n\n\n<p><em>Leia mais: <strong><a href=\"https:\/\/www.em.com.br\/emfoco\/2025\/12\/01\/mistura-natural-simples-alivia-estresse-e-refresca-a-pele-em-segundos-no-calor-extremo\/\" target=\"_blank\" rel=\"noreferrer noopener\">Mistura natural simples alivia estresse e refresca a pele em segundos no calor extremo<\/a><\/strong><\/em><\/p>\n\n\n\n<h2 class=\"wp-block-heading\">Por que esse m\u00e9todo reorganiza o sistema nervoso logo ao acordar?<\/h2>\n\n\n\n<p>As t\u00e9cnicas ativam o sistema parassimp\u00e1tico, respons\u00e1vel por <strong>reduzir a ansiedade<\/strong> e regular a respira\u00e7\u00e3o. Ao desacelerar o corpo logo cedo, o c\u00e9rebro compreende que n\u00e3o est\u00e1 em amea\u00e7a, diminuindo a descarga de cortisol e estabilizando emo\u00e7\u00f5es matinais.<\/p>\n\n\n\n<p>O trabalho de <strong>Jon Kabat-Zinn<\/strong> demonstra que pr\u00e1ticas curtas de aten\u00e7\u00e3o plena reduzem ansiedade e aumentam regula\u00e7\u00e3o emocional. O ritual se apoia nesse princ\u00edpio: pequenas pausas mudam o estado interno e criam um terreno emocional mais equilibrado para o restante do dia.<\/p>\n\n\n\n<p>A seguir separamos um guia pr\u00e1tico dos melhores h\u00e1bitos matinais que pessoas bem-sucedidas utilizam todos os dias, compartilhado pelo canal <strong><a href=\"https:\/\/www.tiktok.com\/@artetipos\" target=\"_blank\" rel=\"noreferrer noopener\"><strong>artetipos<\/strong><\/a><\/strong>:<\/p>\n\n\n\n<blockquote class=\"tiktok-embed\" cite=\"https:\/\/www.tiktok.com\/@artetipos\/video\/7553778745211882763\" data-video-id=\"7553778745211882763\" style=\"max-width: 605px;min-width: 325px;\" > <section> <a target=\"_blank\" title=\"@artetipos\" href=\"https:\/\/www.tiktok.com\/@artetipos?refer=embed\">@artetipos<\/a> <p>Os 5 H\u00c1BITOS que diferenciam pessoas pr\u00f3speras de pessoas comuns: Voc\u00ea j\u00e1 percebeu que alguns parecem \u201catrair\u201d abund\u00e2ncia naturalmente? N\u00e3o \u00e9 sorte: s\u00e3o H\u00c1BITOS. Durante 30 anos de estudos, descobri que toda pessoa de sucesso compartilha esses 5 padr\u00f5es: 1\ufe0f\u20e3 Acordam cedo com ritual matinal: elas programam a energia do dia antes que o mundo interfira.\u20282\ufe0f\u20e3 Investem em si mesmas primeiro: cursos, livros, terapia\u2026 pessoas pr\u00f3speras sabem que conhecimento gera dinheiro.\u20283\ufe0f\u20e3 Celebram cada pequena vit\u00f3ria: a gratid\u00e3o multiplica prosperidade, por isso elas agradecem por absolutamente tudo.\u20284\ufe0f\u20e3 Cercam-se apenas de quem as eleva: voc\u00ea \u00e9 a m\u00e9dia das 5 pessoas com quem mais convive, \u00e9 importante saber escolher.\u20285\ufe0f\u20e3 Tomam decis\u00f5es r\u00e1pidas: pessoas pr\u00f3speras ajustam detalhes no caminho, mas n\u00e3o deixam a indecis\u00e3o roubar oportunidades. \u26a1 Se voc\u00ea ainda n\u00e3o pratica pelo menos 3 desses h\u00e1bitos, pode estar sabotando sua pr\u00f3pria prosperidade. \ud83d\udd11 Escreva H\u00c1BITOS nos coment\u00e1rios que eu vou te mandar o link do meu Clube da Alta Frequ\u00eancia, onde voc\u00ea ter\u00e1 acesso a frequ\u00eancias de reprograma\u00e7\u00e3o para limpar bloqueios internos e sustentar a energia da prosperidade todos os dias.<\/p> <a target=\"_blank\" title=\"\u266c som original - Mabel\u2002Cristina\u2002Dias\" href=\"https:\/\/www.tiktok.com\/music\/som-original-7553778748588460856?refer=embed\">\u266c som original &#8211; Mabel\u2002Cristina\u2002Dias<\/a> <\/section> <\/blockquote> <script async src=\"https:\/\/www.tiktok.com\/embed.js\"><\/script>\n\n\n\n<h2 class=\"wp-block-heading\">O que torna esse ritual mais acess\u00edvel que outros exerc\u00edcios de mindfulness?<\/h2>\n\n\n\n<p>Diferente de medita\u00e7\u00f5es longas, o ritual de 7 minutos utiliza t\u00e9cnicas simples recomendadas por psic\u00f3logos brasileiros. N\u00e3o exige postura espec\u00edfica, sil\u00eancio absoluto ou pr\u00e1tica avan\u00e7ada, apenas disposi\u00e7\u00e3o para pausar e observar o corpo por poucos instantes. Entre as vantagens pr\u00e1ticas est\u00e3o as que voc\u00ea v\u00ea a seguir.<\/p>\n\n\n\n<ul class=\"wp-block-list\">\n<li>Funciona mesmo em rotinas agitadas, pois exige apenas poucos minutos.<\/li>\n\n\n\n<li>Pode ser feito sentado na cama, sem acess\u00f3rios ou aplicativos.<\/li>\n\n\n\n<li>Ajuda a criar consist\u00eancia emocional ao longo das semanas.<\/li>\n<\/ul>\n\n\n\n<h2 class=\"wp-block-heading\">Como 7 minutos mudam o tom emocional de todo o dia?<\/h2>\n\n\n\n<p>Ao regular respira\u00e7\u00e3o e aten\u00e7\u00e3o logo cedo, o corpo entra em estado de <strong>clareza emocional<\/strong>, facilitando foco, organiza\u00e7\u00e3o mental e decis\u00f5es mais calmas. Essa pequena rotina evita que a manh\u00e3 comece em caos e cria espa\u00e7o para respostas mais equilibradas ao longo das horas.<\/p>\n\n\n\n<p>Transformar as primeiras horas \u00e9 transformar o dia. Sete minutos de presen\u00e7a e respira\u00e7\u00e3o podem marcar a diferen\u00e7a entre iniciar no piloto autom\u00e1tico ou come\u00e7ar com calma, foco e autonomia emocional, refor\u00e7ando que pequenas pr\u00e1ticas moldam grandes mudan\u00e7as internas.<\/p>\n","protected":false},"excerpt":{"rendered":"<p>Em um per\u00edodo em que a ansiedade matinal parece autom\u00e1tica, psic\u00f3logos explicam que um simples ritual de 7 minutos ao acordar pode reorganizar o sistema nervoso, reduzir tens\u00f5es acumuladas e trazer mais clareza emocional para o dia, ajudando quem desperta com a mente acelerada. Por que um ritual t\u00e3o curto pela manh\u00e3 reduz tanto a [&hellip;]<\/p>\n","protected":false},"author":13,"featured_media":139248,"comment_status":"open","ping_status":"open","sticky":false,"template":"","format":"standard","meta":{"jnews-multi-image_gallery":[],"jnews_single_post":{"format":"standard"},"jnews_primary_category":[],"jnews_social_meta":[],"jnews_override_counter":[],"footnotes":""},"categories":[9053],"tags":[4947,16167,7295],"class_list":["post-139213","post","type-post","status-publish","format-standard","has-post-thumbnail","hentry","category-saude","tag-ansiedade","tag-reduzir-ansiedade","tag-rotina-matinal"],"yoast_head":"<!-- This site is optimized with the Yoast SEO plugin v23.8 - https:\/\/yoast.com\/wordpress\/plugins\/seo\/ -->\n<title>O ritual matinal mais eficaz para acalmar a mente em apenas 7 minutos - Estado de Minas - Em foco<\/title>\n<meta name=\"description\" content=\"Psic\u00f3logos indicam ritual de 7 minutos que reduz ansiedade logo ao acordar. T\u00e9cnica simples que muda foco e energia do dia inteiro.\" \/>\n<meta name=\"robots\" content=\"index, follow, max-snippet:-1, max-image-preview:large, max-video-preview:-1\" \/>\n<link rel=\"canonical\" href=\"https:\/\/www.em.com.br\/emfoco\/2025\/12\/14\/o-ritual-matinal-mais-eficaz-para-acalmar-a-mente-em-apenas-7-minutos\/\" \/>\n<meta property=\"og:locale\" content=\"pt_BR\" \/>\n<meta property=\"og:type\" content=\"article\" \/>\n<meta property=\"og:title\" content=\"O ritual matinal mais eficaz para acalmar a mente em apenas 7 minutos - Estado de Minas - Em foco\" \/>\n<meta property=\"og:description\" content=\"Psic\u00f3logos indicam ritual de 7 minutos que reduz ansiedade logo ao acordar. T\u00e9cnica simples que muda foco e energia do dia inteiro.\" \/>\n<meta property=\"og:url\" content=\"https:\/\/www.em.com.br\/emfoco\/2025\/12\/14\/o-ritual-matinal-mais-eficaz-para-acalmar-a-mente-em-apenas-7-minutos\/\" \/>\n<meta property=\"og:site_name\" content=\"Estado de Minas - Em foco\" \/>\n<meta property=\"article:published_time\" content=\"2025-12-14T10:45:00+00:00\" \/>\n<meta property=\"article:modified_time\" content=\"2025-12-11T21:01:07+00:00\" \/>\n<meta property=\"og:image\" content=\"https:\/\/www.em.com.br\/emfoco\/wp-content\/uploads\/2025\/12\/IA-IMG-151.jpg\" \/>\n\t<meta property=\"og:image:width\" content=\"1280\" \/>\n\t<meta property=\"og:image:height\" content=\"720\" \/>\n\t<meta property=\"og:image:type\" content=\"image\/jpeg\" \/>\n<meta name=\"author\" content=\"Gabriel Martins\" \/>\n<meta name=\"twitter:card\" content=\"summary_large_image\" \/>\n<meta name=\"twitter:label1\" content=\"Escrito por\" \/>\n\t<meta name=\"twitter:data1\" content=\"Gabriel Martins\" \/>\n\t<meta name=\"twitter:label2\" content=\"Est. tempo de leitura\" \/>\n\t<meta name=\"twitter:data2\" content=\"4 minutos\" \/>\n<!-- \/ Yoast SEO plugin. -->","yoast_head_json":{"title":"O ritual matinal mais eficaz para acalmar a mente em apenas 7 minutos - Estado de Minas - Em foco","description":"Psic\u00f3logos indicam ritual de 7 minutos que reduz ansiedade logo ao acordar. T\u00e9cnica simples que muda foco e energia do dia inteiro.","robots":{"index":"index","follow":"follow","max-snippet":"max-snippet:-1","max-image-preview":"max-image-preview:large","max-video-preview":"max-video-preview:-1"},"canonical":"https:\/\/www.em.com.br\/emfoco\/2025\/12\/14\/o-ritual-matinal-mais-eficaz-para-acalmar-a-mente-em-apenas-7-minutos\/","og_locale":"pt_BR","og_type":"article","og_title":"O ritual matinal mais eficaz para acalmar a mente em apenas 7 minutos - Estado de Minas - Em foco","og_description":"Psic\u00f3logos indicam ritual de 7 minutos que reduz ansiedade logo ao acordar. T\u00e9cnica simples que muda foco e energia do dia inteiro.","og_url":"https:\/\/www.em.com.br\/emfoco\/2025\/12\/14\/o-ritual-matinal-mais-eficaz-para-acalmar-a-mente-em-apenas-7-minutos\/","og_site_name":"Estado de Minas - Em foco","article_published_time":"2025-12-14T10:45:00+00:00","article_modified_time":"2025-12-11T21:01:07+00:00","og_image":[{"width":1280,"height":720,"url":"https:\/\/www.em.com.br\/emfoco\/wp-content\/uploads\/2025\/12\/IA-IMG-151.jpg","type":"image\/jpeg"}],"author":"Gabriel Martins","twitter_card":"summary_large_image","twitter_misc":{"Escrito por":"Gabriel Martins","Est. tempo de leitura":"4 minutos"},"schema":{"@context":"https:\/\/schema.org","@graph":[{"@type":"WebPage","@id":"https:\/\/www.em.com.br\/emfoco\/2025\/12\/14\/o-ritual-matinal-mais-eficaz-para-acalmar-a-mente-em-apenas-7-minutos\/","url":"https:\/\/www.em.com.br\/emfoco\/2025\/12\/14\/o-ritual-matinal-mais-eficaz-para-acalmar-a-mente-em-apenas-7-minutos\/","name":"O ritual matinal mais eficaz para acalmar a mente em apenas 7 minutos - Estado de Minas - Em foco","isPartOf":{"@id":"https:\/\/www.em.com.br\/emfoco\/#website"},"primaryImageOfPage":{"@id":"https:\/\/www.em.com.br\/emfoco\/2025\/12\/14\/o-ritual-matinal-mais-eficaz-para-acalmar-a-mente-em-apenas-7-minutos\/#primaryimage"},"image":{"@id":"https:\/\/www.em.com.br\/emfoco\/2025\/12\/14\/o-ritual-matinal-mais-eficaz-para-acalmar-a-mente-em-apenas-7-minutos\/#primaryimage"},"thumbnailUrl":"https:\/\/www.em.com.br\/emfoco\/wp-content\/uploads\/2025\/12\/IA-IMG-151.jpg","datePublished":"2025-12-14T10:45:00+00:00","dateModified":"2025-12-11T21:01:07+00:00","author":{"@id":"https:\/\/www.em.com.br\/emfoco\/#\/schema\/person\/1c9ddeab18b98abeffef834667bcf08a"},"description":"Psic\u00f3logos indicam ritual de 7 minutos que reduz ansiedade logo ao acordar. T\u00e9cnica simples que muda foco e energia do dia inteiro.","breadcrumb":{"@id":"https:\/\/www.em.com.br\/emfoco\/2025\/12\/14\/o-ritual-matinal-mais-eficaz-para-acalmar-a-mente-em-apenas-7-minutos\/#breadcrumb"},"inLanguage":"pt-BR","potentialAction":[{"@type":"ReadAction","target":["https:\/\/www.em.com.br\/emfoco\/2025\/12\/14\/o-ritual-matinal-mais-eficaz-para-acalmar-a-mente-em-apenas-7-minutos\/"]}]},{"@type":"ImageObject","inLanguage":"pt-BR","@id":"https:\/\/www.em.com.br\/emfoco\/2025\/12\/14\/o-ritual-matinal-mais-eficaz-para-acalmar-a-mente-em-apenas-7-minutos\/#primaryimage","url":"https:\/\/www.em.com.br\/emfoco\/wp-content\/uploads\/2025\/12\/IA-IMG-151.jpg","contentUrl":"https:\/\/www.em.com.br\/emfoco\/wp-content\/uploads\/2025\/12\/IA-IMG-151.jpg","width":1280,"height":720,"caption":"Um ritual breve reorganiza emo\u00e7\u00f5es matinais e reduz a ansiedade autom\u00e1tica"},{"@type":"BreadcrumbList","@id":"https:\/\/www.em.com.br\/emfoco\/2025\/12\/14\/o-ritual-matinal-mais-eficaz-para-acalmar-a-mente-em-apenas-7-minutos\/#breadcrumb","itemListElement":[{"@type":"ListItem","position":1,"name":"In\u00edcio","item":"https:\/\/www.em.com.br\/emfoco\/"},{"@type":"ListItem","position":2,"name":"O ritual matinal mais eficaz para acalmar a mente em apenas 7 minutos"}]},{"@type":"WebSite","@id":"https:\/\/www.em.com.br\/emfoco\/#website","url":"https:\/\/www.em.com.br\/emfoco\/","name":"Estado de Minas - Em foco","description":"Acompanhe as \u00faltimas not\u00edcias e fique bem informado sobre tudo o que acontece em Minas Gerais, Brasil e no mundo.","potentialAction":[{"@type":"SearchAction","target":{"@type":"EntryPoint","urlTemplate":"https:\/\/www.em.com.br\/emfoco\/?s={search_term_string}"},"query-input":{"@type":"PropertyValueSpecification","valueRequired":true,"valueName":"search_term_string"}}],"inLanguage":"pt-BR"},{"@type":"Person","@id":"https:\/\/www.em.com.br\/emfoco\/#\/schema\/person\/1c9ddeab18b98abeffef834667bcf08a","name":"Gabriel Martins","image":{"@type":"ImageObject","inLanguage":"pt-BR","@id":"https:\/\/www.em.com.br\/emfoco\/#\/schema\/person\/image\/","url":"https:\/\/secure.gravatar.com\/avatar\/f0f1e2efdfd88f1ad2cb08c5c2731e50?s=96&d=mm&r=g","contentUrl":"https:\/\/secure.gravatar.com\/avatar\/f0f1e2efdfd88f1ad2cb08c5c2731e50?s=96&d=mm&r=g","caption":"Gabriel Martins"},"sameAs":["https:\/\/www.em.com.br\/emfoco\/"],"url":"https:\/\/www.em.com.br\/emfoco\/author\/gabrielmartinsmyth\/"}]}},"_links":{"self":[{"href":"https:\/\/www.em.com.br\/emfoco\/wp-json\/wp\/v2\/posts\/139213","targetHints":{"allow":["GET"]}}],"collection":[{"href":"https:\/\/www.em.com.br\/emfoco\/wp-json\/wp\/v2\/posts"}],"about":[{"href":"https:\/\/www.em.com.br\/emfoco\/wp-json\/wp\/v2\/types\/post"}],"author":[{"embeddable":true,"href":"https:\/\/www.em.com.br\/emfoco\/wp-json\/wp\/v2\/users\/13"}],"replies":[{"embeddable":true,"href":"https:\/\/www.em.com.br\/emfoco\/wp-json\/wp\/v2\/comments?post=139213"}],"version-history":[{"count":1,"href":"https:\/\/www.em.com.br\/emfoco\/wp-json\/wp\/v2\/posts\/139213\/revisions"}],"predecessor-version":[{"id":139251,"href":"https:\/\/www.em.com.br\/emfoco\/wp-json\/wp\/v2\/posts\/139213\/revisions\/139251"}],"wp:featuredmedia":[{"embeddable":true,"href":"https:\/\/www.em.com.br\/emfoco\/wp-json\/wp\/v2\/media\/139248"}],"wp:attachment":[{"href":"https:\/\/www.em.com.br\/emfoco\/wp-json\/wp\/v2\/media?parent=139213"}],"wp:term":[{"taxonomy":"category","embeddable":true,"href":"https:\/\/www.em.com.br\/emfoco\/wp-json\/wp\/v2\/categories?post=139213"},{"taxonomy":"post_tag","embeddable":true,"href":"https:\/\/www.em.com.br\/emfoco\/wp-json\/wp\/v2\/tags?post=139213"}],"curies":[{"name":"wp","href":"https:\/\/api.w.org\/{rel}","templated":true}]}}