{"id":138983,"date":"2025-12-14T14:05:00","date_gmt":"2025-12-14T17:05:00","guid":{"rendered":"https:\/\/www.em.com.br\/emfoco\/?p=138983"},"modified":"2025-12-12T01:38:05","modified_gmt":"2025-12-12T04:38:05","slug":"meu-arroz-vivia-empapado-ate-aprender-esse-truque-que-resolveu-tudo","status":"publish","type":"post","link":"https:\/\/www.em.com.br\/emfoco\/2025\/12\/14\/meu-arroz-vivia-empapado-ate-aprender-esse-truque-que-resolveu-tudo\/","title":{"rendered":"Meu arroz vivia empapado at\u00e9 aprender esse truque que resolveu tudo"},"content":{"rendered":"\n<p>Muita gente tenta diferentes m\u00e9todos para deixar o arroz perfeito, mas ele insiste em ficar \u00famido ou empapado. A boa not\u00edcia \u00e9 que existe um <strong>truque simples<\/strong> que funciona sempre: um \u00fanico passo capaz de garantir gr\u00e3os soltos, leves e separados em qualquer panela ou fog\u00e3o.<\/p>\n\n\n\n<h2 class=\"wp-block-heading\">Por que selar os gr\u00e3os \u00e9 o segredo do arroz soltinho?<\/h2>\n\n\n\n<p>O truque funciona porque o arroz \u00e9 <strong>refogado antes da \u00e1gua<\/strong>, selando cada gr\u00e3o com uma fina camada de gordura. Essa pel\u00edcula impede que o amido se solte em excesso, evitando que o arroz empape e garantindo uma textura leve e firme ap\u00f3s o cozimento.<\/p>\n\n\n\n<p>Quando o arroz entra em contato com o \u00f3leo quente por cerca de um minuto, os gr\u00e3os absorvem apenas o necess\u00e1rio para criar prote\u00e7\u00e3o. O resultado \u00e9 um arroz com <strong>gr\u00e3os separados<\/strong>, sem grudar e com apar\u00eancia brilhante, funcionando para branco, parboilizado e agulhinha.<\/p>\n\n\n\n<figure class=\"wp-block-image size-large\"><img loading=\"lazy\" decoding=\"async\" width=\"1024\" height=\"576\" src=\"https:\/\/www.em.com.br\/emfoco\/wp-content\/uploads\/2025\/12\/IA-IMG-4-21-1024x576.jpg\" alt=\"Meu arroz vivia empapado at\u00e9 aprender esse truque que resolveu tudo\" class=\"wp-image-138989\" srcset=\"https:\/\/www.em.com.br\/emfoco\/wp-content\/uploads\/2025\/12\/IA-IMG-4-21-1024x576.jpg 1024w, https:\/\/www.em.com.br\/emfoco\/wp-content\/uploads\/2025\/12\/IA-IMG-4-21-300x169.jpg 300w, https:\/\/www.em.com.br\/emfoco\/wp-content\/uploads\/2025\/12\/IA-IMG-4-21-768x432.jpg 768w, https:\/\/www.em.com.br\/emfoco\/wp-content\/uploads\/2025\/12\/IA-IMG-4-21-750x422.jpg 750w, https:\/\/www.em.com.br\/emfoco\/wp-content\/uploads\/2025\/12\/IA-IMG-4-21-1140x641.jpg 1140w, https:\/\/www.em.com.br\/emfoco\/wp-content\/uploads\/2025\/12\/IA-IMG-4-21.jpg 1280w\" sizes=\"auto, (max-width: 1024px) 100vw, 1024px\" \/><figcaption class=\"wp-element-caption\">O selamento reduz libera\u00e7\u00e3o de amido e impede que os gr\u00e3os grudem<\/figcaption><\/figure>\n\n\n\n<h2 class=\"wp-block-heading\">Como esse processo funciona na pr\u00e1tica durante o preparo?<\/h2>\n\n\n\n<p>Ao selar o arroz, a gordura quente reduz a fric\u00e7\u00e3o entre os gr\u00e3os e estabiliza o amido interno. Isso faz com que eles permane\u00e7am firmes mesmo ap\u00f3s a adi\u00e7\u00e3o da \u00e1gua. Entre os detalhes essenciais para acertar essa etapa est\u00e3o os pontos a seguir.<\/p>\n\n\n\n<ul class=\"wp-block-list\">\n<li><strong>Refogar por um minuto:<\/strong> mexa constantemente at\u00e9 envolver todos os gr\u00e3os.<\/li>\n\n\n\n<li><strong>Calor m\u00e9dio:<\/strong> evita que o arroz torre e garante selamento uniforme.<\/li>\n\n\n\n<li><strong>Gordura suficiente:<\/strong> o bastante para deixar os gr\u00e3os brilhantes, n\u00e3o encharcados.<\/li>\n<\/ul>\n\n\n\n<p><em>Leia mais: <strong><a href=\"https:\/\/www.em.com.br\/emfoco\/2025\/11\/27\/aqui-estao-3-receitas-de-suco-verde-para-adicionar-a-sua-dieta-e-perder-peso-facilmente\/\" target=\"_blank\" rel=\"noreferrer noopener\">Aqui est\u00e3o 3 receitas de suco verde para adicionar \u00e0 sua dieta e perder peso facilmente<\/a><\/strong><\/em><\/p>\n\n\n\n<h2 class=\"wp-block-heading\">Qual a quantidade certa de \u00e1gua e por que n\u00e3o se deve mexer?<\/h2>\n\n\n\n<p>Depois de selar, basta acrescentar o dobro de \u00e1gua para cada parte de arroz. A propor\u00e7\u00e3o de <strong>2 para 1<\/strong> garante cozimento uniforme sem excesso de umidade. Mexer ap\u00f3s essa etapa quebra os gr\u00e3os, libera mais amido e aumenta o risco de empapar.<\/p>\n\n\n\n<p>Com a \u00e1gua adicionada, o ideal \u00e9 manter a panela tampada no fogo baixo at\u00e9 secar. O vapor finaliza o cozimento e deixa o <strong>arroz aerado<\/strong>. Mexer novamente s\u00f3 deve acontecer depois de completamente pronto, apenas soltando com um garfo.<\/p>\n\n\n\n<p>Separamos para voc\u00ea um v\u00eddeo do canal <strong><a href=\"https:\/\/www.tiktok.com\/@raysscalazans\" target=\"_blank\" rel=\"noreferrer noopener\"><strong>raysscalazans<\/strong><\/a><\/strong> onde ela ensina passo a passo como fazer o melhor arroz soltinho para arrasar no almo\u00e7o.<\/p>\n\n\n\n<blockquote class=\"tiktok-embed\" cite=\"https:\/\/www.tiktok.com\/@raysscalazans\/video\/7277312934043389190\" data-video-id=\"7277312934043389190\" style=\"max-width: 605px;min-width: 325px;\" > <section> <a target=\"_blank\" title=\"@raysscalazans\" href=\"https:\/\/www.tiktok.com\/@raysscalazans?refer=embed\">@raysscalazans<\/a> Respondendo a @suzanagontijo373 Arroz soltinho <a title=\"receitafacil\" target=\"_blank\" href=\"https:\/\/www.tiktok.com\/tag\/receitafacil?refer=embed\">#receitafacil<\/a> <a title=\"receitas\" target=\"_blank\" href=\"https:\/\/www.tiktok.com\/tag\/receitas?refer=embed\">#receitas<\/a> <a title=\"arroz\" target=\"_blank\" href=\"https:\/\/www.tiktok.com\/tag\/arroz?refer=embed\">#arroz<\/a> <a target=\"_blank\" title=\"\u266c som original - Rayssa Calazans\" href=\"https:\/\/www.tiktok.com\/music\/som-original-7277312978304551686?refer=embed\">\u266c som original &#8211; Rayssa Calazans<\/a> <\/section> <\/blockquote> <script async src=\"https:\/\/www.tiktok.com\/embed.js\"><\/script>\n\n\n\n<h2 class=\"wp-block-heading\">Quais cuidados extras garantem um resultado ainda melhor?<\/h2>\n\n\n\n<p>Existem h\u00e1bitos simples que potencializam o resultado sem competir com o truque principal, refor\u00e7ando a textura leve e o sabor do arroz soltinho. Entre eles, est\u00e3o pr\u00e1ticas complementares f\u00e1ceis de aplicar no dia a dia.<\/p>\n\n\n\n<ul class=\"wp-block-list\">\n<li><strong>Acertar o sal no refogado:<\/strong> distribui melhor o tempero entre os gr\u00e3os.<\/li>\n\n\n\n<li><strong>Deixar descansar 2 minutos:<\/strong> o vapor estabiliza a textura final.<\/li>\n\n\n\n<li><strong>Evitar lavar o arroz:<\/strong> isso adiciona umidade e favorece o empapado.<\/li>\n<\/ul>\n\n\n\n<h2 class=\"wp-block-heading\">Por que esse m\u00e9todo funciona melhor do que outras t\u00e9cnicas comuns?<\/h2>\n\n\n\n<p>Muitos acreditam que lavar o arroz ou mexer durante o cozimento deixa o resultado melhor, mas isso s\u00f3 aumenta a umidade e prejudica a estrutura dos gr\u00e3os. O selamento resolve exatamente esse problema, criando um <strong>arroz firme<\/strong> sem esfor\u00e7o.<\/p>\n\n\n\n<p>No fim, n\u00e3o \u00e9 preciso complicar nem adicionar ingredientes extras. Bastam 10 segundos de aten\u00e7\u00e3o e um minuto de selagem para transformar completamente a receita. Esse truque simples garante um <strong>arroz soltinho<\/strong>, leve e perfeito todos os dias.<\/p>\n","protected":false},"excerpt":{"rendered":"<p>Muita gente tenta diferentes m\u00e9todos para deixar o arroz perfeito, mas ele insiste em ficar \u00famido ou empapado. A boa not\u00edcia \u00e9 que existe um truque simples que funciona sempre: um \u00fanico passo capaz de garantir gr\u00e3os soltos, leves e separados em qualquer panela ou fog\u00e3o. Por que selar os gr\u00e3os \u00e9 o segredo do [&hellip;]<\/p>\n","protected":false},"author":13,"featured_media":138987,"comment_status":"open","ping_status":"open","sticky":false,"template":"","format":"standard","meta":{"jnews-multi-image_gallery":[],"jnews_single_post":{"format":"standard"},"jnews_primary_category":[],"jnews_social_meta":[],"jnews_override_counter":[],"footnotes":""},"categories":[8819],"tags":[17715,20489,20488],"class_list":["post-138983","post","type-post","status-publish","format-standard","has-post-thumbnail","hentry","category-curiosidades","tag-arroz-soltinho","tag-como-fazer-arroz","tag-dicas-de-culiaria"],"yoast_head":"<!-- This site is optimized with the Yoast SEO plugin v23.8 - https:\/\/yoast.com\/wordpress\/plugins\/seo\/ -->\n<title>Meu arroz vivia empapado at\u00e9 aprender esse truque que resolveu tudo - Estado de Minas - Em foco<\/title>\n<meta name=\"description\" content=\"Cozinhe arroz perfeito sem mist\u00e9rio. Aprenda como refogar corretamente e usar a \u00e1gua certa para nunca mais errar na textura.\" \/>\n<meta name=\"robots\" content=\"index, follow, max-snippet:-1, max-image-preview:large, max-video-preview:-1\" \/>\n<link rel=\"canonical\" href=\"https:\/\/www.em.com.br\/emfoco\/2025\/12\/14\/meu-arroz-vivia-empapado-ate-aprender-esse-truque-que-resolveu-tudo\/\" \/>\n<meta property=\"og:locale\" content=\"pt_BR\" \/>\n<meta property=\"og:type\" content=\"article\" \/>\n<meta property=\"og:title\" content=\"Meu arroz vivia empapado at\u00e9 aprender esse truque que resolveu tudo - Estado de Minas - Em foco\" \/>\n<meta property=\"og:description\" content=\"Cozinhe arroz perfeito sem mist\u00e9rio. Aprenda como refogar corretamente e usar a \u00e1gua certa para nunca mais errar na textura.\" \/>\n<meta property=\"og:url\" content=\"https:\/\/www.em.com.br\/emfoco\/2025\/12\/14\/meu-arroz-vivia-empapado-ate-aprender-esse-truque-que-resolveu-tudo\/\" \/>\n<meta property=\"og:site_name\" content=\"Estado de Minas - Em foco\" \/>\n<meta property=\"article:published_time\" content=\"2025-12-14T17:05:00+00:00\" \/>\n<meta property=\"article:modified_time\" content=\"2025-12-12T04:38:05+00:00\" \/>\n<meta property=\"og:image\" content=\"https:\/\/www.em.com.br\/emfoco\/wp-content\/uploads\/2025\/12\/IA-IMG-3-36.jpg\" \/>\n\t<meta property=\"og:image:width\" content=\"1280\" \/>\n\t<meta property=\"og:image:height\" content=\"720\" \/>\n\t<meta property=\"og:image:type\" content=\"image\/jpeg\" \/>\n<meta name=\"author\" content=\"Gabriel Martins\" \/>\n<meta name=\"twitter:card\" content=\"summary_large_image\" \/>\n<meta name=\"twitter:label1\" content=\"Escrito por\" \/>\n\t<meta name=\"twitter:data1\" content=\"Gabriel Martins\" \/>\n\t<meta name=\"twitter:label2\" content=\"Est. tempo de leitura\" \/>\n\t<meta name=\"twitter:data2\" content=\"4 minutos\" \/>\n<!-- \/ Yoast SEO plugin. -->","yoast_head_json":{"title":"Meu arroz vivia empapado at\u00e9 aprender esse truque que resolveu tudo - Estado de Minas - Em foco","description":"Cozinhe arroz perfeito sem mist\u00e9rio. Aprenda como refogar corretamente e usar a \u00e1gua certa para nunca mais errar na textura.","robots":{"index":"index","follow":"follow","max-snippet":"max-snippet:-1","max-image-preview":"max-image-preview:large","max-video-preview":"max-video-preview:-1"},"canonical":"https:\/\/www.em.com.br\/emfoco\/2025\/12\/14\/meu-arroz-vivia-empapado-ate-aprender-esse-truque-que-resolveu-tudo\/","og_locale":"pt_BR","og_type":"article","og_title":"Meu arroz vivia empapado at\u00e9 aprender esse truque que resolveu tudo - Estado de Minas - Em foco","og_description":"Cozinhe arroz perfeito sem mist\u00e9rio. Aprenda como refogar corretamente e usar a \u00e1gua certa para nunca mais errar na textura.","og_url":"https:\/\/www.em.com.br\/emfoco\/2025\/12\/14\/meu-arroz-vivia-empapado-ate-aprender-esse-truque-que-resolveu-tudo\/","og_site_name":"Estado de Minas - Em foco","article_published_time":"2025-12-14T17:05:00+00:00","article_modified_time":"2025-12-12T04:38:05+00:00","og_image":[{"width":1280,"height":720,"url":"https:\/\/www.em.com.br\/emfoco\/wp-content\/uploads\/2025\/12\/IA-IMG-3-36.jpg","type":"image\/jpeg"}],"author":"Gabriel Martins","twitter_card":"summary_large_image","twitter_misc":{"Escrito por":"Gabriel Martins","Est. tempo de leitura":"4 minutos"},"schema":{"@context":"https:\/\/schema.org","@graph":[{"@type":"WebPage","@id":"https:\/\/www.em.com.br\/emfoco\/2025\/12\/14\/meu-arroz-vivia-empapado-ate-aprender-esse-truque-que-resolveu-tudo\/","url":"https:\/\/www.em.com.br\/emfoco\/2025\/12\/14\/meu-arroz-vivia-empapado-ate-aprender-esse-truque-que-resolveu-tudo\/","name":"Meu arroz vivia empapado at\u00e9 aprender esse truque que resolveu tudo - Estado de Minas - Em foco","isPartOf":{"@id":"https:\/\/www.em.com.br\/emfoco\/#website"},"primaryImageOfPage":{"@id":"https:\/\/www.em.com.br\/emfoco\/2025\/12\/14\/meu-arroz-vivia-empapado-ate-aprender-esse-truque-que-resolveu-tudo\/#primaryimage"},"image":{"@id":"https:\/\/www.em.com.br\/emfoco\/2025\/12\/14\/meu-arroz-vivia-empapado-ate-aprender-esse-truque-que-resolveu-tudo\/#primaryimage"},"thumbnailUrl":"https:\/\/www.em.com.br\/emfoco\/wp-content\/uploads\/2025\/12\/IA-IMG-3-36.jpg","datePublished":"2025-12-14T17:05:00+00:00","dateModified":"2025-12-12T04:38:05+00:00","author":{"@id":"https:\/\/www.em.com.br\/emfoco\/#\/schema\/person\/1c9ddeab18b98abeffef834667bcf08a"},"description":"Cozinhe arroz perfeito sem mist\u00e9rio. Aprenda como refogar corretamente e usar a \u00e1gua certa para nunca mais errar na textura.","breadcrumb":{"@id":"https:\/\/www.em.com.br\/emfoco\/2025\/12\/14\/meu-arroz-vivia-empapado-ate-aprender-esse-truque-que-resolveu-tudo\/#breadcrumb"},"inLanguage":"pt-BR","potentialAction":[{"@type":"ReadAction","target":["https:\/\/www.em.com.br\/emfoco\/2025\/12\/14\/meu-arroz-vivia-empapado-ate-aprender-esse-truque-que-resolveu-tudo\/"]}]},{"@type":"ImageObject","inLanguage":"pt-BR","@id":"https:\/\/www.em.com.br\/emfoco\/2025\/12\/14\/meu-arroz-vivia-empapado-ate-aprender-esse-truque-que-resolveu-tudo\/#primaryimage","url":"https:\/\/www.em.com.br\/emfoco\/wp-content\/uploads\/2025\/12\/IA-IMG-3-36.jpg","contentUrl":"https:\/\/www.em.com.br\/emfoco\/wp-content\/uploads\/2025\/12\/IA-IMG-3-36.jpg","width":1280,"height":720,"caption":"Selar os gr\u00e3os no \u00f3leo garante arroz soltinho, firme e separado"},{"@type":"BreadcrumbList","@id":"https:\/\/www.em.com.br\/emfoco\/2025\/12\/14\/meu-arroz-vivia-empapado-ate-aprender-esse-truque-que-resolveu-tudo\/#breadcrumb","itemListElement":[{"@type":"ListItem","position":1,"name":"In\u00edcio","item":"https:\/\/www.em.com.br\/emfoco\/"},{"@type":"ListItem","position":2,"name":"Meu arroz vivia empapado at\u00e9 aprender esse truque que resolveu tudo"}]},{"@type":"WebSite","@id":"https:\/\/www.em.com.br\/emfoco\/#website","url":"https:\/\/www.em.com.br\/emfoco\/","name":"Estado de Minas - Em foco","description":"Acompanhe as \u00faltimas not\u00edcias e fique bem informado sobre tudo o que acontece em Minas Gerais, Brasil e no mundo.","potentialAction":[{"@type":"SearchAction","target":{"@type":"EntryPoint","urlTemplate":"https:\/\/www.em.com.br\/emfoco\/?s={search_term_string}"},"query-input":{"@type":"PropertyValueSpecification","valueRequired":true,"valueName":"search_term_string"}}],"inLanguage":"pt-BR"},{"@type":"Person","@id":"https:\/\/www.em.com.br\/emfoco\/#\/schema\/person\/1c9ddeab18b98abeffef834667bcf08a","name":"Gabriel Martins","image":{"@type":"ImageObject","inLanguage":"pt-BR","@id":"https:\/\/www.em.com.br\/emfoco\/#\/schema\/person\/image\/","url":"https:\/\/secure.gravatar.com\/avatar\/f0f1e2efdfd88f1ad2cb08c5c2731e50?s=96&d=mm&r=g","contentUrl":"https:\/\/secure.gravatar.com\/avatar\/f0f1e2efdfd88f1ad2cb08c5c2731e50?s=96&d=mm&r=g","caption":"Gabriel Martins"},"sameAs":["https:\/\/www.em.com.br\/emfoco\/"],"url":"https:\/\/www.em.com.br\/emfoco\/author\/gabrielmartinsmyth\/"}]}},"_links":{"self":[{"href":"https:\/\/www.em.com.br\/emfoco\/wp-json\/wp\/v2\/posts\/138983","targetHints":{"allow":["GET"]}}],"collection":[{"href":"https:\/\/www.em.com.br\/emfoco\/wp-json\/wp\/v2\/posts"}],"about":[{"href":"https:\/\/www.em.com.br\/emfoco\/wp-json\/wp\/v2\/types\/post"}],"author":[{"embeddable":true,"href":"https:\/\/www.em.com.br\/emfoco\/wp-json\/wp\/v2\/users\/13"}],"replies":[{"embeddable":true,"href":"https:\/\/www.em.com.br\/emfoco\/wp-json\/wp\/v2\/comments?post=138983"}],"version-history":[{"count":2,"href":"https:\/\/www.em.com.br\/emfoco\/wp-json\/wp\/v2\/posts\/138983\/revisions"}],"predecessor-version":[{"id":139510,"href":"https:\/\/www.em.com.br\/emfoco\/wp-json\/wp\/v2\/posts\/138983\/revisions\/139510"}],"wp:featuredmedia":[{"embeddable":true,"href":"https:\/\/www.em.com.br\/emfoco\/wp-json\/wp\/v2\/media\/138987"}],"wp:attachment":[{"href":"https:\/\/www.em.com.br\/emfoco\/wp-json\/wp\/v2\/media?parent=138983"}],"wp:term":[{"taxonomy":"category","embeddable":true,"href":"https:\/\/www.em.com.br\/emfoco\/wp-json\/wp\/v2\/categories?post=138983"},{"taxonomy":"post_tag","embeddable":true,"href":"https:\/\/www.em.com.br\/emfoco\/wp-json\/wp\/v2\/tags?post=138983"}],"curies":[{"name":"wp","href":"https:\/\/api.w.org\/{rel}","templated":true}]}}