{"id":13894,"date":"2025-01-28T06:20:00","date_gmt":"2025-01-28T09:20:00","guid":{"rendered":"https:\/\/www.em.com.br\/emfoco\/?p=13894"},"modified":"2025-01-27T09:31:59","modified_gmt":"2025-01-27T12:31:59","slug":"chuva-sol-ou-temporal-descubra-o-que-o-ceu-reserva-para-belo-horizonte","status":"publish","type":"post","link":"https:\/\/www.em.com.br\/emfoco\/2025\/01\/28\/chuva-sol-ou-temporal-descubra-o-que-o-ceu-reserva-para-belo-horizonte\/","title":{"rendered":"Chuva, sol ou temporal? Saiba o que o c\u00e9u reserva para Belo Horizonte"},"content":{"rendered":"\n<p>No dia 28 de janeiro de 2025, <a href=\"https:\/\/pt.wikipedia.org\/wiki\/Belo_Horizonte\" target=\"_blank\" rel=\"noreferrer noopener\">Belo Horizonte<\/a>, a capital de Minas Gerais, apresenta condi\u00e7\u00f5es <a href=\"https:\/\/www.em.com.br\/emfoco\/2025\/01\/23\/inteligencia-artificial-e-mudancas-climaticas-uma-nova-ferramenta-de-previsao\/\" target=\"_blank\" rel=\"noreferrer noopener\">clim\u00e1ticas <\/a>de interesse para os moradores e visitantes. A cidade, conhecida por sua diversidade clim\u00e1tica ao longo do ano, continua a surpreender com sua variabilidade no m\u00eas de janeiro.<\/p>\n\n\n\n<p>A capital mineira \u00e9 famosa por seu clima tropical de altitude, o que acentua varia\u00e7\u00f5es de temperatura e incid\u00eancia de chuvas durante o ver\u00e3o. Geralmente, janeiro \u00e9 um m\u00eas caracterizado por altas temperaturas e precipita\u00e7\u00f5es significativas.<\/p>\n\n\n<div class=\"wp-block-image\">\n<figure class=\"aligncenter size-large\"><img loading=\"lazy\" decoding=\"async\" width=\"1024\" height=\"576\" src=\"https:\/\/www.em.com.br\/emfoco\/wp-content\/uploads\/2024\/12\/Belo-Horizonte_1733787303703-1024x576.jpg\" alt=\"\" class=\"wp-image-4030\" srcset=\"https:\/\/www.em.com.br\/emfoco\/wp-content\/uploads\/2024\/12\/Belo-Horizonte_1733787303703-1024x576.jpg 1024w, https:\/\/www.em.com.br\/emfoco\/wp-content\/uploads\/2024\/12\/Belo-Horizonte_1733787303703-300x169.jpg 300w, https:\/\/www.em.com.br\/emfoco\/wp-content\/uploads\/2024\/12\/Belo-Horizonte_1733787303703-768x432.jpg 768w, https:\/\/www.em.com.br\/emfoco\/wp-content\/uploads\/2024\/12\/Belo-Horizonte_1733787303703-750x422.jpg 750w, https:\/\/www.em.com.br\/emfoco\/wp-content\/uploads\/2024\/12\/Belo-Horizonte_1733787303703-1140x641.jpg 1140w, https:\/\/www.em.com.br\/emfoco\/wp-content\/uploads\/2024\/12\/Belo-Horizonte_1733787303703.jpg 1280w\" sizes=\"auto, (max-width: 1024px) 100vw, 1024px\" \/><figcaption class=\"wp-element-caption\">Clima quente BH &#8211; Cr\u00e9ditos: depositphotos.com \/ paulobaqueta<\/figcaption><\/figure><\/div>\n\n\n<h2 class=\"wp-block-heading\">Como estar\u00e1 a temperatura em Belo Horizonte?<\/h2>\n\n\n\n<p>Para esta data espec\u00edfica, a temperatura na cidade de Belo Horizonte deve se manter em padr\u00f5es t\u00edpicos para a esta\u00e7\u00e3o. Espera-se que a temperatura m\u00e1xima atinja cerca de <strong>30\u00b0C<\/strong>, enquanto a m\u00ednima pode n\u00e3o ser inferior a <strong>20\u00b0C<\/strong>. Tal amplitude t\u00e9rmica \u00e9 comum, considerando o clima da regi\u00e3o.<\/p>\n\n\n\n<p>As altas temperaturas no ver\u00e3o em Belo Horizonte s\u00e3o frequentemente acompanhadas por um aumento na umidade relativa do ar. A sensa\u00e7\u00e3o t\u00e9rmica, portanto, pode ser ainda mais elevada, refor\u00e7ando a percep\u00e7\u00e3o de calor sentida pela popula\u00e7\u00e3o.<\/p>\n\n\n\n<h2 class=\"wp-block-heading\">Haver\u00e1 chuvas em Belo Horizonte no dia 28 de janeiro?<\/h2>\n\n\n\n<p>Outro aspecto importante do clima em Belo Horizonte \u00e9 a possibilidade de chuva. Para o dia 28 de janeiro de 2025, a previs\u00e3o sinaliza uma <strong>alta probabilidade de precipita\u00e7\u00f5es<\/strong>, em especial no per\u00edodo da tarde e noite. O fen\u00f4meno das pancadas de ver\u00e3o \u00e9 usual no centro-sul do Brasil, impulsionado por sistemas de baixa press\u00e3o.<\/p>\n\n\n\n<ul class=\"wp-block-list\">\n<li>Manh\u00e3: C\u00e9u parcialmente nublado, com poucas chances de chuvas.<\/li>\n\n\n\n<li>Tarde: Aumento na forma\u00e7\u00e3o de nuvens, com pancadas isoladas de chuva.<\/li>\n\n\n\n<li>Noite: Possibilidade de trovoadas e chuvas mais intensas.<\/li>\n<\/ul>\n\n\n\n<h2 class=\"wp-block-heading\">Como se preparar para o clima em Belo Horizonte?<\/h2>\n\n\n\n<p>Profissionais de meteorologia recomendam algumas precau\u00e7\u00f5es para lidar com o clima em Belo Horizonte durante este per\u00edodo. S\u00e3o dicas \u00fateis para garantir o bem-estar e a c\u00f3pia aos par\u00e2metros clim\u00e1ticos:<\/p>\n\n\n\n<ol class=\"wp-block-list\">\n<li><strong>Utilize roupas leves:<\/strong> Devido ao calor, priorize vestu\u00e1rio leve e tecidos que facilitem a respira\u00e7\u00e3o da pele.<\/li>\n\n\n\n<li><strong>Mantenha-se hidratado:<\/strong> Com o calor e a umidade elevada, \u00e9 essencial beber \u00e1gua regularmente para evitar desidrata\u00e7\u00e3o.<\/li>\n\n\n\n<li><strong>Proteja-se das chuvas:<\/strong> Carregar um guarda-chuva ou capa de chuva pode ser pr\u00e1tico, considerando as previs\u00f5es de pancadas.<\/li>\n<\/ol>\n\n\n\n<p>A cidade, com suas estradas onduladas e rica cultura, permanece vibrante, independentemente do clima. Conhecer a previs\u00e3o do tempo \u00e9 essencial para planejar as atividades di\u00e1rias, trabalhando junto \u00e0 natureza e aproveitando o que Belo Horizonte tem a oferecer.<\/p>\n","protected":false},"excerpt":{"rendered":"<p>No dia 28 de janeiro de 2025, Belo Horizonte, a capital de Minas Gerais, apresenta condi\u00e7\u00f5es clim\u00e1ticas de interesse para os moradores e visitantes. A cidade, conhecida por sua diversidade clim\u00e1tica ao longo do ano, continua a surpreender com sua variabilidade no m\u00eas de janeiro. A capital mineira \u00e9 famosa por seu clima tropical de [&hellip;]<\/p>\n","protected":false},"author":7,"featured_media":4029,"comment_status":"open","ping_status":"open","sticky":false,"template":"","format":"standard","meta":{"jnews-multi-image_gallery":[],"jnews_single_post":{"format":"standard"},"jnews_primary_category":[],"jnews_social_meta":[],"jnews_override_counter":[],"footnotes":""},"categories":[30],"tags":[154,152,251],"class_list":["post-13894","post","type-post","status-publish","format-standard","has-post-thumbnail","hentry","category-clima","tag-belo-horizonte","tag-clima","tag-previsao-do-tempo"],"yoast_head":"<!-- This site is optimized with the Yoast SEO plugin v23.8 - https:\/\/yoast.com\/wordpress\/plugins\/seo\/ -->\n<title>Chuva, sol ou temporal? Saiba o que o c\u00e9u reserva para Belo Horizonte - Estado de Minas - Em foco<\/title>\n<meta name=\"description\" content=\"Conhe\u00e7a a previs\u00e3o do tempo para Belo Horizonte em 28\/01\/2025 e dicas para se preparar para o clima da cidade neste dia.\" \/>\n<meta name=\"robots\" content=\"index, follow, max-snippet:-1, max-image-preview:large, max-video-preview:-1\" \/>\n<link rel=\"canonical\" href=\"https:\/\/www.em.com.br\/emfoco\/2025\/01\/28\/chuva-sol-ou-temporal-descubra-o-que-o-ceu-reserva-para-belo-horizonte\/\" \/>\n<meta property=\"og:locale\" content=\"pt_BR\" \/>\n<meta property=\"og:type\" content=\"article\" \/>\n<meta property=\"og:title\" content=\"Chuva, sol ou temporal? Saiba o que o c\u00e9u reserva para Belo Horizonte - Estado de Minas - Em foco\" \/>\n<meta property=\"og:description\" content=\"Conhe\u00e7a a previs\u00e3o do tempo para Belo Horizonte em 28\/01\/2025 e dicas para se preparar para o clima da cidade neste dia.\" \/>\n<meta property=\"og:url\" content=\"https:\/\/www.em.com.br\/emfoco\/2025\/01\/28\/chuva-sol-ou-temporal-descubra-o-que-o-ceu-reserva-para-belo-horizonte\/\" \/>\n<meta property=\"og:site_name\" content=\"Estado de Minas - Em foco\" \/>\n<meta property=\"article:published_time\" content=\"2025-01-28T09:20:00+00:00\" \/>\n<meta property=\"article:modified_time\" content=\"2025-01-27T12:31:59+00:00\" \/>\n<meta property=\"og:image\" content=\"https:\/\/www.em.com.br\/emfoco\/wp-content\/uploads\/2024\/12\/Belo-Horizonte_1733787186117.jpg\" \/>\n\t<meta property=\"og:image:width\" content=\"1280\" \/>\n\t<meta property=\"og:image:height\" content=\"720\" \/>\n\t<meta property=\"og:image:type\" content=\"image\/jpeg\" \/>\n<meta name=\"author\" content=\"Kelvin\" \/>\n<meta name=\"twitter:card\" content=\"summary_large_image\" \/>\n<meta name=\"twitter:label1\" content=\"Escrito por\" \/>\n\t<meta name=\"twitter:data1\" content=\"Kelvin\" \/>\n\t<meta name=\"twitter:label2\" content=\"Est. tempo de leitura\" \/>\n\t<meta name=\"twitter:data2\" content=\"3 minutos\" \/>\n<!-- \/ Yoast SEO plugin. -->","yoast_head_json":{"title":"Chuva, sol ou temporal? Saiba o que o c\u00e9u reserva para Belo Horizonte - Estado de Minas - Em foco","description":"Conhe\u00e7a a previs\u00e3o do tempo para Belo Horizonte em 28\/01\/2025 e dicas para se preparar para o clima da cidade neste dia.","robots":{"index":"index","follow":"follow","max-snippet":"max-snippet:-1","max-image-preview":"max-image-preview:large","max-video-preview":"max-video-preview:-1"},"canonical":"https:\/\/www.em.com.br\/emfoco\/2025\/01\/28\/chuva-sol-ou-temporal-descubra-o-que-o-ceu-reserva-para-belo-horizonte\/","og_locale":"pt_BR","og_type":"article","og_title":"Chuva, sol ou temporal? Saiba o que o c\u00e9u reserva para Belo Horizonte - Estado de Minas - Em foco","og_description":"Conhe\u00e7a a previs\u00e3o do tempo para Belo Horizonte em 28\/01\/2025 e dicas para se preparar para o clima da cidade neste dia.","og_url":"https:\/\/www.em.com.br\/emfoco\/2025\/01\/28\/chuva-sol-ou-temporal-descubra-o-que-o-ceu-reserva-para-belo-horizonte\/","og_site_name":"Estado de Minas - Em foco","article_published_time":"2025-01-28T09:20:00+00:00","article_modified_time":"2025-01-27T12:31:59+00:00","og_image":[{"width":1280,"height":720,"url":"https:\/\/www.em.com.br\/emfoco\/wp-content\/uploads\/2024\/12\/Belo-Horizonte_1733787186117.jpg","type":"image\/jpeg"}],"author":"Kelvin","twitter_card":"summary_large_image","twitter_misc":{"Escrito por":"Kelvin","Est. tempo de leitura":"3 minutos"},"schema":{"@context":"https:\/\/schema.org","@graph":[{"@type":"WebPage","@id":"https:\/\/www.em.com.br\/emfoco\/2025\/01\/28\/chuva-sol-ou-temporal-descubra-o-que-o-ceu-reserva-para-belo-horizonte\/","url":"https:\/\/www.em.com.br\/emfoco\/2025\/01\/28\/chuva-sol-ou-temporal-descubra-o-que-o-ceu-reserva-para-belo-horizonte\/","name":"Chuva, sol ou temporal? Saiba o que o c\u00e9u reserva para Belo Horizonte - Estado de Minas - Em foco","isPartOf":{"@id":"https:\/\/www.em.com.br\/emfoco\/#website"},"primaryImageOfPage":{"@id":"https:\/\/www.em.com.br\/emfoco\/2025\/01\/28\/chuva-sol-ou-temporal-descubra-o-que-o-ceu-reserva-para-belo-horizonte\/#primaryimage"},"image":{"@id":"https:\/\/www.em.com.br\/emfoco\/2025\/01\/28\/chuva-sol-ou-temporal-descubra-o-que-o-ceu-reserva-para-belo-horizonte\/#primaryimage"},"thumbnailUrl":"https:\/\/www.em.com.br\/emfoco\/wp-content\/uploads\/2024\/12\/Belo-Horizonte_1733787186117.jpg","datePublished":"2025-01-28T09:20:00+00:00","dateModified":"2025-01-27T12:31:59+00:00","author":{"@id":"https:\/\/www.em.com.br\/emfoco\/#\/schema\/person\/fb0a7f48c6fbb94b83f413a80f61917d"},"description":"Conhe\u00e7a a previs\u00e3o do tempo para Belo Horizonte em 28\/01\/2025 e dicas para se preparar para o clima da cidade neste dia.","breadcrumb":{"@id":"https:\/\/www.em.com.br\/emfoco\/2025\/01\/28\/chuva-sol-ou-temporal-descubra-o-que-o-ceu-reserva-para-belo-horizonte\/#breadcrumb"},"inLanguage":"pt-BR","potentialAction":[{"@type":"ReadAction","target":["https:\/\/www.em.com.br\/emfoco\/2025\/01\/28\/chuva-sol-ou-temporal-descubra-o-que-o-ceu-reserva-para-belo-horizonte\/"]}]},{"@type":"ImageObject","inLanguage":"pt-BR","@id":"https:\/\/www.em.com.br\/emfoco\/2025\/01\/28\/chuva-sol-ou-temporal-descubra-o-que-o-ceu-reserva-para-belo-horizonte\/#primaryimage","url":"https:\/\/www.em.com.br\/emfoco\/wp-content\/uploads\/2024\/12\/Belo-Horizonte_1733787186117.jpg","contentUrl":"https:\/\/www.em.com.br\/emfoco\/wp-content\/uploads\/2024\/12\/Belo-Horizonte_1733787186117.jpg","width":1280,"height":720,"caption":"Clima BH - Cr\u00e9ditos: depositphotos.com \/ gustavobhz"},{"@type":"BreadcrumbList","@id":"https:\/\/www.em.com.br\/emfoco\/2025\/01\/28\/chuva-sol-ou-temporal-descubra-o-que-o-ceu-reserva-para-belo-horizonte\/#breadcrumb","itemListElement":[{"@type":"ListItem","position":1,"name":"In\u00edcio","item":"https:\/\/www.em.com.br\/emfoco\/"},{"@type":"ListItem","position":2,"name":"Chuva, sol ou temporal? Saiba o que o c\u00e9u reserva para Belo Horizonte"}]},{"@type":"WebSite","@id":"https:\/\/www.em.com.br\/emfoco\/#website","url":"https:\/\/www.em.com.br\/emfoco\/","name":"Estado de Minas - Em foco","description":"Acompanhe as \u00faltimas not\u00edcias e fique bem informado sobre tudo o que acontece em Minas Gerais, Brasil e no mundo.","potentialAction":[{"@type":"SearchAction","target":{"@type":"EntryPoint","urlTemplate":"https:\/\/www.em.com.br\/emfoco\/?s={search_term_string}"},"query-input":{"@type":"PropertyValueSpecification","valueRequired":true,"valueName":"search_term_string"}}],"inLanguage":"pt-BR"},{"@type":"Person","@id":"https:\/\/www.em.com.br\/emfoco\/#\/schema\/person\/fb0a7f48c6fbb94b83f413a80f61917d","name":"Kelvin","image":{"@type":"ImageObject","inLanguage":"pt-BR","@id":"https:\/\/www.em.com.br\/emfoco\/#\/schema\/person\/image\/","url":"https:\/\/secure.gravatar.com\/avatar\/e74f84337e6bf6c4c5e88fbdffa05270?s=96&d=mm&r=g","contentUrl":"https:\/\/secure.gravatar.com\/avatar\/e74f84337e6bf6c4c5e88fbdffa05270?s=96&d=mm&r=g","caption":"Kelvin"},"sameAs":["https:\/\/www.em.com.br\/emfoco"],"url":"https:\/\/www.em.com.br\/emfoco\/author\/kelvinmyth\/"}]}},"_links":{"self":[{"href":"https:\/\/www.em.com.br\/emfoco\/wp-json\/wp\/v2\/posts\/13894","targetHints":{"allow":["GET"]}}],"collection":[{"href":"https:\/\/www.em.com.br\/emfoco\/wp-json\/wp\/v2\/posts"}],"about":[{"href":"https:\/\/www.em.com.br\/emfoco\/wp-json\/wp\/v2\/types\/post"}],"author":[{"embeddable":true,"href":"https:\/\/www.em.com.br\/emfoco\/wp-json\/wp\/v2\/users\/7"}],"replies":[{"embeddable":true,"href":"https:\/\/www.em.com.br\/emfoco\/wp-json\/wp\/v2\/comments?post=13894"}],"version-history":[{"count":3,"href":"https:\/\/www.em.com.br\/emfoco\/wp-json\/wp\/v2\/posts\/13894\/revisions"}],"predecessor-version":[{"id":13959,"href":"https:\/\/www.em.com.br\/emfoco\/wp-json\/wp\/v2\/posts\/13894\/revisions\/13959"}],"wp:featuredmedia":[{"embeddable":true,"href":"https:\/\/www.em.com.br\/emfoco\/wp-json\/wp\/v2\/media\/4029"}],"wp:attachment":[{"href":"https:\/\/www.em.com.br\/emfoco\/wp-json\/wp\/v2\/media?parent=13894"}],"wp:term":[{"taxonomy":"category","embeddable":true,"href":"https:\/\/www.em.com.br\/emfoco\/wp-json\/wp\/v2\/categories?post=13894"},{"taxonomy":"post_tag","embeddable":true,"href":"https:\/\/www.em.com.br\/emfoco\/wp-json\/wp\/v2\/tags?post=13894"}],"curies":[{"name":"wp","href":"https:\/\/api.w.org\/{rel}","templated":true}]}}