{"id":138906,"date":"2025-12-12T21:35:00","date_gmt":"2025-12-13T00:35:00","guid":{"rendered":"https:\/\/www.em.com.br\/emfoco\/?p=138906"},"modified":"2025-12-11T17:30:09","modified_gmt":"2025-12-11T20:30:09","slug":"homem-esquece-r-1-200-aplicados-em-acoes-e-descobre-fortuna-de-r-14-milhao-apos-30-anos","status":"publish","type":"post","link":"https:\/\/www.em.com.br\/emfoco\/2025\/12\/12\/homem-esquece-r-1-200-aplicados-em-acoes-e-descobre-fortuna-de-r-14-milhao-apos-30-anos\/","title":{"rendered":"Homem esquece R$ 1.200 aplicados em a\u00e7\u00f5es e descobre fortuna de R$ 1,4 milh\u00e3o ap\u00f3s 30 anos"},"content":{"rendered":"\n<p>Um pequeno investimento esquecido no passado pode transformar por completo a realidade financeira de uma pessoa d\u00e9cadas depois. A hist\u00f3ria de um investidor que aplicou uma quantia modesta em a\u00e7\u00f5es e s\u00f3 voltou a lembrar do dinheiro cerca de 30 anos depois mostra, de forma pr\u00e1tica, como o poder dos&nbsp;<strong>juros compostos<\/strong>&nbsp;e a disciplina no mercado de capitais podem gerar um patrim\u00f4nio significativo ao longo do tempo.<\/p>\n\n\n\n<h2 class=\"wp-block-heading\">Quem \u00e9 o personagem e como come\u00e7ou o investimento em a\u00e7\u00f5es<\/h2>\n\n\n\n<p>O personagem central \u00e9\u00a0<strong>Ricardo Menezes<\/strong>, um t\u00e9cnico em inform\u00e1tica que, aos 23 anos, morava em Belo Horizonte e tinha pouco contato com o universo financeiro. Em 1995, incentivado por um colega que j\u00e1 operava na\u00a0<em><a href=\"https:\/\/www.b3.com.br\/\" target=\"_blank\" rel=\"noreferrer noopener\">Bolsa de Valores<\/a><\/em>, decidiu aplicar R$ 1.200 em a\u00e7\u00f5es de empresas consolidadas do setor el\u00e9trico e banc\u00e1rio.<\/p>\n\n\n\n<p>O investimento foi feito com o objetivo de \u201cguardar para o futuro\u201d, sem uma meta muito clara. Ap\u00f3s alguns meses acompanhando o mercado, Ricardo se desinteressou e passou a focar em outras prioridades, como carreira, casamento e a compra de um im\u00f3vel, deixando o investimento praticamente esquecido.<\/p>\n\n\n\n<style>\n.grafico-container {\n    width: 100%;\n    max-width: 500px;\n    margin: 0 auto;\n    font-family: Arial, sans-serif;\n}\n\n.grafico-titulo {\n    text-align: center;\n    font-size: 18px;\n    margin-bottom: 10px;\n    color: #000;\n}\n\n.grafico {\n    display: flex;\n    align-items: flex-end;\n    height: 200px;\n    padding: 10px;\n    border-left: 2px solid #000;\n    border-bottom: 2px solid #000;\n    position: relative;\n}\n\n.barra {\n    width: 18%;\n    margin: 0 1%;\n    background: linear-gradient(to top, #007bff, #33cc33);\n    border-radius: 4px;\n    position: relative;\n}\n\n.barra span {\n    position: absolute;\n    top: -22px;\n    width: 100%;\n    text-align: center;\n    font-size: 12px;\n    color: #000;\n}\n\n.rotulos {\n    display: flex;\n    justify-content: space-between;\n    margin-top: 8px;\n}\n\n.rotulos div {\n    width: 18%;\n    text-align: center;\n    font-size: 12px;\n    color: #000;\n}\n\n\/* Linha indicadora *\/\n.linha {\n    position: absolute;\n    width: 100%;\n    height: 2px;\n    background: #33cc33;\n    opacity: 0.5;\n}\n<\/style>\n\n<div class=\"grafico-container\">\n    <div class=\"grafico-titulo\">Evolu\u00e7\u00e3o estimada dos valores ao longo dos anos<\/div>\n\n    <div class=\"grafico\">\n        <div class=\"linha\" style=\"bottom: 20%;\"><\/div>\n        <div class=\"linha\" style=\"bottom: 40%;\"><\/div>\n        <div class=\"linha\" style=\"bottom: 60%;\"><\/div>\n        <div class=\"linha\" style=\"bottom: 80%;\"><\/div>\n\n        <div class=\"barra\" style=\"height: 20%;\"><span>1\u00ba ano<\/span><\/div>\n        <div class=\"barra\" style=\"height: 35%;\"><span>5\u00ba ano<\/span><\/div>\n        <div class=\"barra\" style=\"height: 55%;\"><span>10\u00ba ano<\/span><\/div>\n        <div class=\"barra\" style=\"height: 75%;\"><span>20\u00ba ano<\/span><\/div>\n        <div class=\"barra\" style=\"height: 95%;\"><span>30\u00ba ano<\/span><\/div>\n    <\/div>\n\n    <div class=\"rotulos\">\n        <div>1 ano<\/div>\n        <div>5 anos<\/div>\n        <div>10 anos<\/div>\n        <div>20 anos<\/div>\n        <div>30 anos<\/div>\n    <\/div>\n<\/div>\n\n\n\n<h2 class=\"wp-block-heading\">Como Ricardo esqueceu o investimento e o que aconteceu ao longo dos anos<\/h2>\n\n\n\n<p>Com o passar do tempo, Ricardo trocou diversas vezes de emprego, mudou de endere\u00e7o e at\u00e9 de cidade, perdendo o controle sobre documentos antigos. Em uma \u00e9poca em que a tecnologia ainda engatinhava, o acesso a informa\u00e7\u00f5es de investimentos era bem mais limitado do que nos aplicativos atuais.<\/p>\n\n\n\n<p>Ao longo de aproximadamente 30 anos, as empresas em que ele tinha participa\u00e7\u00e3o passaram por reinvestimento de dividendos, valoriza\u00e7\u00e3o das a\u00e7\u00f5es e eventos societ\u00e1rios, como bonifica\u00e7\u00f5es e desdobramentos. Esse movimento constante fez o valor inicial se multiplicar de forma consistente, mesmo sem qualquer acompanhamento ativo.<\/p>\n\n\n\n<h2 class=\"wp-block-heading\">Como Ricardo descobriu o patrim\u00f4nio de R$ 1,4 milh\u00e3o<\/h2>\n\n\n\n<p>A descoberta aconteceu quando Ricardo, aos 53 anos, decidiu organizar documentos antigos para planejar a aposentadoria. Ao encontrar uma pasta com pap\u00e9is amarelados, ele identificou contratos e extratos de uma antiga corretora, onde constava a aplica\u00e7\u00e3o em a\u00e7\u00f5es feita d\u00e9cadas antes.<\/p>\n\n\n\n<figure class=\"wp-block-image size-large\"><img loading=\"lazy\" decoding=\"async\" width=\"1024\" height=\"576\" src=\"https:\/\/www.em.com.br\/emfoco\/wp-content\/uploads\/2025\/12\/Gemini_Generated_Image_1to62v1to62v1to6-1-1024x576.png\" alt=\"\" class=\"wp-image-139109\" srcset=\"https:\/\/www.em.com.br\/emfoco\/wp-content\/uploads\/2025\/12\/Gemini_Generated_Image_1to62v1to62v1to6-1-1024x576.png 1024w, https:\/\/www.em.com.br\/emfoco\/wp-content\/uploads\/2025\/12\/Gemini_Generated_Image_1to62v1to62v1to6-1-300x169.png 300w, https:\/\/www.em.com.br\/emfoco\/wp-content\/uploads\/2025\/12\/Gemini_Generated_Image_1to62v1to62v1to6-1-768x432.png 768w, https:\/\/www.em.com.br\/emfoco\/wp-content\/uploads\/2025\/12\/Gemini_Generated_Image_1to62v1to62v1to6-1-750x422.png 750w, https:\/\/www.em.com.br\/emfoco\/wp-content\/uploads\/2025\/12\/Gemini_Generated_Image_1to62v1to62v1to6-1-1140x641.png 1140w, https:\/\/www.em.com.br\/emfoco\/wp-content\/uploads\/2025\/12\/Gemini_Generated_Image_1to62v1to62v1to6-1.png 1280w\" sizes=\"auto, (max-width: 1024px) 100vw, 1024px\" \/><\/figure>\n\n\n\n<p>Pesquisando na internet, descobriu que a corretora havia sido incorporada por outra institui\u00e7\u00e3o de investimento. Ap\u00f3s contato e verifica\u00e7\u00e3o de dados, os atendentes confirmaram a exist\u00eancia de uma carteira de a\u00e7\u00f5es ativa em seu CPF. Ao acessar o extrato atualizado, Ricardo se deparou com um patrim\u00f4nio pr\u00f3ximo de&nbsp;<strong>R$ 1,4 milh\u00e3o<\/strong>, resultado direto do tempo e dos&nbsp;<strong>juros compostos<\/strong>.<\/p>\n\n\n\n<h2 class=\"wp-block-heading\">Quais leis e normas garantem a perman\u00eancia desse tipo de investimento<\/h2>\n\n\n\n<p>A situa\u00e7\u00e3o vivida por Ricardo \u00e9 poss\u00edvel porque a\u00e7\u00f5es registradas em nome de um investidor s\u00e3o um direito de propriedade que n\u00e3o prescreve simplesmente com o passar do tempo. No Brasil, esse tipo de prote\u00e7\u00e3o \u00e9 assegurado por um conjunto de leis, normas e \u00f3rg\u00e3os reguladores que cuidam do mercado de capitais.<\/p>\n\n\n\n<p>Essas regras garantem que os ativos permane\u00e7am vinculados ao CPF do investidor, mesmo em caso de mudan\u00e7as de corretora ou reorganiza\u00e7\u00f5es societ\u00e1rias. Entre os principais pilares dessa prote\u00e7\u00e3o, destacam-se:<\/p>\n\n\n\n<ul class=\"wp-block-list\">\n<li><strong>Lei n\u00ba 6.404\/1976 (Lei das Sociedades por A\u00e7\u00f5es)<\/strong>, que estabelece direitos de propriedade, dividendos e participa\u00e7\u00e3o do acionista.<\/li>\n\n\n\n<li><strong>Atua\u00e7\u00e3o da CVM (Comiss\u00e3o de Valores Mobili\u00e1rios)<\/strong>, que regulamenta e fiscaliza o mercado de valores mobili\u00e1rios.<\/li>\n\n\n\n<li><strong>Normas da B3<\/strong>, que definem procedimentos de registro, cust\u00f3dia e liquida\u00e7\u00e3o, mantendo as a\u00e7\u00f5es atreladas ao CPF do investidor.<\/li>\n<\/ul>\n\n\n\n<h2 class=\"wp-block-heading\">O que essa hist\u00f3ria revela sobre juros compostos e investimentos de longo prazo<\/h2>\n\n\n\n<p>O caso de Ricardo evidencia de forma clara o efeito dos\u00a0<a href=\"https:\/\/www.em.com.br\/emfoco\/2025\/12\/11\/quanto-rende-investir-r-50-r-100-ou-r-200-com-100-do-cdi-veja-simulacao\/\" target=\"_blank\" rel=\"noreferrer noopener\"><strong>juros compostos<\/strong>\u00a0<\/a>combinados com o longo prazo. Em vez de render apenas sobre o valor inicial, os ganhos passam a incidir sobre o capital somado aos rendimentos anteriores, criando um efeito bola de neve ao longo dos anos.<\/p>\n\n\n\n<p>Pequenos aportes podem ganhar grande relev\u00e2ncia quando mantidos por d\u00e9cadas, especialmente com reinvestimento de dividendos e escolha de empresas s\u00f3lidas listadas na&nbsp;<strong>Bolsa de Valores<\/strong>. O resultado n\u00e3o \u00e9 garantido, mas a experi\u00eancia de Ricardo mostra como disciplina, tempo e conhecimento das regras podem transformar um valor modesto em um patrim\u00f4nio consider\u00e1vel.<\/p>\n\n\n\n<style>\n.simulador-box {\n    max-width: 420px;\n    margin: 20px auto;\n    padding: 20px;\n    background: #e6f4ff;\n    border: 2px solid #0099cc;\n    border-radius: 12px;\n    font-family: Arial, sans-serif;\n}\n\n.simulador-box h2 {\n    text-align: center;\n    color: #000;\n    margin-bottom: 15px;\n}\n\n.simulador-box label {\n    display: block;\n    margin-top: 12px;\n    font-weight: bold;\n    color: #000;\n}\n\n.simulador-box input {\n    width: 100%;\n    padding: 8px;\n    margin-top: 4px;\n    border: 1px solid #0099cc;\n    border-radius: 6px;\n    font-size: 15px;\n}\n\n.simulador-btn {\n    width: 100%;\n    margin-top: 18px;\n    padding: 10px;\n    background: #33cc33;\n    color: #000;\n    border: none;\n    border-radius: 8px;\n    font-size: 16px;\n    cursor: pointer;\n}\n\n.simulador-btn:hover {\n    background: #28a428;\n}\n\n.resultado-box {\n    margin-top: 20px;\n    padding: 15px;\n    background: #ccffdd;\n    border-radius: 10px;\n    border: 1px solid #33aa33;\n    text-align: center;\n    font-size: 17px;\n    font-weight: bold;\n    color: #000;\n}\n<\/style>\n\n<div class=\"simulador-box\">\n    <h2>Simulador de investimento<\/h2>\n\n    <label>Valor inicial (R$):<\/label>\n    <input type=\"number\" id=\"valorInicial\" placeholder=\"Ex: 1000\">\n\n    <label>Aporte mensal (R$):<\/label>\n    <input type=\"number\" id=\"aporteMensal\" placeholder=\"Ex: 200\">\n\n    <label>Taxa de juros anual (%):<\/label>\n    <input type=\"number\" id=\"taxa\" placeholder=\"Ex: 8\">\n\n    <label>Per\u00edodo (anos):<\/label>\n    <input type=\"number\" id=\"anos\" placeholder=\"Ex: 10\">\n\n    <button class=\"simulador-btn\" onclick=\"simularInvestimento()\">\n        Calcular\n    <\/button>\n\n    <div id=\"resultado\" class=\"resultado-box\" style=\"display:none;\"><\/div>\n<\/div>\n\n<script>\nfunction simularInvestimento() {\n    const valorInicial = parseFloat(document.getElementById(\"valorInicial\").value) || 0;\n    const aporteMensal = parseFloat(document.getElementById(\"aporteMensal\").value) || 0;\n    const taxaAnual = parseFloat(document.getElementById(\"taxa\").value) || 0;\n    const anos = parseFloat(document.getElementById(\"anos\").value) || 0;\n\n    const jurosMensal = (taxaAnual \/ 100) \/ 12;\n    const meses = anos * 12;\n\n    let montante = valorInicial;\n\n    for (let i = 1; i <= meses; i++) {\n        montante = montante * (1 + jurosMensal) + aporteMensal;\n    }\n\n    document.getElementById(\"resultado\").style.display = \"block\";\n    document.getElementById(\"resultado\").innerHTML =\n        \"Valor final estimado: R$ \" + montante.toLocaleString('pt-BR', {minimumFractionDigits: 2});\n}\n<\/script>\n\n\n\n<h2 class=\"wp-block-heading\">Como aplicar essa li\u00e7\u00e3o hoje e por que agir imediatamente<\/h2>\n\n\n\n<p>A hist\u00f3ria de Ricardo n\u00e3o \u00e9 apenas curiosa; ela \u00e9 um alerta para quem ainda adia o primeiro passo no mercado financeiro. Quanto antes voc\u00ea come\u00e7a a investir, mais o tempo trabalha a seu favor, potencializando o efeito dos juros compostos e dos reinvestimentos ao longo da vida.<\/p>\n\n\n\n<p>N\u00e3o espere \u201csobrar dinheiro\u201d ou encontrar o momento perfeito: abra sua conta em uma corretora confi\u00e1vel, estude o b\u00e1sico sobre renda vari\u00e1vel e comece com pequenos valores ainda hoje. Cada m\u00eas que passa \u00e9 um ano a menos de crescimento l\u00e1 na frente \u2014 e o seu \u201cRicardo do futuro\u201d vai agradecer por voc\u00ea ter agido agora.<\/p>\n","protected":false},"excerpt":{"rendered":"<p>Um pequeno investimento esquecido no passado pode transformar por completo a realidade financeira de uma pessoa d\u00e9cadas depois. A hist\u00f3ria de um investidor que aplicou uma quantia modesta em a\u00e7\u00f5es e s\u00f3 voltou a lembrar do dinheiro cerca de 30 anos depois mostra, de forma pr\u00e1tica, como o poder dos&nbsp;juros compostos&nbsp;e a disciplina no mercado [&hellip;]<\/p>\n","protected":false},"author":11,"featured_media":139111,"comment_status":"open","ping_status":"open","sticky":false,"template":"","format":"standard","meta":{"jnews-multi-image_gallery":[],"jnews_single_post":{"format":"standard"},"jnews_primary_category":[],"jnews_social_meta":[],"jnews_override_counter":[],"footnotes":""},"categories":[28,1],"tags":[20519,13802,549,684,20518],"class_list":["post-138906","post","type-post","status-publish","format-standard","has-post-thumbnail","hentry","category-economia","category-noticias","tag-acoes","tag-bolsa","tag-investimento","tag-juros","tag-valor-esquecido"],"yoast_head":"<!-- This site is optimized with the Yoast SEO plugin v23.8 - https:\/\/yoast.com\/wordpress\/plugins\/seo\/ -->\n<title>Homem esquece R$ 1.200 aplicados em a\u00e7\u00f5es e descobre fortuna de R$ 1,4 milh\u00e3o ap\u00f3s 30 anos - Estado de Minas - Em foco<\/title>\n<meta name=\"description\" content=\"Protegidas por leis e normas do mercado de capitais, a\u00e7\u00f5es permanecem vinculadas ao CPF do investidor, permitindo que valores cres\u00e7am com o tempo.\" \/>\n<meta name=\"robots\" content=\"index, follow, max-snippet:-1, max-image-preview:large, max-video-preview:-1\" \/>\n<link rel=\"canonical\" href=\"https:\/\/www.em.com.br\/emfoco\/2025\/12\/12\/homem-esquece-r-1-200-aplicados-em-acoes-e-descobre-fortuna-de-r-14-milhao-apos-30-anos\/\" \/>\n<meta property=\"og:locale\" content=\"pt_BR\" \/>\n<meta property=\"og:type\" content=\"article\" \/>\n<meta property=\"og:title\" content=\"Homem esquece R$ 1.200 aplicados em a\u00e7\u00f5es e descobre fortuna de R$ 1,4 milh\u00e3o ap\u00f3s 30 anos - Estado de Minas - Em foco\" \/>\n<meta property=\"og:description\" content=\"Protegidas por leis e normas do mercado de capitais, a\u00e7\u00f5es permanecem vinculadas ao CPF do investidor, permitindo que valores cres\u00e7am com o tempo.\" \/>\n<meta property=\"og:url\" content=\"https:\/\/www.em.com.br\/emfoco\/2025\/12\/12\/homem-esquece-r-1-200-aplicados-em-acoes-e-descobre-fortuna-de-r-14-milhao-apos-30-anos\/\" \/>\n<meta property=\"og:site_name\" content=\"Estado de Minas - Em foco\" \/>\n<meta property=\"article:published_time\" content=\"2025-12-13T00:35:00+00:00\" \/>\n<meta property=\"article:modified_time\" content=\"2025-12-11T20:30:09+00:00\" \/>\n<meta property=\"og:image\" content=\"https:\/\/www.em.com.br\/emfoco\/wp-content\/uploads\/2025\/12\/Gemini_Generated_Image_hkqqkzhkqqkzhkqq-1.png\" \/>\n\t<meta property=\"og:image:width\" content=\"1280\" \/>\n\t<meta property=\"og:image:height\" content=\"720\" \/>\n\t<meta property=\"og:image:type\" content=\"image\/png\" \/>\n<meta name=\"author\" content=\"Andre\u0301 Rangel\u00a0\" \/>\n<meta name=\"twitter:card\" content=\"summary_large_image\" \/>\n<meta name=\"twitter:label1\" content=\"Escrito por\" \/>\n\t<meta name=\"twitter:data1\" content=\"Andre\u0301 Rangel\u00a0\" \/>\n\t<meta name=\"twitter:label2\" content=\"Est. tempo de leitura\" \/>\n\t<meta name=\"twitter:data2\" content=\"5 minutos\" \/>\n<!-- \/ Yoast SEO plugin. -->","yoast_head_json":{"title":"Homem esquece R$ 1.200 aplicados em a\u00e7\u00f5es e descobre fortuna de R$ 1,4 milh\u00e3o ap\u00f3s 30 anos - Estado de Minas - Em foco","description":"Protegidas por leis e normas do mercado de capitais, a\u00e7\u00f5es permanecem vinculadas ao CPF do investidor, permitindo que valores cres\u00e7am com o tempo.","robots":{"index":"index","follow":"follow","max-snippet":"max-snippet:-1","max-image-preview":"max-image-preview:large","max-video-preview":"max-video-preview:-1"},"canonical":"https:\/\/www.em.com.br\/emfoco\/2025\/12\/12\/homem-esquece-r-1-200-aplicados-em-acoes-e-descobre-fortuna-de-r-14-milhao-apos-30-anos\/","og_locale":"pt_BR","og_type":"article","og_title":"Homem esquece R$ 1.200 aplicados em a\u00e7\u00f5es e descobre fortuna de R$ 1,4 milh\u00e3o ap\u00f3s 30 anos - Estado de Minas - Em foco","og_description":"Protegidas por leis e normas do mercado de capitais, a\u00e7\u00f5es permanecem vinculadas ao CPF do investidor, permitindo que valores cres\u00e7am com o tempo.","og_url":"https:\/\/www.em.com.br\/emfoco\/2025\/12\/12\/homem-esquece-r-1-200-aplicados-em-acoes-e-descobre-fortuna-de-r-14-milhao-apos-30-anos\/","og_site_name":"Estado de Minas - Em foco","article_published_time":"2025-12-13T00:35:00+00:00","article_modified_time":"2025-12-11T20:30:09+00:00","og_image":[{"width":1280,"height":720,"url":"https:\/\/www.em.com.br\/emfoco\/wp-content\/uploads\/2025\/12\/Gemini_Generated_Image_hkqqkzhkqqkzhkqq-1.png","type":"image\/png"}],"author":"Andre\u0301 Rangel\u00a0","twitter_card":"summary_large_image","twitter_misc":{"Escrito por":"Andre\u0301 Rangel\u00a0","Est. tempo de leitura":"5 minutos"},"schema":{"@context":"https:\/\/schema.org","@graph":[{"@type":"WebPage","@id":"https:\/\/www.em.com.br\/emfoco\/2025\/12\/12\/homem-esquece-r-1-200-aplicados-em-acoes-e-descobre-fortuna-de-r-14-milhao-apos-30-anos\/","url":"https:\/\/www.em.com.br\/emfoco\/2025\/12\/12\/homem-esquece-r-1-200-aplicados-em-acoes-e-descobre-fortuna-de-r-14-milhao-apos-30-anos\/","name":"Homem esquece R$ 1.200 aplicados em a\u00e7\u00f5es e descobre fortuna de R$ 1,4 milh\u00e3o ap\u00f3s 30 anos - Estado de Minas - Em foco","isPartOf":{"@id":"https:\/\/www.em.com.br\/emfoco\/#website"},"primaryImageOfPage":{"@id":"https:\/\/www.em.com.br\/emfoco\/2025\/12\/12\/homem-esquece-r-1-200-aplicados-em-acoes-e-descobre-fortuna-de-r-14-milhao-apos-30-anos\/#primaryimage"},"image":{"@id":"https:\/\/www.em.com.br\/emfoco\/2025\/12\/12\/homem-esquece-r-1-200-aplicados-em-acoes-e-descobre-fortuna-de-r-14-milhao-apos-30-anos\/#primaryimage"},"thumbnailUrl":"https:\/\/www.em.com.br\/emfoco\/wp-content\/uploads\/2025\/12\/Gemini_Generated_Image_hkqqkzhkqqkzhkqq-1.png","datePublished":"2025-12-13T00:35:00+00:00","dateModified":"2025-12-11T20:30:09+00:00","author":{"@id":"https:\/\/www.em.com.br\/emfoco\/#\/schema\/person\/60eda09c1fedf0d6891f4cef4b60b8b8"},"description":"Protegidas por leis e normas do mercado de capitais, a\u00e7\u00f5es permanecem vinculadas ao CPF do investidor, permitindo que valores cres\u00e7am com o tempo.","breadcrumb":{"@id":"https:\/\/www.em.com.br\/emfoco\/2025\/12\/12\/homem-esquece-r-1-200-aplicados-em-acoes-e-descobre-fortuna-de-r-14-milhao-apos-30-anos\/#breadcrumb"},"inLanguage":"pt-BR","potentialAction":[{"@type":"ReadAction","target":["https:\/\/www.em.com.br\/emfoco\/2025\/12\/12\/homem-esquece-r-1-200-aplicados-em-acoes-e-descobre-fortuna-de-r-14-milhao-apos-30-anos\/"]}]},{"@type":"ImageObject","inLanguage":"pt-BR","@id":"https:\/\/www.em.com.br\/emfoco\/2025\/12\/12\/homem-esquece-r-1-200-aplicados-em-acoes-e-descobre-fortuna-de-r-14-milhao-apos-30-anos\/#primaryimage","url":"https:\/\/www.em.com.br\/emfoco\/wp-content\/uploads\/2025\/12\/Gemini_Generated_Image_hkqqkzhkqqkzhkqq-1.png","contentUrl":"https:\/\/www.em.com.br\/emfoco\/wp-content\/uploads\/2025\/12\/Gemini_Generated_Image_hkqqkzhkqqkzhkqq-1.png","width":1280,"height":720,"caption":"A volta dos pequenos investidores ao mercado de a\u00e7\u00f5es"},{"@type":"BreadcrumbList","@id":"https:\/\/www.em.com.br\/emfoco\/2025\/12\/12\/homem-esquece-r-1-200-aplicados-em-acoes-e-descobre-fortuna-de-r-14-milhao-apos-30-anos\/#breadcrumb","itemListElement":[{"@type":"ListItem","position":1,"name":"In\u00edcio","item":"https:\/\/www.em.com.br\/emfoco\/"},{"@type":"ListItem","position":2,"name":"Homem esquece R$ 1.200 aplicados em a\u00e7\u00f5es e descobre fortuna de R$ 1,4 milh\u00e3o ap\u00f3s 30 anos"}]},{"@type":"WebSite","@id":"https:\/\/www.em.com.br\/emfoco\/#website","url":"https:\/\/www.em.com.br\/emfoco\/","name":"Estado de Minas - Em foco","description":"Acompanhe as \u00faltimas not\u00edcias e fique bem informado sobre tudo o que acontece em Minas Gerais, Brasil e no mundo.","potentialAction":[{"@type":"SearchAction","target":{"@type":"EntryPoint","urlTemplate":"https:\/\/www.em.com.br\/emfoco\/?s={search_term_string}"},"query-input":{"@type":"PropertyValueSpecification","valueRequired":true,"valueName":"search_term_string"}}],"inLanguage":"pt-BR"},{"@type":"Person","@id":"https:\/\/www.em.com.br\/emfoco\/#\/schema\/person\/60eda09c1fedf0d6891f4cef4b60b8b8","name":"Andre\u0301 Rangel\u00a0","image":{"@type":"ImageObject","inLanguage":"pt-BR","@id":"https:\/\/www.em.com.br\/emfoco\/#\/schema\/person\/image\/","url":"https:\/\/secure.gravatar.com\/avatar\/6234dc814c77c8ef6d8bba622c787efc?s=96&d=mm&r=g","contentUrl":"https:\/\/secure.gravatar.com\/avatar\/6234dc814c77c8ef6d8bba622c787efc?s=96&d=mm&r=g","caption":"Andre\u0301 Rangel\u00a0"},"url":"https:\/\/www.em.com.br\/emfoco\/author\/luizmyth\/"}]}},"_links":{"self":[{"href":"https:\/\/www.em.com.br\/emfoco\/wp-json\/wp\/v2\/posts\/138906","targetHints":{"allow":["GET"]}}],"collection":[{"href":"https:\/\/www.em.com.br\/emfoco\/wp-json\/wp\/v2\/posts"}],"about":[{"href":"https:\/\/www.em.com.br\/emfoco\/wp-json\/wp\/v2\/types\/post"}],"author":[{"embeddable":true,"href":"https:\/\/www.em.com.br\/emfoco\/wp-json\/wp\/v2\/users\/11"}],"replies":[{"embeddable":true,"href":"https:\/\/www.em.com.br\/emfoco\/wp-json\/wp\/v2\/comments?post=138906"}],"version-history":[{"count":3,"href":"https:\/\/www.em.com.br\/emfoco\/wp-json\/wp\/v2\/posts\/138906\/revisions"}],"predecessor-version":[{"id":139201,"href":"https:\/\/www.em.com.br\/emfoco\/wp-json\/wp\/v2\/posts\/138906\/revisions\/139201"}],"wp:featuredmedia":[{"embeddable":true,"href":"https:\/\/www.em.com.br\/emfoco\/wp-json\/wp\/v2\/media\/139111"}],"wp:attachment":[{"href":"https:\/\/www.em.com.br\/emfoco\/wp-json\/wp\/v2\/media?parent=138906"}],"wp:term":[{"taxonomy":"category","embeddable":true,"href":"https:\/\/www.em.com.br\/emfoco\/wp-json\/wp\/v2\/categories?post=138906"},{"taxonomy":"post_tag","embeddable":true,"href":"https:\/\/www.em.com.br\/emfoco\/wp-json\/wp\/v2\/tags?post=138906"}],"curies":[{"name":"wp","href":"https:\/\/api.w.org\/{rel}","templated":true}]}}