{"id":13881,"date":"2025-02-05T16:20:00","date_gmt":"2025-02-05T19:20:00","guid":{"rendered":"https:\/\/www.em.com.br\/emfoco\/?p=13881"},"modified":"2025-02-01T11:37:47","modified_gmt":"2025-02-01T14:37:47","slug":"notinha-fiscal-pode-render-mais-do-que-voce-imagina-saiba-como-participar","status":"publish","type":"post","link":"https:\/\/www.em.com.br\/emfoco\/2025\/02\/05\/notinha-fiscal-pode-render-mais-do-que-voce-imagina-saiba-como-participar\/","title":{"rendered":"Notinha fiscal pode render mais do que voc\u00ea imagina! Saiba como participar"},"content":{"rendered":"\n<p>A iniciativa<strong> Nota Fiscal Ga\u00facha<\/strong> (NFG) foi desenvolvida pelo governo do <strong><a href=\"https:\/\/www.em.com.br\/emfoco\/2025\/01\/03\/alem-da-casa-propria-uma-nova-vida-para-milhares-de-brasileiros\/\" target=\"_blank\" rel=\"noreferrer noopener\">Rio Grande do Sul<\/a><\/strong> com o objetivo de fomentar a conscientiza\u00e7\u00e3o fiscal entre os cidad\u00e3os. Por meio deste programa, os consumidores s\u00e3o incentivados a incluir o <strong>CPF <\/strong>nas notas fiscais durante suas compras, promovendo uma maior precis\u00e3o na arrecada\u00e7\u00e3o do <strong>ICMS<\/strong>, um imposto significativo no \u00e2mbito estadual.<\/p>\n\n\n\n<p>Al\u00e9m de educar a popula\u00e7\u00e3o quanto \u00e0 import\u00e2ncia das notas fiscais, o programa oferece uma s\u00e9rie de incentivos, incluindo a oportunidade de participar em sorteios de pr\u00eamios mensais, como forma de recompensar o compromisso dos consumidores com a emiss\u00e3o de notas fiscais.<\/p>\n\n\n\n<h2 class=\"wp-block-heading\">Como funciona o receita certa dentro do programa?<\/h2>\n\n\n\n<p>O <strong>Receita Certa<\/strong> \u00e9 um componente do <strong><a href=\"https:\/\/nfg.sefaz.rs.gov.br\/\" target=\"_blank\" rel=\"noreferrer noopener\">Nota Fiscal Ga\u00facha<\/a><\/strong> que visa devolver parte do aumento na arrecada\u00e7\u00e3o do ICMS diretamente aos consumidores que participam ativamente. Ao pedir a inclus\u00e3o do CPF na nota fiscal, os participantes acumulam pontos que s\u00e3o convertidos em uma parte do montante arrecadado extra.<\/p>\n\n\n\n<p>O sistema de acumula\u00e7\u00e3o funciona atrav\u00e9s de uma f\u00f3rmula simples: cada real gasto em compras com CPF registrado equivale a um ponto. Estes pontos, uma vez apurados ao final de um per\u00edodo espec\u00edfico, determinam a parte da receita que ser\u00e1 compartilhada entre os participantes envolvidos.<\/p>\n\n\n\n<figure class=\"wp-block-image size-large\"><img loading=\"lazy\" decoding=\"async\" width=\"1024\" height=\"576\" src=\"https:\/\/www.em.com.br\/emfoco\/wp-content\/uploads\/2024\/12\/cpf_1735336911493-1024x576.jpg\" alt=\"Por que colocar o CPF na nota? Saiba como isso te beneficia!\" class=\"wp-image-7165\" srcset=\"https:\/\/www.em.com.br\/emfoco\/wp-content\/uploads\/2024\/12\/cpf_1735336911493-1024x576.jpg 1024w, https:\/\/www.em.com.br\/emfoco\/wp-content\/uploads\/2024\/12\/cpf_1735336911493-300x169.jpg 300w, https:\/\/www.em.com.br\/emfoco\/wp-content\/uploads\/2024\/12\/cpf_1735336911493-768x432.jpg 768w, https:\/\/www.em.com.br\/emfoco\/wp-content\/uploads\/2024\/12\/cpf_1735336911493-750x422.jpg 750w, https:\/\/www.em.com.br\/emfoco\/wp-content\/uploads\/2024\/12\/cpf_1735336911493-1140x641.jpg 1140w, https:\/\/www.em.com.br\/emfoco\/wp-content\/uploads\/2024\/12\/cpf_1735336911493.jpg 1280w\" sizes=\"auto, (max-width: 1024px) 100vw, 1024px\" \/><figcaption class=\"wp-element-caption\">Imagem Ilustrativa de CPF &#8211; Cr\u00e9ditos: depositphotos.com \/ Mehaniq<\/figcaption><\/figure>\n\n\n\n<h2 class=\"wp-block-heading\">Sistema de pontua\u00e7\u00e3o e limites<\/h2>\n\n\n\n<p>Para assegurar que a distribui\u00e7\u00e3o dos benef\u00edcios seja feita de forma equilibrada, o Receita Certa estipula algumas regras para a obten\u00e7\u00e3o de pontos. Independente do valor total de uma compra, cada nota fiscal pode atribuir at\u00e9 mil pontos ao participante. Existe tamb\u00e9m um limite mensal de cinco mil pontos e um teto por trimestre.<\/p>\n\n\n\n<p>Valores inferiores a R$ 1 acumulados s\u00e3o automaticamente transferidos para o per\u00edodo seguinte, assegurando que todos os participantes tenham a oportunidade de resgatar seus ganhos uma vez atingidos os par\u00e2metros m\u00ednimos para saque.<\/p>\n\n\n\n<h2 class=\"wp-block-heading\">Processo de resgate dos valores<\/h2>\n\n\n\n<p>Os participantes podem resgatar os valores acumulados de forma pr\u00e1tica atrav\u00e9s do portal ou aplicativo do <strong>Nota Fiscal Ga\u00facha<\/strong>. \u00c9 fundamental que os dados banc\u00e1rios estejam sempre atualizados, permitindo assim que o resgate seja efetuado de maneira eficaz, seja por meio de dep\u00f3sito em conta ou via plataforma eletr\u00f4nica pix.<\/p>\n\n\n\n<p>Os usu\u00e1rios disp\u00f5em de um prazo de 90 dias para efetuar a retirada dos valores, garantindo flexibilidade e conveni\u00eancia para acessar seus ganhos.<\/p>\n\n\n\n<h2 class=\"wp-block-heading\">Impactos e benef\u00edcios do programa<\/h2>\n\n\n\n<p>O Programa Nota Fiscal Ga\u00facha, al\u00e9m de oferecer uma plataforma para recompensas financeiras, desempenha um papel educativo importante junto \u00e0 popula\u00e7\u00e3o. Ao estimular o pedido de notas fiscais, promove-se uma cultura de transpar\u00eancia e responsabilidade fiscal.<\/p>\n\n\n\n<p>Esta iniciativa n\u00e3o apenas melhora a fiscaliza\u00e7\u00e3o e arrecada\u00e7\u00e3o estadual, mas tamb\u00e9m contribui para um entendimento mais amplo da relev\u00e2ncia do papel dos tributos no desenvolvimento econ\u00f4mico e social, beneficiando tanto o governo quanto a popula\u00e7\u00e3o em geral.<\/p>\n","protected":false},"excerpt":{"rendered":"<p>A iniciativa Nota Fiscal Ga\u00facha (NFG) foi desenvolvida pelo governo do Rio Grande do Sul com o objetivo de fomentar a conscientiza\u00e7\u00e3o fiscal entre os cidad\u00e3os. Por meio deste programa, os consumidores s\u00e3o incentivados a incluir o CPF nas notas fiscais durante suas compras, promovendo uma maior precis\u00e3o na arrecada\u00e7\u00e3o do ICMS, um imposto significativo [&hellip;]<\/p>\n","protected":false},"author":5,"featured_media":13855,"comment_status":"open","ping_status":"open","sticky":false,"template":"","format":"standard","meta":{"jnews-multi-image_gallery":[],"jnews_single_post":{"format":"standard"},"jnews_primary_category":[],"jnews_social_meta":[],"jnews_override_counter":[],"footnotes":""},"categories":[28,1],"tags":[848,398,3134,2588],"class_list":["post-13881","post","type-post","status-publish","format-standard","has-post-thumbnail","hentry","category-economia","category-noticias","tag-cpf","tag-cpf-na-nota","tag-cpf-na-nota-fiscal","tag-programa-cpf-na-nota"],"yoast_head":"<!-- This site is optimized with the Yoast SEO plugin v23.8 - https:\/\/yoast.com\/wordpress\/plugins\/seo\/ -->\n<title>Notinha fiscal pode render mais do que voc\u00ea imagina! Saiba como participar - Estado de Minas - Em foco<\/title>\n<meta name=\"description\" content=\"Saiba tudo sobre o programa Nota Fiscal Ga\u00facha, que oferece pr\u00eamios mensais e devolve parte do ICMS aos consumidores. Participe!\" \/>\n<meta name=\"robots\" content=\"index, follow, max-snippet:-1, max-image-preview:large, max-video-preview:-1\" \/>\n<link rel=\"canonical\" href=\"https:\/\/www.em.com.br\/emfoco\/2025\/02\/05\/notinha-fiscal-pode-render-mais-do-que-voce-imagina-saiba-como-participar\/\" \/>\n<meta property=\"og:locale\" content=\"pt_BR\" \/>\n<meta property=\"og:type\" content=\"article\" \/>\n<meta property=\"og:title\" content=\"Notinha fiscal pode render mais do que voc\u00ea imagina! Saiba como participar - Estado de Minas - Em foco\" \/>\n<meta property=\"og:description\" content=\"Saiba tudo sobre o programa Nota Fiscal Ga\u00facha, que oferece pr\u00eamios mensais e devolve parte do ICMS aos consumidores. Participe!\" \/>\n<meta property=\"og:url\" content=\"https:\/\/www.em.com.br\/emfoco\/2025\/02\/05\/notinha-fiscal-pode-render-mais-do-que-voce-imagina-saiba-como-participar\/\" \/>\n<meta property=\"og:site_name\" content=\"Estado de Minas - Em foco\" \/>\n<meta property=\"article:published_time\" content=\"2025-02-05T19:20:00+00:00\" \/>\n<meta property=\"article:modified_time\" content=\"2025-02-01T14:37:47+00:00\" \/>\n<meta property=\"og:image\" content=\"https:\/\/www.em.com.br\/emfoco\/wp-content\/uploads\/2025\/01\/recibo_1737909879571.jpg\" \/>\n\t<meta property=\"og:image:width\" content=\"1279\" \/>\n\t<meta property=\"og:image:height\" content=\"720\" \/>\n\t<meta property=\"og:image:type\" content=\"image\/jpeg\" \/>\n<meta name=\"author\" content=\"N\u00fabia Rangel\" \/>\n<meta name=\"twitter:card\" content=\"summary_large_image\" \/>\n<meta name=\"twitter:label1\" content=\"Escrito por\" \/>\n\t<meta name=\"twitter:data1\" content=\"N\u00fabia Rangel\" \/>\n\t<meta name=\"twitter:label2\" content=\"Est. tempo de leitura\" \/>\n\t<meta name=\"twitter:data2\" content=\"3 minutos\" \/>\n<!-- \/ Yoast SEO plugin. -->","yoast_head_json":{"title":"Notinha fiscal pode render mais do que voc\u00ea imagina! Saiba como participar - Estado de Minas - Em foco","description":"Saiba tudo sobre o programa Nota Fiscal Ga\u00facha, que oferece pr\u00eamios mensais e devolve parte do ICMS aos consumidores. Participe!","robots":{"index":"index","follow":"follow","max-snippet":"max-snippet:-1","max-image-preview":"max-image-preview:large","max-video-preview":"max-video-preview:-1"},"canonical":"https:\/\/www.em.com.br\/emfoco\/2025\/02\/05\/notinha-fiscal-pode-render-mais-do-que-voce-imagina-saiba-como-participar\/","og_locale":"pt_BR","og_type":"article","og_title":"Notinha fiscal pode render mais do que voc\u00ea imagina! Saiba como participar - Estado de Minas - Em foco","og_description":"Saiba tudo sobre o programa Nota Fiscal Ga\u00facha, que oferece pr\u00eamios mensais e devolve parte do ICMS aos consumidores. Participe!","og_url":"https:\/\/www.em.com.br\/emfoco\/2025\/02\/05\/notinha-fiscal-pode-render-mais-do-que-voce-imagina-saiba-como-participar\/","og_site_name":"Estado de Minas - Em foco","article_published_time":"2025-02-05T19:20:00+00:00","article_modified_time":"2025-02-01T14:37:47+00:00","og_image":[{"width":1279,"height":720,"url":"https:\/\/www.em.com.br\/emfoco\/wp-content\/uploads\/2025\/01\/recibo_1737909879571.jpg","type":"image\/jpeg"}],"author":"N\u00fabia Rangel","twitter_card":"summary_large_image","twitter_misc":{"Escrito por":"N\u00fabia Rangel","Est. tempo de leitura":"3 minutos"},"schema":{"@context":"https:\/\/schema.org","@graph":[{"@type":"WebPage","@id":"https:\/\/www.em.com.br\/emfoco\/2025\/02\/05\/notinha-fiscal-pode-render-mais-do-que-voce-imagina-saiba-como-participar\/","url":"https:\/\/www.em.com.br\/emfoco\/2025\/02\/05\/notinha-fiscal-pode-render-mais-do-que-voce-imagina-saiba-como-participar\/","name":"Notinha fiscal pode render mais do que voc\u00ea imagina! Saiba como participar - Estado de Minas - Em foco","isPartOf":{"@id":"https:\/\/www.em.com.br\/emfoco\/#website"},"primaryImageOfPage":{"@id":"https:\/\/www.em.com.br\/emfoco\/2025\/02\/05\/notinha-fiscal-pode-render-mais-do-que-voce-imagina-saiba-como-participar\/#primaryimage"},"image":{"@id":"https:\/\/www.em.com.br\/emfoco\/2025\/02\/05\/notinha-fiscal-pode-render-mais-do-que-voce-imagina-saiba-como-participar\/#primaryimage"},"thumbnailUrl":"https:\/\/www.em.com.br\/emfoco\/wp-content\/uploads\/2025\/01\/recibo_1737909879571.jpg","datePublished":"2025-02-05T19:20:00+00:00","dateModified":"2025-02-01T14:37:47+00:00","author":{"@id":"https:\/\/www.em.com.br\/emfoco\/#\/schema\/person\/524437ef54f8a5d32591b143307f2e20"},"description":"Saiba tudo sobre o programa Nota Fiscal Ga\u00facha, que oferece pr\u00eamios mensais e devolve parte do ICMS aos consumidores. Participe!","breadcrumb":{"@id":"https:\/\/www.em.com.br\/emfoco\/2025\/02\/05\/notinha-fiscal-pode-render-mais-do-que-voce-imagina-saiba-como-participar\/#breadcrumb"},"inLanguage":"pt-BR","potentialAction":[{"@type":"ReadAction","target":["https:\/\/www.em.com.br\/emfoco\/2025\/02\/05\/notinha-fiscal-pode-render-mais-do-que-voce-imagina-saiba-como-participar\/"]}]},{"@type":"ImageObject","inLanguage":"pt-BR","@id":"https:\/\/www.em.com.br\/emfoco\/2025\/02\/05\/notinha-fiscal-pode-render-mais-do-que-voce-imagina-saiba-como-participar\/#primaryimage","url":"https:\/\/www.em.com.br\/emfoco\/wp-content\/uploads\/2025\/01\/recibo_1737909879571.jpg","contentUrl":"https:\/\/www.em.com.br\/emfoco\/wp-content\/uploads\/2025\/01\/recibo_1737909879571.jpg","width":1279,"height":720,"caption":"Imagem Ilustrativa de Nota Fiscal - Cr\u00e9ditos: depositphotos.com \/ quackersnaps"},{"@type":"BreadcrumbList","@id":"https:\/\/www.em.com.br\/emfoco\/2025\/02\/05\/notinha-fiscal-pode-render-mais-do-que-voce-imagina-saiba-como-participar\/#breadcrumb","itemListElement":[{"@type":"ListItem","position":1,"name":"In\u00edcio","item":"https:\/\/www.em.com.br\/emfoco\/"},{"@type":"ListItem","position":2,"name":"Notinha fiscal pode render mais do que voc\u00ea imagina! Saiba como participar"}]},{"@type":"WebSite","@id":"https:\/\/www.em.com.br\/emfoco\/#website","url":"https:\/\/www.em.com.br\/emfoco\/","name":"Estado de Minas - Em foco","description":"Acompanhe as \u00faltimas not\u00edcias e fique bem informado sobre tudo o que acontece em Minas Gerais, Brasil e no mundo.","potentialAction":[{"@type":"SearchAction","target":{"@type":"EntryPoint","urlTemplate":"https:\/\/www.em.com.br\/emfoco\/?s={search_term_string}"},"query-input":{"@type":"PropertyValueSpecification","valueRequired":true,"valueName":"search_term_string"}}],"inLanguage":"pt-BR"},{"@type":"Person","@id":"https:\/\/www.em.com.br\/emfoco\/#\/schema\/person\/524437ef54f8a5d32591b143307f2e20","name":"N\u00fabia Rangel","image":{"@type":"ImageObject","inLanguage":"pt-BR","@id":"https:\/\/www.em.com.br\/emfoco\/#\/schema\/person\/image\/","url":"https:\/\/secure.gravatar.com\/avatar\/47cff2827a5ba23c37e8068c86817ea4?s=96&d=mm&r=g","contentUrl":"https:\/\/secure.gravatar.com\/avatar\/47cff2827a5ba23c37e8068c86817ea4?s=96&d=mm&r=g","caption":"N\u00fabia Rangel"},"sameAs":["https:\/\/www.em.com.br\/emfoco\/"],"url":"https:\/\/www.em.com.br\/emfoco\/author\/nubiamyth\/"}]}},"_links":{"self":[{"href":"https:\/\/www.em.com.br\/emfoco\/wp-json\/wp\/v2\/posts\/13881","targetHints":{"allow":["GET"]}}],"collection":[{"href":"https:\/\/www.em.com.br\/emfoco\/wp-json\/wp\/v2\/posts"}],"about":[{"href":"https:\/\/www.em.com.br\/emfoco\/wp-json\/wp\/v2\/types\/post"}],"author":[{"embeddable":true,"href":"https:\/\/www.em.com.br\/emfoco\/wp-json\/wp\/v2\/users\/5"}],"replies":[{"embeddable":true,"href":"https:\/\/www.em.com.br\/emfoco\/wp-json\/wp\/v2\/comments?post=13881"}],"version-history":[{"count":3,"href":"https:\/\/www.em.com.br\/emfoco\/wp-json\/wp\/v2\/posts\/13881\/revisions"}],"predecessor-version":[{"id":15897,"href":"https:\/\/www.em.com.br\/emfoco\/wp-json\/wp\/v2\/posts\/13881\/revisions\/15897"}],"wp:featuredmedia":[{"embeddable":true,"href":"https:\/\/www.em.com.br\/emfoco\/wp-json\/wp\/v2\/media\/13855"}],"wp:attachment":[{"href":"https:\/\/www.em.com.br\/emfoco\/wp-json\/wp\/v2\/media?parent=13881"}],"wp:term":[{"taxonomy":"category","embeddable":true,"href":"https:\/\/www.em.com.br\/emfoco\/wp-json\/wp\/v2\/categories?post=13881"},{"taxonomy":"post_tag","embeddable":true,"href":"https:\/\/www.em.com.br\/emfoco\/wp-json\/wp\/v2\/tags?post=13881"}],"curies":[{"name":"wp","href":"https:\/\/api.w.org\/{rel}","templated":true}]}}