{"id":138609,"date":"2025-12-11T12:05:51","date_gmt":"2025-12-11T15:05:51","guid":{"rendered":"https:\/\/www.em.com.br\/emfoco\/?p=138609"},"modified":"2025-12-10T17:09:57","modified_gmt":"2025-12-10T20:09:57","slug":"138609","status":"publish","type":"post","link":"https:\/\/www.em.com.br\/emfoco\/2025\/12\/11\/138609\/","title":{"rendered":"Maneiras deliciosas de blindar seu organismo no almo\u00e7o e no jantar"},"content":{"rendered":"\n<p>A <b>ab\u00f3bora caboti\u00e1<\/b>, tamb\u00e9m conhecida como caboti\u00e3 ou <b>ab\u00f3bora japonesa<\/b>, vem ganhando espa\u00e7o na alimenta\u00e7\u00e3o de muitas fam\u00edlias no Brasil. Al\u00e9m de ser f\u00e1cil de usar em v\u00e1rias receitas do dia a dia, esse legume se destaca por ser nutritivo e por poder ajudar na prote\u00e7\u00e3o natural do nosso corpo, especialmente em 2025, quando cresce a busca por alimentos que apoiem a imunidade de forma simples, acess\u00edvel e natural.<\/p>\n\n\n\n<h2 class=\"wp-block-heading\">O que torna a ab\u00f3bora caboti\u00e1 boa para a imunidade<\/h2>\n\n\n\n<p>A palavra-chave principal deste tema, <b>benef\u00edcios da ab\u00f3bora caboti\u00e1 para imunidade<\/b>, est\u00e1 ligada principalmente \u00e0 sua composi\u00e7\u00e3o nutricional. A caboti\u00e1 \u00e9 rica em <b>betacaroteno<\/b>, que o corpo transforma em vitamina A, essencial para manter saud\u00e1veis as mucosas do nariz, da boca e do intestino, barreiras naturais contra v\u00edrus e bact\u00e9rias.<\/p>\n\n\n\n<p>Esse alimento tamb\u00e9m oferece boa quantidade de <b>vitamina C<\/b>, que protege as c\u00e9lulas de defesa contra o desgaste causado por polui\u00e7\u00e3o, estresse e m\u00e1 alimenta\u00e7\u00e3o. Minerais como <b>zinco<\/b>, ferro e pot\u00e1ssio participam de processos como produ\u00e7\u00e3o de c\u00e9lulas de defesa e transporte de oxig\u00eanio, contribuindo para o organismo funcionar de forma mais eficiente.<\/p>\n\n\n\n<figure class=\"wp-block-image size-large\"><img loading=\"lazy\" decoding=\"async\" width=\"1024\" height=\"576\" src=\"https:\/\/www.em.com.br\/emfoco\/wp-content\/uploads\/2025\/12\/Kabocha_1765396242427-1024x576.jpg\" alt=\"\" class=\"wp-image-138628\" srcset=\"https:\/\/www.em.com.br\/emfoco\/wp-content\/uploads\/2025\/12\/Kabocha_1765396242427-1024x576.jpg 1024w, https:\/\/www.em.com.br\/emfoco\/wp-content\/uploads\/2025\/12\/Kabocha_1765396242427-300x169.jpg 300w, https:\/\/www.em.com.br\/emfoco\/wp-content\/uploads\/2025\/12\/Kabocha_1765396242427-768x432.jpg 768w, https:\/\/www.em.com.br\/emfoco\/wp-content\/uploads\/2025\/12\/Kabocha_1765396242427-750x422.jpg 750w, https:\/\/www.em.com.br\/emfoco\/wp-content\/uploads\/2025\/12\/Kabocha_1765396242427-1140x641.jpg 1140w, https:\/\/www.em.com.br\/emfoco\/wp-content\/uploads\/2025\/12\/Kabocha_1765396242427.jpg 1280w\" sizes=\"auto, (max-width: 1024px) 100vw, 1024px\" \/><figcaption class=\"wp-element-caption\">A ab\u00f3bora caboti\u00e1, tamb\u00e9m conhecida como caboti\u00e3 ou ab\u00f3bora japonesa &#8211; Cr\u00e9ditos: depositphotos.com \/ nungning20<\/figcaption><\/figure>\n\n\n\n<p>Leia tamb\u00e9m:&nbsp;<a href=\"https:\/\/www.em.com.br\/emfoco\/2025\/12\/09\/um-aliado-natural-que-fortalece-o-figado-e-facilita-a-digestao-de-refeicoes-pesadas\/\" target=\"_blank\" rel=\"noopener\">Um aliado natural que fortalece o f\u00edgado e facilita a digest\u00e3o de refei\u00e7\u00f5es pesadas<\/a><\/p>\n\n\n\n<h2 class=\"wp-block-heading\">Como a ab\u00f3bora caboti\u00e1 fortalece as defesas do organismo<\/h2>\n\n\n\n<p>Fortalecer a <b>imunidade<\/b> n\u00e3o depende de um \u00fanico alimento, mas incluir a ab\u00f3bora caboti\u00e1 na rotina ajuda em v\u00e1rios pontos ao mesmo tempo. Seu bom teor de <b>fibras<\/b> favorece o funcionamento do intestino, considerado um dos principais \u201ccentros de comando\u201d da imunidade, pois abriga grande parte das bact\u00e9rias ben\u00e9ficas do corpo.<\/p>\n\n\n\n<p>Outro destaque est\u00e1 na presen\u00e7a de compostos <b>antioxidantes<\/b>, como carotenoides e pequenas quantidades de vitamina E. Essas subst\u00e2ncias combatem o excesso de <b>radicais livres<\/b> gerados por polui\u00e7\u00e3o, cigarro, noites mal dormidas e estresse, reduzindo inflama\u00e7\u00f5es e colaborando para o bom desempenho das c\u00e9lulas de defesa.<\/p>\n\n\n\n<h2 class=\"wp-block-heading\">Principais nutrientes da ab\u00f3bora caboti\u00e1 e seus efeitos na imunidade<\/h2>\n\n\n\n<p>Os nutrientes da <b>caboti\u00e1<\/b> atuam de forma complementar, apoiando tanto barreiras f\u00edsicas quanto mecanismos internos do sistema imunol\u00f3gico. A seguir, veja como cada componente contribui para a prote\u00e7\u00e3o do organismo e por que esse alimento \u00e9 t\u00e3o valorizado em dietas voltadas \u00e0 preven\u00e7\u00e3o de doen\u00e7as.<\/p>\n\n\n\n<ul class=\"wp-block-list\">\n<li><b>Vitamina A<\/b>: ajuda a manter a pele e as mucosas \u00edntegras, funcionando como barreiras f\u00edsicas contra microrganismos.<\/li>\n\n\n\n<li><b>Vitamina C<\/b>: participa da prote\u00e7\u00e3o e da recupera\u00e7\u00e3o das c\u00e9lulas do sistema imunol\u00f3gico.<\/li>\n\n\n\n<li><b>Fibras<\/b>: contribuem para o equil\u00edbrio da flora intestinal, importante para a imunidade.<\/li>\n\n\n\n<li><b>Carotenoides<\/b>: agem como antioxidantes, ajudando a proteger as c\u00e9lulas contra danos.<\/li>\n\n\n\n<li><b>Minerais<\/b>: zinco e ferro apoiam processos ligados \u00e0 produ\u00e7\u00e3o e ao bom funcionamento das c\u00e9lulas de defesa.<\/li>\n<\/ul>\n\n\n\n<h2 class=\"wp-block-heading\">Como incluir a ab\u00f3bora caboti\u00e1 na alimenta\u00e7\u00e3o do dia a dia<\/h2>\n\n\n\n<p>Para que os <b>benef\u00edcios da ab\u00f3bora caboti\u00e1 para imunidade<\/b> sejam percebidos, \u00e9 mais importante consumi-la com frequ\u00eancia do que em grandes quantidades espor\u00e1dicas. Ela combina com muitas prepara\u00e7\u00f5es simples, o que facilita o uso em refei\u00e7\u00f5es em casa, marmitas para o trabalho e jantares r\u00e1pidos durante a semana.<\/p>\n\n\n<div class=\"wp-block-image\">\n<figure class=\"aligncenter size-large\"><img loading=\"lazy\" decoding=\"async\" width=\"1024\" height=\"576\" src=\"https:\/\/www.em.com.br\/emfoco\/wp-content\/uploads\/2025\/12\/abobora-comida_1765397353712-1024x576.jpg\" alt=\"\" class=\"wp-image-138665\" srcset=\"https:\/\/www.em.com.br\/emfoco\/wp-content\/uploads\/2025\/12\/abobora-comida_1765397353712-1024x576.jpg 1024w, https:\/\/www.em.com.br\/emfoco\/wp-content\/uploads\/2025\/12\/abobora-comida_1765397353712-300x169.jpg 300w, https:\/\/www.em.com.br\/emfoco\/wp-content\/uploads\/2025\/12\/abobora-comida_1765397353712-768x432.jpg 768w, https:\/\/www.em.com.br\/emfoco\/wp-content\/uploads\/2025\/12\/abobora-comida_1765397353712-750x422.jpg 750w, https:\/\/www.em.com.br\/emfoco\/wp-content\/uploads\/2025\/12\/abobora-comida_1765397353712-1140x641.jpg 1140w, https:\/\/www.em.com.br\/emfoco\/wp-content\/uploads\/2025\/12\/abobora-comida_1765397353712.jpg 1280w\" sizes=\"auto, (max-width: 1024px) 100vw, 1024px\" \/><figcaption class=\"wp-element-caption\">Para que os benef\u00edcios da ab\u00f3bora caboti\u00e1 para imunidade sejam percebidos &#8211; Cr\u00e9ditos: depositphotos.com \/ Yulia_von_Eisenstein<\/figcaption><\/figure><\/div>\n\n\n<p>Uma estrat\u00e9gia pr\u00e1tica \u00e9 usar a ab\u00f3bora em substitui\u00e7\u00e3o a acompanhamentos mais gordurosos ou pobres em nutrientes, aumentando a presen\u00e7a de <b>vegetais<\/b> no prato. Sua textura cremosa e sabor levemente adocicado agradam crian\u00e7as e adultos, e a <b>casca<\/b>, quando bem lavada e cozida, pode ser aproveitada para elevar o teor de fibras e reduzir o desperd\u00edcio.<\/p>\n\n\n\n<ol class=\"wp-block-list\">\n<li><b>Pur\u00ea de caboti\u00e1<\/b>: feito com ab\u00f3bora cozida, um fio de \u00f3leo vegetal (como azeite) e temperos naturais, como alho, cebola e ervas.<\/li>\n\n\n\n<li><b>Sopas<\/b> e caldos: combinada com outros legumes, a caboti\u00e1 deixa o prato mais cremoso, colorido e nutritivo.<\/li>\n\n\n\n<li><b>Assada no forno<\/b>: cortada em cubos ou fatias, temperada com ervas e pouco sal, pode substituir frituras e acompanhar carnes, frango ou peixe.<\/li>\n\n\n\n<li><b>Refogada<\/b>: preparada com alho, cebola e cheiro-verde, entra como um acompanhamento simples e saboroso nas principais refei\u00e7\u00f5es.<\/li>\n\n\n\n<li><b>Creme<\/b> ou molho: batida com \u00e1gua ou caldo de legumes, pode servir de base para molhos de macarr\u00e3o, carnes magras ou gratinados.<\/li>\n<\/ol>\n\n\n\n<p>Separamos para voc\u00ea um v\u00eddeo do canal da <a class=\"yt-simple-endpoint style-scope yt-formatted-string\" spellcheck=\"false\" href=\"https:\/\/www.youtube.com\/@AngelaXavier\" target=\"_blank\" rel=\"noopener\">Angela Xavier<\/a>, onde ela fala sobre o diversos benef\u00edcios da camboti\u00e1:<\/p>\n\n\n\n<figure class=\"wp-block-embed is-type-video is-provider-youtube wp-block-embed-youtube wp-embed-aspect-16-9 wp-has-aspect-ratio\"><div class=\"wp-block-embed__wrapper\">\n<div class=\"jeg_video_container jeg_video_content\"><iframe loading=\"lazy\" title=\"Descubra os benef\u00edcios incr\u00edveis da AB\u00d3BORA!\" width=\"500\" height=\"281\" src=\"https:\/\/www.youtube.com\/embed\/-JMz_mRVozU?feature=oembed\" frameborder=\"0\" allow=\"accelerometer; autoplay; clipboard-write; encrypted-media; gyroscope; picture-in-picture; web-share\" referrerpolicy=\"strict-origin-when-cross-origin\" allowfullscreen><\/iframe><\/div>\n<\/div><\/figure>\n\n\n\n<h2 class=\"wp-block-heading\">Conclus\u00e3o sobre os benef\u00edcios da ab\u00f3bora caboti\u00e1 para imunidade<\/h2>\n\n\n\n<p>A <b>ab\u00f3bora caboti\u00e1<\/b> se destaca n\u00e3o apenas pelo sabor, mas tamb\u00e9m por ser uma aliada acess\u00edvel para quem quer cuidar melhor da imunidade no dia a dia. Rica em vitaminas, minerais, fibras e antioxidantes, ela ajuda o corpo a se proteger melhor, especialmente quando faz parte de uma alimenta\u00e7\u00e3o variada e equilibrada.<\/p>\n\n\n\n<p>Ao inclu\u00ed-la em prepara\u00e7\u00f5es simples, como pur\u00eas, sopas, assados e refogados, \u00e9 poss\u00edvel aumentar a qualidade nutricional das refei\u00e7\u00f5es sem complicar a rotina. Com cuidados b\u00e1sicos de <b>higieniza\u00e7\u00e3o<\/b> e preparo, a caboti\u00e1 se torna uma op\u00e7\u00e3o pr\u00e1tica para toda a fam\u00edlia, contribuindo para um organismo mais fortalecido e <b>saud\u00e1vel<\/b> ao longo do tempo.<\/p>\n","protected":false},"excerpt":{"rendered":"<p>A ab\u00f3bora caboti\u00e1, tamb\u00e9m conhecida como caboti\u00e3 ou ab\u00f3bora japonesa, vem ganhando espa\u00e7o na alimenta\u00e7\u00e3o de muitas fam\u00edlias no Brasil. Al\u00e9m de ser f\u00e1cil de usar em v\u00e1rias receitas do dia a dia, esse legume se destaca por ser nutritivo e por poder ajudar na prote\u00e7\u00e3o natural do nosso corpo, especialmente em 2025, quando cresce [&hellip;]<\/p>\n","protected":false},"author":9,"featured_media":112843,"comment_status":"open","ping_status":"open","sticky":false,"template":"","format":"standard","meta":{"jnews-multi-image_gallery":[],"jnews_single_post":{"format":"standard"},"jnews_primary_category":[],"jnews_social_meta":[],"jnews_override_counter":[],"footnotes":""},"categories":[8691,8819,1],"tags":[5454,259,3082],"class_list":["post-138609","post","type-post","status-publish","format-standard","has-post-thumbnail","hentry","category-bem-estar","category-curiosidades","category-noticias","tag-abobora","tag-beneficio","tag-imunidade"],"yoast_head":"<!-- This site is optimized with the Yoast SEO plugin v23.8 - https:\/\/yoast.com\/wordpress\/plugins\/seo\/ -->\n<title>Maneiras deliciosas de blindar seu organismo no almo\u00e7o e no jantar - Estado de Minas - Em foco<\/title>\n<meta name=\"description\" content=\"Rica em betacaroteno e fibras, a ab\u00f3bora caboti\u00e1 fortalece a imunidade e o intestino. Saiba como consumir com casca para proteger a sa\u00fade.\" \/>\n<meta name=\"robots\" content=\"index, follow, max-snippet:-1, max-image-preview:large, max-video-preview:-1\" \/>\n<link rel=\"canonical\" href=\"https:\/\/www.em.com.br\/emfoco\/2025\/12\/11\/138609\/\" \/>\n<meta property=\"og:locale\" content=\"pt_BR\" \/>\n<meta property=\"og:type\" content=\"article\" \/>\n<meta property=\"og:title\" content=\"Maneiras deliciosas de blindar seu organismo no almo\u00e7o e no jantar - Estado de Minas - Em foco\" \/>\n<meta property=\"og:description\" content=\"Rica em betacaroteno e fibras, a ab\u00f3bora caboti\u00e1 fortalece a imunidade e o intestino. Saiba como consumir com casca para proteger a sa\u00fade.\" \/>\n<meta property=\"og:url\" content=\"https:\/\/www.em.com.br\/emfoco\/2025\/12\/11\/138609\/\" \/>\n<meta property=\"og:site_name\" content=\"Estado de Minas - Em foco\" \/>\n<meta property=\"article:published_time\" content=\"2025-12-11T15:05:51+00:00\" \/>\n<meta property=\"article:modified_time\" content=\"2025-12-10T20:09:57+00:00\" \/>\n<meta property=\"og:image\" content=\"https:\/\/www.em.com.br\/emfoco\/wp-content\/uploads\/2025\/10\/sementes-de-abobora-_1759939434605.jpg\" \/>\n\t<meta property=\"og:image:width\" content=\"1280\" \/>\n\t<meta property=\"og:image:height\" content=\"720\" \/>\n\t<meta property=\"og:image:type\" content=\"image\/jpeg\" \/>\n<meta name=\"author\" content=\"Daniely Cardoso\" \/>\n<meta name=\"twitter:card\" content=\"summary_large_image\" \/>\n<meta name=\"twitter:label1\" content=\"Escrito por\" \/>\n\t<meta name=\"twitter:data1\" content=\"Daniely Cardoso\" \/>\n\t<meta name=\"twitter:label2\" content=\"Est. tempo de leitura\" \/>\n\t<meta name=\"twitter:data2\" content=\"6 minutos\" \/>\n<!-- \/ Yoast SEO plugin. -->","yoast_head_json":{"title":"Maneiras deliciosas de blindar seu organismo no almo\u00e7o e no jantar - Estado de Minas - Em foco","description":"Rica em betacaroteno e fibras, a ab\u00f3bora caboti\u00e1 fortalece a imunidade e o intestino. Saiba como consumir com casca para proteger a sa\u00fade.","robots":{"index":"index","follow":"follow","max-snippet":"max-snippet:-1","max-image-preview":"max-image-preview:large","max-video-preview":"max-video-preview:-1"},"canonical":"https:\/\/www.em.com.br\/emfoco\/2025\/12\/11\/138609\/","og_locale":"pt_BR","og_type":"article","og_title":"Maneiras deliciosas de blindar seu organismo no almo\u00e7o e no jantar - Estado de Minas - Em foco","og_description":"Rica em betacaroteno e fibras, a ab\u00f3bora caboti\u00e1 fortalece a imunidade e o intestino. Saiba como consumir com casca para proteger a sa\u00fade.","og_url":"https:\/\/www.em.com.br\/emfoco\/2025\/12\/11\/138609\/","og_site_name":"Estado de Minas - Em foco","article_published_time":"2025-12-11T15:05:51+00:00","article_modified_time":"2025-12-10T20:09:57+00:00","og_image":[{"width":1280,"height":720,"url":"https:\/\/www.em.com.br\/emfoco\/wp-content\/uploads\/2025\/10\/sementes-de-abobora-_1759939434605.jpg","type":"image\/jpeg"}],"author":"Daniely Cardoso","twitter_card":"summary_large_image","twitter_misc":{"Escrito por":"Daniely Cardoso","Est. tempo de leitura":"6 minutos"},"schema":{"@context":"https:\/\/schema.org","@graph":[{"@type":"WebPage","@id":"https:\/\/www.em.com.br\/emfoco\/2025\/12\/11\/138609\/","url":"https:\/\/www.em.com.br\/emfoco\/2025\/12\/11\/138609\/","name":"Maneiras deliciosas de blindar seu organismo no almo\u00e7o e no jantar - Estado de Minas - Em foco","isPartOf":{"@id":"https:\/\/www.em.com.br\/emfoco\/#website"},"primaryImageOfPage":{"@id":"https:\/\/www.em.com.br\/emfoco\/2025\/12\/11\/138609\/#primaryimage"},"image":{"@id":"https:\/\/www.em.com.br\/emfoco\/2025\/12\/11\/138609\/#primaryimage"},"thumbnailUrl":"https:\/\/www.em.com.br\/emfoco\/wp-content\/uploads\/2025\/10\/sementes-de-abobora-_1759939434605.jpg","datePublished":"2025-12-11T15:05:51+00:00","dateModified":"2025-12-10T20:09:57+00:00","author":{"@id":"https:\/\/www.em.com.br\/emfoco\/#\/schema\/person\/0a8186d72f2c3a5c6276d90b41f271a0"},"description":"Rica em betacaroteno e fibras, a ab\u00f3bora caboti\u00e1 fortalece a imunidade e o intestino. Saiba como consumir com casca para proteger a sa\u00fade.","breadcrumb":{"@id":"https:\/\/www.em.com.br\/emfoco\/2025\/12\/11\/138609\/#breadcrumb"},"inLanguage":"pt-BR","potentialAction":[{"@type":"ReadAction","target":["https:\/\/www.em.com.br\/emfoco\/2025\/12\/11\/138609\/"]}]},{"@type":"ImageObject","inLanguage":"pt-BR","@id":"https:\/\/www.em.com.br\/emfoco\/2025\/12\/11\/138609\/#primaryimage","url":"https:\/\/www.em.com.br\/emfoco\/wp-content\/uploads\/2025\/10\/sementes-de-abobora-_1759939434605.jpg","contentUrl":"https:\/\/www.em.com.br\/emfoco\/wp-content\/uploads\/2025\/10\/sementes-de-abobora-_1759939434605.jpg","width":1280,"height":720,"caption":"As sementes de ab\u00f3bora destacam-se por seu impressionante perfil nutricional - Cr\u00e9ditos: depositphotos.com \/ KostyaKlimenko"},{"@type":"BreadcrumbList","@id":"https:\/\/www.em.com.br\/emfoco\/2025\/12\/11\/138609\/#breadcrumb","itemListElement":[{"@type":"ListItem","position":1,"name":"In\u00edcio","item":"https:\/\/www.em.com.br\/emfoco\/"},{"@type":"ListItem","position":2,"name":"Maneiras deliciosas de blindar seu organismo no almo\u00e7o e no jantar"}]},{"@type":"WebSite","@id":"https:\/\/www.em.com.br\/emfoco\/#website","url":"https:\/\/www.em.com.br\/emfoco\/","name":"Estado de Minas - Em foco","description":"Acompanhe as \u00faltimas not\u00edcias e fique bem informado sobre tudo o que acontece em Minas Gerais, Brasil e no mundo.","potentialAction":[{"@type":"SearchAction","target":{"@type":"EntryPoint","urlTemplate":"https:\/\/www.em.com.br\/emfoco\/?s={search_term_string}"},"query-input":{"@type":"PropertyValueSpecification","valueRequired":true,"valueName":"search_term_string"}}],"inLanguage":"pt-BR"},{"@type":"Person","@id":"https:\/\/www.em.com.br\/emfoco\/#\/schema\/person\/0a8186d72f2c3a5c6276d90b41f271a0","name":"Daniely Cardoso","image":{"@type":"ImageObject","inLanguage":"pt-BR","@id":"https:\/\/www.em.com.br\/emfoco\/#\/schema\/person\/image\/","url":"https:\/\/secure.gravatar.com\/avatar\/4b80ddbd124d1f071b626d52d62e5dff?s=96&d=mm&r=g","contentUrl":"https:\/\/secure.gravatar.com\/avatar\/4b80ddbd124d1f071b626d52d62e5dff?s=96&d=mm&r=g","caption":"Daniely Cardoso"},"url":"https:\/\/www.em.com.br\/emfoco\/author\/danielymyth\/"}]}},"_links":{"self":[{"href":"https:\/\/www.em.com.br\/emfoco\/wp-json\/wp\/v2\/posts\/138609","targetHints":{"allow":["GET"]}}],"collection":[{"href":"https:\/\/www.em.com.br\/emfoco\/wp-json\/wp\/v2\/posts"}],"about":[{"href":"https:\/\/www.em.com.br\/emfoco\/wp-json\/wp\/v2\/types\/post"}],"author":[{"embeddable":true,"href":"https:\/\/www.em.com.br\/emfoco\/wp-json\/wp\/v2\/users\/9"}],"replies":[{"embeddable":true,"href":"https:\/\/www.em.com.br\/emfoco\/wp-json\/wp\/v2\/comments?post=138609"}],"version-history":[{"count":4,"href":"https:\/\/www.em.com.br\/emfoco\/wp-json\/wp\/v2\/posts\/138609\/revisions"}],"predecessor-version":[{"id":138666,"href":"https:\/\/www.em.com.br\/emfoco\/wp-json\/wp\/v2\/posts\/138609\/revisions\/138666"}],"wp:featuredmedia":[{"embeddable":true,"href":"https:\/\/www.em.com.br\/emfoco\/wp-json\/wp\/v2\/media\/112843"}],"wp:attachment":[{"href":"https:\/\/www.em.com.br\/emfoco\/wp-json\/wp\/v2\/media?parent=138609"}],"wp:term":[{"taxonomy":"category","embeddable":true,"href":"https:\/\/www.em.com.br\/emfoco\/wp-json\/wp\/v2\/categories?post=138609"},{"taxonomy":"post_tag","embeddable":true,"href":"https:\/\/www.em.com.br\/emfoco\/wp-json\/wp\/v2\/tags?post=138609"}],"curies":[{"name":"wp","href":"https:\/\/api.w.org\/{rel}","templated":true}]}}