{"id":138569,"date":"2025-12-11T14:25:07","date_gmt":"2025-12-11T17:25:07","guid":{"rendered":"https:\/\/www.em.com.br\/emfoco\/?p=138569"},"modified":"2025-12-10T16:47:13","modified_gmt":"2025-12-10T19:47:13","slug":"ideias-de-penteados-com-trancas-para-brilhar-nas-festas-de-dezembro","status":"publish","type":"post","link":"https:\/\/www.em.com.br\/emfoco\/2025\/12\/11\/ideias-de-penteados-com-trancas-para-brilhar-nas-festas-de-dezembro\/","title":{"rendered":"Ideias de penteados com tran\u00e7as para brilhar nas festas de dezembro"},"content":{"rendered":"\n<p>Entre quem usa tran\u00e7as, os penteados com <strong>box braids<\/strong> para o fim de ano costumam ganhar um espa\u00e7o especial no planejamento das festas. Natal e Ano-Novo viram a desculpa perfeita para testar novas formas de prender, enfeitar e destacar cada tran\u00e7a, usando acess\u00f3rios, amarra\u00e7\u00f5es diferentes e pequenos detalhes pensados para o calor, para as celebra\u00e7\u00f5es e para a sa\u00fade do <strong>couro cabeludo<\/strong>.<\/p>\n\n\n\n<h2 class=\"wp-block-heading\">Quais penteados com box braids combinam com as festas de fim de ano<\/h2>\n\n\n\n<p>As <strong>box braids<\/strong> permitem brincar com comprimento, volume, textura e cor, o que amplia bastante as possibilidades de penteado. D\u00e1 para ir do visual discreto e minimalista a produ\u00e7\u00f5es bem marcantes com brilho, aplica\u00e7\u00f5es e mistura de t\u00e9cnicas como tran\u00e7as <strong>nag\u00f4<\/strong>, alimentadas e pontas cacheadas.<\/p>\n\n\n\n<p>Nessa \u00e9poca de calor, \u00e9 importante priorizar leveza e conforto, escolhendo estilos que n\u00e3o pesem na raiz nem esquentem demais a nuca. Assim, cada pessoa consegue adaptar o visual ao pr\u00f3prio estilo, ao look da festa e ao tipo de comemora\u00e7\u00e3o, sem abrir m\u00e3o da prote\u00e7\u00e3o do cabelo <strong>natural<\/strong>.<\/p>\n\n\n\n<iframe loading=\"lazy\" src=\"https:\/\/assets.pinterest.com\/ext\/embed.html?id=20195898323742333\" height=\"837\" width=\"345\" frameborder=\"0\" scrolling=\"no\" ><\/iframe>\n\n\n\n<p>Leia tamb\u00e9m:&nbsp;<a href=\"https:\/\/www.em.com.br\/emfoco\/2025\/11\/21\/10-ideias-de-penteados-para-brilhar-nas-festas-de-natal-e-ano-novo\/\" target=\"_blank\" rel=\"noopener\">10 ideias de penteados para brilhar nas festas de Natal e Ano Novo<\/a><\/p>\n\n\n\n<h2 class=\"wp-block-heading\">Como escolher penteados com box braids para festas de fim de ano<\/h2>\n\n\n\n<p>Quando o assunto \u00e9 penteado com <strong>box braids<\/strong> para as comemora\u00e7\u00f5es de dezembro, o objetivo \u00e9 juntar praticidade, conforto e um visual bonito. Como as festas costumam envolver calor, dan\u00e7a e muitas horas em p\u00e9, o ideal \u00e9 optar por penteados firmes, leves e que n\u00e3o apertem demais o <strong>couro cabeludo<\/strong>.<\/p>\n\n\n\n<p>Entre as op\u00e7\u00f5es mais usadas aparecem rabos de cavalo, coques altos, varia\u00e7\u00f5es de meio-preso e combina\u00e7\u00f5es com tran\u00e7as <strong>nag\u00f4<\/strong>. Esses estilos valorizam o rosto, destacam brincos e colares e ainda deixam o comprimento das tran\u00e7as mais controlado, sem esquentar tanto e sem perder o movimento <strong>natural<\/strong>.<\/p>\n\n\n\n<iframe loading=\"lazy\" src=\"https:\/\/assets.pinterest.com\/ext\/embed.html?id=4011087180658471\" height=\"618\" width=\"345\" frameborder=\"0\" scrolling=\"no\" ><\/iframe>\n\n\n\n<h2 class=\"wp-block-heading\">Quais s\u00e3o os penteados com box braids mais pr\u00e1ticos<\/h2>\n\n\n\n<p>Para quem quer se arrumar r\u00e1pido, alguns penteados com <strong>box braids<\/strong> s\u00e3o queridinhos justamente pela facilidade. O rabo de cavalo alto \u00e9 um cl\u00e1ssico para tran\u00e7as longas: deixa a nuca livre, alivia o calor e cria uma apar\u00eancia elegante que funciona tanto em ceias em fam\u00edlia quanto em festas mais <strong>animadas<\/strong>.<\/p>\n\n\n\n<p>O meio-preso tamb\u00e9m \u00e9 um aliado, j\u00e1 que levanta apenas a parte de cima das tran\u00e7as e mant\u00e9m o restante solto nas costas. Para quem prefere algo ainda mais simples e formal, o rabo de cavalo baixo destaca o contorno do rosto sem exigir muitas etapas nem muita tra\u00e7\u00e3o na raiz, sendo uma op\u00e7\u00e3o pr\u00e1tica para quem vai da ceia a uma <strong>balada<\/strong> na mesma noite.<\/p>\n\n\n\n<ul class=\"wp-block-list\">\n<li><strong>Rabo alto:<\/strong> ideal para festas ao ar livre e ambientes quentes.<\/li>\n\n\n\n<li><strong>Meio-preso:<\/strong> combina com vestidos, macac\u00f5es e looks de festa variados.<\/li>\n\n\n\n<li><strong>Rabo baixo:<\/strong> boa escolha para eventos formais e ceias em fam\u00edlia.<\/li>\n<\/ul>\n\n\n\n<h2 class=\"wp-block-heading\">Como usar acess\u00f3rios nas box braids nas celebra\u00e7\u00f5es<\/h2>\n\n\n\n<p>Os acess\u00f3rios t\u00eam papel importante no penteado com <strong>box braids<\/strong> para o fim de ano, j\u00e1 que transformam o mesmo tipo de tran\u00e7a em produ\u00e7\u00f5es bem diferentes. P\u00e9rolas, b\u00fazios, an\u00e9is para tran\u00e7a, argolas met\u00e1licas e mi\u00e7angas coloridas criam pontos de luz ao longo do comprimento ou pr\u00f3ximos ao rosto, valorizando as fotos e o brilho da <strong>pele<\/strong>.<\/p>\n\n\n\n<p>Len\u00e7os, faixas e fitas brilhantes tamb\u00e9m s\u00e3o grandes aliados, usados como tiara, turbante parcial ou amarra\u00e7\u00e3o na base do rabo de cavalo. Eles protegem o <strong>couro cabeludo<\/strong> do sol, adicionam cor ao visual e podem ser colocados e removidos facilmente, permitindo variar o estilo entre Natal, Ano-Novo e outras festas de ver\u00e3o, inclusive na praia ou em <strong>piscinas<\/strong>.<\/p>\n\n\n\n<p>Para voc\u00ea que quer saber mais sobre o box braids, separamos um v\u00eddeo do canal da <a href=\"https:\/\/www.youtube.com\/@jacycarvalho\" target=\"_blank\" rel=\"noreferrer noopener\">Jacy Carvalho<\/a> sobre 5 formas de fazer essas tran\u00e7as em casa:<\/p>\n\n\n\n<figure class=\"wp-block-embed is-type-video is-provider-youtube wp-block-embed-youtube wp-embed-aspect-16-9 wp-has-aspect-ratio\"><div class=\"wp-block-embed__wrapper\">\n<div class=\"jeg_video_container jeg_video_content\"><iframe loading=\"lazy\" title=\"5 FORMAS DE FAZER TRAN\u00c7AS BOX BRAIDS SOZINHA\" width=\"500\" height=\"281\" src=\"https:\/\/www.youtube.com\/embed\/xXOIfomlDYs?feature=oembed\" frameborder=\"0\" allow=\"accelerometer; autoplay; clipboard-write; encrypted-media; gyroscope; picture-in-picture; web-share\" referrerpolicy=\"strict-origin-when-cross-origin\" allowfullscreen><\/iframe><\/div>\n<\/div><\/figure>\n\n\n\n<h2 class=\"wp-block-heading\">Como combinar box braids com cachos e tran\u00e7as nag\u00f4 no fim de ano<\/h2>\n\n\n\n<p>Muita gente gosta de combinar <strong>box braids<\/strong> de festa com tran\u00e7as nag\u00f4 ou pontas cacheadas, em estilos como french curls e gypsy braids. O coque alto mais \u201cbagun\u00e7adinho\u201d faz sucesso: parte das tran\u00e7as \u00e9 enrolada no topo da cabe\u00e7a enquanto os cachos ficam soltos, caindo nas laterais ou nas costas, criando um efeito bem <strong>volumoso<\/strong>.<\/p>\n\n\n\n<p>Outra op\u00e7\u00e3o \u00e9 usar tran\u00e7as <strong>nag\u00f4<\/strong> na parte frontal com box braids soltas atr\u00e1s, criando um efeito moderno e estruturado. Apliques de p\u00e9rolas, b\u00fazios e argolinhas nas nag\u00f4s destacam o desenho do couro cabeludo, enquanto acess\u00f3rios distribu\u00eddos em mechas espec\u00edficas deixam as tran\u00e7as soltas prontas para a noite inteira, inclusive em festas com muita <strong>dan\u00e7a<\/strong>.<\/p>\n\n\n\n<h2 class=\"wp-block-heading\">Quais cuidados tomar com box braids antes e depois das festas<\/h2>\n\n\n\n<p>Para que o penteado dure a festa inteira, alguns cuidados simples fazem diferen\u00e7a. \u00c9 importante garantir que as <strong>box braids<\/strong> estejam bem presas, mas sem puxar demais a raiz, sobretudo em rabos altos e coques, e usar el\u00e1sticos revestidos em tecido para evitar que as tran\u00e7as arrebentem ou <strong>embaracem<\/strong>.<\/p>\n\n\n\n<iframe loading=\"lazy\" src=\"https:\/\/assets.pinterest.com\/ext\/embed.html?id=2392606047716620\" height=\"714\" width=\"345\" frameborder=\"0\" scrolling=\"no\" ><\/iframe>\n\n\n\n\n\n<p>Depois das comemora\u00e7\u00f5es, vale soltar o cabelo com calma, guardar os acess\u00f3rios e, se poss\u00edvel, proteger as tran\u00e7as com touca ou fronha de <strong>cetim<\/strong> na hora de dormir. Isso reduz o frizz, mant\u00e9m o brilho, ajuda na sa\u00fade do couro cabeludo e prolonga a dura\u00e7\u00e3o do estilo para outras festas e para o dia a dia, facilitando a rotina de cuidados durante todo o <strong>ver\u00e3o<\/strong>.<\/p>\n\n\n\n<h2 class=\"wp-block-heading\">Conclus\u00e3o sobre penteados com box braids para o fim de ano<\/h2>\n\n\n\n<p>Os penteados com <strong>box braids<\/strong> para o fim de ano permitem variar o visual sem esfor\u00e7o, indo de rabos e meio-presos simples a produ\u00e7\u00f5es elaboradas com cachos, nag\u00f4 e muitos acess\u00f3rios. Pensar no clima, no tipo de festa e no conforto do couro cabeludo garante looks bonitos, frescos e duradouros para todas as celebra\u00e7\u00f5es de <strong>Natal<\/strong> e Ano-Novo.<\/p>\n","protected":false},"excerpt":{"rendered":"<p>Entre quem usa tran\u00e7as, os penteados com box braids para o fim de ano costumam ganhar um espa\u00e7o especial no planejamento das festas. Natal e Ano-Novo viram a desculpa perfeita para testar novas formas de prender, enfeitar e destacar cada tran\u00e7a, usando acess\u00f3rios, amarra\u00e7\u00f5es diferentes e pequenos detalhes pensados para o calor, para as celebra\u00e7\u00f5es [&hellip;]<\/p>\n","protected":false},"author":9,"featured_media":138584,"comment_status":"open","ping_status":"open","sticky":false,"template":"","format":"standard","meta":{"jnews-multi-image_gallery":[],"jnews_single_post":{"format":"standard"},"jnews_primary_category":[],"jnews_social_meta":[],"jnews_override_counter":[],"footnotes":""},"categories":[8691,8819,1],"tags":[20371,17586,6320],"class_list":["post-138569","post","type-post","status-publish","format-standard","has-post-thumbnail","hentry","category-bem-estar","category-curiosidades","category-noticias","tag-box-braids","tag-cuidado-com-cabelo","tag-penteados"],"yoast_head":"<!-- This site is optimized with the Yoast SEO plugin v23.8 - https:\/\/yoast.com\/wordpress\/plugins\/seo\/ -->\n<title>Ideias de penteados com tran\u00e7as para brilhar nas festas de dezembro - Estado de Minas - Em foco<\/title>\n<meta name=\"description\" content=\"Penteados com box braids unem estilo e frescor para as festas. Descubra op\u00e7\u00f5es como coques e rabos de cavalo decorados com acess\u00f3rios.\" \/>\n<meta name=\"robots\" content=\"index, follow, max-snippet:-1, max-image-preview:large, max-video-preview:-1\" \/>\n<link rel=\"canonical\" href=\"https:\/\/www.em.com.br\/emfoco\/2025\/12\/11\/ideias-de-penteados-com-trancas-para-brilhar-nas-festas-de-dezembro\/\" \/>\n<meta property=\"og:locale\" content=\"pt_BR\" \/>\n<meta property=\"og:type\" content=\"article\" \/>\n<meta property=\"og:title\" content=\"Ideias de penteados com tran\u00e7as para brilhar nas festas de dezembro - Estado de Minas - Em foco\" \/>\n<meta property=\"og:description\" content=\"Penteados com box braids unem estilo e frescor para as festas. Descubra op\u00e7\u00f5es como coques e rabos de cavalo decorados com acess\u00f3rios.\" \/>\n<meta property=\"og:url\" content=\"https:\/\/www.em.com.br\/emfoco\/2025\/12\/11\/ideias-de-penteados-com-trancas-para-brilhar-nas-festas-de-dezembro\/\" \/>\n<meta property=\"og:site_name\" content=\"Estado de Minas - Em foco\" \/>\n<meta property=\"article:published_time\" content=\"2025-12-11T17:25:07+00:00\" \/>\n<meta property=\"article:modified_time\" content=\"2025-12-10T19:47:13+00:00\" \/>\n<meta property=\"og:image\" content=\"https:\/\/www.em.com.br\/emfoco\/wp-content\/uploads\/2025\/12\/box-braids_1765394128708.jpg\" \/>\n\t<meta property=\"og:image:width\" content=\"1280\" \/>\n\t<meta property=\"og:image:height\" content=\"720\" \/>\n\t<meta property=\"og:image:type\" content=\"image\/jpeg\" \/>\n<meta name=\"author\" content=\"Daniely Cardoso\" \/>\n<meta name=\"twitter:card\" content=\"summary_large_image\" \/>\n<meta name=\"twitter:label1\" content=\"Escrito por\" \/>\n\t<meta name=\"twitter:data1\" content=\"Daniely Cardoso\" \/>\n\t<meta name=\"twitter:label2\" content=\"Est. tempo de leitura\" \/>\n\t<meta name=\"twitter:data2\" content=\"6 minutos\" \/>\n<!-- \/ Yoast SEO plugin. -->","yoast_head_json":{"title":"Ideias de penteados com tran\u00e7as para brilhar nas festas de dezembro - Estado de Minas - Em foco","description":"Penteados com box braids unem estilo e frescor para as festas. Descubra op\u00e7\u00f5es como coques e rabos de cavalo decorados com acess\u00f3rios.","robots":{"index":"index","follow":"follow","max-snippet":"max-snippet:-1","max-image-preview":"max-image-preview:large","max-video-preview":"max-video-preview:-1"},"canonical":"https:\/\/www.em.com.br\/emfoco\/2025\/12\/11\/ideias-de-penteados-com-trancas-para-brilhar-nas-festas-de-dezembro\/","og_locale":"pt_BR","og_type":"article","og_title":"Ideias de penteados com tran\u00e7as para brilhar nas festas de dezembro - Estado de Minas - Em foco","og_description":"Penteados com box braids unem estilo e frescor para as festas. Descubra op\u00e7\u00f5es como coques e rabos de cavalo decorados com acess\u00f3rios.","og_url":"https:\/\/www.em.com.br\/emfoco\/2025\/12\/11\/ideias-de-penteados-com-trancas-para-brilhar-nas-festas-de-dezembro\/","og_site_name":"Estado de Minas - Em foco","article_published_time":"2025-12-11T17:25:07+00:00","article_modified_time":"2025-12-10T19:47:13+00:00","og_image":[{"width":1280,"height":720,"url":"https:\/\/www.em.com.br\/emfoco\/wp-content\/uploads\/2025\/12\/box-braids_1765394128708.jpg","type":"image\/jpeg"}],"author":"Daniely Cardoso","twitter_card":"summary_large_image","twitter_misc":{"Escrito por":"Daniely Cardoso","Est. tempo de leitura":"6 minutos"},"schema":{"@context":"https:\/\/schema.org","@graph":[{"@type":"WebPage","@id":"https:\/\/www.em.com.br\/emfoco\/2025\/12\/11\/ideias-de-penteados-com-trancas-para-brilhar-nas-festas-de-dezembro\/","url":"https:\/\/www.em.com.br\/emfoco\/2025\/12\/11\/ideias-de-penteados-com-trancas-para-brilhar-nas-festas-de-dezembro\/","name":"Ideias de penteados com tran\u00e7as para brilhar nas festas de dezembro - Estado de Minas - Em foco","isPartOf":{"@id":"https:\/\/www.em.com.br\/emfoco\/#website"},"primaryImageOfPage":{"@id":"https:\/\/www.em.com.br\/emfoco\/2025\/12\/11\/ideias-de-penteados-com-trancas-para-brilhar-nas-festas-de-dezembro\/#primaryimage"},"image":{"@id":"https:\/\/www.em.com.br\/emfoco\/2025\/12\/11\/ideias-de-penteados-com-trancas-para-brilhar-nas-festas-de-dezembro\/#primaryimage"},"thumbnailUrl":"https:\/\/www.em.com.br\/emfoco\/wp-content\/uploads\/2025\/12\/box-braids_1765394128708.jpg","datePublished":"2025-12-11T17:25:07+00:00","dateModified":"2025-12-10T19:47:13+00:00","author":{"@id":"https:\/\/www.em.com.br\/emfoco\/#\/schema\/person\/0a8186d72f2c3a5c6276d90b41f271a0"},"description":"Penteados com box braids unem estilo e frescor para as festas. Descubra op\u00e7\u00f5es como coques e rabos de cavalo decorados com acess\u00f3rios.","breadcrumb":{"@id":"https:\/\/www.em.com.br\/emfoco\/2025\/12\/11\/ideias-de-penteados-com-trancas-para-brilhar-nas-festas-de-dezembro\/#breadcrumb"},"inLanguage":"pt-BR","potentialAction":[{"@type":"ReadAction","target":["https:\/\/www.em.com.br\/emfoco\/2025\/12\/11\/ideias-de-penteados-com-trancas-para-brilhar-nas-festas-de-dezembro\/"]}]},{"@type":"ImageObject","inLanguage":"pt-BR","@id":"https:\/\/www.em.com.br\/emfoco\/2025\/12\/11\/ideias-de-penteados-com-trancas-para-brilhar-nas-festas-de-dezembro\/#primaryimage","url":"https:\/\/www.em.com.br\/emfoco\/wp-content\/uploads\/2025\/12\/box-braids_1765394128708.jpg","contentUrl":"https:\/\/www.em.com.br\/emfoco\/wp-content\/uploads\/2025\/12\/box-braids_1765394128708.jpg","width":1280,"height":720,"caption":"Entre quem usa tran\u00e7as, os penteados com box braids - Cr\u00e9ditos: depositphotos.com \/ gorgeoussab1"},{"@type":"BreadcrumbList","@id":"https:\/\/www.em.com.br\/emfoco\/2025\/12\/11\/ideias-de-penteados-com-trancas-para-brilhar-nas-festas-de-dezembro\/#breadcrumb","itemListElement":[{"@type":"ListItem","position":1,"name":"In\u00edcio","item":"https:\/\/www.em.com.br\/emfoco\/"},{"@type":"ListItem","position":2,"name":"Ideias de penteados com tran\u00e7as para brilhar nas festas de dezembro"}]},{"@type":"WebSite","@id":"https:\/\/www.em.com.br\/emfoco\/#website","url":"https:\/\/www.em.com.br\/emfoco\/","name":"Estado de Minas - Em foco","description":"Acompanhe as \u00faltimas not\u00edcias e fique bem informado sobre tudo o que acontece em Minas Gerais, Brasil e no mundo.","potentialAction":[{"@type":"SearchAction","target":{"@type":"EntryPoint","urlTemplate":"https:\/\/www.em.com.br\/emfoco\/?s={search_term_string}"},"query-input":{"@type":"PropertyValueSpecification","valueRequired":true,"valueName":"search_term_string"}}],"inLanguage":"pt-BR"},{"@type":"Person","@id":"https:\/\/www.em.com.br\/emfoco\/#\/schema\/person\/0a8186d72f2c3a5c6276d90b41f271a0","name":"Daniely Cardoso","image":{"@type":"ImageObject","inLanguage":"pt-BR","@id":"https:\/\/www.em.com.br\/emfoco\/#\/schema\/person\/image\/","url":"https:\/\/secure.gravatar.com\/avatar\/4b80ddbd124d1f071b626d52d62e5dff?s=96&d=mm&r=g","contentUrl":"https:\/\/secure.gravatar.com\/avatar\/4b80ddbd124d1f071b626d52d62e5dff?s=96&d=mm&r=g","caption":"Daniely Cardoso"},"url":"https:\/\/www.em.com.br\/emfoco\/author\/danielymyth\/"}]}},"_links":{"self":[{"href":"https:\/\/www.em.com.br\/emfoco\/wp-json\/wp\/v2\/posts\/138569","targetHints":{"allow":["GET"]}}],"collection":[{"href":"https:\/\/www.em.com.br\/emfoco\/wp-json\/wp\/v2\/posts"}],"about":[{"href":"https:\/\/www.em.com.br\/emfoco\/wp-json\/wp\/v2\/types\/post"}],"author":[{"embeddable":true,"href":"https:\/\/www.em.com.br\/emfoco\/wp-json\/wp\/v2\/users\/9"}],"replies":[{"embeddable":true,"href":"https:\/\/www.em.com.br\/emfoco\/wp-json\/wp\/v2\/comments?post=138569"}],"version-history":[{"count":3,"href":"https:\/\/www.em.com.br\/emfoco\/wp-json\/wp\/v2\/posts\/138569\/revisions"}],"predecessor-version":[{"id":138620,"href":"https:\/\/www.em.com.br\/emfoco\/wp-json\/wp\/v2\/posts\/138569\/revisions\/138620"}],"wp:featuredmedia":[{"embeddable":true,"href":"https:\/\/www.em.com.br\/emfoco\/wp-json\/wp\/v2\/media\/138584"}],"wp:attachment":[{"href":"https:\/\/www.em.com.br\/emfoco\/wp-json\/wp\/v2\/media?parent=138569"}],"wp:term":[{"taxonomy":"category","embeddable":true,"href":"https:\/\/www.em.com.br\/emfoco\/wp-json\/wp\/v2\/categories?post=138569"},{"taxonomy":"post_tag","embeddable":true,"href":"https:\/\/www.em.com.br\/emfoco\/wp-json\/wp\/v2\/tags?post=138569"}],"curies":[{"name":"wp","href":"https:\/\/api.w.org\/{rel}","templated":true}]}}